{"id":70048,"date":"2025-11-20T07:37:41","date_gmt":"2025-11-20T13:37:41","guid":{"rendered":"https:\/\/www.bbmnoticias.com\/labravaradiofm\/2025\/11\/20\/por-desfile-se-cerraran-algunas-calles-en-la-capital\/"},"modified":"2025-11-20T07:37:53","modified_gmt":"2025-11-20T13:37:53","slug":"por-desfile-se-cerraran-algunas-calles-en-la-capital","status":"publish","type":"post","link":"https:\/\/www.bbmnoticias.com\/labravaradiofm\/2025\/11\/20\/por-desfile-se-cerraran-algunas-calles-en-la-capital\/","title":{"rendered":"Por desfile se cerrar\u00e1n algunas calles en la capital"},"content":{"rendered":"<div style=\"margin-top: 0px; margin-bottom: 0px;\" class=\"sharethis-inline-share-buttons\" ><\/div>\n<p>La Secretar\u00eda de Seguridad y Protecci\u00f3n Ciudadana, a trav\u00e9s de la Polic\u00eda Vial Estatal, dio a conocer el operativo y el recorrido del Desfile C\u00edvico-Deportivo por el CXV Aniversario de la Revoluci\u00f3n Mexicana, que se realizar\u00e1 este jueves 20 de noviembre en la ciudad de Oaxaca.<\/p>\n\n\n\n<p>El contingente iniciar\u00e1 en el Jard\u00edn Francisco I. Madero, para avanzar por Calzada Madero, Avenida Independencia, 20 de Noviembre, Valerio Trujano y Palacio de Gobierno, continuando por Vicente Guerrero, Fiallo y Hidalgo.<\/p>\n\n\n\n<p>El desfile concluir\u00e1 en la esquina de Reforma y Morelos, donde se realizar\u00e1 el disloque.<\/p>\n\n\n\n<p>La autoridad vial exhort\u00f3 a la ciudadan\u00eda a tomar previsiones por cierres y desv\u00edos temporales en el Centro Hist\u00f3rico.<\/p>\n","protected":false},"excerpt":{"rendered":"<p>La Secretar\u00eda de Seguridad y Protecci\u00f3n Ciudadana, a trav\u00e9s de la Polic\u00eda Vial Estatal, dio a conocer el operativo y el recorrido del Desfile C\u00edvico-Deportivo por el CXV Aniversario de la Revoluci\u00f3n Mexicana, que se realizar\u00e1 este jueves 20 de noviembre en la ciudad de Oaxaca. El contingente iniciar\u00e1 en el Jard\u00edn Francisco I. Madero, [&hellip;]<\/p>\n","protected":false},"author":2,"featured_media":70050,"comment_status":"closed","ping_status":"","sticky":false,"template":"","format":"standard","meta":{"footnotes":""},"categories":[2],"tags":[],"class_list":{"0":"post-70048","1":"post","2":"type-post","3":"status-publish","4":"format-standard","5":"has-post-thumbnail","7":"category-oaxaca"},"yoast_head":"<!-- This site is optimized with the Yoast SEO plugin v27.4 - https:\/\/yoast.com\/product\/yoast-seo-wordpress\/ -->\n<title>Por desfile se cerrar\u00e1n algunas calles en la capital - LA BRAVA RADIO<\/title>\n<meta name=\"robots\" content=\"index, follow, max-snippet:-1, max-image-preview:large, max-video-preview:-1\" \/>\n<link rel=\"canonical\" href=\"https:\/\/www.bbmnoticias.com\/por-desfile-se-cerraran-algunas-calles-en-la-capital\/\" \/>\n<meta property=\"og:locale\" content=\"es_MX\" \/>\n<meta property=\"og:type\" content=\"article\" \/>\n<meta property=\"og:title\" content=\"Por desfile se cerrar\u00e1n algunas calles en la capital - LA BRAVA RADIO\" \/>\n<meta property=\"og:description\" content=\"La Secretar\u00eda de Seguridad y Protecci\u00f3n Ciudadana, a trav\u00e9s de la Polic\u00eda Vial Estatal, dio a conocer el operativo y el recorrido del Desfile C\u00edvico-Deportivo por el CXV Aniversario de la Revoluci\u00f3n Mexicana, que se realizar\u00e1 este jueves 20 de noviembre en la ciudad de Oaxaca. El contingente iniciar\u00e1 en el Jard\u00edn Francisco I. Madero, [&hellip;]\" \/>\n<meta property=\"og:url\" content=\"https:\/\/www.bbmnoticias.com\/por-desfile-se-cerraran-algunas-calles-en-la-capital\/\" \/>\n<meta property=\"og:site_name\" content=\"LA BRAVA RADIO\" \/>\n<meta property=\"article:published_time\" content=\"2025-11-20T13:37:41+00:00\" \/>\n<meta property=\"article:modified_time\" content=\"2025-11-20T13:37:53+00:00\" \/>\n<meta property=\"og:image\" content=\"https:\/\/www.bbmnoticias.com\/labravaradiofm\/wp-content\/uploads\/sites\/5\/2025\/11\/desfile_civico.webp\" \/>\n\t<meta property=\"og:image:width\" content=\"696\" \/>\n\t<meta property=\"og:image:height\" content=\"696\" \/>\n\t<meta property=\"og:image:type\" content=\"image\/webp\" \/>\n<meta name=\"author\" content=\"Staff\" \/>\n<meta name=\"twitter:card\" content=\"summary_large_image\" \/>\n<meta name=\"twitter:label1\" content=\"Escrito por\" \/>\n\t<meta name=\"twitter:data1\" content=\"Staff\" \/>\n\t<meta name=\"twitter:label2\" content=\"Tiempo de lectura\" \/>\n\t<meta name=\"twitter:data2\" content=\"1 minuto\" \/>\n<script type=\"application\/ld+json\" class=\"yoast-schema-graph\">{\"@context\":\"https:\\\/\\\/schema.org\",\"@graph\":[{\"@type\":\"Article\",\"@id\":\"https:\\\/\\\/www.bbmnoticias.com\\\/por-desfile-se-cerraran-algunas-calles-en-la-capital\\\/#article\",\"isPartOf\":{\"@id\":\"https:\\\/\\\/www.bbmnoticias.com\\\/labravaradiofm\\\/2025\\\/11\\\/20\\\/por-desfile-se-cerraran-algunas-calles-en-la-capital\\\/\"},\"author\":{\"name\":\"Staff\",\"@id\":\"https:\\\/\\\/www.bbmnoticias.com\\\/labravaradiofm\\\/#\\\/schema\\\/person\\\/68a9e9036ef3c5b55aeb2b71dc8bab45\"},\"headline\":\"Por desfile se cerrar\u00e1n algunas calles en la capital\",\"datePublished\":\"2025-11-20T13:37:41+00:00\",\"dateModified\":\"2025-11-20T13:37:53+00:00\",\"mainEntityOfPage\":{\"@id\":\"https:\\\/\\\/www.bbmnoticias.com\\\/labravaradiofm\\\/2025\\\/11\\\/20\\\/por-desfile-se-cerraran-algunas-calles-en-la-capital\\\/\"},\"wordCount\":130,\"image\":{\"@id\":\"https:\\\/\\\/www.bbmnoticias.com\\\/por-desfile-se-cerraran-algunas-calles-en-la-capital\\\/#primaryimage\"},\"thumbnailUrl\":\"https:\\\/\\\/www.bbmnoticias.com\\\/labravaradiofm\\\/wp-content\\\/uploads\\\/sites\\\/5\\\/2025\\\/11\\\/desfile_civico.webp\",\"articleSection\":[\"LOCAL\"],\"inLanguage\":\"es\"},{\"@type\":\"WebPage\",\"@id\":\"https:\\\/\\\/www.bbmnoticias.com\\\/labravaradiofm\\\/2025\\\/11\\\/20\\\/por-desfile-se-cerraran-algunas-calles-en-la-capital\\\/\",\"url\":\"https:\\\/\\\/www.bbmnoticias.com\\\/por-desfile-se-cerraran-algunas-calles-en-la-capital\\\/\",\"name\":\"Por desfile se cerrar\u00e1n algunas calles en la capital - LA BRAVA RADIO\",\"isPartOf\":{\"@id\":\"https:\\\/\\\/www.bbmnoticias.com\\\/labravaradiofm\\\/#website\"},\"primaryImageOfPage\":{\"@id\":\"https:\\\/\\\/www.bbmnoticias.com\\\/por-desfile-se-cerraran-algunas-calles-en-la-capital\\\/#primaryimage\"},\"image\":{\"@id\":\"https:\\\/\\\/www.bbmnoticias.com\\\/por-desfile-se-cerraran-algunas-calles-en-la-capital\\\/#primaryimage\"},\"thumbnailUrl\":\"https:\\\/\\\/www.bbmnoticias.com\\\/labravaradiofm\\\/wp-content\\\/uploads\\\/sites\\\/5\\\/2025\\\/11\\\/desfile_civico.webp\",\"datePublished\":\"2025-11-20T13:37:41+00:00\",\"dateModified\":\"2025-11-20T13:37:53+00:00\",\"author\":{\"@id\":\"https:\\\/\\\/www.bbmnoticias.com\\\/labravaradiofm\\\/#\\\/schema\\\/person\\\/68a9e9036ef3c5b55aeb2b71dc8bab45\"},\"breadcrumb\":{\"@id\":\"https:\\\/\\\/www.bbmnoticias.com\\\/por-desfile-se-cerraran-algunas-calles-en-la-capital\\\/#breadcrumb\"},\"inLanguage\":\"es\",\"potentialAction\":[{\"@type\":\"ReadAction\",\"target\":[\"https:\\\/\\\/www.bbmnoticias.com\\\/por-desfile-se-cerraran-algunas-calles-en-la-capital\\\/\"]}]},{\"@type\":\"ImageObject\",\"inLanguage\":\"es\",\"@id\":\"https:\\\/\\\/www.bbmnoticias.com\\\/por-desfile-se-cerraran-algunas-calles-en-la-capital\\\/#primaryimage\",\"url\":\"https:\\\/\\\/www.bbmnoticias.com\\\/labravaradiofm\\\/wp-content\\\/uploads\\\/sites\\\/5\\\/2025\\\/11\\\/desfile_civico.webp\",\"contentUrl\":\"https:\\\/\\\/www.bbmnoticias.com\\\/labravaradiofm\\\/wp-content\\\/uploads\\\/sites\\\/5\\\/2025\\\/11\\\/desfile_civico.webp\",\"width\":696,\"height\":696},{\"@type\":\"BreadcrumbList\",\"@id\":\"https:\\\/\\\/www.bbmnoticias.com\\\/por-desfile-se-cerraran-algunas-calles-en-la-capital\\\/#breadcrumb\",\"itemListElement\":[{\"@type\":\"ListItem\",\"position\":1,\"name\":\"Inicio\",\"item\":\"https:\\\/\\\/www.bbmnoticias.com\\\/labravaradiofm\\\/\"},{\"@type\":\"ListItem\",\"position\":2,\"name\":\"Por desfile se cerrar\u00e1n algunas calles en la capital\"}]},{\"@type\":\"WebSite\",\"@id\":\"https:\\\/\\\/www.bbmnoticias.com\\\/labravaradiofm\\\/#website\",\"url\":\"https:\\\/\\\/www.bbmnoticias.com\\\/labravaradiofm\\\/\",\"name\":\"LA BRAVA RADIO\",\"description\":\"Empresa productora de medios, Radiodifusi\u00f3n, Noticias, tendencias y todo lo que necesitas saber de la pol\u00edtica mexicana e internacional; entretenimiento, espect\u00e1culos, salud y mucho m\u00e1s.\",\"potentialAction\":[{\"@type\":\"SearchAction\",\"target\":{\"@type\":\"EntryPoint\",\"urlTemplate\":\"https:\\\/\\\/www.bbmnoticias.com\\\/labravaradiofm\\\/?s={search_term_string}\"},\"query-input\":{\"@type\":\"PropertyValueSpecification\",\"valueRequired\":true,\"valueName\":\"search_term_string\"}}],\"inLanguage\":\"es\"},{\"@type\":\"Person\",\"@id\":\"https:\\\/\\\/www.bbmnoticias.com\\\/labravaradiofm\\\/#\\\/schema\\\/person\\\/68a9e9036ef3c5b55aeb2b71dc8bab45\",\"name\":\"Staff\",\"image\":{\"@type\":\"ImageObject\",\"inLanguage\":\"es\",\"@id\":\"https:\\\/\\\/secure.gravatar.com\\\/avatar\\\/fdd21ad66fd8b98c407f9dee5b5e588cfe7f0d8579ec20fa6527cd59bab7f0f0?s=96&d=mm&r=g\",\"url\":\"https:\\\/\\\/secure.gravatar.com\\\/avatar\\\/fdd21ad66fd8b98c407f9dee5b5e588cfe7f0d8579ec20fa6527cd59bab7f0f0?s=96&d=mm&r=g\",\"contentUrl\":\"https:\\\/\\\/secure.gravatar.com\\\/avatar\\\/fdd21ad66fd8b98c407f9dee5b5e588cfe7f0d8579ec20fa6527cd59bab7f0f0?s=96&d=mm&r=g\",\"caption\":\"Staff\"},\"url\":\"https:\\\/\\\/www.bbmnoticias.com\\\/labravaradiofm\\\/author\\\/redaccion\\\/\"}]}<\/script>\n<!-- \/ Yoast SEO plugin. -->","yoast_head_json":{"title":"Por desfile se cerrar\u00e1n algunas calles en la capital - LA BRAVA RADIO","robots":{"index":"index","follow":"follow","max-snippet":"max-snippet:-1","max-image-preview":"max-image-preview:large","max-video-preview":"max-video-preview:-1"},"canonical":"https:\/\/www.bbmnoticias.com\/por-desfile-se-cerraran-algunas-calles-en-la-capital\/","og_locale":"es_MX","og_type":"article","og_title":"Por desfile se cerrar\u00e1n algunas calles en la capital - LA BRAVA RADIO","og_description":"La Secretar\u00eda de Seguridad y Protecci\u00f3n Ciudadana, a trav\u00e9s de la Polic\u00eda Vial Estatal, dio a conocer el operativo y el recorrido del Desfile C\u00edvico-Deportivo por el CXV Aniversario de la Revoluci\u00f3n Mexicana, que se realizar\u00e1 este jueves 20 de noviembre en la ciudad de Oaxaca. El contingente iniciar\u00e1 en el Jard\u00edn Francisco I. Madero, [&hellip;]","og_url":"https:\/\/www.bbmnoticias.com\/por-desfile-se-cerraran-algunas-calles-en-la-capital\/","og_site_name":"LA BRAVA RADIO","article_published_time":"2025-11-20T13:37:41+00:00","article_modified_time":"2025-11-20T13:37:53+00:00","og_image":[{"width":696,"height":696,"url":"https:\/\/www.bbmnoticias.com\/labravaradiofm\/wp-content\/uploads\/sites\/5\/2025\/11\/desfile_civico.webp","type":"image\/webp"}],"author":"Staff","twitter_card":"summary_large_image","twitter_misc":{"Escrito por":"Staff","Tiempo de lectura":"1 minuto"},"schema":{"@context":"https:\/\/schema.org","@graph":[{"@type":"Article","@id":"https:\/\/www.bbmnoticias.com\/por-desfile-se-cerraran-algunas-calles-en-la-capital\/#article","isPartOf":{"@id":"https:\/\/www.bbmnoticias.com\/labravaradiofm\/2025\/11\/20\/por-desfile-se-cerraran-algunas-calles-en-la-capital\/"},"author":{"name":"Staff","@id":"https:\/\/www.bbmnoticias.com\/labravaradiofm\/#\/schema\/person\/68a9e9036ef3c5b55aeb2b71dc8bab45"},"headline":"Por desfile se cerrar\u00e1n algunas calles en la capital","datePublished":"2025-11-20T13:37:41+00:00","dateModified":"2025-11-20T13:37:53+00:00","mainEntityOfPage":{"@id":"https:\/\/www.bbmnoticias.com\/labravaradiofm\/2025\/11\/20\/por-desfile-se-cerraran-algunas-calles-en-la-capital\/"},"wordCount":130,"image":{"@id":"https:\/\/www.bbmnoticias.com\/por-desfile-se-cerraran-algunas-calles-en-la-capital\/#primaryimage"},"thumbnailUrl":"https:\/\/www.bbmnoticias.com\/labravaradiofm\/wp-content\/uploads\/sites\/5\/2025\/11\/desfile_civico.webp","articleSection":["LOCAL"],"inLanguage":"es"},{"@type":"WebPage","@id":"https:\/\/www.bbmnoticias.com\/labravaradiofm\/2025\/11\/20\/por-desfile-se-cerraran-algunas-calles-en-la-capital\/","url":"https:\/\/www.bbmnoticias.com\/por-desfile-se-cerraran-algunas-calles-en-la-capital\/","name":"Por desfile se cerrar\u00e1n algunas calles en la capital - LA BRAVA RADIO","isPartOf":{"@id":"https:\/\/www.bbmnoticias.com\/labravaradiofm\/#website"},"primaryImageOfPage":{"@id":"https:\/\/www.bbmnoticias.com\/por-desfile-se-cerraran-algunas-calles-en-la-capital\/#primaryimage"},"image":{"@id":"https:\/\/www.bbmnoticias.com\/por-desfile-se-cerraran-algunas-calles-en-la-capital\/#primaryimage"},"thumbnailUrl":"https:\/\/www.bbmnoticias.com\/labravaradiofm\/wp-content\/uploads\/sites\/5\/2025\/11\/desfile_civico.webp","datePublished":"2025-11-20T13:37:41+00:00","dateModified":"2025-11-20T13:37:53+00:00","author":{"@id":"https:\/\/www.bbmnoticias.com\/labravaradiofm\/#\/schema\/person\/68a9e9036ef3c5b55aeb2b71dc8bab45"},"breadcrumb":{"@id":"https:\/\/www.bbmnoticias.com\/por-desfile-se-cerraran-algunas-calles-en-la-capital\/#breadcrumb"},"inLanguage":"es","potentialAction":[{"@type":"ReadAction","target":["https:\/\/www.bbmnoticias.com\/por-desfile-se-cerraran-algunas-calles-en-la-capital\/"]}]},{"@type":"ImageObject","inLanguage":"es","@id":"https:\/\/www.bbmnoticias.com\/por-desfile-se-cerraran-algunas-calles-en-la-capital\/#primaryimage","url":"https:\/\/www.bbmnoticias.com\/labravaradiofm\/wp-content\/uploads\/sites\/5\/2025\/11\/desfile_civico.webp","contentUrl":"https:\/\/www.bbmnoticias.com\/labravaradiofm\/wp-content\/uploads\/sites\/5\/2025\/11\/desfile_civico.webp","width":696,"height":696},{"@type":"BreadcrumbList","@id":"https:\/\/www.bbmnoticias.com\/por-desfile-se-cerraran-algunas-calles-en-la-capital\/#breadcrumb","itemListElement":[{"@type":"ListItem","position":1,"name":"Inicio","item":"https:\/\/www.bbmnoticias.com\/labravaradiofm\/"},{"@type":"ListItem","position":2,"name":"Por desfile se cerrar\u00e1n algunas calles en la capital"}]},{"@type":"WebSite","@id":"https:\/\/www.bbmnoticias.com\/labravaradiofm\/#website","url":"https:\/\/www.bbmnoticias.com\/labravaradiofm\/","name":"LA BRAVA RADIO","description":"Empresa productora de medios, Radiodifusi\u00f3n, Noticias, tendencias y todo lo que necesitas saber de la pol\u00edtica mexicana e internacional; entretenimiento, espect\u00e1culos, salud y mucho m\u00e1s.","potentialAction":[{"@type":"SearchAction","target":{"@type":"EntryPoint","urlTemplate":"https:\/\/www.bbmnoticias.com\/labravaradiofm\/?s={search_term_string}"},"query-input":{"@type":"PropertyValueSpecification","valueRequired":true,"valueName":"search_term_string"}}],"inLanguage":"es"},{"@type":"Person","@id":"https:\/\/www.bbmnoticias.com\/labravaradiofm\/#\/schema\/person\/68a9e9036ef3c5b55aeb2b71dc8bab45","name":"Staff","image":{"@type":"ImageObject","inLanguage":"es","@id":"https:\/\/secure.gravatar.com\/avatar\/fdd21ad66fd8b98c407f9dee5b5e588cfe7f0d8579ec20fa6527cd59bab7f0f0?s=96&d=mm&r=g","url":"https:\/\/secure.gravatar.com\/avatar\/fdd21ad66fd8b98c407f9dee5b5e588cfe7f0d8579ec20fa6527cd59bab7f0f0?s=96&d=mm&r=g","contentUrl":"https:\/\/secure.gravatar.com\/avatar\/fdd21ad66fd8b98c407f9dee5b5e588cfe7f0d8579ec20fa6527cd59bab7f0f0?s=96&d=mm&r=g","caption":"Staff"},"url":"https:\/\/www.bbmnoticias.com\/labravaradiofm\/author\/redaccion\/"}]}},"_links":{"self":[{"href":"https:\/\/www.bbmnoticias.com\/labravaradiofm\/wp-json\/wp\/v2\/posts\/70048","targetHints":{"allow":["GET"]}}],"collection":[{"href":"https:\/\/www.bbmnoticias.com\/labravaradiofm\/wp-json\/wp\/v2\/posts"}],"about":[{"href":"https:\/\/www.bbmnoticias.com\/labravaradiofm\/wp-json\/wp\/v2\/types\/post"}],"author":[{"embeddable":true,"href":"https:\/\/www.bbmnoticias.com\/labravaradiofm\/wp-json\/wp\/v2\/users\/2"}],"replies":[{"embeddable":true,"href":"https:\/\/www.bbmnoticias.com\/labravaradiofm\/wp-json\/wp\/v2\/comments?post=70048"}],"version-history":[{"count":0,"href":"https:\/\/www.bbmnoticias.com\/labravaradiofm\/wp-json\/wp\/v2\/posts\/70048\/revisions"}],"wp:featuredmedia":[{"embeddable":true,"href":"https:\/\/www.bbmnoticias.com\/labravaradiofm\/wp-json\/wp\/v2\/media\/70050"}],"wp:attachment":[{"href":"https:\/\/www.bbmnoticias.com\/labravaradiofm\/wp-json\/wp\/v2\/media?parent=70048"}],"wp:term":[{"taxonomy":"category","embeddable":true,"href":"https:\/\/www.bbmnoticias.com\/labravaradiofm\/wp-json\/wp\/v2\/categories?post=70048"},{"taxonomy":"post_tag","embeddable":true,"href":"https:\/\/www.bbmnoticias.com\/labravaradiofm\/wp-json\/wp\/v2\/tags?post=70048"}],"curies":[{"name":"wp","href":"https:\/\/api.w.org\/{rel}","templated":true}]}}