{"id":70042,"date":"2025-11-19T19:38:31","date_gmt":"2025-11-20T01:38:31","guid":{"rendered":"https:\/\/www.bbmnoticias.com\/labravaradiofm\/2025\/11\/19\/encabeza-secretaria-de-medio-ambiente-sesion-del-consejo-estatal-de-humedales-costeros-de-oaxaca\/"},"modified":"2025-11-19T19:38:34","modified_gmt":"2025-11-20T01:38:34","slug":"encabeza-secretaria-de-medio-ambiente-sesion-del-consejo-estatal-de-humedales-costeros-de-oaxaca","status":"publish","type":"post","link":"https:\/\/www.bbmnoticias.com\/labravaradiofm\/2025\/11\/19\/encabeza-secretaria-de-medio-ambiente-sesion-del-consejo-estatal-de-humedales-costeros-de-oaxaca\/","title":{"rendered":"Encabeza Secretar\u00eda de Medio Ambiente sesi\u00f3n del Consejo Estatal de Humedales Costeros de Oaxaca"},"content":{"rendered":"<div style=\"margin-top: 0px; margin-bottom: 0px;\" class=\"sharethis-inline-share-buttons\" ><\/div>\n<p>\u00b7&nbsp;&nbsp;&nbsp;&nbsp;&nbsp;&nbsp;&nbsp;&nbsp; <em>Durante la sesi\u00f3n celebrada en Pinotepa Nacional, se presentaron las condiciones socioambientales del sistema lagunar Corralero<\/em><\/p>\n\n\n\n<p>Santiago Pinotepa Nacional, Oax.- Los avances de la Estrategia Nacional de Limpieza y Conservaci\u00f3n de Playas y Costa de M\u00e9xico 2025-2030 y las condiciones socioambientales del sistema lagunar Corralero, fueron analizados durante la sesi\u00f3n ordinaria del Consejo Estatal de Humedales Costeros de Oaxaca (CEHCO), realizada en el municipio de Santiago Pinotepa Nacional.<\/p>\n\n\n\n<p>La titular de la Secretar\u00eda de Medio Ambiente, Biodiversidad, Energ\u00edas y Sostenibilidad, Karime Unda Harp encabez\u00f3 este encuentro considerado el m\u00e1s importante de di\u00e1logo y concertaci\u00f3n social en la Costa de oaxaque\u00f1a, donde se encuentran 54 humedales costeros, algunos de ellos de importancia nacional y mundial.<\/p>\n\n\n\n<p>En esta reuni\u00f3n que cont\u00f3 con la presencia del titular de la Oficina de Representaci\u00f3n de la Secretar\u00eda de Medio Ambiente y Recursos Naturales (Semarnat) en el estado, Filem\u00f3n Manzano M\u00e9ndez; as\u00ed como representantes de organizaciones de la sociedad civil, academia y n\u00facleos agrarios; tambi\u00e9n se evaluaron las acciones de los diversos grupos de trabajo que integran este importante espacio.<\/p>\n","protected":false},"excerpt":{"rendered":"<p>\u00b7&nbsp;&nbsp;&nbsp;&nbsp;&nbsp;&nbsp;&nbsp;&nbsp; Durante la sesi\u00f3n celebrada en Pinotepa Nacional, se presentaron las condiciones socioambientales del sistema lagunar Corralero Santiago Pinotepa Nacional, Oax.- Los avances de la Estrategia Nacional de Limpieza y Conservaci\u00f3n de Playas y Costa de M\u00e9xico 2025-2030 y las condiciones socioambientales del sistema lagunar Corralero, fueron analizados durante la sesi\u00f3n ordinaria del Consejo Estatal [&hellip;]<\/p>\n","protected":false},"author":2,"featured_media":70044,"comment_status":"closed","ping_status":"","sticky":false,"template":"","format":"standard","meta":{"footnotes":""},"categories":[2],"tags":[],"class_list":{"0":"post-70042","1":"post","2":"type-post","3":"status-publish","4":"format-standard","5":"has-post-thumbnail","7":"category-oaxaca"},"yoast_head":"<!-- This site is optimized with the Yoast SEO plugin v27.4 - https:\/\/yoast.com\/product\/yoast-seo-wordpress\/ -->\n<title>Encabeza Secretar\u00eda de Medio Ambiente sesi\u00f3n del Consejo Estatal de Humedales Costeros de Oaxaca - LA BRAVA RADIO<\/title>\n<meta name=\"robots\" content=\"index, follow, max-snippet:-1, max-image-preview:large, max-video-preview:-1\" \/>\n<link rel=\"canonical\" href=\"https:\/\/www.bbmnoticias.com\/encabeza-secretaria-de-medio-ambiente-sesion-del-consejo-estatal-de-humedales-costeros-de-oaxaca\/\" \/>\n<meta property=\"og:locale\" content=\"es_MX\" \/>\n<meta property=\"og:type\" content=\"article\" \/>\n<meta property=\"og:title\" content=\"Encabeza Secretar\u00eda de Medio Ambiente sesi\u00f3n del Consejo Estatal de Humedales Costeros de Oaxaca - LA BRAVA RADIO\" \/>\n<meta property=\"og:description\" content=\"\u00b7&nbsp;&nbsp;&nbsp;&nbsp;&nbsp;&nbsp;&nbsp;&nbsp; Durante la sesi\u00f3n celebrada en Pinotepa Nacional, se presentaron las condiciones socioambientales del sistema lagunar Corralero Santiago Pinotepa Nacional, Oax.- Los avances de la Estrategia Nacional de Limpieza y Conservaci\u00f3n de Playas y Costa de M\u00e9xico 2025-2030 y las condiciones socioambientales del sistema lagunar Corralero, fueron analizados durante la sesi\u00f3n ordinaria del Consejo Estatal [&hellip;]\" \/>\n<meta property=\"og:url\" content=\"https:\/\/www.bbmnoticias.com\/encabeza-secretaria-de-medio-ambiente-sesion-del-consejo-estatal-de-humedales-costeros-de-oaxaca\/\" \/>\n<meta property=\"og:site_name\" content=\"LA BRAVA RADIO\" \/>\n<meta property=\"article:published_time\" content=\"2025-11-20T01:38:31+00:00\" \/>\n<meta property=\"article:modified_time\" content=\"2025-11-20T01:38:34+00:00\" \/>\n<meta property=\"og:image\" content=\"https:\/\/www.bbmnoticias.com\/labravaradiofm\/wp-content\/uploads\/sites\/5\/2025\/11\/Realiza-Secretaria-de-Medio-Ambiente-sesion-del-CEHCO-en-Pinotepa-Nacional.jpeg\" \/>\n\t<meta property=\"og:image:width\" content=\"1280\" \/>\n\t<meta property=\"og:image:height\" content=\"853\" \/>\n\t<meta property=\"og:image:type\" content=\"image\/jpeg\" \/>\n<meta name=\"author\" content=\"Staff\" \/>\n<meta name=\"twitter:card\" content=\"summary_large_image\" \/>\n<meta name=\"twitter:label1\" content=\"Escrito por\" \/>\n\t<meta name=\"twitter:data1\" content=\"Staff\" \/>\n\t<meta name=\"twitter:label2\" content=\"Tiempo de lectura\" \/>\n\t<meta name=\"twitter:data2\" content=\"1 minuto\" \/>\n<script type=\"application\/ld+json\" class=\"yoast-schema-graph\">{\"@context\":\"https:\\\/\\\/schema.org\",\"@graph\":[{\"@type\":\"Article\",\"@id\":\"https:\\\/\\\/www.bbmnoticias.com\\\/encabeza-secretaria-de-medio-ambiente-sesion-del-consejo-estatal-de-humedales-costeros-de-oaxaca\\\/#article\",\"isPartOf\":{\"@id\":\"https:\\\/\\\/www.bbmnoticias.com\\\/labravaradiofm\\\/2025\\\/11\\\/19\\\/encabeza-secretaria-de-medio-ambiente-sesion-del-consejo-estatal-de-humedales-costeros-de-oaxaca\\\/\"},\"author\":{\"name\":\"Staff\",\"@id\":\"https:\\\/\\\/www.bbmnoticias.com\\\/labravaradiofm\\\/#\\\/schema\\\/person\\\/68a9e9036ef3c5b55aeb2b71dc8bab45\"},\"headline\":\"Encabeza Secretar\u00eda de Medio Ambiente sesi\u00f3n del Consejo Estatal de Humedales Costeros de Oaxaca\",\"datePublished\":\"2025-11-20T01:38:31+00:00\",\"dateModified\":\"2025-11-20T01:38:34+00:00\",\"mainEntityOfPage\":{\"@id\":\"https:\\\/\\\/www.bbmnoticias.com\\\/labravaradiofm\\\/2025\\\/11\\\/19\\\/encabeza-secretaria-de-medio-ambiente-sesion-del-consejo-estatal-de-humedales-costeros-de-oaxaca\\\/\"},\"wordCount\":215,\"image\":{\"@id\":\"https:\\\/\\\/www.bbmnoticias.com\\\/encabeza-secretaria-de-medio-ambiente-sesion-del-consejo-estatal-de-humedales-costeros-de-oaxaca\\\/#primaryimage\"},\"thumbnailUrl\":\"https:\\\/\\\/www.bbmnoticias.com\\\/labravaradiofm\\\/wp-content\\\/uploads\\\/sites\\\/5\\\/2025\\\/11\\\/Realiza-Secretaria-de-Medio-Ambiente-sesion-del-CEHCO-en-Pinotepa-Nacional.jpeg\",\"articleSection\":[\"LOCAL\"],\"inLanguage\":\"es\"},{\"@type\":\"WebPage\",\"@id\":\"https:\\\/\\\/www.bbmnoticias.com\\\/labravaradiofm\\\/2025\\\/11\\\/19\\\/encabeza-secretaria-de-medio-ambiente-sesion-del-consejo-estatal-de-humedales-costeros-de-oaxaca\\\/\",\"url\":\"https:\\\/\\\/www.bbmnoticias.com\\\/encabeza-secretaria-de-medio-ambiente-sesion-del-consejo-estatal-de-humedales-costeros-de-oaxaca\\\/\",\"name\":\"Encabeza Secretar\u00eda de Medio Ambiente sesi\u00f3n del Consejo Estatal de Humedales Costeros de Oaxaca - LA BRAVA RADIO\",\"isPartOf\":{\"@id\":\"https:\\\/\\\/www.bbmnoticias.com\\\/labravaradiofm\\\/#website\"},\"primaryImageOfPage\":{\"@id\":\"https:\\\/\\\/www.bbmnoticias.com\\\/encabeza-secretaria-de-medio-ambiente-sesion-del-consejo-estatal-de-humedales-costeros-de-oaxaca\\\/#primaryimage\"},\"image\":{\"@id\":\"https:\\\/\\\/www.bbmnoticias.com\\\/encabeza-secretaria-de-medio-ambiente-sesion-del-consejo-estatal-de-humedales-costeros-de-oaxaca\\\/#primaryimage\"},\"thumbnailUrl\":\"https:\\\/\\\/www.bbmnoticias.com\\\/labravaradiofm\\\/wp-content\\\/uploads\\\/sites\\\/5\\\/2025\\\/11\\\/Realiza-Secretaria-de-Medio-Ambiente-sesion-del-CEHCO-en-Pinotepa-Nacional.jpeg\",\"datePublished\":\"2025-11-20T01:38:31+00:00\",\"dateModified\":\"2025-11-20T01:38:34+00:00\",\"author\":{\"@id\":\"https:\\\/\\\/www.bbmnoticias.com\\\/labravaradiofm\\\/#\\\/schema\\\/person\\\/68a9e9036ef3c5b55aeb2b71dc8bab45\"},\"breadcrumb\":{\"@id\":\"https:\\\/\\\/www.bbmnoticias.com\\\/encabeza-secretaria-de-medio-ambiente-sesion-del-consejo-estatal-de-humedales-costeros-de-oaxaca\\\/#breadcrumb\"},\"inLanguage\":\"es\",\"potentialAction\":[{\"@type\":\"ReadAction\",\"target\":[\"https:\\\/\\\/www.bbmnoticias.com\\\/encabeza-secretaria-de-medio-ambiente-sesion-del-consejo-estatal-de-humedales-costeros-de-oaxaca\\\/\"]}]},{\"@type\":\"ImageObject\",\"inLanguage\":\"es\",\"@id\":\"https:\\\/\\\/www.bbmnoticias.com\\\/encabeza-secretaria-de-medio-ambiente-sesion-del-consejo-estatal-de-humedales-costeros-de-oaxaca\\\/#primaryimage\",\"url\":\"https:\\\/\\\/www.bbmnoticias.com\\\/labravaradiofm\\\/wp-content\\\/uploads\\\/sites\\\/5\\\/2025\\\/11\\\/Realiza-Secretaria-de-Medio-Ambiente-sesion-del-CEHCO-en-Pinotepa-Nacional.jpeg\",\"contentUrl\":\"https:\\\/\\\/www.bbmnoticias.com\\\/labravaradiofm\\\/wp-content\\\/uploads\\\/sites\\\/5\\\/2025\\\/11\\\/Realiza-Secretaria-de-Medio-Ambiente-sesion-del-CEHCO-en-Pinotepa-Nacional.jpeg\",\"width\":1280,\"height\":853},{\"@type\":\"BreadcrumbList\",\"@id\":\"https:\\\/\\\/www.bbmnoticias.com\\\/encabeza-secretaria-de-medio-ambiente-sesion-del-consejo-estatal-de-humedales-costeros-de-oaxaca\\\/#breadcrumb\",\"itemListElement\":[{\"@type\":\"ListItem\",\"position\":1,\"name\":\"Inicio\",\"item\":\"https:\\\/\\\/www.bbmnoticias.com\\\/labravaradiofm\\\/\"},{\"@type\":\"ListItem\",\"position\":2,\"name\":\"Encabeza Secretar\u00eda de Medio Ambiente sesi\u00f3n del Consejo Estatal de Humedales Costeros de Oaxaca\"}]},{\"@type\":\"WebSite\",\"@id\":\"https:\\\/\\\/www.bbmnoticias.com\\\/labravaradiofm\\\/#website\",\"url\":\"https:\\\/\\\/www.bbmnoticias.com\\\/labravaradiofm\\\/\",\"name\":\"LA BRAVA RADIO\",\"description\":\"Empresa productora de medios, Radiodifusi\u00f3n, Noticias, tendencias y todo lo que necesitas saber de la pol\u00edtica mexicana e internacional; entretenimiento, espect\u00e1culos, salud y mucho m\u00e1s.\",\"potentialAction\":[{\"@type\":\"SearchAction\",\"target\":{\"@type\":\"EntryPoint\",\"urlTemplate\":\"https:\\\/\\\/www.bbmnoticias.com\\\/labravaradiofm\\\/?s={search_term_string}\"},\"query-input\":{\"@type\":\"PropertyValueSpecification\",\"valueRequired\":true,\"valueName\":\"search_term_string\"}}],\"inLanguage\":\"es\"},{\"@type\":\"Person\",\"@id\":\"https:\\\/\\\/www.bbmnoticias.com\\\/labravaradiofm\\\/#\\\/schema\\\/person\\\/68a9e9036ef3c5b55aeb2b71dc8bab45\",\"name\":\"Staff\",\"image\":{\"@type\":\"ImageObject\",\"inLanguage\":\"es\",\"@id\":\"https:\\\/\\\/secure.gravatar.com\\\/avatar\\\/fdd21ad66fd8b98c407f9dee5b5e588cfe7f0d8579ec20fa6527cd59bab7f0f0?s=96&d=mm&r=g\",\"url\":\"https:\\\/\\\/secure.gravatar.com\\\/avatar\\\/fdd21ad66fd8b98c407f9dee5b5e588cfe7f0d8579ec20fa6527cd59bab7f0f0?s=96&d=mm&r=g\",\"contentUrl\":\"https:\\\/\\\/secure.gravatar.com\\\/avatar\\\/fdd21ad66fd8b98c407f9dee5b5e588cfe7f0d8579ec20fa6527cd59bab7f0f0?s=96&d=mm&r=g\",\"caption\":\"Staff\"},\"url\":\"https:\\\/\\\/www.bbmnoticias.com\\\/labravaradiofm\\\/author\\\/redaccion\\\/\"}]}<\/script>\n<!-- \/ Yoast SEO plugin. -->","yoast_head_json":{"title":"Encabeza Secretar\u00eda de Medio Ambiente sesi\u00f3n del Consejo Estatal de Humedales Costeros de Oaxaca - LA BRAVA RADIO","robots":{"index":"index","follow":"follow","max-snippet":"max-snippet:-1","max-image-preview":"max-image-preview:large","max-video-preview":"max-video-preview:-1"},"canonical":"https:\/\/www.bbmnoticias.com\/encabeza-secretaria-de-medio-ambiente-sesion-del-consejo-estatal-de-humedales-costeros-de-oaxaca\/","og_locale":"es_MX","og_type":"article","og_title":"Encabeza Secretar\u00eda de Medio Ambiente sesi\u00f3n del Consejo Estatal de Humedales Costeros de Oaxaca - LA BRAVA RADIO","og_description":"\u00b7&nbsp;&nbsp;&nbsp;&nbsp;&nbsp;&nbsp;&nbsp;&nbsp; Durante la sesi\u00f3n celebrada en Pinotepa Nacional, se presentaron las condiciones socioambientales del sistema lagunar Corralero Santiago Pinotepa Nacional, Oax.- Los avances de la Estrategia Nacional de Limpieza y Conservaci\u00f3n de Playas y Costa de M\u00e9xico 2025-2030 y las condiciones socioambientales del sistema lagunar Corralero, fueron analizados durante la sesi\u00f3n ordinaria del Consejo Estatal [&hellip;]","og_url":"https:\/\/www.bbmnoticias.com\/encabeza-secretaria-de-medio-ambiente-sesion-del-consejo-estatal-de-humedales-costeros-de-oaxaca\/","og_site_name":"LA BRAVA RADIO","article_published_time":"2025-11-20T01:38:31+00:00","article_modified_time":"2025-11-20T01:38:34+00:00","og_image":[{"width":1280,"height":853,"url":"https:\/\/www.bbmnoticias.com\/labravaradiofm\/wp-content\/uploads\/sites\/5\/2025\/11\/Realiza-Secretaria-de-Medio-Ambiente-sesion-del-CEHCO-en-Pinotepa-Nacional.jpeg","type":"image\/jpeg"}],"author":"Staff","twitter_card":"summary_large_image","twitter_misc":{"Escrito por":"Staff","Tiempo de lectura":"1 minuto"},"schema":{"@context":"https:\/\/schema.org","@graph":[{"@type":"Article","@id":"https:\/\/www.bbmnoticias.com\/encabeza-secretaria-de-medio-ambiente-sesion-del-consejo-estatal-de-humedales-costeros-de-oaxaca\/#article","isPartOf":{"@id":"https:\/\/www.bbmnoticias.com\/labravaradiofm\/2025\/11\/19\/encabeza-secretaria-de-medio-ambiente-sesion-del-consejo-estatal-de-humedales-costeros-de-oaxaca\/"},"author":{"name":"Staff","@id":"https:\/\/www.bbmnoticias.com\/labravaradiofm\/#\/schema\/person\/68a9e9036ef3c5b55aeb2b71dc8bab45"},"headline":"Encabeza Secretar\u00eda de Medio Ambiente sesi\u00f3n del Consejo Estatal de Humedales Costeros de Oaxaca","datePublished":"2025-11-20T01:38:31+00:00","dateModified":"2025-11-20T01:38:34+00:00","mainEntityOfPage":{"@id":"https:\/\/www.bbmnoticias.com\/labravaradiofm\/2025\/11\/19\/encabeza-secretaria-de-medio-ambiente-sesion-del-consejo-estatal-de-humedales-costeros-de-oaxaca\/"},"wordCount":215,"image":{"@id":"https:\/\/www.bbmnoticias.com\/encabeza-secretaria-de-medio-ambiente-sesion-del-consejo-estatal-de-humedales-costeros-de-oaxaca\/#primaryimage"},"thumbnailUrl":"https:\/\/www.bbmnoticias.com\/labravaradiofm\/wp-content\/uploads\/sites\/5\/2025\/11\/Realiza-Secretaria-de-Medio-Ambiente-sesion-del-CEHCO-en-Pinotepa-Nacional.jpeg","articleSection":["LOCAL"],"inLanguage":"es"},{"@type":"WebPage","@id":"https:\/\/www.bbmnoticias.com\/labravaradiofm\/2025\/11\/19\/encabeza-secretaria-de-medio-ambiente-sesion-del-consejo-estatal-de-humedales-costeros-de-oaxaca\/","url":"https:\/\/www.bbmnoticias.com\/encabeza-secretaria-de-medio-ambiente-sesion-del-consejo-estatal-de-humedales-costeros-de-oaxaca\/","name":"Encabeza Secretar\u00eda de Medio Ambiente sesi\u00f3n del Consejo Estatal de Humedales Costeros de Oaxaca - LA BRAVA RADIO","isPartOf":{"@id":"https:\/\/www.bbmnoticias.com\/labravaradiofm\/#website"},"primaryImageOfPage":{"@id":"https:\/\/www.bbmnoticias.com\/encabeza-secretaria-de-medio-ambiente-sesion-del-consejo-estatal-de-humedales-costeros-de-oaxaca\/#primaryimage"},"image":{"@id":"https:\/\/www.bbmnoticias.com\/encabeza-secretaria-de-medio-ambiente-sesion-del-consejo-estatal-de-humedales-costeros-de-oaxaca\/#primaryimage"},"thumbnailUrl":"https:\/\/www.bbmnoticias.com\/labravaradiofm\/wp-content\/uploads\/sites\/5\/2025\/11\/Realiza-Secretaria-de-Medio-Ambiente-sesion-del-CEHCO-en-Pinotepa-Nacional.jpeg","datePublished":"2025-11-20T01:38:31+00:00","dateModified":"2025-11-20T01:38:34+00:00","author":{"@id":"https:\/\/www.bbmnoticias.com\/labravaradiofm\/#\/schema\/person\/68a9e9036ef3c5b55aeb2b71dc8bab45"},"breadcrumb":{"@id":"https:\/\/www.bbmnoticias.com\/encabeza-secretaria-de-medio-ambiente-sesion-del-consejo-estatal-de-humedales-costeros-de-oaxaca\/#breadcrumb"},"inLanguage":"es","potentialAction":[{"@type":"ReadAction","target":["https:\/\/www.bbmnoticias.com\/encabeza-secretaria-de-medio-ambiente-sesion-del-consejo-estatal-de-humedales-costeros-de-oaxaca\/"]}]},{"@type":"ImageObject","inLanguage":"es","@id":"https:\/\/www.bbmnoticias.com\/encabeza-secretaria-de-medio-ambiente-sesion-del-consejo-estatal-de-humedales-costeros-de-oaxaca\/#primaryimage","url":"https:\/\/www.bbmnoticias.com\/labravaradiofm\/wp-content\/uploads\/sites\/5\/2025\/11\/Realiza-Secretaria-de-Medio-Ambiente-sesion-del-CEHCO-en-Pinotepa-Nacional.jpeg","contentUrl":"https:\/\/www.bbmnoticias.com\/labravaradiofm\/wp-content\/uploads\/sites\/5\/2025\/11\/Realiza-Secretaria-de-Medio-Ambiente-sesion-del-CEHCO-en-Pinotepa-Nacional.jpeg","width":1280,"height":853},{"@type":"BreadcrumbList","@id":"https:\/\/www.bbmnoticias.com\/encabeza-secretaria-de-medio-ambiente-sesion-del-consejo-estatal-de-humedales-costeros-de-oaxaca\/#breadcrumb","itemListElement":[{"@type":"ListItem","position":1,"name":"Inicio","item":"https:\/\/www.bbmnoticias.com\/labravaradiofm\/"},{"@type":"ListItem","position":2,"name":"Encabeza Secretar\u00eda de Medio Ambiente sesi\u00f3n del Consejo Estatal de Humedales Costeros de Oaxaca"}]},{"@type":"WebSite","@id":"https:\/\/www.bbmnoticias.com\/labravaradiofm\/#website","url":"https:\/\/www.bbmnoticias.com\/labravaradiofm\/","name":"LA BRAVA RADIO","description":"Empresa productora de medios, Radiodifusi\u00f3n, Noticias, tendencias y todo lo que necesitas saber de la pol\u00edtica mexicana e internacional; entretenimiento, espect\u00e1culos, salud y mucho m\u00e1s.","potentialAction":[{"@type":"SearchAction","target":{"@type":"EntryPoint","urlTemplate":"https:\/\/www.bbmnoticias.com\/labravaradiofm\/?s={search_term_string}"},"query-input":{"@type":"PropertyValueSpecification","valueRequired":true,"valueName":"search_term_string"}}],"inLanguage":"es"},{"@type":"Person","@id":"https:\/\/www.bbmnoticias.com\/labravaradiofm\/#\/schema\/person\/68a9e9036ef3c5b55aeb2b71dc8bab45","name":"Staff","image":{"@type":"ImageObject","inLanguage":"es","@id":"https:\/\/secure.gravatar.com\/avatar\/fdd21ad66fd8b98c407f9dee5b5e588cfe7f0d8579ec20fa6527cd59bab7f0f0?s=96&d=mm&r=g","url":"https:\/\/secure.gravatar.com\/avatar\/fdd21ad66fd8b98c407f9dee5b5e588cfe7f0d8579ec20fa6527cd59bab7f0f0?s=96&d=mm&r=g","contentUrl":"https:\/\/secure.gravatar.com\/avatar\/fdd21ad66fd8b98c407f9dee5b5e588cfe7f0d8579ec20fa6527cd59bab7f0f0?s=96&d=mm&r=g","caption":"Staff"},"url":"https:\/\/www.bbmnoticias.com\/labravaradiofm\/author\/redaccion\/"}]}},"_links":{"self":[{"href":"https:\/\/www.bbmnoticias.com\/labravaradiofm\/wp-json\/wp\/v2\/posts\/70042","targetHints":{"allow":["GET"]}}],"collection":[{"href":"https:\/\/www.bbmnoticias.com\/labravaradiofm\/wp-json\/wp\/v2\/posts"}],"about":[{"href":"https:\/\/www.bbmnoticias.com\/labravaradiofm\/wp-json\/wp\/v2\/types\/post"}],"author":[{"embeddable":true,"href":"https:\/\/www.bbmnoticias.com\/labravaradiofm\/wp-json\/wp\/v2\/users\/2"}],"replies":[{"embeddable":true,"href":"https:\/\/www.bbmnoticias.com\/labravaradiofm\/wp-json\/wp\/v2\/comments?post=70042"}],"version-history":[{"count":0,"href":"https:\/\/www.bbmnoticias.com\/labravaradiofm\/wp-json\/wp\/v2\/posts\/70042\/revisions"}],"wp:featuredmedia":[{"embeddable":true,"href":"https:\/\/www.bbmnoticias.com\/labravaradiofm\/wp-json\/wp\/v2\/media\/70044"}],"wp:attachment":[{"href":"https:\/\/www.bbmnoticias.com\/labravaradiofm\/wp-json\/wp\/v2\/media?parent=70042"}],"wp:term":[{"taxonomy":"category","embeddable":true,"href":"https:\/\/www.bbmnoticias.com\/labravaradiofm\/wp-json\/wp\/v2\/categories?post=70042"},{"taxonomy":"post_tag","embeddable":true,"href":"https:\/\/www.bbmnoticias.com\/labravaradiofm\/wp-json\/wp\/v2\/tags?post=70042"}],"curies":[{"name":"wp","href":"https:\/\/api.w.org\/{rel}","templated":true}]}}