{"id":70027,"date":"2025-11-19T18:48:10","date_gmt":"2025-11-20T00:48:10","guid":{"rendered":"https:\/\/www.bbmnoticias.com\/labravaradiofm\/2025\/11\/19\/anuncia-coesida-acciones-de-prevencion-diagnostico-oportuno-y-sensibilizacion-sobre-el-vih-para-el-dia-mundial-del-sida-2025\/"},"modified":"2025-11-19T18:48:13","modified_gmt":"2025-11-20T00:48:13","slug":"anuncia-coesida-acciones-de-prevencion-diagnostico-oportuno-y-sensibilizacion-sobre-el-vih-para-el-dia-mundial-del-sida-2025","status":"publish","type":"post","link":"https:\/\/www.bbmnoticias.com\/labravaradiofm\/2025\/11\/19\/anuncia-coesida-acciones-de-prevencion-diagnostico-oportuno-y-sensibilizacion-sobre-el-vih-para-el-dia-mundial-del-sida-2025\/","title":{"rendered":"Anuncia Coesida acciones de prevenci\u00f3n, diagn\u00f3stico oportuno y sensibilizaci\u00f3n sobre el VIH para el D\u00eda Mundial del Sida 2025"},"content":{"rendered":"<div style=\"margin-top: 0px; margin-bottom: 0px;\" class=\"sharethis-inline-share-buttons\" ><\/div>\n<p>Oaxaca de Ju\u00e1rez, Oax.\u2013 A trav\u00e9s de una jornada estatal de actividades encaminadas a fortalecer la prevenci\u00f3n, el diagn\u00f3stico oportuno y la sensibilizaci\u00f3n sobre el VIH, el Consejo Estatal para la Prevenci\u00f3n y Control del Sida (Coesida) conmemorar\u00e1 este 1 de diciembre, el D\u00eda Mundial del Sida 2025.<\/p>\n\n\n\n<p id=\"geom_inter_1763599550564_64_149\">En este marco se desplegar\u00e1n cinco Unidades M\u00f3viles de Detecci\u00f3n de VIH, s\u00edfilis y hepatitis C, que estar\u00e1n ubicadas en la Facultad de Medicina y Cirug\u00eda de la Universidad Aut\u00f3noma Benito Ju\u00e1rez de Oaxaca (UABJO), la Alameda de Le\u00f3n, el Jard\u00edn El Pa\u00f1uelito, la Benem\u00e9rita Universidad de Oaxaca (BUO) y el Hospital General \u201cDoctor Aurelio Valdivieso\u201d.<\/p>\n\n\n\n<p>En el acto inaugural, en coordinaci\u00f3n con la Fundaci\u00f3n Francisco Toledo y el Instituto de Artes Gr\u00e1ficas de Oaxaca (IAGO), se efectuar\u00e1 un grabado colectivo abierto a la comunidad universitaria y al p\u00fablico en general; para visibilizar la respuesta social frente al VIH y promover la reflexi\u00f3n desde el arte y la salud p\u00fablica.<\/p>\n\n\n\n<p id=\"geom_inter_1763599550564_73_151\">&nbsp;<\/p>\n\n\n\n<p>Adem\u00e1s, en distintos puntos de la ciudad, se efectuar\u00e1 una entrega masiva de condones.<\/p>\n\n\n\n<p id=\"geom_inter_1763599550564_51_152\">&nbsp;<\/p>\n\n\n\n<p id=\"geom_inter_1763599550564_99_153\">El Gobierno del Estado acerca servicios, fortalece la educaci\u00f3n en salud y promueve una respuesta colectiva y solidaria frente al VIH en Oaxaca.<\/p>\n","protected":false},"excerpt":{"rendered":"<p>Oaxaca de Ju\u00e1rez, Oax.\u2013 A trav\u00e9s de una jornada estatal de actividades encaminadas a fortalecer la prevenci\u00f3n, el diagn\u00f3stico oportuno y la sensibilizaci\u00f3n sobre el VIH, el Consejo Estatal para la Prevenci\u00f3n y Control del Sida (Coesida) conmemorar\u00e1 este 1 de diciembre, el D\u00eda Mundial del Sida 2025. En este marco se desplegar\u00e1n cinco Unidades [&hellip;]<\/p>\n","protected":false},"author":2,"featured_media":70029,"comment_status":"closed","ping_status":"","sticky":false,"template":"","format":"standard","meta":{"footnotes":""},"categories":[2],"tags":[],"class_list":{"0":"post-70027","1":"post","2":"type-post","3":"status-publish","4":"format-standard","5":"has-post-thumbnail","7":"category-oaxaca"},"yoast_head":"<!-- This site is optimized with the Yoast SEO plugin v27.4 - https:\/\/yoast.com\/product\/yoast-seo-wordpress\/ -->\n<title>Anuncia Coesida acciones de prevenci\u00f3n, diagn\u00f3stico oportuno y sensibilizaci\u00f3n sobre el VIH para el D\u00eda Mundial del Sida 2025 - LA BRAVA RADIO<\/title>\n<meta name=\"robots\" content=\"index, follow, max-snippet:-1, max-image-preview:large, max-video-preview:-1\" \/>\n<link rel=\"canonical\" href=\"https:\/\/www.bbmnoticias.com\/anuncia-coesida-acciones-de-prevencion-diagnostico-oportuno-y-sensibilizacion-sobre-el-vih-para-el-dia-mundial-del-sida-2025\/\" \/>\n<meta property=\"og:locale\" content=\"es_MX\" \/>\n<meta property=\"og:type\" content=\"article\" \/>\n<meta property=\"og:title\" content=\"Anuncia Coesida acciones de prevenci\u00f3n, diagn\u00f3stico oportuno y sensibilizaci\u00f3n sobre el VIH para el D\u00eda Mundial del Sida 2025 - LA BRAVA RADIO\" \/>\n<meta property=\"og:description\" content=\"Oaxaca de Ju\u00e1rez, Oax.\u2013 A trav\u00e9s de una jornada estatal de actividades encaminadas a fortalecer la prevenci\u00f3n, el diagn\u00f3stico oportuno y la sensibilizaci\u00f3n sobre el VIH, el Consejo Estatal para la Prevenci\u00f3n y Control del Sida (Coesida) conmemorar\u00e1 este 1 de diciembre, el D\u00eda Mundial del Sida 2025. En este marco se desplegar\u00e1n cinco Unidades [&hellip;]\" \/>\n<meta property=\"og:url\" content=\"https:\/\/www.bbmnoticias.com\/anuncia-coesida-acciones-de-prevencion-diagnostico-oportuno-y-sensibilizacion-sobre-el-vih-para-el-dia-mundial-del-sida-2025\/\" \/>\n<meta property=\"og:site_name\" content=\"LA BRAVA RADIO\" \/>\n<meta property=\"article:published_time\" content=\"2025-11-20T00:48:10+00:00\" \/>\n<meta property=\"article:modified_time\" content=\"2025-11-20T00:48:13+00:00\" \/>\n<meta property=\"og:image\" content=\"https:\/\/www.bbmnoticias.com\/labravaradiofm\/wp-content\/uploads\/sites\/5\/2025\/11\/COESIDA.jpeg\" \/>\n\t<meta property=\"og:image:width\" content=\"1280\" \/>\n\t<meta property=\"og:image:height\" content=\"854\" \/>\n\t<meta property=\"og:image:type\" content=\"image\/jpeg\" \/>\n<meta name=\"author\" content=\"Staff\" \/>\n<meta name=\"twitter:card\" content=\"summary_large_image\" \/>\n<meta name=\"twitter:label1\" content=\"Escrito por\" \/>\n\t<meta name=\"twitter:data1\" content=\"Staff\" \/>\n\t<meta name=\"twitter:label2\" content=\"Tiempo de lectura\" \/>\n\t<meta name=\"twitter:data2\" content=\"1 minuto\" \/>\n<script type=\"application\/ld+json\" class=\"yoast-schema-graph\">{\"@context\":\"https:\\\/\\\/schema.org\",\"@graph\":[{\"@type\":\"Article\",\"@id\":\"https:\\\/\\\/www.bbmnoticias.com\\\/anuncia-coesida-acciones-de-prevencion-diagnostico-oportuno-y-sensibilizacion-sobre-el-vih-para-el-dia-mundial-del-sida-2025\\\/#article\",\"isPartOf\":{\"@id\":\"https:\\\/\\\/www.bbmnoticias.com\\\/labravaradiofm\\\/2025\\\/11\\\/19\\\/anuncia-coesida-acciones-de-prevencion-diagnostico-oportuno-y-sensibilizacion-sobre-el-vih-para-el-dia-mundial-del-sida-2025\\\/\"},\"author\":{\"name\":\"Staff\",\"@id\":\"https:\\\/\\\/www.bbmnoticias.com\\\/labravaradiofm\\\/#\\\/schema\\\/person\\\/68a9e9036ef3c5b55aeb2b71dc8bab45\"},\"headline\":\"Anuncia Coesida acciones de prevenci\u00f3n, diagn\u00f3stico oportuno y sensibilizaci\u00f3n sobre el VIH para el D\u00eda Mundial del Sida 2025\",\"datePublished\":\"2025-11-20T00:48:10+00:00\",\"dateModified\":\"2025-11-20T00:48:13+00:00\",\"mainEntityOfPage\":{\"@id\":\"https:\\\/\\\/www.bbmnoticias.com\\\/labravaradiofm\\\/2025\\\/11\\\/19\\\/anuncia-coesida-acciones-de-prevencion-diagnostico-oportuno-y-sensibilizacion-sobre-el-vih-para-el-dia-mundial-del-sida-2025\\\/\"},\"wordCount\":244,\"image\":{\"@id\":\"https:\\\/\\\/www.bbmnoticias.com\\\/anuncia-coesida-acciones-de-prevencion-diagnostico-oportuno-y-sensibilizacion-sobre-el-vih-para-el-dia-mundial-del-sida-2025\\\/#primaryimage\"},\"thumbnailUrl\":\"https:\\\/\\\/www.bbmnoticias.com\\\/labravaradiofm\\\/wp-content\\\/uploads\\\/sites\\\/5\\\/2025\\\/11\\\/COESIDA.jpeg\",\"articleSection\":[\"LOCAL\"],\"inLanguage\":\"es\"},{\"@type\":\"WebPage\",\"@id\":\"https:\\\/\\\/www.bbmnoticias.com\\\/labravaradiofm\\\/2025\\\/11\\\/19\\\/anuncia-coesida-acciones-de-prevencion-diagnostico-oportuno-y-sensibilizacion-sobre-el-vih-para-el-dia-mundial-del-sida-2025\\\/\",\"url\":\"https:\\\/\\\/www.bbmnoticias.com\\\/anuncia-coesida-acciones-de-prevencion-diagnostico-oportuno-y-sensibilizacion-sobre-el-vih-para-el-dia-mundial-del-sida-2025\\\/\",\"name\":\"Anuncia Coesida acciones de prevenci\u00f3n, diagn\u00f3stico oportuno y sensibilizaci\u00f3n sobre el VIH para el D\u00eda Mundial del Sida 2025 - LA BRAVA RADIO\",\"isPartOf\":{\"@id\":\"https:\\\/\\\/www.bbmnoticias.com\\\/labravaradiofm\\\/#website\"},\"primaryImageOfPage\":{\"@id\":\"https:\\\/\\\/www.bbmnoticias.com\\\/anuncia-coesida-acciones-de-prevencion-diagnostico-oportuno-y-sensibilizacion-sobre-el-vih-para-el-dia-mundial-del-sida-2025\\\/#primaryimage\"},\"image\":{\"@id\":\"https:\\\/\\\/www.bbmnoticias.com\\\/anuncia-coesida-acciones-de-prevencion-diagnostico-oportuno-y-sensibilizacion-sobre-el-vih-para-el-dia-mundial-del-sida-2025\\\/#primaryimage\"},\"thumbnailUrl\":\"https:\\\/\\\/www.bbmnoticias.com\\\/labravaradiofm\\\/wp-content\\\/uploads\\\/sites\\\/5\\\/2025\\\/11\\\/COESIDA.jpeg\",\"datePublished\":\"2025-11-20T00:48:10+00:00\",\"dateModified\":\"2025-11-20T00:48:13+00:00\",\"author\":{\"@id\":\"https:\\\/\\\/www.bbmnoticias.com\\\/labravaradiofm\\\/#\\\/schema\\\/person\\\/68a9e9036ef3c5b55aeb2b71dc8bab45\"},\"breadcrumb\":{\"@id\":\"https:\\\/\\\/www.bbmnoticias.com\\\/anuncia-coesida-acciones-de-prevencion-diagnostico-oportuno-y-sensibilizacion-sobre-el-vih-para-el-dia-mundial-del-sida-2025\\\/#breadcrumb\"},\"inLanguage\":\"es\",\"potentialAction\":[{\"@type\":\"ReadAction\",\"target\":[\"https:\\\/\\\/www.bbmnoticias.com\\\/anuncia-coesida-acciones-de-prevencion-diagnostico-oportuno-y-sensibilizacion-sobre-el-vih-para-el-dia-mundial-del-sida-2025\\\/\"]}]},{\"@type\":\"ImageObject\",\"inLanguage\":\"es\",\"@id\":\"https:\\\/\\\/www.bbmnoticias.com\\\/anuncia-coesida-acciones-de-prevencion-diagnostico-oportuno-y-sensibilizacion-sobre-el-vih-para-el-dia-mundial-del-sida-2025\\\/#primaryimage\",\"url\":\"https:\\\/\\\/www.bbmnoticias.com\\\/labravaradiofm\\\/wp-content\\\/uploads\\\/sites\\\/5\\\/2025\\\/11\\\/COESIDA.jpeg\",\"contentUrl\":\"https:\\\/\\\/www.bbmnoticias.com\\\/labravaradiofm\\\/wp-content\\\/uploads\\\/sites\\\/5\\\/2025\\\/11\\\/COESIDA.jpeg\",\"width\":1280,\"height\":854},{\"@type\":\"BreadcrumbList\",\"@id\":\"https:\\\/\\\/www.bbmnoticias.com\\\/anuncia-coesida-acciones-de-prevencion-diagnostico-oportuno-y-sensibilizacion-sobre-el-vih-para-el-dia-mundial-del-sida-2025\\\/#breadcrumb\",\"itemListElement\":[{\"@type\":\"ListItem\",\"position\":1,\"name\":\"Inicio\",\"item\":\"https:\\\/\\\/www.bbmnoticias.com\\\/labravaradiofm\\\/\"},{\"@type\":\"ListItem\",\"position\":2,\"name\":\"Anuncia Coesida acciones de prevenci\u00f3n, diagn\u00f3stico oportuno y sensibilizaci\u00f3n sobre el VIH para el D\u00eda Mundial del Sida 2025\"}]},{\"@type\":\"WebSite\",\"@id\":\"https:\\\/\\\/www.bbmnoticias.com\\\/labravaradiofm\\\/#website\",\"url\":\"https:\\\/\\\/www.bbmnoticias.com\\\/labravaradiofm\\\/\",\"name\":\"LA BRAVA RADIO\",\"description\":\"Empresa productora de medios, Radiodifusi\u00f3n, Noticias, tendencias y todo lo que necesitas saber de la pol\u00edtica mexicana e internacional; entretenimiento, espect\u00e1culos, salud y mucho m\u00e1s.\",\"potentialAction\":[{\"@type\":\"SearchAction\",\"target\":{\"@type\":\"EntryPoint\",\"urlTemplate\":\"https:\\\/\\\/www.bbmnoticias.com\\\/labravaradiofm\\\/?s={search_term_string}\"},\"query-input\":{\"@type\":\"PropertyValueSpecification\",\"valueRequired\":true,\"valueName\":\"search_term_string\"}}],\"inLanguage\":\"es\"},{\"@type\":\"Person\",\"@id\":\"https:\\\/\\\/www.bbmnoticias.com\\\/labravaradiofm\\\/#\\\/schema\\\/person\\\/68a9e9036ef3c5b55aeb2b71dc8bab45\",\"name\":\"Staff\",\"image\":{\"@type\":\"ImageObject\",\"inLanguage\":\"es\",\"@id\":\"https:\\\/\\\/secure.gravatar.com\\\/avatar\\\/fdd21ad66fd8b98c407f9dee5b5e588cfe7f0d8579ec20fa6527cd59bab7f0f0?s=96&d=mm&r=g\",\"url\":\"https:\\\/\\\/secure.gravatar.com\\\/avatar\\\/fdd21ad66fd8b98c407f9dee5b5e588cfe7f0d8579ec20fa6527cd59bab7f0f0?s=96&d=mm&r=g\",\"contentUrl\":\"https:\\\/\\\/secure.gravatar.com\\\/avatar\\\/fdd21ad66fd8b98c407f9dee5b5e588cfe7f0d8579ec20fa6527cd59bab7f0f0?s=96&d=mm&r=g\",\"caption\":\"Staff\"},\"url\":\"https:\\\/\\\/www.bbmnoticias.com\\\/labravaradiofm\\\/author\\\/redaccion\\\/\"}]}<\/script>\n<!-- \/ Yoast SEO plugin. -->","yoast_head_json":{"title":"Anuncia Coesida acciones de prevenci\u00f3n, diagn\u00f3stico oportuno y sensibilizaci\u00f3n sobre el VIH para el D\u00eda Mundial del Sida 2025 - LA BRAVA RADIO","robots":{"index":"index","follow":"follow","max-snippet":"max-snippet:-1","max-image-preview":"max-image-preview:large","max-video-preview":"max-video-preview:-1"},"canonical":"https:\/\/www.bbmnoticias.com\/anuncia-coesida-acciones-de-prevencion-diagnostico-oportuno-y-sensibilizacion-sobre-el-vih-para-el-dia-mundial-del-sida-2025\/","og_locale":"es_MX","og_type":"article","og_title":"Anuncia Coesida acciones de prevenci\u00f3n, diagn\u00f3stico oportuno y sensibilizaci\u00f3n sobre el VIH para el D\u00eda Mundial del Sida 2025 - LA BRAVA RADIO","og_description":"Oaxaca de Ju\u00e1rez, Oax.\u2013 A trav\u00e9s de una jornada estatal de actividades encaminadas a fortalecer la prevenci\u00f3n, el diagn\u00f3stico oportuno y la sensibilizaci\u00f3n sobre el VIH, el Consejo Estatal para la Prevenci\u00f3n y Control del Sida (Coesida) conmemorar\u00e1 este 1 de diciembre, el D\u00eda Mundial del Sida 2025. En este marco se desplegar\u00e1n cinco Unidades [&hellip;]","og_url":"https:\/\/www.bbmnoticias.com\/anuncia-coesida-acciones-de-prevencion-diagnostico-oportuno-y-sensibilizacion-sobre-el-vih-para-el-dia-mundial-del-sida-2025\/","og_site_name":"LA BRAVA RADIO","article_published_time":"2025-11-20T00:48:10+00:00","article_modified_time":"2025-11-20T00:48:13+00:00","og_image":[{"width":1280,"height":854,"url":"https:\/\/www.bbmnoticias.com\/labravaradiofm\/wp-content\/uploads\/sites\/5\/2025\/11\/COESIDA.jpeg","type":"image\/jpeg"}],"author":"Staff","twitter_card":"summary_large_image","twitter_misc":{"Escrito por":"Staff","Tiempo de lectura":"1 minuto"},"schema":{"@context":"https:\/\/schema.org","@graph":[{"@type":"Article","@id":"https:\/\/www.bbmnoticias.com\/anuncia-coesida-acciones-de-prevencion-diagnostico-oportuno-y-sensibilizacion-sobre-el-vih-para-el-dia-mundial-del-sida-2025\/#article","isPartOf":{"@id":"https:\/\/www.bbmnoticias.com\/labravaradiofm\/2025\/11\/19\/anuncia-coesida-acciones-de-prevencion-diagnostico-oportuno-y-sensibilizacion-sobre-el-vih-para-el-dia-mundial-del-sida-2025\/"},"author":{"name":"Staff","@id":"https:\/\/www.bbmnoticias.com\/labravaradiofm\/#\/schema\/person\/68a9e9036ef3c5b55aeb2b71dc8bab45"},"headline":"Anuncia Coesida acciones de prevenci\u00f3n, diagn\u00f3stico oportuno y sensibilizaci\u00f3n sobre el VIH para el D\u00eda Mundial del Sida 2025","datePublished":"2025-11-20T00:48:10+00:00","dateModified":"2025-11-20T00:48:13+00:00","mainEntityOfPage":{"@id":"https:\/\/www.bbmnoticias.com\/labravaradiofm\/2025\/11\/19\/anuncia-coesida-acciones-de-prevencion-diagnostico-oportuno-y-sensibilizacion-sobre-el-vih-para-el-dia-mundial-del-sida-2025\/"},"wordCount":244,"image":{"@id":"https:\/\/www.bbmnoticias.com\/anuncia-coesida-acciones-de-prevencion-diagnostico-oportuno-y-sensibilizacion-sobre-el-vih-para-el-dia-mundial-del-sida-2025\/#primaryimage"},"thumbnailUrl":"https:\/\/www.bbmnoticias.com\/labravaradiofm\/wp-content\/uploads\/sites\/5\/2025\/11\/COESIDA.jpeg","articleSection":["LOCAL"],"inLanguage":"es"},{"@type":"WebPage","@id":"https:\/\/www.bbmnoticias.com\/labravaradiofm\/2025\/11\/19\/anuncia-coesida-acciones-de-prevencion-diagnostico-oportuno-y-sensibilizacion-sobre-el-vih-para-el-dia-mundial-del-sida-2025\/","url":"https:\/\/www.bbmnoticias.com\/anuncia-coesida-acciones-de-prevencion-diagnostico-oportuno-y-sensibilizacion-sobre-el-vih-para-el-dia-mundial-del-sida-2025\/","name":"Anuncia Coesida acciones de prevenci\u00f3n, diagn\u00f3stico oportuno y sensibilizaci\u00f3n sobre el VIH para el D\u00eda Mundial del Sida 2025 - LA BRAVA RADIO","isPartOf":{"@id":"https:\/\/www.bbmnoticias.com\/labravaradiofm\/#website"},"primaryImageOfPage":{"@id":"https:\/\/www.bbmnoticias.com\/anuncia-coesida-acciones-de-prevencion-diagnostico-oportuno-y-sensibilizacion-sobre-el-vih-para-el-dia-mundial-del-sida-2025\/#primaryimage"},"image":{"@id":"https:\/\/www.bbmnoticias.com\/anuncia-coesida-acciones-de-prevencion-diagnostico-oportuno-y-sensibilizacion-sobre-el-vih-para-el-dia-mundial-del-sida-2025\/#primaryimage"},"thumbnailUrl":"https:\/\/www.bbmnoticias.com\/labravaradiofm\/wp-content\/uploads\/sites\/5\/2025\/11\/COESIDA.jpeg","datePublished":"2025-11-20T00:48:10+00:00","dateModified":"2025-11-20T00:48:13+00:00","author":{"@id":"https:\/\/www.bbmnoticias.com\/labravaradiofm\/#\/schema\/person\/68a9e9036ef3c5b55aeb2b71dc8bab45"},"breadcrumb":{"@id":"https:\/\/www.bbmnoticias.com\/anuncia-coesida-acciones-de-prevencion-diagnostico-oportuno-y-sensibilizacion-sobre-el-vih-para-el-dia-mundial-del-sida-2025\/#breadcrumb"},"inLanguage":"es","potentialAction":[{"@type":"ReadAction","target":["https:\/\/www.bbmnoticias.com\/anuncia-coesida-acciones-de-prevencion-diagnostico-oportuno-y-sensibilizacion-sobre-el-vih-para-el-dia-mundial-del-sida-2025\/"]}]},{"@type":"ImageObject","inLanguage":"es","@id":"https:\/\/www.bbmnoticias.com\/anuncia-coesida-acciones-de-prevencion-diagnostico-oportuno-y-sensibilizacion-sobre-el-vih-para-el-dia-mundial-del-sida-2025\/#primaryimage","url":"https:\/\/www.bbmnoticias.com\/labravaradiofm\/wp-content\/uploads\/sites\/5\/2025\/11\/COESIDA.jpeg","contentUrl":"https:\/\/www.bbmnoticias.com\/labravaradiofm\/wp-content\/uploads\/sites\/5\/2025\/11\/COESIDA.jpeg","width":1280,"height":854},{"@type":"BreadcrumbList","@id":"https:\/\/www.bbmnoticias.com\/anuncia-coesida-acciones-de-prevencion-diagnostico-oportuno-y-sensibilizacion-sobre-el-vih-para-el-dia-mundial-del-sida-2025\/#breadcrumb","itemListElement":[{"@type":"ListItem","position":1,"name":"Inicio","item":"https:\/\/www.bbmnoticias.com\/labravaradiofm\/"},{"@type":"ListItem","position":2,"name":"Anuncia Coesida acciones de prevenci\u00f3n, diagn\u00f3stico oportuno y sensibilizaci\u00f3n sobre el VIH para el D\u00eda Mundial del Sida 2025"}]},{"@type":"WebSite","@id":"https:\/\/www.bbmnoticias.com\/labravaradiofm\/#website","url":"https:\/\/www.bbmnoticias.com\/labravaradiofm\/","name":"LA BRAVA RADIO","description":"Empresa productora de medios, Radiodifusi\u00f3n, Noticias, tendencias y todo lo que necesitas saber de la pol\u00edtica mexicana e internacional; entretenimiento, espect\u00e1culos, salud y mucho m\u00e1s.","potentialAction":[{"@type":"SearchAction","target":{"@type":"EntryPoint","urlTemplate":"https:\/\/www.bbmnoticias.com\/labravaradiofm\/?s={search_term_string}"},"query-input":{"@type":"PropertyValueSpecification","valueRequired":true,"valueName":"search_term_string"}}],"inLanguage":"es"},{"@type":"Person","@id":"https:\/\/www.bbmnoticias.com\/labravaradiofm\/#\/schema\/person\/68a9e9036ef3c5b55aeb2b71dc8bab45","name":"Staff","image":{"@type":"ImageObject","inLanguage":"es","@id":"https:\/\/secure.gravatar.com\/avatar\/fdd21ad66fd8b98c407f9dee5b5e588cfe7f0d8579ec20fa6527cd59bab7f0f0?s=96&d=mm&r=g","url":"https:\/\/secure.gravatar.com\/avatar\/fdd21ad66fd8b98c407f9dee5b5e588cfe7f0d8579ec20fa6527cd59bab7f0f0?s=96&d=mm&r=g","contentUrl":"https:\/\/secure.gravatar.com\/avatar\/fdd21ad66fd8b98c407f9dee5b5e588cfe7f0d8579ec20fa6527cd59bab7f0f0?s=96&d=mm&r=g","caption":"Staff"},"url":"https:\/\/www.bbmnoticias.com\/labravaradiofm\/author\/redaccion\/"}]}},"_links":{"self":[{"href":"https:\/\/www.bbmnoticias.com\/labravaradiofm\/wp-json\/wp\/v2\/posts\/70027","targetHints":{"allow":["GET"]}}],"collection":[{"href":"https:\/\/www.bbmnoticias.com\/labravaradiofm\/wp-json\/wp\/v2\/posts"}],"about":[{"href":"https:\/\/www.bbmnoticias.com\/labravaradiofm\/wp-json\/wp\/v2\/types\/post"}],"author":[{"embeddable":true,"href":"https:\/\/www.bbmnoticias.com\/labravaradiofm\/wp-json\/wp\/v2\/users\/2"}],"replies":[{"embeddable":true,"href":"https:\/\/www.bbmnoticias.com\/labravaradiofm\/wp-json\/wp\/v2\/comments?post=70027"}],"version-history":[{"count":0,"href":"https:\/\/www.bbmnoticias.com\/labravaradiofm\/wp-json\/wp\/v2\/posts\/70027\/revisions"}],"wp:featuredmedia":[{"embeddable":true,"href":"https:\/\/www.bbmnoticias.com\/labravaradiofm\/wp-json\/wp\/v2\/media\/70029"}],"wp:attachment":[{"href":"https:\/\/www.bbmnoticias.com\/labravaradiofm\/wp-json\/wp\/v2\/media?parent=70027"}],"wp:term":[{"taxonomy":"category","embeddable":true,"href":"https:\/\/www.bbmnoticias.com\/labravaradiofm\/wp-json\/wp\/v2\/categories?post=70027"},{"taxonomy":"post_tag","embeddable":true,"href":"https:\/\/www.bbmnoticias.com\/labravaradiofm\/wp-json\/wp\/v2\/tags?post=70027"}],"curies":[{"name":"wp","href":"https:\/\/api.w.org\/{rel}","templated":true}]}}