{"id":70018,"date":"2025-11-19T16:43:33","date_gmt":"2025-11-19T22:43:33","guid":{"rendered":"https:\/\/www.bbmnoticias.com\/labravaradiofm\/2025\/11\/19\/aporta-coordinacion-de-comunicacion-social-cobijas-a-la-colecta-abrigando-corazones-2025\/"},"modified":"2025-11-19T16:56:26","modified_gmt":"2025-11-19T22:56:26","slug":"aporta-coordinacion-de-comunicacion-social-cobijas-a-la-colecta-abrigando-corazones-2025","status":"publish","type":"post","link":"https:\/\/www.bbmnoticias.com\/labravaradiofm\/2025\/11\/19\/aporta-coordinacion-de-comunicacion-social-cobijas-a-la-colecta-abrigando-corazones-2025\/","title":{"rendered":"Aporta Coordinaci\u00f3n de Comunicaci\u00f3n Social cobijas a la colecta Abrigando Corazones 2025"},"content":{"rendered":"<div style=\"margin-top: 0px; margin-bottom: 0px;\" class=\"sharethis-inline-share-buttons\" ><\/div>\n<p><strong>Oaxaca de Ju\u00e1rez, Oax.-<\/strong> La Coordinaci\u00f3n de Comunicaci\u00f3n Social del Gobierno del Estado y la Secretar\u00eda de Honestidad, Transparencia y Funci\u00f3n P\u00fablica se sumaron a la colecta Abrigando Corazones 2025, que realiza el Sistema para el Desarrollo Integral de la Familia (DIF) Oaxaca, para respaldar con cobijas a los grupos prioritarios.<\/p>\n\n\n\n<p>En respuesta a la convocatoria que realiza la Presidenta Honoraria de este organismos estatal, Irma Bola\u00f1os Quijano; la coordinadora de Comunicaci\u00f3n Social Elizabeth \u00c1lvarez Acosta expuso que la premisa \u201cque nadie se queda atr\u00e1s y nadie se queda afuera\u201d es una realidad en la Primavera Oaxaque\u00f1a, la cual lleva a cabo d\u00eda con d\u00eda esta instancia.<\/p>\n\n\n\n<p>Acompa\u00f1ada por el personal de esta dependencia estatal, reconoci\u00f3 la labor que el DIF Oaxaca realiza para abrigar, no solo de manera f\u00edsica a las ni\u00f1as, ni\u00f1os y personas mayores de las comunidades oaxaque\u00f1as con presencia de bajas temperaturas durante la temporada invernal, sino tambi\u00e9n sus corazones con esta calidez solidaria.<\/p>\n\n\n\n<p>En tanto, la titular de la Secretar\u00eda de Honestidad, Leticia Reyes L\u00f3pez destac\u00f3 la labor humana y sensible de esta instituci\u00f3n que atiende el desarrollo integral de las familias, para hacer llegar estos beneficios a todos los rincones de la entidad, en especial a las regiones con mayor altura, en las cuales el fr\u00edo es m\u00e1s intenso.<\/p>\n\n\n\n<p>La directora general del organismo, Maribel Salinas Velasco agradeci\u00f3 estas aportaciones que llegar\u00e1n a las poblaciones alejadas, sin intermediarios, directamente a las manos de quienes m\u00e1s lo necesitan.<\/p>\n\n\n\n<p>Las funcionarias invitaron a la poblaci\u00f3n a participar en esta campa\u00f1a de recolecci\u00f3n de cobijas, con vigencia al 15 de diciembre.<\/p>\n","protected":false},"excerpt":{"rendered":"<p>Oaxaca de Ju\u00e1rez, Oax.- La Coordinaci\u00f3n de Comunicaci\u00f3n Social del Gobierno del Estado y la Secretar\u00eda de Honestidad, Transparencia y Funci\u00f3n P\u00fablica se sumaron a la colecta Abrigando Corazones 2025, que realiza el Sistema para el Desarrollo Integral de la Familia (DIF) Oaxaca, para respaldar con cobijas a los grupos prioritarios. En respuesta a la [&hellip;]<\/p>\n","protected":false},"author":15,"featured_media":70020,"comment_status":"closed","ping_status":"","sticky":false,"template":"","format":"standard","meta":{"footnotes":""},"categories":[2],"tags":[],"class_list":{"0":"post-70018","1":"post","2":"type-post","3":"status-publish","4":"format-standard","5":"has-post-thumbnail","7":"category-oaxaca"},"yoast_head":"<!-- This site is optimized with the Yoast SEO plugin v27.4 - https:\/\/yoast.com\/product\/yoast-seo-wordpress\/ -->\n<title>Aporta Coordinaci\u00f3n de Comunicaci\u00f3n Social cobijas a la colecta Abrigando Corazones 2025 - LA BRAVA RADIO<\/title>\n<meta name=\"robots\" content=\"index, follow, max-snippet:-1, max-image-preview:large, max-video-preview:-1\" \/>\n<link rel=\"canonical\" href=\"https:\/\/www.bbmnoticias.com\/aporta-coordinacion-de-comunicacion-social-cobijas-a-la-colecta-abrigando-corazones-2025\/\" \/>\n<meta property=\"og:locale\" content=\"es_MX\" \/>\n<meta property=\"og:type\" content=\"article\" \/>\n<meta property=\"og:title\" content=\"Aporta Coordinaci\u00f3n de Comunicaci\u00f3n Social cobijas a la colecta Abrigando Corazones 2025 - LA BRAVA RADIO\" \/>\n<meta property=\"og:description\" content=\"Oaxaca de Ju\u00e1rez, Oax.- La Coordinaci\u00f3n de Comunicaci\u00f3n Social del Gobierno del Estado y la Secretar\u00eda de Honestidad, Transparencia y Funci\u00f3n P\u00fablica se sumaron a la colecta Abrigando Corazones 2025, que realiza el Sistema para el Desarrollo Integral de la Familia (DIF) Oaxaca, para respaldar con cobijas a los grupos prioritarios. En respuesta a la [&hellip;]\" \/>\n<meta property=\"og:url\" content=\"https:\/\/www.bbmnoticias.com\/aporta-coordinacion-de-comunicacion-social-cobijas-a-la-colecta-abrigando-corazones-2025\/\" \/>\n<meta property=\"og:site_name\" content=\"LA BRAVA RADIO\" \/>\n<meta property=\"article:published_time\" content=\"2025-11-19T22:43:33+00:00\" \/>\n<meta property=\"article:modified_time\" content=\"2025-11-19T22:56:26+00:00\" \/>\n<meta property=\"og:image\" content=\"https:\/\/www.bbmnoticias.com\/labravaradiofm\/wp-content\/uploads\/sites\/5\/2025\/11\/thumbnail_Aporta-Coordinacion-de-Comunicacion-Social-cobijas-a-la-colecta-Abrigando-Corazones-2025-1.jpg\" \/>\n\t<meta property=\"og:image:width\" content=\"900\" \/>\n\t<meta property=\"og:image:height\" content=\"599\" \/>\n\t<meta property=\"og:image:type\" content=\"image\/jpeg\" \/>\n<meta name=\"author\" content=\"El Heraldo\" \/>\n<meta name=\"twitter:card\" content=\"summary_large_image\" \/>\n<meta name=\"twitter:label1\" content=\"Escrito por\" \/>\n\t<meta name=\"twitter:data1\" content=\"El Heraldo\" \/>\n\t<meta name=\"twitter:label2\" content=\"Tiempo de lectura\" \/>\n\t<meta name=\"twitter:data2\" content=\"2 minutos\" \/>\n<script type=\"application\/ld+json\" class=\"yoast-schema-graph\">{\"@context\":\"https:\\\/\\\/schema.org\",\"@graph\":[{\"@type\":\"Article\",\"@id\":\"https:\\\/\\\/www.bbmnoticias.com\\\/aporta-coordinacion-de-comunicacion-social-cobijas-a-la-colecta-abrigando-corazones-2025\\\/#article\",\"isPartOf\":{\"@id\":\"https:\\\/\\\/www.bbmnoticias.com\\\/labravaradiofm\\\/2025\\\/11\\\/19\\\/aporta-coordinacion-de-comunicacion-social-cobijas-a-la-colecta-abrigando-corazones-2025\\\/\"},\"author\":{\"name\":\"El Heraldo\",\"@id\":\"https:\\\/\\\/www.bbmnoticias.com\\\/labravaradiofm\\\/#\\\/schema\\\/person\\\/78ff63fb371c799850071f4b5feb0b7a\"},\"headline\":\"Aporta Coordinaci\u00f3n de Comunicaci\u00f3n Social cobijas a la colecta Abrigando Corazones 2025\",\"datePublished\":\"2025-11-19T22:43:33+00:00\",\"dateModified\":\"2025-11-19T22:56:26+00:00\",\"mainEntityOfPage\":{\"@id\":\"https:\\\/\\\/www.bbmnoticias.com\\\/labravaradiofm\\\/2025\\\/11\\\/19\\\/aporta-coordinacion-de-comunicacion-social-cobijas-a-la-colecta-abrigando-corazones-2025\\\/\"},\"wordCount\":304,\"image\":{\"@id\":\"https:\\\/\\\/www.bbmnoticias.com\\\/aporta-coordinacion-de-comunicacion-social-cobijas-a-la-colecta-abrigando-corazones-2025\\\/#primaryimage\"},\"thumbnailUrl\":\"https:\\\/\\\/www.bbmnoticias.com\\\/labravaradiofm\\\/wp-content\\\/uploads\\\/sites\\\/5\\\/2025\\\/11\\\/thumbnail_Aporta-Coordinacion-de-Comunicacion-Social-cobijas-a-la-colecta-Abrigando-Corazones-2025-1.jpg\",\"articleSection\":[\"LOCAL\"],\"inLanguage\":\"es\"},{\"@type\":\"WebPage\",\"@id\":\"https:\\\/\\\/www.bbmnoticias.com\\\/labravaradiofm\\\/2025\\\/11\\\/19\\\/aporta-coordinacion-de-comunicacion-social-cobijas-a-la-colecta-abrigando-corazones-2025\\\/\",\"url\":\"https:\\\/\\\/www.bbmnoticias.com\\\/aporta-coordinacion-de-comunicacion-social-cobijas-a-la-colecta-abrigando-corazones-2025\\\/\",\"name\":\"Aporta Coordinaci\u00f3n de Comunicaci\u00f3n Social cobijas a la colecta Abrigando Corazones 2025 - LA BRAVA RADIO\",\"isPartOf\":{\"@id\":\"https:\\\/\\\/www.bbmnoticias.com\\\/labravaradiofm\\\/#website\"},\"primaryImageOfPage\":{\"@id\":\"https:\\\/\\\/www.bbmnoticias.com\\\/aporta-coordinacion-de-comunicacion-social-cobijas-a-la-colecta-abrigando-corazones-2025\\\/#primaryimage\"},\"image\":{\"@id\":\"https:\\\/\\\/www.bbmnoticias.com\\\/aporta-coordinacion-de-comunicacion-social-cobijas-a-la-colecta-abrigando-corazones-2025\\\/#primaryimage\"},\"thumbnailUrl\":\"https:\\\/\\\/www.bbmnoticias.com\\\/labravaradiofm\\\/wp-content\\\/uploads\\\/sites\\\/5\\\/2025\\\/11\\\/thumbnail_Aporta-Coordinacion-de-Comunicacion-Social-cobijas-a-la-colecta-Abrigando-Corazones-2025-1.jpg\",\"datePublished\":\"2025-11-19T22:43:33+00:00\",\"dateModified\":\"2025-11-19T22:56:26+00:00\",\"author\":{\"@id\":\"https:\\\/\\\/www.bbmnoticias.com\\\/labravaradiofm\\\/#\\\/schema\\\/person\\\/78ff63fb371c799850071f4b5feb0b7a\"},\"breadcrumb\":{\"@id\":\"https:\\\/\\\/www.bbmnoticias.com\\\/aporta-coordinacion-de-comunicacion-social-cobijas-a-la-colecta-abrigando-corazones-2025\\\/#breadcrumb\"},\"inLanguage\":\"es\",\"potentialAction\":[{\"@type\":\"ReadAction\",\"target\":[\"https:\\\/\\\/www.bbmnoticias.com\\\/aporta-coordinacion-de-comunicacion-social-cobijas-a-la-colecta-abrigando-corazones-2025\\\/\"]}]},{\"@type\":\"ImageObject\",\"inLanguage\":\"es\",\"@id\":\"https:\\\/\\\/www.bbmnoticias.com\\\/aporta-coordinacion-de-comunicacion-social-cobijas-a-la-colecta-abrigando-corazones-2025\\\/#primaryimage\",\"url\":\"https:\\\/\\\/www.bbmnoticias.com\\\/labravaradiofm\\\/wp-content\\\/uploads\\\/sites\\\/5\\\/2025\\\/11\\\/thumbnail_Aporta-Coordinacion-de-Comunicacion-Social-cobijas-a-la-colecta-Abrigando-Corazones-2025-1.jpg\",\"contentUrl\":\"https:\\\/\\\/www.bbmnoticias.com\\\/labravaradiofm\\\/wp-content\\\/uploads\\\/sites\\\/5\\\/2025\\\/11\\\/thumbnail_Aporta-Coordinacion-de-Comunicacion-Social-cobijas-a-la-colecta-Abrigando-Corazones-2025-1.jpg\",\"width\":900,\"height\":599},{\"@type\":\"BreadcrumbList\",\"@id\":\"https:\\\/\\\/www.bbmnoticias.com\\\/aporta-coordinacion-de-comunicacion-social-cobijas-a-la-colecta-abrigando-corazones-2025\\\/#breadcrumb\",\"itemListElement\":[{\"@type\":\"ListItem\",\"position\":1,\"name\":\"Inicio\",\"item\":\"https:\\\/\\\/www.bbmnoticias.com\\\/labravaradiofm\\\/\"},{\"@type\":\"ListItem\",\"position\":2,\"name\":\"Aporta Coordinaci\u00f3n de Comunicaci\u00f3n Social cobijas a la colecta Abrigando Corazones 2025\"}]},{\"@type\":\"WebSite\",\"@id\":\"https:\\\/\\\/www.bbmnoticias.com\\\/labravaradiofm\\\/#website\",\"url\":\"https:\\\/\\\/www.bbmnoticias.com\\\/labravaradiofm\\\/\",\"name\":\"LA BRAVA RADIO\",\"description\":\"Empresa productora de medios, Radiodifusi\u00f3n, Noticias, tendencias y todo lo que necesitas saber de la pol\u00edtica mexicana e internacional; entretenimiento, espect\u00e1culos, salud y mucho m\u00e1s.\",\"potentialAction\":[{\"@type\":\"SearchAction\",\"target\":{\"@type\":\"EntryPoint\",\"urlTemplate\":\"https:\\\/\\\/www.bbmnoticias.com\\\/labravaradiofm\\\/?s={search_term_string}\"},\"query-input\":{\"@type\":\"PropertyValueSpecification\",\"valueRequired\":true,\"valueName\":\"search_term_string\"}}],\"inLanguage\":\"es\"},{\"@type\":\"Person\",\"@id\":\"https:\\\/\\\/www.bbmnoticias.com\\\/labravaradiofm\\\/#\\\/schema\\\/person\\\/78ff63fb371c799850071f4b5feb0b7a\",\"name\":\"El Heraldo\",\"image\":{\"@type\":\"ImageObject\",\"inLanguage\":\"es\",\"@id\":\"https:\\\/\\\/secure.gravatar.com\\\/avatar\\\/463017be041288b5a196814ef7242bd62699b857f306e4b5b61b533e8a87f404?s=96&d=mm&r=g\",\"url\":\"https:\\\/\\\/secure.gravatar.com\\\/avatar\\\/463017be041288b5a196814ef7242bd62699b857f306e4b5b61b533e8a87f404?s=96&d=mm&r=g\",\"contentUrl\":\"https:\\\/\\\/secure.gravatar.com\\\/avatar\\\/463017be041288b5a196814ef7242bd62699b857f306e4b5b61b533e8a87f404?s=96&d=mm&r=g\",\"caption\":\"El Heraldo\"},\"url\":\"https:\\\/\\\/www.bbmnoticias.com\\\/labravaradiofm\\\/author\\\/heraldo\\\/\"}]}<\/script>\n<!-- \/ Yoast SEO plugin. -->","yoast_head_json":{"title":"Aporta Coordinaci\u00f3n de Comunicaci\u00f3n Social cobijas a la colecta Abrigando Corazones 2025 - LA BRAVA RADIO","robots":{"index":"index","follow":"follow","max-snippet":"max-snippet:-1","max-image-preview":"max-image-preview:large","max-video-preview":"max-video-preview:-1"},"canonical":"https:\/\/www.bbmnoticias.com\/aporta-coordinacion-de-comunicacion-social-cobijas-a-la-colecta-abrigando-corazones-2025\/","og_locale":"es_MX","og_type":"article","og_title":"Aporta Coordinaci\u00f3n de Comunicaci\u00f3n Social cobijas a la colecta Abrigando Corazones 2025 - LA BRAVA RADIO","og_description":"Oaxaca de Ju\u00e1rez, Oax.- La Coordinaci\u00f3n de Comunicaci\u00f3n Social del Gobierno del Estado y la Secretar\u00eda de Honestidad, Transparencia y Funci\u00f3n P\u00fablica se sumaron a la colecta Abrigando Corazones 2025, que realiza el Sistema para el Desarrollo Integral de la Familia (DIF) Oaxaca, para respaldar con cobijas a los grupos prioritarios. En respuesta a la [&hellip;]","og_url":"https:\/\/www.bbmnoticias.com\/aporta-coordinacion-de-comunicacion-social-cobijas-a-la-colecta-abrigando-corazones-2025\/","og_site_name":"LA BRAVA RADIO","article_published_time":"2025-11-19T22:43:33+00:00","article_modified_time":"2025-11-19T22:56:26+00:00","og_image":[{"width":900,"height":599,"url":"https:\/\/www.bbmnoticias.com\/labravaradiofm\/wp-content\/uploads\/sites\/5\/2025\/11\/thumbnail_Aporta-Coordinacion-de-Comunicacion-Social-cobijas-a-la-colecta-Abrigando-Corazones-2025-1.jpg","type":"image\/jpeg"}],"author":"El Heraldo","twitter_card":"summary_large_image","twitter_misc":{"Escrito por":"El Heraldo","Tiempo de lectura":"2 minutos"},"schema":{"@context":"https:\/\/schema.org","@graph":[{"@type":"Article","@id":"https:\/\/www.bbmnoticias.com\/aporta-coordinacion-de-comunicacion-social-cobijas-a-la-colecta-abrigando-corazones-2025\/#article","isPartOf":{"@id":"https:\/\/www.bbmnoticias.com\/labravaradiofm\/2025\/11\/19\/aporta-coordinacion-de-comunicacion-social-cobijas-a-la-colecta-abrigando-corazones-2025\/"},"author":{"name":"El Heraldo","@id":"https:\/\/www.bbmnoticias.com\/labravaradiofm\/#\/schema\/person\/78ff63fb371c799850071f4b5feb0b7a"},"headline":"Aporta Coordinaci\u00f3n de Comunicaci\u00f3n Social cobijas a la colecta Abrigando Corazones 2025","datePublished":"2025-11-19T22:43:33+00:00","dateModified":"2025-11-19T22:56:26+00:00","mainEntityOfPage":{"@id":"https:\/\/www.bbmnoticias.com\/labravaradiofm\/2025\/11\/19\/aporta-coordinacion-de-comunicacion-social-cobijas-a-la-colecta-abrigando-corazones-2025\/"},"wordCount":304,"image":{"@id":"https:\/\/www.bbmnoticias.com\/aporta-coordinacion-de-comunicacion-social-cobijas-a-la-colecta-abrigando-corazones-2025\/#primaryimage"},"thumbnailUrl":"https:\/\/www.bbmnoticias.com\/labravaradiofm\/wp-content\/uploads\/sites\/5\/2025\/11\/thumbnail_Aporta-Coordinacion-de-Comunicacion-Social-cobijas-a-la-colecta-Abrigando-Corazones-2025-1.jpg","articleSection":["LOCAL"],"inLanguage":"es"},{"@type":"WebPage","@id":"https:\/\/www.bbmnoticias.com\/labravaradiofm\/2025\/11\/19\/aporta-coordinacion-de-comunicacion-social-cobijas-a-la-colecta-abrigando-corazones-2025\/","url":"https:\/\/www.bbmnoticias.com\/aporta-coordinacion-de-comunicacion-social-cobijas-a-la-colecta-abrigando-corazones-2025\/","name":"Aporta Coordinaci\u00f3n de Comunicaci\u00f3n Social cobijas a la colecta Abrigando Corazones 2025 - LA BRAVA RADIO","isPartOf":{"@id":"https:\/\/www.bbmnoticias.com\/labravaradiofm\/#website"},"primaryImageOfPage":{"@id":"https:\/\/www.bbmnoticias.com\/aporta-coordinacion-de-comunicacion-social-cobijas-a-la-colecta-abrigando-corazones-2025\/#primaryimage"},"image":{"@id":"https:\/\/www.bbmnoticias.com\/aporta-coordinacion-de-comunicacion-social-cobijas-a-la-colecta-abrigando-corazones-2025\/#primaryimage"},"thumbnailUrl":"https:\/\/www.bbmnoticias.com\/labravaradiofm\/wp-content\/uploads\/sites\/5\/2025\/11\/thumbnail_Aporta-Coordinacion-de-Comunicacion-Social-cobijas-a-la-colecta-Abrigando-Corazones-2025-1.jpg","datePublished":"2025-11-19T22:43:33+00:00","dateModified":"2025-11-19T22:56:26+00:00","author":{"@id":"https:\/\/www.bbmnoticias.com\/labravaradiofm\/#\/schema\/person\/78ff63fb371c799850071f4b5feb0b7a"},"breadcrumb":{"@id":"https:\/\/www.bbmnoticias.com\/aporta-coordinacion-de-comunicacion-social-cobijas-a-la-colecta-abrigando-corazones-2025\/#breadcrumb"},"inLanguage":"es","potentialAction":[{"@type":"ReadAction","target":["https:\/\/www.bbmnoticias.com\/aporta-coordinacion-de-comunicacion-social-cobijas-a-la-colecta-abrigando-corazones-2025\/"]}]},{"@type":"ImageObject","inLanguage":"es","@id":"https:\/\/www.bbmnoticias.com\/aporta-coordinacion-de-comunicacion-social-cobijas-a-la-colecta-abrigando-corazones-2025\/#primaryimage","url":"https:\/\/www.bbmnoticias.com\/labravaradiofm\/wp-content\/uploads\/sites\/5\/2025\/11\/thumbnail_Aporta-Coordinacion-de-Comunicacion-Social-cobijas-a-la-colecta-Abrigando-Corazones-2025-1.jpg","contentUrl":"https:\/\/www.bbmnoticias.com\/labravaradiofm\/wp-content\/uploads\/sites\/5\/2025\/11\/thumbnail_Aporta-Coordinacion-de-Comunicacion-Social-cobijas-a-la-colecta-Abrigando-Corazones-2025-1.jpg","width":900,"height":599},{"@type":"BreadcrumbList","@id":"https:\/\/www.bbmnoticias.com\/aporta-coordinacion-de-comunicacion-social-cobijas-a-la-colecta-abrigando-corazones-2025\/#breadcrumb","itemListElement":[{"@type":"ListItem","position":1,"name":"Inicio","item":"https:\/\/www.bbmnoticias.com\/labravaradiofm\/"},{"@type":"ListItem","position":2,"name":"Aporta Coordinaci\u00f3n de Comunicaci\u00f3n Social cobijas a la colecta Abrigando Corazones 2025"}]},{"@type":"WebSite","@id":"https:\/\/www.bbmnoticias.com\/labravaradiofm\/#website","url":"https:\/\/www.bbmnoticias.com\/labravaradiofm\/","name":"LA BRAVA RADIO","description":"Empresa productora de medios, Radiodifusi\u00f3n, Noticias, tendencias y todo lo que necesitas saber de la pol\u00edtica mexicana e internacional; entretenimiento, espect\u00e1culos, salud y mucho m\u00e1s.","potentialAction":[{"@type":"SearchAction","target":{"@type":"EntryPoint","urlTemplate":"https:\/\/www.bbmnoticias.com\/labravaradiofm\/?s={search_term_string}"},"query-input":{"@type":"PropertyValueSpecification","valueRequired":true,"valueName":"search_term_string"}}],"inLanguage":"es"},{"@type":"Person","@id":"https:\/\/www.bbmnoticias.com\/labravaradiofm\/#\/schema\/person\/78ff63fb371c799850071f4b5feb0b7a","name":"El Heraldo","image":{"@type":"ImageObject","inLanguage":"es","@id":"https:\/\/secure.gravatar.com\/avatar\/463017be041288b5a196814ef7242bd62699b857f306e4b5b61b533e8a87f404?s=96&d=mm&r=g","url":"https:\/\/secure.gravatar.com\/avatar\/463017be041288b5a196814ef7242bd62699b857f306e4b5b61b533e8a87f404?s=96&d=mm&r=g","contentUrl":"https:\/\/secure.gravatar.com\/avatar\/463017be041288b5a196814ef7242bd62699b857f306e4b5b61b533e8a87f404?s=96&d=mm&r=g","caption":"El Heraldo"},"url":"https:\/\/www.bbmnoticias.com\/labravaradiofm\/author\/heraldo\/"}]}},"_links":{"self":[{"href":"https:\/\/www.bbmnoticias.com\/labravaradiofm\/wp-json\/wp\/v2\/posts\/70018","targetHints":{"allow":["GET"]}}],"collection":[{"href":"https:\/\/www.bbmnoticias.com\/labravaradiofm\/wp-json\/wp\/v2\/posts"}],"about":[{"href":"https:\/\/www.bbmnoticias.com\/labravaradiofm\/wp-json\/wp\/v2\/types\/post"}],"author":[{"embeddable":true,"href":"https:\/\/www.bbmnoticias.com\/labravaradiofm\/wp-json\/wp\/v2\/users\/15"}],"replies":[{"embeddable":true,"href":"https:\/\/www.bbmnoticias.com\/labravaradiofm\/wp-json\/wp\/v2\/comments?post=70018"}],"version-history":[{"count":0,"href":"https:\/\/www.bbmnoticias.com\/labravaradiofm\/wp-json\/wp\/v2\/posts\/70018\/revisions"}],"wp:featuredmedia":[{"embeddable":true,"href":"https:\/\/www.bbmnoticias.com\/labravaradiofm\/wp-json\/wp\/v2\/media\/70020"}],"wp:attachment":[{"href":"https:\/\/www.bbmnoticias.com\/labravaradiofm\/wp-json\/wp\/v2\/media?parent=70018"}],"wp:term":[{"taxonomy":"category","embeddable":true,"href":"https:\/\/www.bbmnoticias.com\/labravaradiofm\/wp-json\/wp\/v2\/categories?post=70018"},{"taxonomy":"post_tag","embeddable":true,"href":"https:\/\/www.bbmnoticias.com\/labravaradiofm\/wp-json\/wp\/v2\/tags?post=70018"}],"curies":[{"name":"wp","href":"https:\/\/api.w.org\/{rel}","templated":true}]}}