{"id":70009,"date":"2025-11-19T16:22:57","date_gmt":"2025-11-19T22:22:57","guid":{"rendered":"https:\/\/www.bbmnoticias.com\/labravaradiofm\/2025\/11\/19\/entrega-sebienti-152-creditos-mujer-primavera-para-fortalecer-la-autonomia-economica-en-san-pablo-yaganiza\/"},"modified":"2025-11-19T16:23:00","modified_gmt":"2025-11-19T22:23:00","slug":"entrega-sebienti-152-creditos-mujer-primavera-para-fortalecer-la-autonomia-economica-en-san-pablo-yaganiza","status":"publish","type":"post","link":"https:\/\/www.bbmnoticias.com\/labravaradiofm\/2025\/11\/19\/entrega-sebienti-152-creditos-mujer-primavera-para-fortalecer-la-autonomia-economica-en-san-pablo-yaganiza\/","title":{"rendered":"Entrega Sebienti 152 cr\u00e9ditos Mujer Primavera para fortalecer la autonom\u00eda econ\u00f3mica en San Pablo Yaganiza"},"content":{"rendered":"<div style=\"margin-top: 0px; margin-bottom: 0px;\" class=\"sharethis-inline-share-buttons\" ><\/div>\n<p>\u00b7&nbsp;&nbsp;&nbsp;&nbsp;&nbsp;&nbsp;&nbsp;&nbsp; <em>La iniciativa del Gobierno del Estado est\u00e1 orientada a respaldar a las oaxaque\u00f1as mediante financiamientos accesibles para actividades productivas<\/em><\/p>\n\n\n\n<p><strong>San Pablo Yaganiza, Oax.-<\/strong> La Secretar\u00eda de Bienestar, Tequio e Inclusi\u00f3n (Sebienti) entreg\u00f3 152 cr\u00e9ditos del programa Mujer Primavera a oaxaque\u00f1as de este municipio de la Sierra de Ju\u00e1rez, con el objetivo de fortalecer su autonom\u00eda econ\u00f3mica e impulsar iniciativas familiares y comunitarias.<\/p>\n\n\n\n<p>Durante el encuentro, la titular de la dependencia, Vilma Mart\u00ednez Cort\u00e9s destac\u00f3 que la iniciativa reconoce el trabajo de las mujeres como motor del desarrollo comunitario y les brinda herramientas reales para crecer y decidir su propio camino.<\/p>\n\n\n\n<p>Mujer Primavera es un componente esencial del Gobierno del Estado, orientado a respaldar a las trabajadoras mediante financiamientos accesibles para actividades productivas, oficios, servicios o peque\u00f1os negocios que sostienen a sus familias.<\/p>\n","protected":false},"excerpt":{"rendered":"<p>\u00b7&nbsp;&nbsp;&nbsp;&nbsp;&nbsp;&nbsp;&nbsp;&nbsp; La iniciativa del Gobierno del Estado est\u00e1 orientada a respaldar a las oaxaque\u00f1as mediante financiamientos accesibles para actividades productivas San Pablo Yaganiza, Oax.- La Secretar\u00eda de Bienestar, Tequio e Inclusi\u00f3n (Sebienti) entreg\u00f3 152 cr\u00e9ditos del programa Mujer Primavera a oaxaque\u00f1as de este municipio de la Sierra de Ju\u00e1rez, con el objetivo de fortalecer su [&hellip;]<\/p>\n","protected":false},"author":2,"featured_media":70011,"comment_status":"closed","ping_status":"","sticky":false,"template":"","format":"standard","meta":{"footnotes":""},"categories":[2],"tags":[],"class_list":{"0":"post-70009","1":"post","2":"type-post","3":"status-publish","4":"format-standard","5":"has-post-thumbnail","7":"category-oaxaca"},"yoast_head":"<!-- This site is optimized with the Yoast SEO plugin v27.4 - https:\/\/yoast.com\/product\/yoast-seo-wordpress\/ -->\n<title>Entrega Sebienti 152 cr\u00e9ditos Mujer Primavera para fortalecer la autonom\u00eda econ\u00f3mica en San Pablo Yaganiza - LA BRAVA RADIO<\/title>\n<meta name=\"robots\" content=\"index, follow, max-snippet:-1, max-image-preview:large, max-video-preview:-1\" \/>\n<link rel=\"canonical\" href=\"https:\/\/www.bbmnoticias.com\/entrega-sebienti-152-creditos-mujer-primavera-para-fortalecer-la-autonomia-economica-en-san-pablo-yaganiza\/\" \/>\n<meta property=\"og:locale\" content=\"es_MX\" \/>\n<meta property=\"og:type\" content=\"article\" \/>\n<meta property=\"og:title\" content=\"Entrega Sebienti 152 cr\u00e9ditos Mujer Primavera para fortalecer la autonom\u00eda econ\u00f3mica en San Pablo Yaganiza - LA BRAVA RADIO\" \/>\n<meta property=\"og:description\" content=\"\u00b7&nbsp;&nbsp;&nbsp;&nbsp;&nbsp;&nbsp;&nbsp;&nbsp; La iniciativa del Gobierno del Estado est\u00e1 orientada a respaldar a las oaxaque\u00f1as mediante financiamientos accesibles para actividades productivas San Pablo Yaganiza, Oax.- La Secretar\u00eda de Bienestar, Tequio e Inclusi\u00f3n (Sebienti) entreg\u00f3 152 cr\u00e9ditos del programa Mujer Primavera a oaxaque\u00f1as de este municipio de la Sierra de Ju\u00e1rez, con el objetivo de fortalecer su [&hellip;]\" \/>\n<meta property=\"og:url\" content=\"https:\/\/www.bbmnoticias.com\/entrega-sebienti-152-creditos-mujer-primavera-para-fortalecer-la-autonomia-economica-en-san-pablo-yaganiza\/\" \/>\n<meta property=\"og:site_name\" content=\"LA BRAVA RADIO\" \/>\n<meta property=\"article:published_time\" content=\"2025-11-19T22:22:57+00:00\" \/>\n<meta property=\"article:modified_time\" content=\"2025-11-19T22:23:00+00:00\" \/>\n<meta property=\"og:image\" content=\"https:\/\/www.bbmnoticias.com\/labravaradiofm\/wp-content\/uploads\/sites\/5\/2025\/11\/Entrega-Sebienti-152-creditos-Mujer-Primavera-para-fortalecer-la-autonomia-economica-en-San-Pablo-Yaganiza-1.jpeg\" \/>\n\t<meta property=\"og:image:width\" content=\"1280\" \/>\n\t<meta property=\"og:image:height\" content=\"720\" \/>\n\t<meta property=\"og:image:type\" content=\"image\/jpeg\" \/>\n<meta name=\"author\" content=\"Staff\" \/>\n<meta name=\"twitter:card\" content=\"summary_large_image\" \/>\n<meta name=\"twitter:label1\" content=\"Escrito por\" \/>\n\t<meta name=\"twitter:data1\" content=\"Staff\" \/>\n\t<meta name=\"twitter:label2\" content=\"Tiempo de lectura\" \/>\n\t<meta name=\"twitter:data2\" content=\"1 minuto\" \/>\n<script type=\"application\/ld+json\" class=\"yoast-schema-graph\">{\"@context\":\"https:\\\/\\\/schema.org\",\"@graph\":[{\"@type\":\"Article\",\"@id\":\"https:\\\/\\\/www.bbmnoticias.com\\\/entrega-sebienti-152-creditos-mujer-primavera-para-fortalecer-la-autonomia-economica-en-san-pablo-yaganiza\\\/#article\",\"isPartOf\":{\"@id\":\"https:\\\/\\\/www.bbmnoticias.com\\\/labravaradiofm\\\/2025\\\/11\\\/19\\\/entrega-sebienti-152-creditos-mujer-primavera-para-fortalecer-la-autonomia-economica-en-san-pablo-yaganiza\\\/\"},\"author\":{\"name\":\"Staff\",\"@id\":\"https:\\\/\\\/www.bbmnoticias.com\\\/labravaradiofm\\\/#\\\/schema\\\/person\\\/68a9e9036ef3c5b55aeb2b71dc8bab45\"},\"headline\":\"Entrega Sebienti 152 cr\u00e9ditos Mujer Primavera para fortalecer la autonom\u00eda econ\u00f3mica en San Pablo Yaganiza\",\"datePublished\":\"2025-11-19T22:22:57+00:00\",\"dateModified\":\"2025-11-19T22:23:00+00:00\",\"mainEntityOfPage\":{\"@id\":\"https:\\\/\\\/www.bbmnoticias.com\\\/labravaradiofm\\\/2025\\\/11\\\/19\\\/entrega-sebienti-152-creditos-mujer-primavera-para-fortalecer-la-autonomia-economica-en-san-pablo-yaganiza\\\/\"},\"wordCount\":168,\"image\":{\"@id\":\"https:\\\/\\\/www.bbmnoticias.com\\\/entrega-sebienti-152-creditos-mujer-primavera-para-fortalecer-la-autonomia-economica-en-san-pablo-yaganiza\\\/#primaryimage\"},\"thumbnailUrl\":\"https:\\\/\\\/www.bbmnoticias.com\\\/labravaradiofm\\\/wp-content\\\/uploads\\\/sites\\\/5\\\/2025\\\/11\\\/Entrega-Sebienti-152-creditos-Mujer-Primavera-para-fortalecer-la-autonomia-economica-en-San-Pablo-Yaganiza-1.jpeg\",\"articleSection\":[\"LOCAL\"],\"inLanguage\":\"es\"},{\"@type\":\"WebPage\",\"@id\":\"https:\\\/\\\/www.bbmnoticias.com\\\/labravaradiofm\\\/2025\\\/11\\\/19\\\/entrega-sebienti-152-creditos-mujer-primavera-para-fortalecer-la-autonomia-economica-en-san-pablo-yaganiza\\\/\",\"url\":\"https:\\\/\\\/www.bbmnoticias.com\\\/entrega-sebienti-152-creditos-mujer-primavera-para-fortalecer-la-autonomia-economica-en-san-pablo-yaganiza\\\/\",\"name\":\"Entrega Sebienti 152 cr\u00e9ditos Mujer Primavera para fortalecer la autonom\u00eda econ\u00f3mica en San Pablo Yaganiza - LA BRAVA RADIO\",\"isPartOf\":{\"@id\":\"https:\\\/\\\/www.bbmnoticias.com\\\/labravaradiofm\\\/#website\"},\"primaryImageOfPage\":{\"@id\":\"https:\\\/\\\/www.bbmnoticias.com\\\/entrega-sebienti-152-creditos-mujer-primavera-para-fortalecer-la-autonomia-economica-en-san-pablo-yaganiza\\\/#primaryimage\"},\"image\":{\"@id\":\"https:\\\/\\\/www.bbmnoticias.com\\\/entrega-sebienti-152-creditos-mujer-primavera-para-fortalecer-la-autonomia-economica-en-san-pablo-yaganiza\\\/#primaryimage\"},\"thumbnailUrl\":\"https:\\\/\\\/www.bbmnoticias.com\\\/labravaradiofm\\\/wp-content\\\/uploads\\\/sites\\\/5\\\/2025\\\/11\\\/Entrega-Sebienti-152-creditos-Mujer-Primavera-para-fortalecer-la-autonomia-economica-en-San-Pablo-Yaganiza-1.jpeg\",\"datePublished\":\"2025-11-19T22:22:57+00:00\",\"dateModified\":\"2025-11-19T22:23:00+00:00\",\"author\":{\"@id\":\"https:\\\/\\\/www.bbmnoticias.com\\\/labravaradiofm\\\/#\\\/schema\\\/person\\\/68a9e9036ef3c5b55aeb2b71dc8bab45\"},\"breadcrumb\":{\"@id\":\"https:\\\/\\\/www.bbmnoticias.com\\\/entrega-sebienti-152-creditos-mujer-primavera-para-fortalecer-la-autonomia-economica-en-san-pablo-yaganiza\\\/#breadcrumb\"},\"inLanguage\":\"es\",\"potentialAction\":[{\"@type\":\"ReadAction\",\"target\":[\"https:\\\/\\\/www.bbmnoticias.com\\\/entrega-sebienti-152-creditos-mujer-primavera-para-fortalecer-la-autonomia-economica-en-san-pablo-yaganiza\\\/\"]}]},{\"@type\":\"ImageObject\",\"inLanguage\":\"es\",\"@id\":\"https:\\\/\\\/www.bbmnoticias.com\\\/entrega-sebienti-152-creditos-mujer-primavera-para-fortalecer-la-autonomia-economica-en-san-pablo-yaganiza\\\/#primaryimage\",\"url\":\"https:\\\/\\\/www.bbmnoticias.com\\\/labravaradiofm\\\/wp-content\\\/uploads\\\/sites\\\/5\\\/2025\\\/11\\\/Entrega-Sebienti-152-creditos-Mujer-Primavera-para-fortalecer-la-autonomia-economica-en-San-Pablo-Yaganiza-1.jpeg\",\"contentUrl\":\"https:\\\/\\\/www.bbmnoticias.com\\\/labravaradiofm\\\/wp-content\\\/uploads\\\/sites\\\/5\\\/2025\\\/11\\\/Entrega-Sebienti-152-creditos-Mujer-Primavera-para-fortalecer-la-autonomia-economica-en-San-Pablo-Yaganiza-1.jpeg\",\"width\":1280,\"height\":720},{\"@type\":\"BreadcrumbList\",\"@id\":\"https:\\\/\\\/www.bbmnoticias.com\\\/entrega-sebienti-152-creditos-mujer-primavera-para-fortalecer-la-autonomia-economica-en-san-pablo-yaganiza\\\/#breadcrumb\",\"itemListElement\":[{\"@type\":\"ListItem\",\"position\":1,\"name\":\"Inicio\",\"item\":\"https:\\\/\\\/www.bbmnoticias.com\\\/labravaradiofm\\\/\"},{\"@type\":\"ListItem\",\"position\":2,\"name\":\"Entrega Sebienti 152 cr\u00e9ditos Mujer Primavera para fortalecer la autonom\u00eda econ\u00f3mica en San Pablo Yaganiza\"}]},{\"@type\":\"WebSite\",\"@id\":\"https:\\\/\\\/www.bbmnoticias.com\\\/labravaradiofm\\\/#website\",\"url\":\"https:\\\/\\\/www.bbmnoticias.com\\\/labravaradiofm\\\/\",\"name\":\"LA BRAVA RADIO\",\"description\":\"Empresa productora de medios, Radiodifusi\u00f3n, Noticias, tendencias y todo lo que necesitas saber de la pol\u00edtica mexicana e internacional; entretenimiento, espect\u00e1culos, salud y mucho m\u00e1s.\",\"potentialAction\":[{\"@type\":\"SearchAction\",\"target\":{\"@type\":\"EntryPoint\",\"urlTemplate\":\"https:\\\/\\\/www.bbmnoticias.com\\\/labravaradiofm\\\/?s={search_term_string}\"},\"query-input\":{\"@type\":\"PropertyValueSpecification\",\"valueRequired\":true,\"valueName\":\"search_term_string\"}}],\"inLanguage\":\"es\"},{\"@type\":\"Person\",\"@id\":\"https:\\\/\\\/www.bbmnoticias.com\\\/labravaradiofm\\\/#\\\/schema\\\/person\\\/68a9e9036ef3c5b55aeb2b71dc8bab45\",\"name\":\"Staff\",\"image\":{\"@type\":\"ImageObject\",\"inLanguage\":\"es\",\"@id\":\"https:\\\/\\\/secure.gravatar.com\\\/avatar\\\/fdd21ad66fd8b98c407f9dee5b5e588cfe7f0d8579ec20fa6527cd59bab7f0f0?s=96&d=mm&r=g\",\"url\":\"https:\\\/\\\/secure.gravatar.com\\\/avatar\\\/fdd21ad66fd8b98c407f9dee5b5e588cfe7f0d8579ec20fa6527cd59bab7f0f0?s=96&d=mm&r=g\",\"contentUrl\":\"https:\\\/\\\/secure.gravatar.com\\\/avatar\\\/fdd21ad66fd8b98c407f9dee5b5e588cfe7f0d8579ec20fa6527cd59bab7f0f0?s=96&d=mm&r=g\",\"caption\":\"Staff\"},\"url\":\"https:\\\/\\\/www.bbmnoticias.com\\\/labravaradiofm\\\/author\\\/redaccion\\\/\"}]}<\/script>\n<!-- \/ Yoast SEO plugin. -->","yoast_head_json":{"title":"Entrega Sebienti 152 cr\u00e9ditos Mujer Primavera para fortalecer la autonom\u00eda econ\u00f3mica en San Pablo Yaganiza - LA BRAVA RADIO","robots":{"index":"index","follow":"follow","max-snippet":"max-snippet:-1","max-image-preview":"max-image-preview:large","max-video-preview":"max-video-preview:-1"},"canonical":"https:\/\/www.bbmnoticias.com\/entrega-sebienti-152-creditos-mujer-primavera-para-fortalecer-la-autonomia-economica-en-san-pablo-yaganiza\/","og_locale":"es_MX","og_type":"article","og_title":"Entrega Sebienti 152 cr\u00e9ditos Mujer Primavera para fortalecer la autonom\u00eda econ\u00f3mica en San Pablo Yaganiza - LA BRAVA RADIO","og_description":"\u00b7&nbsp;&nbsp;&nbsp;&nbsp;&nbsp;&nbsp;&nbsp;&nbsp; La iniciativa del Gobierno del Estado est\u00e1 orientada a respaldar a las oaxaque\u00f1as mediante financiamientos accesibles para actividades productivas San Pablo Yaganiza, Oax.- La Secretar\u00eda de Bienestar, Tequio e Inclusi\u00f3n (Sebienti) entreg\u00f3 152 cr\u00e9ditos del programa Mujer Primavera a oaxaque\u00f1as de este municipio de la Sierra de Ju\u00e1rez, con el objetivo de fortalecer su [&hellip;]","og_url":"https:\/\/www.bbmnoticias.com\/entrega-sebienti-152-creditos-mujer-primavera-para-fortalecer-la-autonomia-economica-en-san-pablo-yaganiza\/","og_site_name":"LA BRAVA RADIO","article_published_time":"2025-11-19T22:22:57+00:00","article_modified_time":"2025-11-19T22:23:00+00:00","og_image":[{"width":1280,"height":720,"url":"https:\/\/www.bbmnoticias.com\/labravaradiofm\/wp-content\/uploads\/sites\/5\/2025\/11\/Entrega-Sebienti-152-creditos-Mujer-Primavera-para-fortalecer-la-autonomia-economica-en-San-Pablo-Yaganiza-1.jpeg","type":"image\/jpeg"}],"author":"Staff","twitter_card":"summary_large_image","twitter_misc":{"Escrito por":"Staff","Tiempo de lectura":"1 minuto"},"schema":{"@context":"https:\/\/schema.org","@graph":[{"@type":"Article","@id":"https:\/\/www.bbmnoticias.com\/entrega-sebienti-152-creditos-mujer-primavera-para-fortalecer-la-autonomia-economica-en-san-pablo-yaganiza\/#article","isPartOf":{"@id":"https:\/\/www.bbmnoticias.com\/labravaradiofm\/2025\/11\/19\/entrega-sebienti-152-creditos-mujer-primavera-para-fortalecer-la-autonomia-economica-en-san-pablo-yaganiza\/"},"author":{"name":"Staff","@id":"https:\/\/www.bbmnoticias.com\/labravaradiofm\/#\/schema\/person\/68a9e9036ef3c5b55aeb2b71dc8bab45"},"headline":"Entrega Sebienti 152 cr\u00e9ditos Mujer Primavera para fortalecer la autonom\u00eda econ\u00f3mica en San Pablo Yaganiza","datePublished":"2025-11-19T22:22:57+00:00","dateModified":"2025-11-19T22:23:00+00:00","mainEntityOfPage":{"@id":"https:\/\/www.bbmnoticias.com\/labravaradiofm\/2025\/11\/19\/entrega-sebienti-152-creditos-mujer-primavera-para-fortalecer-la-autonomia-economica-en-san-pablo-yaganiza\/"},"wordCount":168,"image":{"@id":"https:\/\/www.bbmnoticias.com\/entrega-sebienti-152-creditos-mujer-primavera-para-fortalecer-la-autonomia-economica-en-san-pablo-yaganiza\/#primaryimage"},"thumbnailUrl":"https:\/\/www.bbmnoticias.com\/labravaradiofm\/wp-content\/uploads\/sites\/5\/2025\/11\/Entrega-Sebienti-152-creditos-Mujer-Primavera-para-fortalecer-la-autonomia-economica-en-San-Pablo-Yaganiza-1.jpeg","articleSection":["LOCAL"],"inLanguage":"es"},{"@type":"WebPage","@id":"https:\/\/www.bbmnoticias.com\/labravaradiofm\/2025\/11\/19\/entrega-sebienti-152-creditos-mujer-primavera-para-fortalecer-la-autonomia-economica-en-san-pablo-yaganiza\/","url":"https:\/\/www.bbmnoticias.com\/entrega-sebienti-152-creditos-mujer-primavera-para-fortalecer-la-autonomia-economica-en-san-pablo-yaganiza\/","name":"Entrega Sebienti 152 cr\u00e9ditos Mujer Primavera para fortalecer la autonom\u00eda econ\u00f3mica en San Pablo Yaganiza - LA BRAVA RADIO","isPartOf":{"@id":"https:\/\/www.bbmnoticias.com\/labravaradiofm\/#website"},"primaryImageOfPage":{"@id":"https:\/\/www.bbmnoticias.com\/entrega-sebienti-152-creditos-mujer-primavera-para-fortalecer-la-autonomia-economica-en-san-pablo-yaganiza\/#primaryimage"},"image":{"@id":"https:\/\/www.bbmnoticias.com\/entrega-sebienti-152-creditos-mujer-primavera-para-fortalecer-la-autonomia-economica-en-san-pablo-yaganiza\/#primaryimage"},"thumbnailUrl":"https:\/\/www.bbmnoticias.com\/labravaradiofm\/wp-content\/uploads\/sites\/5\/2025\/11\/Entrega-Sebienti-152-creditos-Mujer-Primavera-para-fortalecer-la-autonomia-economica-en-San-Pablo-Yaganiza-1.jpeg","datePublished":"2025-11-19T22:22:57+00:00","dateModified":"2025-11-19T22:23:00+00:00","author":{"@id":"https:\/\/www.bbmnoticias.com\/labravaradiofm\/#\/schema\/person\/68a9e9036ef3c5b55aeb2b71dc8bab45"},"breadcrumb":{"@id":"https:\/\/www.bbmnoticias.com\/entrega-sebienti-152-creditos-mujer-primavera-para-fortalecer-la-autonomia-economica-en-san-pablo-yaganiza\/#breadcrumb"},"inLanguage":"es","potentialAction":[{"@type":"ReadAction","target":["https:\/\/www.bbmnoticias.com\/entrega-sebienti-152-creditos-mujer-primavera-para-fortalecer-la-autonomia-economica-en-san-pablo-yaganiza\/"]}]},{"@type":"ImageObject","inLanguage":"es","@id":"https:\/\/www.bbmnoticias.com\/entrega-sebienti-152-creditos-mujer-primavera-para-fortalecer-la-autonomia-economica-en-san-pablo-yaganiza\/#primaryimage","url":"https:\/\/www.bbmnoticias.com\/labravaradiofm\/wp-content\/uploads\/sites\/5\/2025\/11\/Entrega-Sebienti-152-creditos-Mujer-Primavera-para-fortalecer-la-autonomia-economica-en-San-Pablo-Yaganiza-1.jpeg","contentUrl":"https:\/\/www.bbmnoticias.com\/labravaradiofm\/wp-content\/uploads\/sites\/5\/2025\/11\/Entrega-Sebienti-152-creditos-Mujer-Primavera-para-fortalecer-la-autonomia-economica-en-San-Pablo-Yaganiza-1.jpeg","width":1280,"height":720},{"@type":"BreadcrumbList","@id":"https:\/\/www.bbmnoticias.com\/entrega-sebienti-152-creditos-mujer-primavera-para-fortalecer-la-autonomia-economica-en-san-pablo-yaganiza\/#breadcrumb","itemListElement":[{"@type":"ListItem","position":1,"name":"Inicio","item":"https:\/\/www.bbmnoticias.com\/labravaradiofm\/"},{"@type":"ListItem","position":2,"name":"Entrega Sebienti 152 cr\u00e9ditos Mujer Primavera para fortalecer la autonom\u00eda econ\u00f3mica en San Pablo Yaganiza"}]},{"@type":"WebSite","@id":"https:\/\/www.bbmnoticias.com\/labravaradiofm\/#website","url":"https:\/\/www.bbmnoticias.com\/labravaradiofm\/","name":"LA BRAVA RADIO","description":"Empresa productora de medios, Radiodifusi\u00f3n, Noticias, tendencias y todo lo que necesitas saber de la pol\u00edtica mexicana e internacional; entretenimiento, espect\u00e1culos, salud y mucho m\u00e1s.","potentialAction":[{"@type":"SearchAction","target":{"@type":"EntryPoint","urlTemplate":"https:\/\/www.bbmnoticias.com\/labravaradiofm\/?s={search_term_string}"},"query-input":{"@type":"PropertyValueSpecification","valueRequired":true,"valueName":"search_term_string"}}],"inLanguage":"es"},{"@type":"Person","@id":"https:\/\/www.bbmnoticias.com\/labravaradiofm\/#\/schema\/person\/68a9e9036ef3c5b55aeb2b71dc8bab45","name":"Staff","image":{"@type":"ImageObject","inLanguage":"es","@id":"https:\/\/secure.gravatar.com\/avatar\/fdd21ad66fd8b98c407f9dee5b5e588cfe7f0d8579ec20fa6527cd59bab7f0f0?s=96&d=mm&r=g","url":"https:\/\/secure.gravatar.com\/avatar\/fdd21ad66fd8b98c407f9dee5b5e588cfe7f0d8579ec20fa6527cd59bab7f0f0?s=96&d=mm&r=g","contentUrl":"https:\/\/secure.gravatar.com\/avatar\/fdd21ad66fd8b98c407f9dee5b5e588cfe7f0d8579ec20fa6527cd59bab7f0f0?s=96&d=mm&r=g","caption":"Staff"},"url":"https:\/\/www.bbmnoticias.com\/labravaradiofm\/author\/redaccion\/"}]}},"_links":{"self":[{"href":"https:\/\/www.bbmnoticias.com\/labravaradiofm\/wp-json\/wp\/v2\/posts\/70009","targetHints":{"allow":["GET"]}}],"collection":[{"href":"https:\/\/www.bbmnoticias.com\/labravaradiofm\/wp-json\/wp\/v2\/posts"}],"about":[{"href":"https:\/\/www.bbmnoticias.com\/labravaradiofm\/wp-json\/wp\/v2\/types\/post"}],"author":[{"embeddable":true,"href":"https:\/\/www.bbmnoticias.com\/labravaradiofm\/wp-json\/wp\/v2\/users\/2"}],"replies":[{"embeddable":true,"href":"https:\/\/www.bbmnoticias.com\/labravaradiofm\/wp-json\/wp\/v2\/comments?post=70009"}],"version-history":[{"count":0,"href":"https:\/\/www.bbmnoticias.com\/labravaradiofm\/wp-json\/wp\/v2\/posts\/70009\/revisions"}],"wp:featuredmedia":[{"embeddable":true,"href":"https:\/\/www.bbmnoticias.com\/labravaradiofm\/wp-json\/wp\/v2\/media\/70011"}],"wp:attachment":[{"href":"https:\/\/www.bbmnoticias.com\/labravaradiofm\/wp-json\/wp\/v2\/media?parent=70009"}],"wp:term":[{"taxonomy":"category","embeddable":true,"href":"https:\/\/www.bbmnoticias.com\/labravaradiofm\/wp-json\/wp\/v2\/categories?post=70009"},{"taxonomy":"post_tag","embeddable":true,"href":"https:\/\/www.bbmnoticias.com\/labravaradiofm\/wp-json\/wp\/v2\/tags?post=70009"}],"curies":[{"name":"wp","href":"https:\/\/api.w.org\/{rel}","templated":true}]}}