{"id":69988,"date":"2025-11-19T10:43:42","date_gmt":"2025-11-19T16:43:42","guid":{"rendered":"https:\/\/www.bbmnoticias.com\/labravaradiofm\/2025\/11\/19\/gobierno-de-mexico-firma-convenio-para-el-centro-mexicano-de-supercomputo\/"},"modified":"2025-11-19T10:43:46","modified_gmt":"2025-11-19T16:43:46","slug":"gobierno-de-mexico-firma-convenio-para-el-centro-mexicano-de-supercomputo","status":"publish","type":"post","link":"https:\/\/www.bbmnoticias.com\/labravaradiofm\/2025\/11\/19\/gobierno-de-mexico-firma-convenio-para-el-centro-mexicano-de-supercomputo\/","title":{"rendered":"Gobierno de M\u00e9xico firma convenio para el Centro Mexicano de Superc\u00f3mputo"},"content":{"rendered":"<div style=\"margin-top: 0px; margin-bottom: 0px;\" class=\"sharethis-inline-share-buttons\" ><\/div>\n<p>La firma entre el <strong>Gobierno de M\u00e9xico<\/strong> y el <strong>Barcelona Supercomputing Center<\/strong> para apuntalar el <strong>Centro Mexicano de Superc\u00f3mputo<\/strong> es una gran noticia.<\/p>\n\n\n\n<p>En la Ma\u00f1anera de este 19 de noviembre, <strong>Rosaura Ruiz Guti\u00e9rrez<\/strong>, titular de la Secretar\u00eda de Ciencia, Tecnolog\u00eda, Humanidades e Innovaci\u00f3n, explic\u00f3 que este modelo ayudar\u00e1 al pa\u00eds en el <strong>pron\u00f3stico del clima<\/strong>, por ejemplo, despu\u00e9s de lo ocurrido por las lluvias extraordinarias en cinco estados del pa\u00eds.<\/p>\n\n\n\n<p>\u201cEs una gran noticia para la ciencia mexicana y para iniciar este proceso estamos trabajando con las universidades mexicanas. Vamos a firmar el convenio con el Barcelona Supercomputing Center (&#8230;) vamos a empezar todo un proceso para fortalecer esta \u00e1rea en M\u00e9xico y aprovechar las buenas pr\u00e1cticas.<\/p>\n\n\n\n<p>\u201cEste convenio tiene que ver con la formaci\u00f3n de recursos humanos, transferencia tecnol\u00f3gica, algunas \u00e1reas de cooperaci\u00f3n: operaci\u00f3n y sostenibilidad de c\u00f3mputo de alto rendimiento\u201d, explic\u00f3 en presencia de la Presidenta Claudia Sheinbaum.<\/p>\n\n\n\n<p>Enfatiz\u00f3 en que tambi\u00e9n se van a apoyar rubros de suma importancia para la actual administraci\u00f3n.<\/p>\n\n\n\n<p>\u201cTenemos que tener mejores formas de previsi\u00f3n, en salud, en educaci\u00f3n, pero en este momento vamos a firmar este convenio para que todas las instituciones de M\u00e9xico colaboren, formemos m\u00e1s gente\u201d, agreg\u00f3.<\/p>\n\n\n\n<p>Como parte del <strong>Plan M\u00e9xico<\/strong>, se present\u00f3 el <strong>Centro Mexicano de Superc\u00f3mputo<\/strong>.&nbsp;<\/p>\n\n\n\n<p>En la conferencia, <strong>Jorge Luis P\u00e9rez Hern\u00e1ndez<\/strong>, coordinador nacional de Infraestructura Digital, detallo que este centro iniciar\u00e1 operaciones es en enero de 2026 en coordinaci\u00f3n con el Centro Superc\u00f3mputo en Barcelona y uno de los objetivos es mejorar los pron\u00f3sticos clim\u00e1ticos.<\/p>\n\n\n\n<p>\u201cLa siguiente semana estaremos anunciando la creaci\u00f3n de la supercomputadora m\u00e1s grande de Am\u00e9rica Latina aqu\u00ed en nuestro pa\u00eds. Ser\u00e1 cien por ciento mexicana y tendr\u00e1 una diferencia brutal con la con la m\u00e1s grande actual que est\u00e1 que est\u00e1 en el sur del continente y que no es de un gobierno, es de una empresa privada\u201d, dijo.<\/p>\n\n\n\n<p>Explic\u00f3 que <strong>Barcelona <\/strong>es uno de los centros de super c\u00f3mputo del mundo, con 20 a\u00f1os de experiencia y es la quinta supercomputadora.<\/p>\n\n\n\n<p>\u201cUna super computadora como la que tienen en Barcelona permite hacer 314 billones de operaciones por segundo como m\u00e1ximo en capacidad te\u00f3rica, si no me equivoco \u00bfno? Una computadora normal no, le tomar\u00eda eso, bastantes a\u00f1os lograrlo resolver\u201d, indic\u00f3.<\/p>\n\n\n\n<p>Puntualiz\u00f3 que el trabajo inici\u00f3 el pr\u00f3ximo a\u00f1o y los datos estar\u00edan a resguardo del del gobierno mexicano, \u201clos datos no estar\u00edan en control de de nadie m\u00e1s\u201d.<\/p>\n\n\n\n<p>Indic\u00f3 que de los primeros proyectos que resolver\u00e1n es el modelo del clima en M\u00e9xico.&nbsp;<\/p>\n\n\n\n<p>\u201cComo saben, hemos tenido algunos casos importantes con con el clima en nuestro pa\u00eds, algunos cambios, y tenemos que mejorar estos pron\u00f3sticos. Para mejorarlo, se necesita <strong>superc\u00f3mputo<\/strong>, precisamente\u201d, apunt\u00f3.<\/p>\n\n\n\n<p><strong>Mateo Valero Cort\u00e9s<\/strong>, director del <strong>Barcelona Supercomputing Centre<\/strong> (BSC), destac\u00f3 la importancia de que los gobiernos cuenten con este tipo de s\u00faper centros de c\u00f3mputo.<\/p>\n\n\n\n<p>\u201cHace unos a\u00f1os se dec\u00eda que el pa\u00eds que no computa no compite, eso m\u00e1s o menos era verdad. Ahora hay una cosa mucho m\u00e1s fuerte, el pa\u00eds que tenga el c\u00e1lculo, computadores y datos propios, podr\u00e1 hacer cosas que te otra manera, se las har\u00e1n y no ser\u00e1 soberano.<\/p>\n\n\n\n<p>\u201cY por eso es muy importante tener estas m\u00e1quinas m\u00e1quinas que se dedican a la Inteligencia artificial, supercomputaci\u00f3n tener gente preparada y resolver problemas para sociedad \u00bfPara qu\u00e9? para hacer un mundo mejor como dicho que es el objetivo para m\u00ed de la investigaci\u00f3n\u201d, afirm\u00f3.<\/p>\n\n\n\n<p><strong>Jos\u00e9 Antonio Pe\u00f1a Merino<\/strong>, titular de la Agencia de Transformaci\u00f3n Digital y Telecomunicaciones, dijo que la pr\u00f3xima semana se presentar\u00e1 la supercomputadora mexicana.<\/p>\n\n\n\n<p>\u201cYa vamos a poder empezar, desde enero, a poder utilizar capacidad de c\u00f3mputo, y estamos, de verdad, muy agradecidos para poder ir resolviendo algunos temas que, por instrucci\u00f3n de la presidenta Claudia Sheinbaum, pues resultan apremiantes, como es el tema, por supuesto, de predicci\u00f3n meteorol\u00f3gica\u201d, dijo.<\/p>\n\n\n\n<p>Explic\u00f3 que el convenio que hoy se firma es justamente para crear, en Barcelona, el <strong>Centro Mexicano de Super C\u00f3mputo<\/strong>.<\/p>\n\n\n\n<p>\u201cLa verdad, un esquema de colaboraci\u00f3n \u00fanico, intensivo, que incluir\u00e1, por supuesto, a cargo de la Secretar\u00eda de Ciencia y Humanidades, Tecnolog\u00eda e Innovaci\u00f3n, y de la Agencia de Transformaci\u00f3n, v\u00eda Infotec, el que especialistas mexicanos, investigadores mexicanos, vayan a Barcelona con total soberan\u00eda, en t\u00e9rminos del manejo de los datos, y puedan ya ir utilizando la capacidad para ir resolviendo problemas, reitero, p\u00fablicos y apremiando\u201d, apunt\u00f3.<\/p>\n","protected":false},"excerpt":{"rendered":"<p>La firma entre el Gobierno de M\u00e9xico y el Barcelona Supercomputing Center para apuntalar el Centro Mexicano de Superc\u00f3mputo es una gran noticia. En la Ma\u00f1anera de este 19 de noviembre, Rosaura Ruiz Guti\u00e9rrez, titular de la Secretar\u00eda de Ciencia, Tecnolog\u00eda, Humanidades e Innovaci\u00f3n, explic\u00f3 que este modelo ayudar\u00e1 al pa\u00eds en el pron\u00f3stico del [&hellip;]<\/p>\n","protected":false},"author":2,"featured_media":69990,"comment_status":"closed","ping_status":"","sticky":false,"template":"","format":"standard","meta":{"footnotes":""},"categories":[2,19],"tags":[],"class_list":{"0":"post-69988","1":"post","2":"type-post","3":"status-publish","4":"format-standard","5":"has-post-thumbnail","7":"category-oaxaca","8":"category-nacional"},"yoast_head":"<!-- This site is optimized with the Yoast SEO plugin v27.4 - https:\/\/yoast.com\/product\/yoast-seo-wordpress\/ -->\n<title>Gobierno de M\u00e9xico firma convenio para el Centro Mexicano de Superc\u00f3mputo - LA BRAVA RADIO<\/title>\n<meta name=\"robots\" content=\"index, follow, max-snippet:-1, max-image-preview:large, max-video-preview:-1\" \/>\n<link rel=\"canonical\" href=\"https:\/\/www.bbmnoticias.com\/gobierno-de-mexico-firma-convenio-para-el-centro-mexicano-de-supercomputo\/\" \/>\n<meta property=\"og:locale\" content=\"es_MX\" \/>\n<meta property=\"og:type\" content=\"article\" \/>\n<meta property=\"og:title\" content=\"Gobierno de M\u00e9xico firma convenio para el Centro Mexicano de Superc\u00f3mputo - LA BRAVA RADIO\" \/>\n<meta property=\"og:description\" content=\"La firma entre el Gobierno de M\u00e9xico y el Barcelona Supercomputing Center para apuntalar el Centro Mexicano de Superc\u00f3mputo es una gran noticia. En la Ma\u00f1anera de este 19 de noviembre, Rosaura Ruiz Guti\u00e9rrez, titular de la Secretar\u00eda de Ciencia, Tecnolog\u00eda, Humanidades e Innovaci\u00f3n, explic\u00f3 que este modelo ayudar\u00e1 al pa\u00eds en el pron\u00f3stico del [&hellip;]\" \/>\n<meta property=\"og:url\" content=\"https:\/\/www.bbmnoticias.com\/gobierno-de-mexico-firma-convenio-para-el-centro-mexicano-de-supercomputo\/\" \/>\n<meta property=\"og:site_name\" content=\"LA BRAVA RADIO\" \/>\n<meta property=\"article:published_time\" content=\"2025-11-19T16:43:42+00:00\" \/>\n<meta property=\"article:modified_time\" content=\"2025-11-19T16:43:46+00:00\" \/>\n<meta property=\"og:image\" content=\"https:\/\/www.bbmnoticias.com\/labravaradiofm\/wp-content\/uploads\/sites\/5\/2025\/11\/f768x1-1211331_1211458_5050.jpg\" \/>\n\t<meta property=\"og:image:width\" content=\"768\" \/>\n\t<meta property=\"og:image:height\" content=\"448\" \/>\n\t<meta property=\"og:image:type\" content=\"image\/jpeg\" \/>\n<meta name=\"author\" content=\"Staff\" \/>\n<meta name=\"twitter:card\" content=\"summary_large_image\" \/>\n<meta name=\"twitter:label1\" content=\"Escrito por\" \/>\n\t<meta name=\"twitter:data1\" content=\"Staff\" \/>\n\t<meta name=\"twitter:label2\" content=\"Tiempo de lectura\" \/>\n\t<meta name=\"twitter:data2\" content=\"4 minutos\" \/>\n<script type=\"application\/ld+json\" class=\"yoast-schema-graph\">{\"@context\":\"https:\\\/\\\/schema.org\",\"@graph\":[{\"@type\":\"Article\",\"@id\":\"https:\\\/\\\/www.bbmnoticias.com\\\/gobierno-de-mexico-firma-convenio-para-el-centro-mexicano-de-supercomputo\\\/#article\",\"isPartOf\":{\"@id\":\"https:\\\/\\\/www.bbmnoticias.com\\\/labravaradiofm\\\/2025\\\/11\\\/19\\\/gobierno-de-mexico-firma-convenio-para-el-centro-mexicano-de-supercomputo\\\/\"},\"author\":{\"name\":\"Staff\",\"@id\":\"https:\\\/\\\/www.bbmnoticias.com\\\/labravaradiofm\\\/#\\\/schema\\\/person\\\/68a9e9036ef3c5b55aeb2b71dc8bab45\"},\"headline\":\"Gobierno de M\u00e9xico firma convenio para el Centro Mexicano de Superc\u00f3mputo\",\"datePublished\":\"2025-11-19T16:43:42+00:00\",\"dateModified\":\"2025-11-19T16:43:46+00:00\",\"mainEntityOfPage\":{\"@id\":\"https:\\\/\\\/www.bbmnoticias.com\\\/labravaradiofm\\\/2025\\\/11\\\/19\\\/gobierno-de-mexico-firma-convenio-para-el-centro-mexicano-de-supercomputo\\\/\"},\"wordCount\":815,\"image\":{\"@id\":\"https:\\\/\\\/www.bbmnoticias.com\\\/gobierno-de-mexico-firma-convenio-para-el-centro-mexicano-de-supercomputo\\\/#primaryimage\"},\"thumbnailUrl\":\"https:\\\/\\\/www.bbmnoticias.com\\\/labravaradiofm\\\/wp-content\\\/uploads\\\/sites\\\/5\\\/2025\\\/11\\\/f768x1-1211331_1211458_5050.jpg\",\"articleSection\":[\"LOCAL\",\"NACIONAL\"],\"inLanguage\":\"es\"},{\"@type\":\"WebPage\",\"@id\":\"https:\\\/\\\/www.bbmnoticias.com\\\/labravaradiofm\\\/2025\\\/11\\\/19\\\/gobierno-de-mexico-firma-convenio-para-el-centro-mexicano-de-supercomputo\\\/\",\"url\":\"https:\\\/\\\/www.bbmnoticias.com\\\/gobierno-de-mexico-firma-convenio-para-el-centro-mexicano-de-supercomputo\\\/\",\"name\":\"Gobierno de M\u00e9xico firma convenio para el Centro Mexicano de Superc\u00f3mputo - LA BRAVA RADIO\",\"isPartOf\":{\"@id\":\"https:\\\/\\\/www.bbmnoticias.com\\\/labravaradiofm\\\/#website\"},\"primaryImageOfPage\":{\"@id\":\"https:\\\/\\\/www.bbmnoticias.com\\\/gobierno-de-mexico-firma-convenio-para-el-centro-mexicano-de-supercomputo\\\/#primaryimage\"},\"image\":{\"@id\":\"https:\\\/\\\/www.bbmnoticias.com\\\/gobierno-de-mexico-firma-convenio-para-el-centro-mexicano-de-supercomputo\\\/#primaryimage\"},\"thumbnailUrl\":\"https:\\\/\\\/www.bbmnoticias.com\\\/labravaradiofm\\\/wp-content\\\/uploads\\\/sites\\\/5\\\/2025\\\/11\\\/f768x1-1211331_1211458_5050.jpg\",\"datePublished\":\"2025-11-19T16:43:42+00:00\",\"dateModified\":\"2025-11-19T16:43:46+00:00\",\"author\":{\"@id\":\"https:\\\/\\\/www.bbmnoticias.com\\\/labravaradiofm\\\/#\\\/schema\\\/person\\\/68a9e9036ef3c5b55aeb2b71dc8bab45\"},\"breadcrumb\":{\"@id\":\"https:\\\/\\\/www.bbmnoticias.com\\\/gobierno-de-mexico-firma-convenio-para-el-centro-mexicano-de-supercomputo\\\/#breadcrumb\"},\"inLanguage\":\"es\",\"potentialAction\":[{\"@type\":\"ReadAction\",\"target\":[\"https:\\\/\\\/www.bbmnoticias.com\\\/gobierno-de-mexico-firma-convenio-para-el-centro-mexicano-de-supercomputo\\\/\"]}]},{\"@type\":\"ImageObject\",\"inLanguage\":\"es\",\"@id\":\"https:\\\/\\\/www.bbmnoticias.com\\\/gobierno-de-mexico-firma-convenio-para-el-centro-mexicano-de-supercomputo\\\/#primaryimage\",\"url\":\"https:\\\/\\\/www.bbmnoticias.com\\\/labravaradiofm\\\/wp-content\\\/uploads\\\/sites\\\/5\\\/2025\\\/11\\\/f768x1-1211331_1211458_5050.jpg\",\"contentUrl\":\"https:\\\/\\\/www.bbmnoticias.com\\\/labravaradiofm\\\/wp-content\\\/uploads\\\/sites\\\/5\\\/2025\\\/11\\\/f768x1-1211331_1211458_5050.jpg\",\"width\":768,\"height\":448},{\"@type\":\"BreadcrumbList\",\"@id\":\"https:\\\/\\\/www.bbmnoticias.com\\\/gobierno-de-mexico-firma-convenio-para-el-centro-mexicano-de-supercomputo\\\/#breadcrumb\",\"itemListElement\":[{\"@type\":\"ListItem\",\"position\":1,\"name\":\"Inicio\",\"item\":\"https:\\\/\\\/www.bbmnoticias.com\\\/labravaradiofm\\\/\"},{\"@type\":\"ListItem\",\"position\":2,\"name\":\"Gobierno de M\u00e9xico firma convenio para el Centro Mexicano de Superc\u00f3mputo\"}]},{\"@type\":\"WebSite\",\"@id\":\"https:\\\/\\\/www.bbmnoticias.com\\\/labravaradiofm\\\/#website\",\"url\":\"https:\\\/\\\/www.bbmnoticias.com\\\/labravaradiofm\\\/\",\"name\":\"LA BRAVA RADIO\",\"description\":\"Empresa productora de medios, Radiodifusi\u00f3n, Noticias, tendencias y todo lo que necesitas saber de la pol\u00edtica mexicana e internacional; entretenimiento, espect\u00e1culos, salud y mucho m\u00e1s.\",\"potentialAction\":[{\"@type\":\"SearchAction\",\"target\":{\"@type\":\"EntryPoint\",\"urlTemplate\":\"https:\\\/\\\/www.bbmnoticias.com\\\/labravaradiofm\\\/?s={search_term_string}\"},\"query-input\":{\"@type\":\"PropertyValueSpecification\",\"valueRequired\":true,\"valueName\":\"search_term_string\"}}],\"inLanguage\":\"es\"},{\"@type\":\"Person\",\"@id\":\"https:\\\/\\\/www.bbmnoticias.com\\\/labravaradiofm\\\/#\\\/schema\\\/person\\\/68a9e9036ef3c5b55aeb2b71dc8bab45\",\"name\":\"Staff\",\"image\":{\"@type\":\"ImageObject\",\"inLanguage\":\"es\",\"@id\":\"https:\\\/\\\/secure.gravatar.com\\\/avatar\\\/fdd21ad66fd8b98c407f9dee5b5e588cfe7f0d8579ec20fa6527cd59bab7f0f0?s=96&d=mm&r=g\",\"url\":\"https:\\\/\\\/secure.gravatar.com\\\/avatar\\\/fdd21ad66fd8b98c407f9dee5b5e588cfe7f0d8579ec20fa6527cd59bab7f0f0?s=96&d=mm&r=g\",\"contentUrl\":\"https:\\\/\\\/secure.gravatar.com\\\/avatar\\\/fdd21ad66fd8b98c407f9dee5b5e588cfe7f0d8579ec20fa6527cd59bab7f0f0?s=96&d=mm&r=g\",\"caption\":\"Staff\"},\"url\":\"https:\\\/\\\/www.bbmnoticias.com\\\/labravaradiofm\\\/author\\\/redaccion\\\/\"}]}<\/script>\n<!-- \/ Yoast SEO plugin. -->","yoast_head_json":{"title":"Gobierno de M\u00e9xico firma convenio para el Centro Mexicano de Superc\u00f3mputo - LA BRAVA RADIO","robots":{"index":"index","follow":"follow","max-snippet":"max-snippet:-1","max-image-preview":"max-image-preview:large","max-video-preview":"max-video-preview:-1"},"canonical":"https:\/\/www.bbmnoticias.com\/gobierno-de-mexico-firma-convenio-para-el-centro-mexicano-de-supercomputo\/","og_locale":"es_MX","og_type":"article","og_title":"Gobierno de M\u00e9xico firma convenio para el Centro Mexicano de Superc\u00f3mputo - LA BRAVA RADIO","og_description":"La firma entre el Gobierno de M\u00e9xico y el Barcelona Supercomputing Center para apuntalar el Centro Mexicano de Superc\u00f3mputo es una gran noticia. En la Ma\u00f1anera de este 19 de noviembre, Rosaura Ruiz Guti\u00e9rrez, titular de la Secretar\u00eda de Ciencia, Tecnolog\u00eda, Humanidades e Innovaci\u00f3n, explic\u00f3 que este modelo ayudar\u00e1 al pa\u00eds en el pron\u00f3stico del [&hellip;]","og_url":"https:\/\/www.bbmnoticias.com\/gobierno-de-mexico-firma-convenio-para-el-centro-mexicano-de-supercomputo\/","og_site_name":"LA BRAVA RADIO","article_published_time":"2025-11-19T16:43:42+00:00","article_modified_time":"2025-11-19T16:43:46+00:00","og_image":[{"width":768,"height":448,"url":"https:\/\/www.bbmnoticias.com\/labravaradiofm\/wp-content\/uploads\/sites\/5\/2025\/11\/f768x1-1211331_1211458_5050.jpg","type":"image\/jpeg"}],"author":"Staff","twitter_card":"summary_large_image","twitter_misc":{"Escrito por":"Staff","Tiempo de lectura":"4 minutos"},"schema":{"@context":"https:\/\/schema.org","@graph":[{"@type":"Article","@id":"https:\/\/www.bbmnoticias.com\/gobierno-de-mexico-firma-convenio-para-el-centro-mexicano-de-supercomputo\/#article","isPartOf":{"@id":"https:\/\/www.bbmnoticias.com\/labravaradiofm\/2025\/11\/19\/gobierno-de-mexico-firma-convenio-para-el-centro-mexicano-de-supercomputo\/"},"author":{"name":"Staff","@id":"https:\/\/www.bbmnoticias.com\/labravaradiofm\/#\/schema\/person\/68a9e9036ef3c5b55aeb2b71dc8bab45"},"headline":"Gobierno de M\u00e9xico firma convenio para el Centro Mexicano de Superc\u00f3mputo","datePublished":"2025-11-19T16:43:42+00:00","dateModified":"2025-11-19T16:43:46+00:00","mainEntityOfPage":{"@id":"https:\/\/www.bbmnoticias.com\/labravaradiofm\/2025\/11\/19\/gobierno-de-mexico-firma-convenio-para-el-centro-mexicano-de-supercomputo\/"},"wordCount":815,"image":{"@id":"https:\/\/www.bbmnoticias.com\/gobierno-de-mexico-firma-convenio-para-el-centro-mexicano-de-supercomputo\/#primaryimage"},"thumbnailUrl":"https:\/\/www.bbmnoticias.com\/labravaradiofm\/wp-content\/uploads\/sites\/5\/2025\/11\/f768x1-1211331_1211458_5050.jpg","articleSection":["LOCAL","NACIONAL"],"inLanguage":"es"},{"@type":"WebPage","@id":"https:\/\/www.bbmnoticias.com\/labravaradiofm\/2025\/11\/19\/gobierno-de-mexico-firma-convenio-para-el-centro-mexicano-de-supercomputo\/","url":"https:\/\/www.bbmnoticias.com\/gobierno-de-mexico-firma-convenio-para-el-centro-mexicano-de-supercomputo\/","name":"Gobierno de M\u00e9xico firma convenio para el Centro Mexicano de Superc\u00f3mputo - LA BRAVA RADIO","isPartOf":{"@id":"https:\/\/www.bbmnoticias.com\/labravaradiofm\/#website"},"primaryImageOfPage":{"@id":"https:\/\/www.bbmnoticias.com\/gobierno-de-mexico-firma-convenio-para-el-centro-mexicano-de-supercomputo\/#primaryimage"},"image":{"@id":"https:\/\/www.bbmnoticias.com\/gobierno-de-mexico-firma-convenio-para-el-centro-mexicano-de-supercomputo\/#primaryimage"},"thumbnailUrl":"https:\/\/www.bbmnoticias.com\/labravaradiofm\/wp-content\/uploads\/sites\/5\/2025\/11\/f768x1-1211331_1211458_5050.jpg","datePublished":"2025-11-19T16:43:42+00:00","dateModified":"2025-11-19T16:43:46+00:00","author":{"@id":"https:\/\/www.bbmnoticias.com\/labravaradiofm\/#\/schema\/person\/68a9e9036ef3c5b55aeb2b71dc8bab45"},"breadcrumb":{"@id":"https:\/\/www.bbmnoticias.com\/gobierno-de-mexico-firma-convenio-para-el-centro-mexicano-de-supercomputo\/#breadcrumb"},"inLanguage":"es","potentialAction":[{"@type":"ReadAction","target":["https:\/\/www.bbmnoticias.com\/gobierno-de-mexico-firma-convenio-para-el-centro-mexicano-de-supercomputo\/"]}]},{"@type":"ImageObject","inLanguage":"es","@id":"https:\/\/www.bbmnoticias.com\/gobierno-de-mexico-firma-convenio-para-el-centro-mexicano-de-supercomputo\/#primaryimage","url":"https:\/\/www.bbmnoticias.com\/labravaradiofm\/wp-content\/uploads\/sites\/5\/2025\/11\/f768x1-1211331_1211458_5050.jpg","contentUrl":"https:\/\/www.bbmnoticias.com\/labravaradiofm\/wp-content\/uploads\/sites\/5\/2025\/11\/f768x1-1211331_1211458_5050.jpg","width":768,"height":448},{"@type":"BreadcrumbList","@id":"https:\/\/www.bbmnoticias.com\/gobierno-de-mexico-firma-convenio-para-el-centro-mexicano-de-supercomputo\/#breadcrumb","itemListElement":[{"@type":"ListItem","position":1,"name":"Inicio","item":"https:\/\/www.bbmnoticias.com\/labravaradiofm\/"},{"@type":"ListItem","position":2,"name":"Gobierno de M\u00e9xico firma convenio para el Centro Mexicano de Superc\u00f3mputo"}]},{"@type":"WebSite","@id":"https:\/\/www.bbmnoticias.com\/labravaradiofm\/#website","url":"https:\/\/www.bbmnoticias.com\/labravaradiofm\/","name":"LA BRAVA RADIO","description":"Empresa productora de medios, Radiodifusi\u00f3n, Noticias, tendencias y todo lo que necesitas saber de la pol\u00edtica mexicana e internacional; entretenimiento, espect\u00e1culos, salud y mucho m\u00e1s.","potentialAction":[{"@type":"SearchAction","target":{"@type":"EntryPoint","urlTemplate":"https:\/\/www.bbmnoticias.com\/labravaradiofm\/?s={search_term_string}"},"query-input":{"@type":"PropertyValueSpecification","valueRequired":true,"valueName":"search_term_string"}}],"inLanguage":"es"},{"@type":"Person","@id":"https:\/\/www.bbmnoticias.com\/labravaradiofm\/#\/schema\/person\/68a9e9036ef3c5b55aeb2b71dc8bab45","name":"Staff","image":{"@type":"ImageObject","inLanguage":"es","@id":"https:\/\/secure.gravatar.com\/avatar\/fdd21ad66fd8b98c407f9dee5b5e588cfe7f0d8579ec20fa6527cd59bab7f0f0?s=96&d=mm&r=g","url":"https:\/\/secure.gravatar.com\/avatar\/fdd21ad66fd8b98c407f9dee5b5e588cfe7f0d8579ec20fa6527cd59bab7f0f0?s=96&d=mm&r=g","contentUrl":"https:\/\/secure.gravatar.com\/avatar\/fdd21ad66fd8b98c407f9dee5b5e588cfe7f0d8579ec20fa6527cd59bab7f0f0?s=96&d=mm&r=g","caption":"Staff"},"url":"https:\/\/www.bbmnoticias.com\/labravaradiofm\/author\/redaccion\/"}]}},"_links":{"self":[{"href":"https:\/\/www.bbmnoticias.com\/labravaradiofm\/wp-json\/wp\/v2\/posts\/69988","targetHints":{"allow":["GET"]}}],"collection":[{"href":"https:\/\/www.bbmnoticias.com\/labravaradiofm\/wp-json\/wp\/v2\/posts"}],"about":[{"href":"https:\/\/www.bbmnoticias.com\/labravaradiofm\/wp-json\/wp\/v2\/types\/post"}],"author":[{"embeddable":true,"href":"https:\/\/www.bbmnoticias.com\/labravaradiofm\/wp-json\/wp\/v2\/users\/2"}],"replies":[{"embeddable":true,"href":"https:\/\/www.bbmnoticias.com\/labravaradiofm\/wp-json\/wp\/v2\/comments?post=69988"}],"version-history":[{"count":0,"href":"https:\/\/www.bbmnoticias.com\/labravaradiofm\/wp-json\/wp\/v2\/posts\/69988\/revisions"}],"wp:featuredmedia":[{"embeddable":true,"href":"https:\/\/www.bbmnoticias.com\/labravaradiofm\/wp-json\/wp\/v2\/media\/69990"}],"wp:attachment":[{"href":"https:\/\/www.bbmnoticias.com\/labravaradiofm\/wp-json\/wp\/v2\/media?parent=69988"}],"wp:term":[{"taxonomy":"category","embeddable":true,"href":"https:\/\/www.bbmnoticias.com\/labravaradiofm\/wp-json\/wp\/v2\/categories?post=69988"},{"taxonomy":"post_tag","embeddable":true,"href":"https:\/\/www.bbmnoticias.com\/labravaradiofm\/wp-json\/wp\/v2\/tags?post=69988"}],"curies":[{"name":"wp","href":"https:\/\/api.w.org\/{rel}","templated":true}]}}