{"id":69982,"date":"2025-11-19T08:56:08","date_gmt":"2025-11-19T14:56:08","guid":{"rendered":"https:\/\/www.bbmnoticias.com\/labravaradiofm\/2025\/11\/19\/este-miercoles-se-espera-aumento-de-temperaturas-maximas-e-intensa-radiacion-solar-en-oaxaca\/"},"modified":"2025-11-19T08:56:10","modified_gmt":"2025-11-19T14:56:10","slug":"este-miercoles-se-espera-aumento-de-temperaturas-maximas-e-intensa-radiacion-solar-en-oaxaca","status":"publish","type":"post","link":"https:\/\/www.bbmnoticias.com\/labravaradiofm\/2025\/11\/19\/este-miercoles-se-espera-aumento-de-temperaturas-maximas-e-intensa-radiacion-solar-en-oaxaca\/","title":{"rendered":"Este mi\u00e9rcoles se espera aumento de temperaturas m\u00e1ximas e intensa radiaci\u00f3n solar en Oaxaca"},"content":{"rendered":"<div style=\"margin-top: 0px; margin-bottom: 0px;\" class=\"sharethis-inline-share-buttons\" ><\/div>\n<p>\u00b7&nbsp;&nbsp;&nbsp;&nbsp;&nbsp;&nbsp;&nbsp;&nbsp; <em>Los vientos del norte seguir\u00e1n con intensidad moderada, especialmente en el oriente del Istmo de Tehuantepec<\/em><\/p>\n\n\n\n<p><strong>Oaxaca de Ju\u00e1rez, Oax.-<\/strong> La Coordinaci\u00f3n Estatal de Protecci\u00f3n Civil y Gesti\u00f3n de Riesgos (CEPCyGR) informa que se prev\u00e9 aumento de las temperaturas m\u00e1ximas, intensa radiaci\u00f3n solar en horas centrales del d\u00eda y muy baja probabilidad de lluvias.<\/p>\n\n\n\n<p>Las temperaturas fr\u00edas y frescas permanecer\u00e1n confinadas en zonas altas de la Mixteca, Sierra de Ju\u00e1rez, Sierra Sur y Sierra de Flores Mag\u00f3n. En el resto de las regiones, el amanecer se mantendr\u00e1 ligeramente fresco.<\/p>\n\n\n\n<p>De acuerdo con el pron\u00f3stico del tiempo emitido por la Comisi\u00f3n Nacional del Agua (Conagua), esto se deriva de una circulaci\u00f3n anticicl\u00f3nica en niveles medios de la atm\u00f3sfera, que mantiene un patr\u00f3n de estabilidad sobre gran parte de la entidad.<\/p>\n\n\n\n<p>Los vientos del norte seguir\u00e1n con intensidad moderada, especialmente en el oriente del Istmo de Tehuantepec.<\/p>\n\n\n\n<p>Por otro lado, el frente fr\u00edo n\u00famero 15 afecta a los estados del norte del pa\u00eds, por lo que no se pronostica su influencia de las pr\u00f3ximas 24 a 36 horas sobre Oaxaca.<\/p>\n\n\n\n<p>Las temperaturas para este d\u00eda son las siguientes:<\/p>\n\n\n\n<p>\u2022 Valles Centrales, m\u00ednima de 15 y m\u00e1xima de 30 grados.<\/p>\n\n\n\n<p>\u2022 Istmo de Tehuantepec, m\u00ednima de 23 y m\u00e1xima de 35 grados.<\/p>\n\n\n\n<p>\u2022 Cuenca del Papaloapan, m\u00ednima de 23 y m\u00e1xima de 34 grados.<\/p>\n\n\n\n<p>\u2022 Costa, m\u00ednima de 19 y m\u00e1xima de 33 grados.<\/p>\n\n\n\n<p>\u2022 Mixteca, m\u00ednima de 14 y m\u00e1xima de 30 grados.<\/p>\n\n\n\n<p>\u2022 Sierra de Flores Mag\u00f3n, m\u00ednima de 14 y m\u00e1xima de 33 grados.<\/p>\n\n\n\n<p>\u2022 Sierra de Ju\u00e1rez, m\u00ednima de 9 y m\u00e1xima de 27 grados.<\/p>\n\n\n\n<p>\u2022 Sierra Sur, m\u00ednima de 12 y m\u00e1xima de 29 grados.<\/p>\n\n\n\n<p>Se exhorta a la poblaci\u00f3n atender las recomendaciones de Protecci\u00f3n Civil y Capitan\u00edas de Puerto, as\u00ed como a mantenerse informada de las condiciones meteorol\u00f3gicas a trav\u00e9s de los medios y redes sociales oficiales: Facebook @CEPCYGRGobOax y en X @CEPCyGR_GobOax.<\/p>\n","protected":false},"excerpt":{"rendered":"<p>\u00b7&nbsp;&nbsp;&nbsp;&nbsp;&nbsp;&nbsp;&nbsp;&nbsp; Los vientos del norte seguir\u00e1n con intensidad moderada, especialmente en el oriente del Istmo de Tehuantepec Oaxaca de Ju\u00e1rez, Oax.- La Coordinaci\u00f3n Estatal de Protecci\u00f3n Civil y Gesti\u00f3n de Riesgos (CEPCyGR) informa que se prev\u00e9 aumento de las temperaturas m\u00e1ximas, intensa radiaci\u00f3n solar en horas centrales del d\u00eda y muy baja probabilidad de lluvias. [&hellip;]<\/p>\n","protected":false},"author":2,"featured_media":69984,"comment_status":"closed","ping_status":"","sticky":false,"template":"","format":"standard","meta":{"footnotes":""},"categories":[2],"tags":[],"class_list":{"0":"post-69982","1":"post","2":"type-post","3":"status-publish","4":"format-standard","5":"has-post-thumbnail","7":"category-oaxaca"},"yoast_head":"<!-- This site is optimized with the Yoast SEO plugin v27.4 - https:\/\/yoast.com\/product\/yoast-seo-wordpress\/ -->\n<title>Este mi\u00e9rcoles se espera aumento de temperaturas m\u00e1ximas e intensa radiaci\u00f3n solar en Oaxaca - LA BRAVA RADIO<\/title>\n<meta name=\"robots\" content=\"index, follow, max-snippet:-1, max-image-preview:large, max-video-preview:-1\" \/>\n<link rel=\"canonical\" href=\"https:\/\/www.bbmnoticias.com\/este-miercoles-se-espera-aumento-de-temperaturas-maximas-e-intensa-radiacion-solar-en-oaxaca\/\" \/>\n<meta property=\"og:locale\" content=\"es_MX\" \/>\n<meta property=\"og:type\" content=\"article\" \/>\n<meta property=\"og:title\" content=\"Este mi\u00e9rcoles se espera aumento de temperaturas m\u00e1ximas e intensa radiaci\u00f3n solar en Oaxaca - LA BRAVA RADIO\" \/>\n<meta property=\"og:description\" content=\"\u00b7&nbsp;&nbsp;&nbsp;&nbsp;&nbsp;&nbsp;&nbsp;&nbsp; Los vientos del norte seguir\u00e1n con intensidad moderada, especialmente en el oriente del Istmo de Tehuantepec Oaxaca de Ju\u00e1rez, Oax.- La Coordinaci\u00f3n Estatal de Protecci\u00f3n Civil y Gesti\u00f3n de Riesgos (CEPCyGR) informa que se prev\u00e9 aumento de las temperaturas m\u00e1ximas, intensa radiaci\u00f3n solar en horas centrales del d\u00eda y muy baja probabilidad de lluvias. [&hellip;]\" \/>\n<meta property=\"og:url\" content=\"https:\/\/www.bbmnoticias.com\/este-miercoles-se-espera-aumento-de-temperaturas-maximas-e-intensa-radiacion-solar-en-oaxaca\/\" \/>\n<meta property=\"og:site_name\" content=\"LA BRAVA RADIO\" \/>\n<meta property=\"article:published_time\" content=\"2025-11-19T14:56:08+00:00\" \/>\n<meta property=\"article:modified_time\" content=\"2025-11-19T14:56:10+00:00\" \/>\n<meta property=\"og:image\" content=\"https:\/\/www.bbmnoticias.com\/labravaradiofm\/wp-content\/uploads\/sites\/5\/2025\/11\/Este-miercoles-se-espera-aumento-de-temperaturas-maximas-e-intensa-radiacion-solar-en-Oaxaca.jpeg\" \/>\n\t<meta property=\"og:image:width\" content=\"1280\" \/>\n\t<meta property=\"og:image:height\" content=\"960\" \/>\n\t<meta property=\"og:image:type\" content=\"image\/jpeg\" \/>\n<meta name=\"author\" content=\"Staff\" \/>\n<meta name=\"twitter:card\" content=\"summary_large_image\" \/>\n<meta name=\"twitter:label1\" content=\"Escrito por\" \/>\n\t<meta name=\"twitter:data1\" content=\"Staff\" \/>\n\t<meta name=\"twitter:label2\" content=\"Tiempo de lectura\" \/>\n\t<meta name=\"twitter:data2\" content=\"2 minutos\" \/>\n<script type=\"application\/ld+json\" class=\"yoast-schema-graph\">{\"@context\":\"https:\\\/\\\/schema.org\",\"@graph\":[{\"@type\":\"Article\",\"@id\":\"https:\\\/\\\/www.bbmnoticias.com\\\/este-miercoles-se-espera-aumento-de-temperaturas-maximas-e-intensa-radiacion-solar-en-oaxaca\\\/#article\",\"isPartOf\":{\"@id\":\"https:\\\/\\\/www.bbmnoticias.com\\\/labravaradiofm\\\/2025\\\/11\\\/19\\\/este-miercoles-se-espera-aumento-de-temperaturas-maximas-e-intensa-radiacion-solar-en-oaxaca\\\/\"},\"author\":{\"name\":\"Staff\",\"@id\":\"https:\\\/\\\/www.bbmnoticias.com\\\/labravaradiofm\\\/#\\\/schema\\\/person\\\/68a9e9036ef3c5b55aeb2b71dc8bab45\"},\"headline\":\"Este mi\u00e9rcoles se espera aumento de temperaturas m\u00e1ximas e intensa radiaci\u00f3n solar en Oaxaca\",\"datePublished\":\"2025-11-19T14:56:08+00:00\",\"dateModified\":\"2025-11-19T14:56:10+00:00\",\"mainEntityOfPage\":{\"@id\":\"https:\\\/\\\/www.bbmnoticias.com\\\/labravaradiofm\\\/2025\\\/11\\\/19\\\/este-miercoles-se-espera-aumento-de-temperaturas-maximas-e-intensa-radiacion-solar-en-oaxaca\\\/\"},\"wordCount\":363,\"image\":{\"@id\":\"https:\\\/\\\/www.bbmnoticias.com\\\/este-miercoles-se-espera-aumento-de-temperaturas-maximas-e-intensa-radiacion-solar-en-oaxaca\\\/#primaryimage\"},\"thumbnailUrl\":\"https:\\\/\\\/www.bbmnoticias.com\\\/labravaradiofm\\\/wp-content\\\/uploads\\\/sites\\\/5\\\/2025\\\/11\\\/Este-miercoles-se-espera-aumento-de-temperaturas-maximas-e-intensa-radiacion-solar-en-Oaxaca.jpeg\",\"articleSection\":[\"LOCAL\"],\"inLanguage\":\"es\"},{\"@type\":\"WebPage\",\"@id\":\"https:\\\/\\\/www.bbmnoticias.com\\\/labravaradiofm\\\/2025\\\/11\\\/19\\\/este-miercoles-se-espera-aumento-de-temperaturas-maximas-e-intensa-radiacion-solar-en-oaxaca\\\/\",\"url\":\"https:\\\/\\\/www.bbmnoticias.com\\\/este-miercoles-se-espera-aumento-de-temperaturas-maximas-e-intensa-radiacion-solar-en-oaxaca\\\/\",\"name\":\"Este mi\u00e9rcoles se espera aumento de temperaturas m\u00e1ximas e intensa radiaci\u00f3n solar en Oaxaca - LA BRAVA RADIO\",\"isPartOf\":{\"@id\":\"https:\\\/\\\/www.bbmnoticias.com\\\/labravaradiofm\\\/#website\"},\"primaryImageOfPage\":{\"@id\":\"https:\\\/\\\/www.bbmnoticias.com\\\/este-miercoles-se-espera-aumento-de-temperaturas-maximas-e-intensa-radiacion-solar-en-oaxaca\\\/#primaryimage\"},\"image\":{\"@id\":\"https:\\\/\\\/www.bbmnoticias.com\\\/este-miercoles-se-espera-aumento-de-temperaturas-maximas-e-intensa-radiacion-solar-en-oaxaca\\\/#primaryimage\"},\"thumbnailUrl\":\"https:\\\/\\\/www.bbmnoticias.com\\\/labravaradiofm\\\/wp-content\\\/uploads\\\/sites\\\/5\\\/2025\\\/11\\\/Este-miercoles-se-espera-aumento-de-temperaturas-maximas-e-intensa-radiacion-solar-en-Oaxaca.jpeg\",\"datePublished\":\"2025-11-19T14:56:08+00:00\",\"dateModified\":\"2025-11-19T14:56:10+00:00\",\"author\":{\"@id\":\"https:\\\/\\\/www.bbmnoticias.com\\\/labravaradiofm\\\/#\\\/schema\\\/person\\\/68a9e9036ef3c5b55aeb2b71dc8bab45\"},\"breadcrumb\":{\"@id\":\"https:\\\/\\\/www.bbmnoticias.com\\\/este-miercoles-se-espera-aumento-de-temperaturas-maximas-e-intensa-radiacion-solar-en-oaxaca\\\/#breadcrumb\"},\"inLanguage\":\"es\",\"potentialAction\":[{\"@type\":\"ReadAction\",\"target\":[\"https:\\\/\\\/www.bbmnoticias.com\\\/este-miercoles-se-espera-aumento-de-temperaturas-maximas-e-intensa-radiacion-solar-en-oaxaca\\\/\"]}]},{\"@type\":\"ImageObject\",\"inLanguage\":\"es\",\"@id\":\"https:\\\/\\\/www.bbmnoticias.com\\\/este-miercoles-se-espera-aumento-de-temperaturas-maximas-e-intensa-radiacion-solar-en-oaxaca\\\/#primaryimage\",\"url\":\"https:\\\/\\\/www.bbmnoticias.com\\\/labravaradiofm\\\/wp-content\\\/uploads\\\/sites\\\/5\\\/2025\\\/11\\\/Este-miercoles-se-espera-aumento-de-temperaturas-maximas-e-intensa-radiacion-solar-en-Oaxaca.jpeg\",\"contentUrl\":\"https:\\\/\\\/www.bbmnoticias.com\\\/labravaradiofm\\\/wp-content\\\/uploads\\\/sites\\\/5\\\/2025\\\/11\\\/Este-miercoles-se-espera-aumento-de-temperaturas-maximas-e-intensa-radiacion-solar-en-Oaxaca.jpeg\",\"width\":1280,\"height\":960},{\"@type\":\"BreadcrumbList\",\"@id\":\"https:\\\/\\\/www.bbmnoticias.com\\\/este-miercoles-se-espera-aumento-de-temperaturas-maximas-e-intensa-radiacion-solar-en-oaxaca\\\/#breadcrumb\",\"itemListElement\":[{\"@type\":\"ListItem\",\"position\":1,\"name\":\"Inicio\",\"item\":\"https:\\\/\\\/www.bbmnoticias.com\\\/labravaradiofm\\\/\"},{\"@type\":\"ListItem\",\"position\":2,\"name\":\"Este mi\u00e9rcoles se espera aumento de temperaturas m\u00e1ximas e intensa radiaci\u00f3n solar en Oaxaca\"}]},{\"@type\":\"WebSite\",\"@id\":\"https:\\\/\\\/www.bbmnoticias.com\\\/labravaradiofm\\\/#website\",\"url\":\"https:\\\/\\\/www.bbmnoticias.com\\\/labravaradiofm\\\/\",\"name\":\"LA BRAVA RADIO\",\"description\":\"Empresa productora de medios, Radiodifusi\u00f3n, Noticias, tendencias y todo lo que necesitas saber de la pol\u00edtica mexicana e internacional; entretenimiento, espect\u00e1culos, salud y mucho m\u00e1s.\",\"potentialAction\":[{\"@type\":\"SearchAction\",\"target\":{\"@type\":\"EntryPoint\",\"urlTemplate\":\"https:\\\/\\\/www.bbmnoticias.com\\\/labravaradiofm\\\/?s={search_term_string}\"},\"query-input\":{\"@type\":\"PropertyValueSpecification\",\"valueRequired\":true,\"valueName\":\"search_term_string\"}}],\"inLanguage\":\"es\"},{\"@type\":\"Person\",\"@id\":\"https:\\\/\\\/www.bbmnoticias.com\\\/labravaradiofm\\\/#\\\/schema\\\/person\\\/68a9e9036ef3c5b55aeb2b71dc8bab45\",\"name\":\"Staff\",\"image\":{\"@type\":\"ImageObject\",\"inLanguage\":\"es\",\"@id\":\"https:\\\/\\\/secure.gravatar.com\\\/avatar\\\/fdd21ad66fd8b98c407f9dee5b5e588cfe7f0d8579ec20fa6527cd59bab7f0f0?s=96&d=mm&r=g\",\"url\":\"https:\\\/\\\/secure.gravatar.com\\\/avatar\\\/fdd21ad66fd8b98c407f9dee5b5e588cfe7f0d8579ec20fa6527cd59bab7f0f0?s=96&d=mm&r=g\",\"contentUrl\":\"https:\\\/\\\/secure.gravatar.com\\\/avatar\\\/fdd21ad66fd8b98c407f9dee5b5e588cfe7f0d8579ec20fa6527cd59bab7f0f0?s=96&d=mm&r=g\",\"caption\":\"Staff\"},\"url\":\"https:\\\/\\\/www.bbmnoticias.com\\\/labravaradiofm\\\/author\\\/redaccion\\\/\"}]}<\/script>\n<!-- \/ Yoast SEO plugin. -->","yoast_head_json":{"title":"Este mi\u00e9rcoles se espera aumento de temperaturas m\u00e1ximas e intensa radiaci\u00f3n solar en Oaxaca - LA BRAVA RADIO","robots":{"index":"index","follow":"follow","max-snippet":"max-snippet:-1","max-image-preview":"max-image-preview:large","max-video-preview":"max-video-preview:-1"},"canonical":"https:\/\/www.bbmnoticias.com\/este-miercoles-se-espera-aumento-de-temperaturas-maximas-e-intensa-radiacion-solar-en-oaxaca\/","og_locale":"es_MX","og_type":"article","og_title":"Este mi\u00e9rcoles se espera aumento de temperaturas m\u00e1ximas e intensa radiaci\u00f3n solar en Oaxaca - LA BRAVA RADIO","og_description":"\u00b7&nbsp;&nbsp;&nbsp;&nbsp;&nbsp;&nbsp;&nbsp;&nbsp; Los vientos del norte seguir\u00e1n con intensidad moderada, especialmente en el oriente del Istmo de Tehuantepec Oaxaca de Ju\u00e1rez, Oax.- La Coordinaci\u00f3n Estatal de Protecci\u00f3n Civil y Gesti\u00f3n de Riesgos (CEPCyGR) informa que se prev\u00e9 aumento de las temperaturas m\u00e1ximas, intensa radiaci\u00f3n solar en horas centrales del d\u00eda y muy baja probabilidad de lluvias. [&hellip;]","og_url":"https:\/\/www.bbmnoticias.com\/este-miercoles-se-espera-aumento-de-temperaturas-maximas-e-intensa-radiacion-solar-en-oaxaca\/","og_site_name":"LA BRAVA RADIO","article_published_time":"2025-11-19T14:56:08+00:00","article_modified_time":"2025-11-19T14:56:10+00:00","og_image":[{"width":1280,"height":960,"url":"https:\/\/www.bbmnoticias.com\/labravaradiofm\/wp-content\/uploads\/sites\/5\/2025\/11\/Este-miercoles-se-espera-aumento-de-temperaturas-maximas-e-intensa-radiacion-solar-en-Oaxaca.jpeg","type":"image\/jpeg"}],"author":"Staff","twitter_card":"summary_large_image","twitter_misc":{"Escrito por":"Staff","Tiempo de lectura":"2 minutos"},"schema":{"@context":"https:\/\/schema.org","@graph":[{"@type":"Article","@id":"https:\/\/www.bbmnoticias.com\/este-miercoles-se-espera-aumento-de-temperaturas-maximas-e-intensa-radiacion-solar-en-oaxaca\/#article","isPartOf":{"@id":"https:\/\/www.bbmnoticias.com\/labravaradiofm\/2025\/11\/19\/este-miercoles-se-espera-aumento-de-temperaturas-maximas-e-intensa-radiacion-solar-en-oaxaca\/"},"author":{"name":"Staff","@id":"https:\/\/www.bbmnoticias.com\/labravaradiofm\/#\/schema\/person\/68a9e9036ef3c5b55aeb2b71dc8bab45"},"headline":"Este mi\u00e9rcoles se espera aumento de temperaturas m\u00e1ximas e intensa radiaci\u00f3n solar en Oaxaca","datePublished":"2025-11-19T14:56:08+00:00","dateModified":"2025-11-19T14:56:10+00:00","mainEntityOfPage":{"@id":"https:\/\/www.bbmnoticias.com\/labravaradiofm\/2025\/11\/19\/este-miercoles-se-espera-aumento-de-temperaturas-maximas-e-intensa-radiacion-solar-en-oaxaca\/"},"wordCount":363,"image":{"@id":"https:\/\/www.bbmnoticias.com\/este-miercoles-se-espera-aumento-de-temperaturas-maximas-e-intensa-radiacion-solar-en-oaxaca\/#primaryimage"},"thumbnailUrl":"https:\/\/www.bbmnoticias.com\/labravaradiofm\/wp-content\/uploads\/sites\/5\/2025\/11\/Este-miercoles-se-espera-aumento-de-temperaturas-maximas-e-intensa-radiacion-solar-en-Oaxaca.jpeg","articleSection":["LOCAL"],"inLanguage":"es"},{"@type":"WebPage","@id":"https:\/\/www.bbmnoticias.com\/labravaradiofm\/2025\/11\/19\/este-miercoles-se-espera-aumento-de-temperaturas-maximas-e-intensa-radiacion-solar-en-oaxaca\/","url":"https:\/\/www.bbmnoticias.com\/este-miercoles-se-espera-aumento-de-temperaturas-maximas-e-intensa-radiacion-solar-en-oaxaca\/","name":"Este mi\u00e9rcoles se espera aumento de temperaturas m\u00e1ximas e intensa radiaci\u00f3n solar en Oaxaca - LA BRAVA RADIO","isPartOf":{"@id":"https:\/\/www.bbmnoticias.com\/labravaradiofm\/#website"},"primaryImageOfPage":{"@id":"https:\/\/www.bbmnoticias.com\/este-miercoles-se-espera-aumento-de-temperaturas-maximas-e-intensa-radiacion-solar-en-oaxaca\/#primaryimage"},"image":{"@id":"https:\/\/www.bbmnoticias.com\/este-miercoles-se-espera-aumento-de-temperaturas-maximas-e-intensa-radiacion-solar-en-oaxaca\/#primaryimage"},"thumbnailUrl":"https:\/\/www.bbmnoticias.com\/labravaradiofm\/wp-content\/uploads\/sites\/5\/2025\/11\/Este-miercoles-se-espera-aumento-de-temperaturas-maximas-e-intensa-radiacion-solar-en-Oaxaca.jpeg","datePublished":"2025-11-19T14:56:08+00:00","dateModified":"2025-11-19T14:56:10+00:00","author":{"@id":"https:\/\/www.bbmnoticias.com\/labravaradiofm\/#\/schema\/person\/68a9e9036ef3c5b55aeb2b71dc8bab45"},"breadcrumb":{"@id":"https:\/\/www.bbmnoticias.com\/este-miercoles-se-espera-aumento-de-temperaturas-maximas-e-intensa-radiacion-solar-en-oaxaca\/#breadcrumb"},"inLanguage":"es","potentialAction":[{"@type":"ReadAction","target":["https:\/\/www.bbmnoticias.com\/este-miercoles-se-espera-aumento-de-temperaturas-maximas-e-intensa-radiacion-solar-en-oaxaca\/"]}]},{"@type":"ImageObject","inLanguage":"es","@id":"https:\/\/www.bbmnoticias.com\/este-miercoles-se-espera-aumento-de-temperaturas-maximas-e-intensa-radiacion-solar-en-oaxaca\/#primaryimage","url":"https:\/\/www.bbmnoticias.com\/labravaradiofm\/wp-content\/uploads\/sites\/5\/2025\/11\/Este-miercoles-se-espera-aumento-de-temperaturas-maximas-e-intensa-radiacion-solar-en-Oaxaca.jpeg","contentUrl":"https:\/\/www.bbmnoticias.com\/labravaradiofm\/wp-content\/uploads\/sites\/5\/2025\/11\/Este-miercoles-se-espera-aumento-de-temperaturas-maximas-e-intensa-radiacion-solar-en-Oaxaca.jpeg","width":1280,"height":960},{"@type":"BreadcrumbList","@id":"https:\/\/www.bbmnoticias.com\/este-miercoles-se-espera-aumento-de-temperaturas-maximas-e-intensa-radiacion-solar-en-oaxaca\/#breadcrumb","itemListElement":[{"@type":"ListItem","position":1,"name":"Inicio","item":"https:\/\/www.bbmnoticias.com\/labravaradiofm\/"},{"@type":"ListItem","position":2,"name":"Este mi\u00e9rcoles se espera aumento de temperaturas m\u00e1ximas e intensa radiaci\u00f3n solar en Oaxaca"}]},{"@type":"WebSite","@id":"https:\/\/www.bbmnoticias.com\/labravaradiofm\/#website","url":"https:\/\/www.bbmnoticias.com\/labravaradiofm\/","name":"LA BRAVA RADIO","description":"Empresa productora de medios, Radiodifusi\u00f3n, Noticias, tendencias y todo lo que necesitas saber de la pol\u00edtica mexicana e internacional; entretenimiento, espect\u00e1culos, salud y mucho m\u00e1s.","potentialAction":[{"@type":"SearchAction","target":{"@type":"EntryPoint","urlTemplate":"https:\/\/www.bbmnoticias.com\/labravaradiofm\/?s={search_term_string}"},"query-input":{"@type":"PropertyValueSpecification","valueRequired":true,"valueName":"search_term_string"}}],"inLanguage":"es"},{"@type":"Person","@id":"https:\/\/www.bbmnoticias.com\/labravaradiofm\/#\/schema\/person\/68a9e9036ef3c5b55aeb2b71dc8bab45","name":"Staff","image":{"@type":"ImageObject","inLanguage":"es","@id":"https:\/\/secure.gravatar.com\/avatar\/fdd21ad66fd8b98c407f9dee5b5e588cfe7f0d8579ec20fa6527cd59bab7f0f0?s=96&d=mm&r=g","url":"https:\/\/secure.gravatar.com\/avatar\/fdd21ad66fd8b98c407f9dee5b5e588cfe7f0d8579ec20fa6527cd59bab7f0f0?s=96&d=mm&r=g","contentUrl":"https:\/\/secure.gravatar.com\/avatar\/fdd21ad66fd8b98c407f9dee5b5e588cfe7f0d8579ec20fa6527cd59bab7f0f0?s=96&d=mm&r=g","caption":"Staff"},"url":"https:\/\/www.bbmnoticias.com\/labravaradiofm\/author\/redaccion\/"}]}},"_links":{"self":[{"href":"https:\/\/www.bbmnoticias.com\/labravaradiofm\/wp-json\/wp\/v2\/posts\/69982","targetHints":{"allow":["GET"]}}],"collection":[{"href":"https:\/\/www.bbmnoticias.com\/labravaradiofm\/wp-json\/wp\/v2\/posts"}],"about":[{"href":"https:\/\/www.bbmnoticias.com\/labravaradiofm\/wp-json\/wp\/v2\/types\/post"}],"author":[{"embeddable":true,"href":"https:\/\/www.bbmnoticias.com\/labravaradiofm\/wp-json\/wp\/v2\/users\/2"}],"replies":[{"embeddable":true,"href":"https:\/\/www.bbmnoticias.com\/labravaradiofm\/wp-json\/wp\/v2\/comments?post=69982"}],"version-history":[{"count":0,"href":"https:\/\/www.bbmnoticias.com\/labravaradiofm\/wp-json\/wp\/v2\/posts\/69982\/revisions"}],"wp:featuredmedia":[{"embeddable":true,"href":"https:\/\/www.bbmnoticias.com\/labravaradiofm\/wp-json\/wp\/v2\/media\/69984"}],"wp:attachment":[{"href":"https:\/\/www.bbmnoticias.com\/labravaradiofm\/wp-json\/wp\/v2\/media?parent=69982"}],"wp:term":[{"taxonomy":"category","embeddable":true,"href":"https:\/\/www.bbmnoticias.com\/labravaradiofm\/wp-json\/wp\/v2\/categories?post=69982"},{"taxonomy":"post_tag","embeddable":true,"href":"https:\/\/www.bbmnoticias.com\/labravaradiofm\/wp-json\/wp\/v2\/tags?post=69982"}],"curies":[{"name":"wp","href":"https:\/\/api.w.org\/{rel}","templated":true}]}}