{"id":69973,"date":"2025-11-18T21:28:36","date_gmt":"2025-11-19T03:28:36","guid":{"rendered":"https:\/\/www.bbmnoticias.com\/labravaradiofm\/2025\/11\/18\/el-club-de-lectura-de-periodismo-wilfrido-lopez-torres-reune-a-autores-de-sembradores-en-la-niebla\/"},"modified":"2025-11-18T21:28:57","modified_gmt":"2025-11-19T03:28:57","slug":"el-club-de-lectura-de-periodismo-wilfrido-lopez-torres-reune-a-autores-de-sembradores-en-la-niebla","status":"publish","type":"post","link":"https:\/\/www.bbmnoticias.com\/labravaradiofm\/2025\/11\/18\/el-club-de-lectura-de-periodismo-wilfrido-lopez-torres-reune-a-autores-de-sembradores-en-la-niebla\/","title":{"rendered":"El Club de Lectura de Periodismo \u201cWilfrido L\u00f3pez Torres\u201d re\u00fane a autores de \u201cSembradores en la niebla\u201d"},"content":{"rendered":"<div style=\"margin-top: 0px; margin-bottom: 0px;\" class=\"sharethis-inline-share-buttons\" ><\/div>\n<p>El Club de Lectura de Periodismo \u201cWilfrido L\u00f3pez Torres\u201d realizar\u00e1 ma\u00f1ana, a las 18:00 horas, su pr\u00f3xima sesi\u00f3n presencial en \u201cCaf\u00e9 Caf\u00e9\u201d, ubicado en M. Bravo esquina Porfirio D\u00edaz, en el Centro Hist\u00f3rico, con la participaci\u00f3n de periodistas reconocidos por investigaciones sobre violencia, narcotr\u00e1fico y comunidades ind\u00edgenas en Oaxaca.<\/p>\n\n\n\n<p>En esta edici\u00f3n abierta al p\u00fablico, participar\u00e1n Karen Rojas Kauffmann, Antonio Mundaca y Miguel \u00c1ngel Maya Alonso, quienes obtuvieron Menci\u00f3n Honor\u00edfica en el Premio Nacional de Periodismo 2022 por la investigaci\u00f3n \u201cSembradores en la niebla, amapola en Oaxaca\u201d, un trabajo multiformato que aborda el cultivo de amapola.<\/p>\n\n\n\n<p>La investigaci\u00f3n, producida por Elmuromx, Pie de P\u00e1gina y El P\u00e1jaro Vaquero, con apoyo de la Fundaci\u00f3n Gabo, combina informaci\u00f3n, video, ilustraci\u00f3n y elementos multimedia para documentar la relaci\u00f3n hist\u00f3rica de comunidades ind\u00edgenas con la tierra y los cambios provocados por nuevos actores criminales en tres regiones de la entidad.<\/p>\n\n\n\n<p>Miguel \u00c1ngel Maya Alonso, uno de los autores del trabajo, es reportero y fundador del portal El P\u00e1jaro Vaquero, con m\u00e1s de una d\u00e9cada de trayectoria profesional, ha sido becario del Fondo para Investigaciones y Nuevas Narrativas sobre Drogas de la Fundaci\u00f3n Gabo, as\u00ed como del programa CAPIR 2023.<\/p>\n\n\n\n<p>Karen Rojas Kauffmann es periodista con 15 a\u00f1os de experiencia especializada es cofundadora de El MuroMx, colaboradora de Pie de P\u00e1gina y Gatopardo, e integrante de la Red de Periodistas de a Pie y de Forbidden Stories, adem\u00e1s fue becaria de CAPIR, IWPR, Internews y del Fondo de Nuevas Narrativas sobre Drogas de la Fundaci\u00f3n Gabo.<\/p>\n\n\n\n<p>Antonio Mundaca, periodista con 20 a\u00f1os de trayectoria, es cofundador de ElMuroMx y corresponsal de El Universal. Ha sido becario de la Fundaci\u00f3n Gabo, CAPIR y el Pulitzer Center, adem\u00e1s de integrante de la Red de Periodistas de A Pie. Este a\u00f1o obtuvo el Premio de Excelencia Period\u00edstica de la Sociedad Interamericana de Prensa (SIP) en la categor\u00eda de cobertura noticiosa de actualidad.<\/p>\n\n\n\n<p>El Club de Lectura invit\u00f3 a toda persona interesada en el periodismo a asistir a la sesi\u00f3n de ma\u00f1ana mi\u00e9rcoles a las 18:00 horas en en Caf\u00e9 Caf\u00e9, ubicado en M. Bravo esquina Porfirio D\u00edaz, en el Centro Hist\u00f3rico y participar en el di\u00e1logo con los autores, con el objetivo de fortalecer la lectura cr\u00edtica y el an\u00e1lisis del periodismo contempor\u00e1neo desde Oaxaca.<\/p>\n","protected":false},"excerpt":{"rendered":"<p>El Club de Lectura de Periodismo \u201cWilfrido L\u00f3pez Torres\u201d realizar\u00e1 ma\u00f1ana, a las 18:00 horas, su pr\u00f3xima sesi\u00f3n presencial en \u201cCaf\u00e9 Caf\u00e9\u201d, ubicado en M. Bravo esquina Porfirio D\u00edaz, en el Centro Hist\u00f3rico, con la participaci\u00f3n de periodistas reconocidos por investigaciones sobre violencia, narcotr\u00e1fico y comunidades ind\u00edgenas en Oaxaca. En esta edici\u00f3n abierta al p\u00fablico, [&hellip;]<\/p>\n","protected":false},"author":2,"featured_media":69975,"comment_status":"closed","ping_status":"","sticky":false,"template":"","format":"standard","meta":{"footnotes":""},"categories":[2],"tags":[],"class_list":{"0":"post-69973","1":"post","2":"type-post","3":"status-publish","4":"format-standard","5":"has-post-thumbnail","7":"category-oaxaca"},"yoast_head":"<!-- This site is optimized with the Yoast SEO plugin v27.4 - https:\/\/yoast.com\/product\/yoast-seo-wordpress\/ -->\n<title>El Club de Lectura de Periodismo \u201cWilfrido L\u00f3pez Torres\u201d re\u00fane a autores de \u201cSembradores en la niebla\u201d - LA BRAVA RADIO<\/title>\n<meta name=\"robots\" content=\"index, follow, max-snippet:-1, max-image-preview:large, max-video-preview:-1\" \/>\n<link rel=\"canonical\" href=\"https:\/\/www.bbmnoticias.com\/el-club-de-lectura-de-periodismo-wilfrido-lopez-torres-reune-a-autores-de-sembradores-en-la-niebla\/\" \/>\n<meta property=\"og:locale\" content=\"es_MX\" \/>\n<meta property=\"og:type\" content=\"article\" \/>\n<meta property=\"og:title\" content=\"El Club de Lectura de Periodismo \u201cWilfrido L\u00f3pez Torres\u201d re\u00fane a autores de \u201cSembradores en la niebla\u201d - LA BRAVA RADIO\" \/>\n<meta property=\"og:description\" content=\"El Club de Lectura de Periodismo \u201cWilfrido L\u00f3pez Torres\u201d realizar\u00e1 ma\u00f1ana, a las 18:00 horas, su pr\u00f3xima sesi\u00f3n presencial en \u201cCaf\u00e9 Caf\u00e9\u201d, ubicado en M. Bravo esquina Porfirio D\u00edaz, en el Centro Hist\u00f3rico, con la participaci\u00f3n de periodistas reconocidos por investigaciones sobre violencia, narcotr\u00e1fico y comunidades ind\u00edgenas en Oaxaca. En esta edici\u00f3n abierta al p\u00fablico, [&hellip;]\" \/>\n<meta property=\"og:url\" content=\"https:\/\/www.bbmnoticias.com\/el-club-de-lectura-de-periodismo-wilfrido-lopez-torres-reune-a-autores-de-sembradores-en-la-niebla\/\" \/>\n<meta property=\"og:site_name\" content=\"LA BRAVA RADIO\" \/>\n<meta property=\"article:published_time\" content=\"2025-11-19T03:28:36+00:00\" \/>\n<meta property=\"article:modified_time\" content=\"2025-11-19T03:28:57+00:00\" \/>\n<meta property=\"og:image\" content=\"https:\/\/www.bbmnoticias.com\/labravaradiofm\/wp-content\/uploads\/sites\/5\/2025\/11\/periodistas.jpg\" \/>\n\t<meta property=\"og:image:width\" content=\"800\" \/>\n\t<meta property=\"og:image:height\" content=\"450\" \/>\n\t<meta property=\"og:image:type\" content=\"image\/jpeg\" \/>\n<meta name=\"author\" content=\"Staff\" \/>\n<meta name=\"twitter:card\" content=\"summary_large_image\" \/>\n<meta name=\"twitter:label1\" content=\"Escrito por\" \/>\n\t<meta name=\"twitter:data1\" content=\"Staff\" \/>\n\t<meta name=\"twitter:label2\" content=\"Tiempo de lectura\" \/>\n\t<meta name=\"twitter:data2\" content=\"2 minutos\" \/>\n<script type=\"application\/ld+json\" class=\"yoast-schema-graph\">{\"@context\":\"https:\\\/\\\/schema.org\",\"@graph\":[{\"@type\":\"Article\",\"@id\":\"https:\\\/\\\/www.bbmnoticias.com\\\/el-club-de-lectura-de-periodismo-wilfrido-lopez-torres-reune-a-autores-de-sembradores-en-la-niebla\\\/#article\",\"isPartOf\":{\"@id\":\"https:\\\/\\\/www.bbmnoticias.com\\\/labravaradiofm\\\/2025\\\/11\\\/18\\\/el-club-de-lectura-de-periodismo-wilfrido-lopez-torres-reune-a-autores-de-sembradores-en-la-niebla\\\/\"},\"author\":{\"name\":\"Staff\",\"@id\":\"https:\\\/\\\/www.bbmnoticias.com\\\/labravaradiofm\\\/#\\\/schema\\\/person\\\/68a9e9036ef3c5b55aeb2b71dc8bab45\"},\"headline\":\"El Club de Lectura de Periodismo \u201cWilfrido L\u00f3pez Torres\u201d re\u00fane a autores de \u201cSembradores en la niebla\u201d\",\"datePublished\":\"2025-11-19T03:28:36+00:00\",\"dateModified\":\"2025-11-19T03:28:57+00:00\",\"mainEntityOfPage\":{\"@id\":\"https:\\\/\\\/www.bbmnoticias.com\\\/labravaradiofm\\\/2025\\\/11\\\/18\\\/el-club-de-lectura-de-periodismo-wilfrido-lopez-torres-reune-a-autores-de-sembradores-en-la-niebla\\\/\"},\"wordCount\":437,\"image\":{\"@id\":\"https:\\\/\\\/www.bbmnoticias.com\\\/el-club-de-lectura-de-periodismo-wilfrido-lopez-torres-reune-a-autores-de-sembradores-en-la-niebla\\\/#primaryimage\"},\"thumbnailUrl\":\"https:\\\/\\\/www.bbmnoticias.com\\\/labravaradiofm\\\/wp-content\\\/uploads\\\/sites\\\/5\\\/2025\\\/11\\\/periodistas.jpg\",\"articleSection\":[\"LOCAL\"],\"inLanguage\":\"es\"},{\"@type\":\"WebPage\",\"@id\":\"https:\\\/\\\/www.bbmnoticias.com\\\/labravaradiofm\\\/2025\\\/11\\\/18\\\/el-club-de-lectura-de-periodismo-wilfrido-lopez-torres-reune-a-autores-de-sembradores-en-la-niebla\\\/\",\"url\":\"https:\\\/\\\/www.bbmnoticias.com\\\/el-club-de-lectura-de-periodismo-wilfrido-lopez-torres-reune-a-autores-de-sembradores-en-la-niebla\\\/\",\"name\":\"El Club de Lectura de Periodismo \u201cWilfrido L\u00f3pez Torres\u201d re\u00fane a autores de \u201cSembradores en la niebla\u201d - LA BRAVA RADIO\",\"isPartOf\":{\"@id\":\"https:\\\/\\\/www.bbmnoticias.com\\\/labravaradiofm\\\/#website\"},\"primaryImageOfPage\":{\"@id\":\"https:\\\/\\\/www.bbmnoticias.com\\\/el-club-de-lectura-de-periodismo-wilfrido-lopez-torres-reune-a-autores-de-sembradores-en-la-niebla\\\/#primaryimage\"},\"image\":{\"@id\":\"https:\\\/\\\/www.bbmnoticias.com\\\/el-club-de-lectura-de-periodismo-wilfrido-lopez-torres-reune-a-autores-de-sembradores-en-la-niebla\\\/#primaryimage\"},\"thumbnailUrl\":\"https:\\\/\\\/www.bbmnoticias.com\\\/labravaradiofm\\\/wp-content\\\/uploads\\\/sites\\\/5\\\/2025\\\/11\\\/periodistas.jpg\",\"datePublished\":\"2025-11-19T03:28:36+00:00\",\"dateModified\":\"2025-11-19T03:28:57+00:00\",\"author\":{\"@id\":\"https:\\\/\\\/www.bbmnoticias.com\\\/labravaradiofm\\\/#\\\/schema\\\/person\\\/68a9e9036ef3c5b55aeb2b71dc8bab45\"},\"breadcrumb\":{\"@id\":\"https:\\\/\\\/www.bbmnoticias.com\\\/el-club-de-lectura-de-periodismo-wilfrido-lopez-torres-reune-a-autores-de-sembradores-en-la-niebla\\\/#breadcrumb\"},\"inLanguage\":\"es\",\"potentialAction\":[{\"@type\":\"ReadAction\",\"target\":[\"https:\\\/\\\/www.bbmnoticias.com\\\/el-club-de-lectura-de-periodismo-wilfrido-lopez-torres-reune-a-autores-de-sembradores-en-la-niebla\\\/\"]}]},{\"@type\":\"ImageObject\",\"inLanguage\":\"es\",\"@id\":\"https:\\\/\\\/www.bbmnoticias.com\\\/el-club-de-lectura-de-periodismo-wilfrido-lopez-torres-reune-a-autores-de-sembradores-en-la-niebla\\\/#primaryimage\",\"url\":\"https:\\\/\\\/www.bbmnoticias.com\\\/labravaradiofm\\\/wp-content\\\/uploads\\\/sites\\\/5\\\/2025\\\/11\\\/periodistas.jpg\",\"contentUrl\":\"https:\\\/\\\/www.bbmnoticias.com\\\/labravaradiofm\\\/wp-content\\\/uploads\\\/sites\\\/5\\\/2025\\\/11\\\/periodistas.jpg\",\"width\":800,\"height\":450},{\"@type\":\"BreadcrumbList\",\"@id\":\"https:\\\/\\\/www.bbmnoticias.com\\\/el-club-de-lectura-de-periodismo-wilfrido-lopez-torres-reune-a-autores-de-sembradores-en-la-niebla\\\/#breadcrumb\",\"itemListElement\":[{\"@type\":\"ListItem\",\"position\":1,\"name\":\"Inicio\",\"item\":\"https:\\\/\\\/www.bbmnoticias.com\\\/labravaradiofm\\\/\"},{\"@type\":\"ListItem\",\"position\":2,\"name\":\"El Club de Lectura de Periodismo \u201cWilfrido L\u00f3pez Torres\u201d re\u00fane a autores de \u201cSembradores en la niebla\u201d\"}]},{\"@type\":\"WebSite\",\"@id\":\"https:\\\/\\\/www.bbmnoticias.com\\\/labravaradiofm\\\/#website\",\"url\":\"https:\\\/\\\/www.bbmnoticias.com\\\/labravaradiofm\\\/\",\"name\":\"LA BRAVA RADIO\",\"description\":\"Empresa productora de medios, Radiodifusi\u00f3n, Noticias, tendencias y todo lo que necesitas saber de la pol\u00edtica mexicana e internacional; entretenimiento, espect\u00e1culos, salud y mucho m\u00e1s.\",\"potentialAction\":[{\"@type\":\"SearchAction\",\"target\":{\"@type\":\"EntryPoint\",\"urlTemplate\":\"https:\\\/\\\/www.bbmnoticias.com\\\/labravaradiofm\\\/?s={search_term_string}\"},\"query-input\":{\"@type\":\"PropertyValueSpecification\",\"valueRequired\":true,\"valueName\":\"search_term_string\"}}],\"inLanguage\":\"es\"},{\"@type\":\"Person\",\"@id\":\"https:\\\/\\\/www.bbmnoticias.com\\\/labravaradiofm\\\/#\\\/schema\\\/person\\\/68a9e9036ef3c5b55aeb2b71dc8bab45\",\"name\":\"Staff\",\"image\":{\"@type\":\"ImageObject\",\"inLanguage\":\"es\",\"@id\":\"https:\\\/\\\/secure.gravatar.com\\\/avatar\\\/fdd21ad66fd8b98c407f9dee5b5e588cfe7f0d8579ec20fa6527cd59bab7f0f0?s=96&d=mm&r=g\",\"url\":\"https:\\\/\\\/secure.gravatar.com\\\/avatar\\\/fdd21ad66fd8b98c407f9dee5b5e588cfe7f0d8579ec20fa6527cd59bab7f0f0?s=96&d=mm&r=g\",\"contentUrl\":\"https:\\\/\\\/secure.gravatar.com\\\/avatar\\\/fdd21ad66fd8b98c407f9dee5b5e588cfe7f0d8579ec20fa6527cd59bab7f0f0?s=96&d=mm&r=g\",\"caption\":\"Staff\"},\"url\":\"https:\\\/\\\/www.bbmnoticias.com\\\/labravaradiofm\\\/author\\\/redaccion\\\/\"}]}<\/script>\n<!-- \/ Yoast SEO plugin. -->","yoast_head_json":{"title":"El Club de Lectura de Periodismo \u201cWilfrido L\u00f3pez Torres\u201d re\u00fane a autores de \u201cSembradores en la niebla\u201d - LA BRAVA RADIO","robots":{"index":"index","follow":"follow","max-snippet":"max-snippet:-1","max-image-preview":"max-image-preview:large","max-video-preview":"max-video-preview:-1"},"canonical":"https:\/\/www.bbmnoticias.com\/el-club-de-lectura-de-periodismo-wilfrido-lopez-torres-reune-a-autores-de-sembradores-en-la-niebla\/","og_locale":"es_MX","og_type":"article","og_title":"El Club de Lectura de Periodismo \u201cWilfrido L\u00f3pez Torres\u201d re\u00fane a autores de \u201cSembradores en la niebla\u201d - LA BRAVA RADIO","og_description":"El Club de Lectura de Periodismo \u201cWilfrido L\u00f3pez Torres\u201d realizar\u00e1 ma\u00f1ana, a las 18:00 horas, su pr\u00f3xima sesi\u00f3n presencial en \u201cCaf\u00e9 Caf\u00e9\u201d, ubicado en M. Bravo esquina Porfirio D\u00edaz, en el Centro Hist\u00f3rico, con la participaci\u00f3n de periodistas reconocidos por investigaciones sobre violencia, narcotr\u00e1fico y comunidades ind\u00edgenas en Oaxaca. En esta edici\u00f3n abierta al p\u00fablico, [&hellip;]","og_url":"https:\/\/www.bbmnoticias.com\/el-club-de-lectura-de-periodismo-wilfrido-lopez-torres-reune-a-autores-de-sembradores-en-la-niebla\/","og_site_name":"LA BRAVA RADIO","article_published_time":"2025-11-19T03:28:36+00:00","article_modified_time":"2025-11-19T03:28:57+00:00","og_image":[{"width":800,"height":450,"url":"https:\/\/www.bbmnoticias.com\/labravaradiofm\/wp-content\/uploads\/sites\/5\/2025\/11\/periodistas.jpg","type":"image\/jpeg"}],"author":"Staff","twitter_card":"summary_large_image","twitter_misc":{"Escrito por":"Staff","Tiempo de lectura":"2 minutos"},"schema":{"@context":"https:\/\/schema.org","@graph":[{"@type":"Article","@id":"https:\/\/www.bbmnoticias.com\/el-club-de-lectura-de-periodismo-wilfrido-lopez-torres-reune-a-autores-de-sembradores-en-la-niebla\/#article","isPartOf":{"@id":"https:\/\/www.bbmnoticias.com\/labravaradiofm\/2025\/11\/18\/el-club-de-lectura-de-periodismo-wilfrido-lopez-torres-reune-a-autores-de-sembradores-en-la-niebla\/"},"author":{"name":"Staff","@id":"https:\/\/www.bbmnoticias.com\/labravaradiofm\/#\/schema\/person\/68a9e9036ef3c5b55aeb2b71dc8bab45"},"headline":"El Club de Lectura de Periodismo \u201cWilfrido L\u00f3pez Torres\u201d re\u00fane a autores de \u201cSembradores en la niebla\u201d","datePublished":"2025-11-19T03:28:36+00:00","dateModified":"2025-11-19T03:28:57+00:00","mainEntityOfPage":{"@id":"https:\/\/www.bbmnoticias.com\/labravaradiofm\/2025\/11\/18\/el-club-de-lectura-de-periodismo-wilfrido-lopez-torres-reune-a-autores-de-sembradores-en-la-niebla\/"},"wordCount":437,"image":{"@id":"https:\/\/www.bbmnoticias.com\/el-club-de-lectura-de-periodismo-wilfrido-lopez-torres-reune-a-autores-de-sembradores-en-la-niebla\/#primaryimage"},"thumbnailUrl":"https:\/\/www.bbmnoticias.com\/labravaradiofm\/wp-content\/uploads\/sites\/5\/2025\/11\/periodistas.jpg","articleSection":["LOCAL"],"inLanguage":"es"},{"@type":"WebPage","@id":"https:\/\/www.bbmnoticias.com\/labravaradiofm\/2025\/11\/18\/el-club-de-lectura-de-periodismo-wilfrido-lopez-torres-reune-a-autores-de-sembradores-en-la-niebla\/","url":"https:\/\/www.bbmnoticias.com\/el-club-de-lectura-de-periodismo-wilfrido-lopez-torres-reune-a-autores-de-sembradores-en-la-niebla\/","name":"El Club de Lectura de Periodismo \u201cWilfrido L\u00f3pez Torres\u201d re\u00fane a autores de \u201cSembradores en la niebla\u201d - LA BRAVA RADIO","isPartOf":{"@id":"https:\/\/www.bbmnoticias.com\/labravaradiofm\/#website"},"primaryImageOfPage":{"@id":"https:\/\/www.bbmnoticias.com\/el-club-de-lectura-de-periodismo-wilfrido-lopez-torres-reune-a-autores-de-sembradores-en-la-niebla\/#primaryimage"},"image":{"@id":"https:\/\/www.bbmnoticias.com\/el-club-de-lectura-de-periodismo-wilfrido-lopez-torres-reune-a-autores-de-sembradores-en-la-niebla\/#primaryimage"},"thumbnailUrl":"https:\/\/www.bbmnoticias.com\/labravaradiofm\/wp-content\/uploads\/sites\/5\/2025\/11\/periodistas.jpg","datePublished":"2025-11-19T03:28:36+00:00","dateModified":"2025-11-19T03:28:57+00:00","author":{"@id":"https:\/\/www.bbmnoticias.com\/labravaradiofm\/#\/schema\/person\/68a9e9036ef3c5b55aeb2b71dc8bab45"},"breadcrumb":{"@id":"https:\/\/www.bbmnoticias.com\/el-club-de-lectura-de-periodismo-wilfrido-lopez-torres-reune-a-autores-de-sembradores-en-la-niebla\/#breadcrumb"},"inLanguage":"es","potentialAction":[{"@type":"ReadAction","target":["https:\/\/www.bbmnoticias.com\/el-club-de-lectura-de-periodismo-wilfrido-lopez-torres-reune-a-autores-de-sembradores-en-la-niebla\/"]}]},{"@type":"ImageObject","inLanguage":"es","@id":"https:\/\/www.bbmnoticias.com\/el-club-de-lectura-de-periodismo-wilfrido-lopez-torres-reune-a-autores-de-sembradores-en-la-niebla\/#primaryimage","url":"https:\/\/www.bbmnoticias.com\/labravaradiofm\/wp-content\/uploads\/sites\/5\/2025\/11\/periodistas.jpg","contentUrl":"https:\/\/www.bbmnoticias.com\/labravaradiofm\/wp-content\/uploads\/sites\/5\/2025\/11\/periodistas.jpg","width":800,"height":450},{"@type":"BreadcrumbList","@id":"https:\/\/www.bbmnoticias.com\/el-club-de-lectura-de-periodismo-wilfrido-lopez-torres-reune-a-autores-de-sembradores-en-la-niebla\/#breadcrumb","itemListElement":[{"@type":"ListItem","position":1,"name":"Inicio","item":"https:\/\/www.bbmnoticias.com\/labravaradiofm\/"},{"@type":"ListItem","position":2,"name":"El Club de Lectura de Periodismo \u201cWilfrido L\u00f3pez Torres\u201d re\u00fane a autores de \u201cSembradores en la niebla\u201d"}]},{"@type":"WebSite","@id":"https:\/\/www.bbmnoticias.com\/labravaradiofm\/#website","url":"https:\/\/www.bbmnoticias.com\/labravaradiofm\/","name":"LA BRAVA RADIO","description":"Empresa productora de medios, Radiodifusi\u00f3n, Noticias, tendencias y todo lo que necesitas saber de la pol\u00edtica mexicana e internacional; entretenimiento, espect\u00e1culos, salud y mucho m\u00e1s.","potentialAction":[{"@type":"SearchAction","target":{"@type":"EntryPoint","urlTemplate":"https:\/\/www.bbmnoticias.com\/labravaradiofm\/?s={search_term_string}"},"query-input":{"@type":"PropertyValueSpecification","valueRequired":true,"valueName":"search_term_string"}}],"inLanguage":"es"},{"@type":"Person","@id":"https:\/\/www.bbmnoticias.com\/labravaradiofm\/#\/schema\/person\/68a9e9036ef3c5b55aeb2b71dc8bab45","name":"Staff","image":{"@type":"ImageObject","inLanguage":"es","@id":"https:\/\/secure.gravatar.com\/avatar\/fdd21ad66fd8b98c407f9dee5b5e588cfe7f0d8579ec20fa6527cd59bab7f0f0?s=96&d=mm&r=g","url":"https:\/\/secure.gravatar.com\/avatar\/fdd21ad66fd8b98c407f9dee5b5e588cfe7f0d8579ec20fa6527cd59bab7f0f0?s=96&d=mm&r=g","contentUrl":"https:\/\/secure.gravatar.com\/avatar\/fdd21ad66fd8b98c407f9dee5b5e588cfe7f0d8579ec20fa6527cd59bab7f0f0?s=96&d=mm&r=g","caption":"Staff"},"url":"https:\/\/www.bbmnoticias.com\/labravaradiofm\/author\/redaccion\/"}]}},"_links":{"self":[{"href":"https:\/\/www.bbmnoticias.com\/labravaradiofm\/wp-json\/wp\/v2\/posts\/69973","targetHints":{"allow":["GET"]}}],"collection":[{"href":"https:\/\/www.bbmnoticias.com\/labravaradiofm\/wp-json\/wp\/v2\/posts"}],"about":[{"href":"https:\/\/www.bbmnoticias.com\/labravaradiofm\/wp-json\/wp\/v2\/types\/post"}],"author":[{"embeddable":true,"href":"https:\/\/www.bbmnoticias.com\/labravaradiofm\/wp-json\/wp\/v2\/users\/2"}],"replies":[{"embeddable":true,"href":"https:\/\/www.bbmnoticias.com\/labravaradiofm\/wp-json\/wp\/v2\/comments?post=69973"}],"version-history":[{"count":0,"href":"https:\/\/www.bbmnoticias.com\/labravaradiofm\/wp-json\/wp\/v2\/posts\/69973\/revisions"}],"wp:featuredmedia":[{"embeddable":true,"href":"https:\/\/www.bbmnoticias.com\/labravaradiofm\/wp-json\/wp\/v2\/media\/69975"}],"wp:attachment":[{"href":"https:\/\/www.bbmnoticias.com\/labravaradiofm\/wp-json\/wp\/v2\/media?parent=69973"}],"wp:term":[{"taxonomy":"category","embeddable":true,"href":"https:\/\/www.bbmnoticias.com\/labravaradiofm\/wp-json\/wp\/v2\/categories?post=69973"},{"taxonomy":"post_tag","embeddable":true,"href":"https:\/\/www.bbmnoticias.com\/labravaradiofm\/wp-json\/wp\/v2\/tags?post=69973"}],"curies":[{"name":"wp","href":"https:\/\/api.w.org\/{rel}","templated":true}]}}