{"id":69970,"date":"2025-11-18T17:56:13","date_gmt":"2025-11-18T23:56:13","guid":{"rendered":"https:\/\/www.bbmnoticias.com\/labravaradiofm\/2025\/11\/18\/oaxaca-sera-el-primer-estado-en-implementar-el-modelo-c5-de-salud\/"},"modified":"2025-11-18T17:56:16","modified_gmt":"2025-11-18T23:56:16","slug":"oaxaca-sera-el-primer-estado-en-implementar-el-modelo-c5-de-salud","status":"publish","type":"post","link":"https:\/\/www.bbmnoticias.com\/labravaradiofm\/2025\/11\/18\/oaxaca-sera-el-primer-estado-en-implementar-el-modelo-c5-de-salud\/","title":{"rendered":"Oaxaca ser\u00e1 el primer estado en implementar el modelo C5 de Salud"},"content":{"rendered":"<div style=\"margin-top: 0px; margin-bottom: 0px;\" class=\"sharethis-inline-share-buttons\" ><\/div>\n<p>\u00b7&nbsp;&nbsp;&nbsp;&nbsp;&nbsp;&nbsp;&nbsp;&nbsp; Con este proyecto pionero a nivel nacional, la entidad avanza hacia un sistema de atenci\u00f3n m\u00e9dica m\u00e1s humana, moderna, eficiente y segura con el uso de tecnolog\u00eda de punta<\/p>\n\n\n\n<p>Oaxaca de Ju\u00e1rez, Oax.- El secretario de Salud, Efr\u00e9n Emmanuel Jarqu\u00edn Gonz\u00e1lez supervis\u00f3 los avances del nuevo proyecto del Centro Estatal de Inteligencia de Salud (C5 Salud), modelo que coloca a Oaxaca a la vanguardia nacional con el uso de herramientas inteligentes para la respuesta eficiente ante emergencias m\u00e9dicas.<\/p>\n\n\n\n<p>Acompa\u00f1ado por el director del Centro de Control, Comando, Comunicaci\u00f3n, Coordinaci\u00f3n e Inteligencia (C5i) Jaime Gonz\u00e1lez Estudillo; el titular de Servicios de Salud de Oaxaca recorri\u00f3 las instalaciones de este sistema de vigilancia y constat\u00f3 la operatividad que tendr\u00e1 este nuevo servicio, el cual fortalecer\u00e1 la atenci\u00f3n inmediata.<\/p>\n\n\n\n<p>Jarqu\u00edn Gonz\u00e1lez se\u00f1al\u00f3 que este proyecto responde al compromiso del Gobernador Salom\u00f3n Jara Cruz de universalizar el acceso a servicios m\u00e9dicos de calidad, en el que se integre innovaci\u00f3n, infraestructura y talento humano como ejes transversales de la pol\u00edtica p\u00fablica actual.<\/p>\n\n\n\n<p>Con tecnolog\u00eda avanzada, an\u00e1lisis de datos y coordinaci\u00f3n directa entre instituciones, este modelo permitir\u00e1 mejorar la respuesta ante emergencias m\u00e9dicas, optimizar la referencia de pacientes y activar de manera estrat\u00e9gica c\u00f3digos de atenci\u00f3n como el C\u00f3digo Mater, que se enfoca en urgencias obst\u00e9tricas y la atenci\u00f3n inmediata de situaciones de alto riesgo, con el fin de consolidar un sistema m\u00e1s seguro, preventivo y humano.<\/p>\n\n\n\n<p>Todo ello, impulsado por an\u00e1lisis de datos en tiempo real y sistemas avanzados de control para la detecci\u00f3n oportuna de brotes epidemiol\u00f3gicos. Cada llamada y cada alerta atendida se traducir\u00e1n en decisiones institucionales orientadas a salvar vidas, gracias al uso de tecnolog\u00eda de \u00faltima generaci\u00f3n y comunicaci\u00f3n directa con las instancias responsables de la atenci\u00f3n prehospitalaria.<\/p>\n","protected":false},"excerpt":{"rendered":"<p>\u00b7&nbsp;&nbsp;&nbsp;&nbsp;&nbsp;&nbsp;&nbsp;&nbsp; Con este proyecto pionero a nivel nacional, la entidad avanza hacia un sistema de atenci\u00f3n m\u00e9dica m\u00e1s humana, moderna, eficiente y segura con el uso de tecnolog\u00eda de punta Oaxaca de Ju\u00e1rez, Oax.- El secretario de Salud, Efr\u00e9n Emmanuel Jarqu\u00edn Gonz\u00e1lez supervis\u00f3 los avances del nuevo proyecto del Centro Estatal de Inteligencia de Salud [&hellip;]<\/p>\n","protected":false},"author":2,"featured_media":69972,"comment_status":"closed","ping_status":"","sticky":false,"template":"","format":"standard","meta":{"footnotes":""},"categories":[2],"tags":[],"class_list":{"0":"post-69970","1":"post","2":"type-post","3":"status-publish","4":"format-standard","5":"has-post-thumbnail","7":"category-oaxaca"},"yoast_head":"<!-- This site is optimized with the Yoast SEO plugin v27.4 - https:\/\/yoast.com\/product\/yoast-seo-wordpress\/ -->\n<title>Oaxaca ser\u00e1 el primer estado en implementar el modelo C5 de Salud - LA BRAVA RADIO<\/title>\n<meta name=\"robots\" content=\"index, follow, max-snippet:-1, max-image-preview:large, max-video-preview:-1\" \/>\n<link rel=\"canonical\" href=\"https:\/\/www.bbmnoticias.com\/oaxaca-sera-el-primer-estado-en-implementar-el-modelo-c5-de-salud\/\" \/>\n<meta property=\"og:locale\" content=\"es_MX\" \/>\n<meta property=\"og:type\" content=\"article\" \/>\n<meta property=\"og:title\" content=\"Oaxaca ser\u00e1 el primer estado en implementar el modelo C5 de Salud - LA BRAVA RADIO\" \/>\n<meta property=\"og:description\" content=\"\u00b7&nbsp;&nbsp;&nbsp;&nbsp;&nbsp;&nbsp;&nbsp;&nbsp; Con este proyecto pionero a nivel nacional, la entidad avanza hacia un sistema de atenci\u00f3n m\u00e9dica m\u00e1s humana, moderna, eficiente y segura con el uso de tecnolog\u00eda de punta Oaxaca de Ju\u00e1rez, Oax.- El secretario de Salud, Efr\u00e9n Emmanuel Jarqu\u00edn Gonz\u00e1lez supervis\u00f3 los avances del nuevo proyecto del Centro Estatal de Inteligencia de Salud [&hellip;]\" \/>\n<meta property=\"og:url\" content=\"https:\/\/www.bbmnoticias.com\/oaxaca-sera-el-primer-estado-en-implementar-el-modelo-c5-de-salud\/\" \/>\n<meta property=\"og:site_name\" content=\"LA BRAVA RADIO\" \/>\n<meta property=\"article:published_time\" content=\"2025-11-18T23:56:13+00:00\" \/>\n<meta property=\"article:modified_time\" content=\"2025-11-18T23:56:16+00:00\" \/>\n<meta property=\"og:image\" content=\"https:\/\/www.bbmnoticias.com\/labravaradiofm\/wp-content\/uploads\/sites\/5\/2025\/11\/thumbnail_Recorrido-C5i-2.jpg\" \/>\n\t<meta property=\"og:image:width\" content=\"800\" \/>\n\t<meta property=\"og:image:height\" content=\"450\" \/>\n\t<meta property=\"og:image:type\" content=\"image\/jpeg\" \/>\n<meta name=\"author\" content=\"Staff\" \/>\n<meta name=\"twitter:card\" content=\"summary_large_image\" \/>\n<meta name=\"twitter:label1\" content=\"Escrito por\" \/>\n\t<meta name=\"twitter:data1\" content=\"Staff\" \/>\n\t<meta name=\"twitter:label2\" content=\"Tiempo de lectura\" \/>\n\t<meta name=\"twitter:data2\" content=\"2 minutos\" \/>\n<script type=\"application\/ld+json\" class=\"yoast-schema-graph\">{\"@context\":\"https:\\\/\\\/schema.org\",\"@graph\":[{\"@type\":\"Article\",\"@id\":\"https:\\\/\\\/www.bbmnoticias.com\\\/oaxaca-sera-el-primer-estado-en-implementar-el-modelo-c5-de-salud\\\/#article\",\"isPartOf\":{\"@id\":\"https:\\\/\\\/www.bbmnoticias.com\\\/labravaradiofm\\\/2025\\\/11\\\/18\\\/oaxaca-sera-el-primer-estado-en-implementar-el-modelo-c5-de-salud\\\/\"},\"author\":{\"name\":\"Staff\",\"@id\":\"https:\\\/\\\/www.bbmnoticias.com\\\/labravaradiofm\\\/#\\\/schema\\\/person\\\/34b139c617a70ea5bef5678bffe4dd7b\"},\"headline\":\"Oaxaca ser\u00e1 el primer estado en implementar el modelo C5 de Salud\",\"datePublished\":\"2025-11-18T23:56:13+00:00\",\"dateModified\":\"2025-11-18T23:56:16+00:00\",\"mainEntityOfPage\":{\"@id\":\"https:\\\/\\\/www.bbmnoticias.com\\\/labravaradiofm\\\/2025\\\/11\\\/18\\\/oaxaca-sera-el-primer-estado-en-implementar-el-modelo-c5-de-salud\\\/\"},\"wordCount\":350,\"image\":{\"@id\":\"https:\\\/\\\/www.bbmnoticias.com\\\/oaxaca-sera-el-primer-estado-en-implementar-el-modelo-c5-de-salud\\\/#primaryimage\"},\"thumbnailUrl\":\"https:\\\/\\\/www.bbmnoticias.com\\\/labravaradiofm\\\/wp-content\\\/uploads\\\/sites\\\/5\\\/2025\\\/11\\\/thumbnail_Recorrido-C5i-2.jpg\",\"articleSection\":[\"LOCAL\"],\"inLanguage\":\"es\"},{\"@type\":\"WebPage\",\"@id\":\"https:\\\/\\\/www.bbmnoticias.com\\\/labravaradiofm\\\/2025\\\/11\\\/18\\\/oaxaca-sera-el-primer-estado-en-implementar-el-modelo-c5-de-salud\\\/\",\"url\":\"https:\\\/\\\/www.bbmnoticias.com\\\/oaxaca-sera-el-primer-estado-en-implementar-el-modelo-c5-de-salud\\\/\",\"name\":\"Oaxaca ser\u00e1 el primer estado en implementar el modelo C5 de Salud - LA BRAVA RADIO\",\"isPartOf\":{\"@id\":\"https:\\\/\\\/www.bbmnoticias.com\\\/labravaradiofm\\\/#website\"},\"primaryImageOfPage\":{\"@id\":\"https:\\\/\\\/www.bbmnoticias.com\\\/oaxaca-sera-el-primer-estado-en-implementar-el-modelo-c5-de-salud\\\/#primaryimage\"},\"image\":{\"@id\":\"https:\\\/\\\/www.bbmnoticias.com\\\/oaxaca-sera-el-primer-estado-en-implementar-el-modelo-c5-de-salud\\\/#primaryimage\"},\"thumbnailUrl\":\"https:\\\/\\\/www.bbmnoticias.com\\\/labravaradiofm\\\/wp-content\\\/uploads\\\/sites\\\/5\\\/2025\\\/11\\\/thumbnail_Recorrido-C5i-2.jpg\",\"datePublished\":\"2025-11-18T23:56:13+00:00\",\"dateModified\":\"2025-11-18T23:56:16+00:00\",\"author\":{\"@id\":\"https:\\\/\\\/www.bbmnoticias.com\\\/labravaradiofm\\\/#\\\/schema\\\/person\\\/34b139c617a70ea5bef5678bffe4dd7b\"},\"breadcrumb\":{\"@id\":\"https:\\\/\\\/www.bbmnoticias.com\\\/oaxaca-sera-el-primer-estado-en-implementar-el-modelo-c5-de-salud\\\/#breadcrumb\"},\"inLanguage\":\"es\",\"potentialAction\":[{\"@type\":\"ReadAction\",\"target\":[\"https:\\\/\\\/www.bbmnoticias.com\\\/oaxaca-sera-el-primer-estado-en-implementar-el-modelo-c5-de-salud\\\/\"]}]},{\"@type\":\"ImageObject\",\"inLanguage\":\"es\",\"@id\":\"https:\\\/\\\/www.bbmnoticias.com\\\/oaxaca-sera-el-primer-estado-en-implementar-el-modelo-c5-de-salud\\\/#primaryimage\",\"url\":\"https:\\\/\\\/www.bbmnoticias.com\\\/labravaradiofm\\\/wp-content\\\/uploads\\\/sites\\\/5\\\/2025\\\/11\\\/thumbnail_Recorrido-C5i-2.jpg\",\"contentUrl\":\"https:\\\/\\\/www.bbmnoticias.com\\\/labravaradiofm\\\/wp-content\\\/uploads\\\/sites\\\/5\\\/2025\\\/11\\\/thumbnail_Recorrido-C5i-2.jpg\",\"width\":800,\"height\":450},{\"@type\":\"BreadcrumbList\",\"@id\":\"https:\\\/\\\/www.bbmnoticias.com\\\/oaxaca-sera-el-primer-estado-en-implementar-el-modelo-c5-de-salud\\\/#breadcrumb\",\"itemListElement\":[{\"@type\":\"ListItem\",\"position\":1,\"name\":\"Inicio\",\"item\":\"https:\\\/\\\/www.bbmnoticias.com\\\/labravaradiofm\\\/\"},{\"@type\":\"ListItem\",\"position\":2,\"name\":\"Oaxaca ser\u00e1 el primer estado en implementar el modelo C5 de Salud\"}]},{\"@type\":\"WebSite\",\"@id\":\"https:\\\/\\\/www.bbmnoticias.com\\\/labravaradiofm\\\/#website\",\"url\":\"https:\\\/\\\/www.bbmnoticias.com\\\/labravaradiofm\\\/\",\"name\":\"LA BRAVA RADIO\",\"description\":\"Empresa productora de medios, Radiodifusi\u00f3n, Noticias, tendencias y todo lo que necesitas saber de la pol\u00edtica mexicana e internacional; entretenimiento, espect\u00e1culos, salud y mucho m\u00e1s.\",\"potentialAction\":[{\"@type\":\"SearchAction\",\"target\":{\"@type\":\"EntryPoint\",\"urlTemplate\":\"https:\\\/\\\/www.bbmnoticias.com\\\/labravaradiofm\\\/?s={search_term_string}\"},\"query-input\":{\"@type\":\"PropertyValueSpecification\",\"valueRequired\":true,\"valueName\":\"search_term_string\"}}],\"inLanguage\":\"es\"},{\"@type\":\"Person\",\"@id\":\"https:\\\/\\\/www.bbmnoticias.com\\\/labravaradiofm\\\/#\\\/schema\\\/person\\\/34b139c617a70ea5bef5678bffe4dd7b\",\"name\":\"Staff\",\"image\":{\"@type\":\"ImageObject\",\"inLanguage\":\"es\",\"@id\":\"https:\\\/\\\/secure.gravatar.com\\\/avatar\\\/fdd21ad66fd8b98c407f9dee5b5e588cfe7f0d8579ec20fa6527cd59bab7f0f0?s=96&d=mm&r=g\",\"url\":\"https:\\\/\\\/secure.gravatar.com\\\/avatar\\\/fdd21ad66fd8b98c407f9dee5b5e588cfe7f0d8579ec20fa6527cd59bab7f0f0?s=96&d=mm&r=g\",\"contentUrl\":\"https:\\\/\\\/secure.gravatar.com\\\/avatar\\\/fdd21ad66fd8b98c407f9dee5b5e588cfe7f0d8579ec20fa6527cd59bab7f0f0?s=96&d=mm&r=g\",\"caption\":\"Staff\"},\"url\":\"https:\\\/\\\/www.bbmnoticias.com\\\/labravaradiofm\\\/author\\\/redaccion\\\/\"}]}<\/script>\n<!-- \/ Yoast SEO plugin. -->","yoast_head_json":{"title":"Oaxaca ser\u00e1 el primer estado en implementar el modelo C5 de Salud - LA BRAVA RADIO","robots":{"index":"index","follow":"follow","max-snippet":"max-snippet:-1","max-image-preview":"max-image-preview:large","max-video-preview":"max-video-preview:-1"},"canonical":"https:\/\/www.bbmnoticias.com\/oaxaca-sera-el-primer-estado-en-implementar-el-modelo-c5-de-salud\/","og_locale":"es_MX","og_type":"article","og_title":"Oaxaca ser\u00e1 el primer estado en implementar el modelo C5 de Salud - LA BRAVA RADIO","og_description":"\u00b7&nbsp;&nbsp;&nbsp;&nbsp;&nbsp;&nbsp;&nbsp;&nbsp; Con este proyecto pionero a nivel nacional, la entidad avanza hacia un sistema de atenci\u00f3n m\u00e9dica m\u00e1s humana, moderna, eficiente y segura con el uso de tecnolog\u00eda de punta Oaxaca de Ju\u00e1rez, Oax.- El secretario de Salud, Efr\u00e9n Emmanuel Jarqu\u00edn Gonz\u00e1lez supervis\u00f3 los avances del nuevo proyecto del Centro Estatal de Inteligencia de Salud [&hellip;]","og_url":"https:\/\/www.bbmnoticias.com\/oaxaca-sera-el-primer-estado-en-implementar-el-modelo-c5-de-salud\/","og_site_name":"LA BRAVA RADIO","article_published_time":"2025-11-18T23:56:13+00:00","article_modified_time":"2025-11-18T23:56:16+00:00","og_image":[{"width":800,"height":450,"url":"https:\/\/www.bbmnoticias.com\/labravaradiofm\/wp-content\/uploads\/sites\/5\/2025\/11\/thumbnail_Recorrido-C5i-2.jpg","type":"image\/jpeg"}],"author":"Staff","twitter_card":"summary_large_image","twitter_misc":{"Escrito por":"Staff","Tiempo de lectura":"2 minutos"},"schema":{"@context":"https:\/\/schema.org","@graph":[{"@type":"Article","@id":"https:\/\/www.bbmnoticias.com\/oaxaca-sera-el-primer-estado-en-implementar-el-modelo-c5-de-salud\/#article","isPartOf":{"@id":"https:\/\/www.bbmnoticias.com\/labravaradiofm\/2025\/11\/18\/oaxaca-sera-el-primer-estado-en-implementar-el-modelo-c5-de-salud\/"},"author":{"name":"Staff","@id":"https:\/\/www.bbmnoticias.com\/labravaradiofm\/#\/schema\/person\/34b139c617a70ea5bef5678bffe4dd7b"},"headline":"Oaxaca ser\u00e1 el primer estado en implementar el modelo C5 de Salud","datePublished":"2025-11-18T23:56:13+00:00","dateModified":"2025-11-18T23:56:16+00:00","mainEntityOfPage":{"@id":"https:\/\/www.bbmnoticias.com\/labravaradiofm\/2025\/11\/18\/oaxaca-sera-el-primer-estado-en-implementar-el-modelo-c5-de-salud\/"},"wordCount":350,"image":{"@id":"https:\/\/www.bbmnoticias.com\/oaxaca-sera-el-primer-estado-en-implementar-el-modelo-c5-de-salud\/#primaryimage"},"thumbnailUrl":"https:\/\/www.bbmnoticias.com\/labravaradiofm\/wp-content\/uploads\/sites\/5\/2025\/11\/thumbnail_Recorrido-C5i-2.jpg","articleSection":["LOCAL"],"inLanguage":"es"},{"@type":"WebPage","@id":"https:\/\/www.bbmnoticias.com\/labravaradiofm\/2025\/11\/18\/oaxaca-sera-el-primer-estado-en-implementar-el-modelo-c5-de-salud\/","url":"https:\/\/www.bbmnoticias.com\/oaxaca-sera-el-primer-estado-en-implementar-el-modelo-c5-de-salud\/","name":"Oaxaca ser\u00e1 el primer estado en implementar el modelo C5 de Salud - LA BRAVA RADIO","isPartOf":{"@id":"https:\/\/www.bbmnoticias.com\/labravaradiofm\/#website"},"primaryImageOfPage":{"@id":"https:\/\/www.bbmnoticias.com\/oaxaca-sera-el-primer-estado-en-implementar-el-modelo-c5-de-salud\/#primaryimage"},"image":{"@id":"https:\/\/www.bbmnoticias.com\/oaxaca-sera-el-primer-estado-en-implementar-el-modelo-c5-de-salud\/#primaryimage"},"thumbnailUrl":"https:\/\/www.bbmnoticias.com\/labravaradiofm\/wp-content\/uploads\/sites\/5\/2025\/11\/thumbnail_Recorrido-C5i-2.jpg","datePublished":"2025-11-18T23:56:13+00:00","dateModified":"2025-11-18T23:56:16+00:00","author":{"@id":"https:\/\/www.bbmnoticias.com\/labravaradiofm\/#\/schema\/person\/34b139c617a70ea5bef5678bffe4dd7b"},"breadcrumb":{"@id":"https:\/\/www.bbmnoticias.com\/oaxaca-sera-el-primer-estado-en-implementar-el-modelo-c5-de-salud\/#breadcrumb"},"inLanguage":"es","potentialAction":[{"@type":"ReadAction","target":["https:\/\/www.bbmnoticias.com\/oaxaca-sera-el-primer-estado-en-implementar-el-modelo-c5-de-salud\/"]}]},{"@type":"ImageObject","inLanguage":"es","@id":"https:\/\/www.bbmnoticias.com\/oaxaca-sera-el-primer-estado-en-implementar-el-modelo-c5-de-salud\/#primaryimage","url":"https:\/\/www.bbmnoticias.com\/labravaradiofm\/wp-content\/uploads\/sites\/5\/2025\/11\/thumbnail_Recorrido-C5i-2.jpg","contentUrl":"https:\/\/www.bbmnoticias.com\/labravaradiofm\/wp-content\/uploads\/sites\/5\/2025\/11\/thumbnail_Recorrido-C5i-2.jpg","width":800,"height":450},{"@type":"BreadcrumbList","@id":"https:\/\/www.bbmnoticias.com\/oaxaca-sera-el-primer-estado-en-implementar-el-modelo-c5-de-salud\/#breadcrumb","itemListElement":[{"@type":"ListItem","position":1,"name":"Inicio","item":"https:\/\/www.bbmnoticias.com\/labravaradiofm\/"},{"@type":"ListItem","position":2,"name":"Oaxaca ser\u00e1 el primer estado en implementar el modelo C5 de Salud"}]},{"@type":"WebSite","@id":"https:\/\/www.bbmnoticias.com\/labravaradiofm\/#website","url":"https:\/\/www.bbmnoticias.com\/labravaradiofm\/","name":"LA BRAVA RADIO","description":"Empresa productora de medios, Radiodifusi\u00f3n, Noticias, tendencias y todo lo que necesitas saber de la pol\u00edtica mexicana e internacional; entretenimiento, espect\u00e1culos, salud y mucho m\u00e1s.","potentialAction":[{"@type":"SearchAction","target":{"@type":"EntryPoint","urlTemplate":"https:\/\/www.bbmnoticias.com\/labravaradiofm\/?s={search_term_string}"},"query-input":{"@type":"PropertyValueSpecification","valueRequired":true,"valueName":"search_term_string"}}],"inLanguage":"es"},{"@type":"Person","@id":"https:\/\/www.bbmnoticias.com\/labravaradiofm\/#\/schema\/person\/34b139c617a70ea5bef5678bffe4dd7b","name":"Staff","image":{"@type":"ImageObject","inLanguage":"es","@id":"https:\/\/secure.gravatar.com\/avatar\/fdd21ad66fd8b98c407f9dee5b5e588cfe7f0d8579ec20fa6527cd59bab7f0f0?s=96&d=mm&r=g","url":"https:\/\/secure.gravatar.com\/avatar\/fdd21ad66fd8b98c407f9dee5b5e588cfe7f0d8579ec20fa6527cd59bab7f0f0?s=96&d=mm&r=g","contentUrl":"https:\/\/secure.gravatar.com\/avatar\/fdd21ad66fd8b98c407f9dee5b5e588cfe7f0d8579ec20fa6527cd59bab7f0f0?s=96&d=mm&r=g","caption":"Staff"},"url":"https:\/\/www.bbmnoticias.com\/labravaradiofm\/author\/redaccion\/"}]}},"_links":{"self":[{"href":"https:\/\/www.bbmnoticias.com\/labravaradiofm\/wp-json\/wp\/v2\/posts\/69970","targetHints":{"allow":["GET"]}}],"collection":[{"href":"https:\/\/www.bbmnoticias.com\/labravaradiofm\/wp-json\/wp\/v2\/posts"}],"about":[{"href":"https:\/\/www.bbmnoticias.com\/labravaradiofm\/wp-json\/wp\/v2\/types\/post"}],"author":[{"embeddable":true,"href":"https:\/\/www.bbmnoticias.com\/labravaradiofm\/wp-json\/wp\/v2\/users\/2"}],"replies":[{"embeddable":true,"href":"https:\/\/www.bbmnoticias.com\/labravaradiofm\/wp-json\/wp\/v2\/comments?post=69970"}],"version-history":[{"count":0,"href":"https:\/\/www.bbmnoticias.com\/labravaradiofm\/wp-json\/wp\/v2\/posts\/69970\/revisions"}],"wp:featuredmedia":[{"embeddable":true,"href":"https:\/\/www.bbmnoticias.com\/labravaradiofm\/wp-json\/wp\/v2\/media\/69972"}],"wp:attachment":[{"href":"https:\/\/www.bbmnoticias.com\/labravaradiofm\/wp-json\/wp\/v2\/media?parent=69970"}],"wp:term":[{"taxonomy":"category","embeddable":true,"href":"https:\/\/www.bbmnoticias.com\/labravaradiofm\/wp-json\/wp\/v2\/categories?post=69970"},{"taxonomy":"post_tag","embeddable":true,"href":"https:\/\/www.bbmnoticias.com\/labravaradiofm\/wp-json\/wp\/v2\/tags?post=69970"}],"curies":[{"name":"wp","href":"https:\/\/api.w.org\/{rel}","templated":true}]}}