{"id":69967,"date":"2025-11-18T17:24:18","date_gmt":"2025-11-18T23:24:18","guid":{"rendered":"https:\/\/www.bbmnoticias.com\/labravaradiofm\/2025\/11\/18\/destaca-mesa-internacional-trabajo-del-gobierno-del-estado-para-la-igualdad-de-genero\/"},"modified":"2025-11-18T17:24:42","modified_gmt":"2025-11-18T23:24:42","slug":"destaca-mesa-internacional-trabajo-del-gobierno-del-estado-para-la-igualdad-de-genero","status":"publish","type":"post","link":"https:\/\/www.bbmnoticias.com\/labravaradiofm\/2025\/11\/18\/destaca-mesa-internacional-trabajo-del-gobierno-del-estado-para-la-igualdad-de-genero\/","title":{"rendered":"Destaca mesa internacional trabajo del Gobierno del Estado para la igualdad de g\u00e9nero"},"content":{"rendered":"<div style=\"margin-top: 0px; margin-bottom: 0px;\" class=\"sharethis-inline-share-buttons\" ><\/div>\n<p><strong>Oaxaca de Ju\u00e1rez, Oax.-<\/strong> La Mesa de Cooperaci\u00f3n Internacional para la Igualdad de G\u00e9nero en M\u00e9xico (MCIG) destac\u00f3 el trabajo que impulsa el Gobierno del Estado para que las mujeres de la entidad cuenten con las mismas oportunidades de desarrollo y bienestar social.<\/p>\n\n\n\n<p>Durante una sesi\u00f3n de trabajo de la MCIG, la cual dirigi\u00f3 la Secretar\u00eda de Desarrollo Econ\u00f3mico (Sedeco) y reuni\u00f3 a representantes de embajadas y de organismos internacionales de Uruguay, Australia y Pa\u00edses Bajos que la integran; se expusieron avances y acciones que realiza la Primavera Oaxaque\u00f1a en la materia y cuyo eje central es garantizar que nadie se quede atr\u00e1s ni fuera de los beneficios del progreso, especialmente mujeres, ni\u00f1as, pueblos originarios y afrodescendientes.<\/p>\n\n\n\n<p>El titular de la Sedeco, Ra\u00fal Ruiz Robles expuso que esta instancia genera nuevas oportunidades para la poblaci\u00f3n, promueve el arribo de inversiones para la creaci\u00f3n de empleos, fortalece las cadenas productivas locales y crea v\u00ednculos entre los sectores educativo y empresarial para formar talentos especializados que favorezca a las juventudes, en especial a las mujeres, y lograr una igualdad sustantiva.<\/p>\n\n\n\n<p>Se anunci\u00f3 que las delegaciones internacionales visitar\u00e1n comunidades originarias de la entidad con el fin de conocer proyectos locales que promueven el desarrollo y la autonom\u00eda de las oaxaque\u00f1as desde una visi\u00f3n intercultural.<\/p>\n\n\n\n<p>La MCIG articula esfuerzos entre la comunidad internacional y las instituciones locales para acelerar el empoderamiento de las mujeres y promover pol\u00edticas p\u00fablicas con perspectiva de g\u00e9nero, las cuales se alinean al Plan Estatal de Desarrollo 2022-2028.<\/p>\n","protected":false},"excerpt":{"rendered":"<p>Oaxaca de Ju\u00e1rez, Oax.- La Mesa de Cooperaci\u00f3n Internacional para la Igualdad de G\u00e9nero en M\u00e9xico (MCIG) destac\u00f3 el trabajo que impulsa el Gobierno del Estado para que las mujeres de la entidad cuenten con las mismas oportunidades de desarrollo y bienestar social. Durante una sesi\u00f3n de trabajo de la MCIG, la cual dirigi\u00f3 la [&hellip;]<\/p>\n","protected":false},"author":2,"featured_media":69969,"comment_status":"closed","ping_status":"","sticky":false,"template":"","format":"standard","meta":{"footnotes":""},"categories":[2],"tags":[],"class_list":{"0":"post-69967","1":"post","2":"type-post","3":"status-publish","4":"format-standard","5":"has-post-thumbnail","7":"category-oaxaca"},"yoast_head":"<!-- This site is optimized with the Yoast SEO plugin v27.4 - https:\/\/yoast.com\/product\/yoast-seo-wordpress\/ -->\n<title>Destaca mesa internacional trabajo del Gobierno del Estado para la igualdad de g\u00e9nero - LA BRAVA RADIO<\/title>\n<meta name=\"robots\" content=\"index, follow, max-snippet:-1, max-image-preview:large, max-video-preview:-1\" \/>\n<link rel=\"canonical\" href=\"https:\/\/www.bbmnoticias.com\/destaca-mesa-internacional-trabajo-del-gobierno-del-estado-para-la-igualdad-de-genero\/\" \/>\n<meta property=\"og:locale\" content=\"es_MX\" \/>\n<meta property=\"og:type\" content=\"article\" \/>\n<meta property=\"og:title\" content=\"Destaca mesa internacional trabajo del Gobierno del Estado para la igualdad de g\u00e9nero - LA BRAVA RADIO\" \/>\n<meta property=\"og:description\" content=\"Oaxaca de Ju\u00e1rez, Oax.- La Mesa de Cooperaci\u00f3n Internacional para la Igualdad de G\u00e9nero en M\u00e9xico (MCIG) destac\u00f3 el trabajo que impulsa el Gobierno del Estado para que las mujeres de la entidad cuenten con las mismas oportunidades de desarrollo y bienestar social. Durante una sesi\u00f3n de trabajo de la MCIG, la cual dirigi\u00f3 la [&hellip;]\" \/>\n<meta property=\"og:url\" content=\"https:\/\/www.bbmnoticias.com\/destaca-mesa-internacional-trabajo-del-gobierno-del-estado-para-la-igualdad-de-genero\/\" \/>\n<meta property=\"og:site_name\" content=\"LA BRAVA RADIO\" \/>\n<meta property=\"article:published_time\" content=\"2025-11-18T23:24:18+00:00\" \/>\n<meta property=\"article:modified_time\" content=\"2025-11-18T23:24:42+00:00\" \/>\n<meta property=\"og:image\" content=\"https:\/\/www.bbmnoticias.com\/labravaradiofm\/wp-content\/uploads\/sites\/5\/2025\/11\/Destaca-mesa-internacional-trabajo-del-Gobierno-del-Estado-para-la-igualdad-de-genero-1.jpeg\" \/>\n\t<meta property=\"og:image:width\" content=\"1280\" \/>\n\t<meta property=\"og:image:height\" content=\"854\" \/>\n\t<meta property=\"og:image:type\" content=\"image\/jpeg\" \/>\n<meta name=\"author\" content=\"Staff\" \/>\n<meta name=\"twitter:card\" content=\"summary_large_image\" \/>\n<meta name=\"twitter:label1\" content=\"Escrito por\" \/>\n\t<meta name=\"twitter:data1\" content=\"Staff\" \/>\n\t<meta name=\"twitter:label2\" content=\"Tiempo de lectura\" \/>\n\t<meta name=\"twitter:data2\" content=\"1 minuto\" \/>\n<script type=\"application\/ld+json\" class=\"yoast-schema-graph\">{\"@context\":\"https:\\\/\\\/schema.org\",\"@graph\":[{\"@type\":\"Article\",\"@id\":\"https:\\\/\\\/www.bbmnoticias.com\\\/destaca-mesa-internacional-trabajo-del-gobierno-del-estado-para-la-igualdad-de-genero\\\/#article\",\"isPartOf\":{\"@id\":\"https:\\\/\\\/www.bbmnoticias.com\\\/labravaradiofm\\\/2025\\\/11\\\/18\\\/destaca-mesa-internacional-trabajo-del-gobierno-del-estado-para-la-igualdad-de-genero\\\/\"},\"author\":{\"name\":\"Staff\",\"@id\":\"https:\\\/\\\/www.bbmnoticias.com\\\/labravaradiofm\\\/#\\\/schema\\\/person\\\/34b139c617a70ea5bef5678bffe4dd7b\"},\"headline\":\"Destaca mesa internacional trabajo del Gobierno del Estado para la igualdad de g\u00e9nero\",\"datePublished\":\"2025-11-18T23:24:18+00:00\",\"dateModified\":\"2025-11-18T23:24:42+00:00\",\"mainEntityOfPage\":{\"@id\":\"https:\\\/\\\/www.bbmnoticias.com\\\/labravaradiofm\\\/2025\\\/11\\\/18\\\/destaca-mesa-internacional-trabajo-del-gobierno-del-estado-para-la-igualdad-de-genero\\\/\"},\"wordCount\":285,\"image\":{\"@id\":\"https:\\\/\\\/www.bbmnoticias.com\\\/destaca-mesa-internacional-trabajo-del-gobierno-del-estado-para-la-igualdad-de-genero\\\/#primaryimage\"},\"thumbnailUrl\":\"https:\\\/\\\/www.bbmnoticias.com\\\/labravaradiofm\\\/wp-content\\\/uploads\\\/sites\\\/5\\\/2025\\\/11\\\/Destaca-mesa-internacional-trabajo-del-Gobierno-del-Estado-para-la-igualdad-de-genero-1.jpeg\",\"articleSection\":[\"LOCAL\"],\"inLanguage\":\"es\"},{\"@type\":\"WebPage\",\"@id\":\"https:\\\/\\\/www.bbmnoticias.com\\\/labravaradiofm\\\/2025\\\/11\\\/18\\\/destaca-mesa-internacional-trabajo-del-gobierno-del-estado-para-la-igualdad-de-genero\\\/\",\"url\":\"https:\\\/\\\/www.bbmnoticias.com\\\/destaca-mesa-internacional-trabajo-del-gobierno-del-estado-para-la-igualdad-de-genero\\\/\",\"name\":\"Destaca mesa internacional trabajo del Gobierno del Estado para la igualdad de g\u00e9nero - LA BRAVA RADIO\",\"isPartOf\":{\"@id\":\"https:\\\/\\\/www.bbmnoticias.com\\\/labravaradiofm\\\/#website\"},\"primaryImageOfPage\":{\"@id\":\"https:\\\/\\\/www.bbmnoticias.com\\\/destaca-mesa-internacional-trabajo-del-gobierno-del-estado-para-la-igualdad-de-genero\\\/#primaryimage\"},\"image\":{\"@id\":\"https:\\\/\\\/www.bbmnoticias.com\\\/destaca-mesa-internacional-trabajo-del-gobierno-del-estado-para-la-igualdad-de-genero\\\/#primaryimage\"},\"thumbnailUrl\":\"https:\\\/\\\/www.bbmnoticias.com\\\/labravaradiofm\\\/wp-content\\\/uploads\\\/sites\\\/5\\\/2025\\\/11\\\/Destaca-mesa-internacional-trabajo-del-Gobierno-del-Estado-para-la-igualdad-de-genero-1.jpeg\",\"datePublished\":\"2025-11-18T23:24:18+00:00\",\"dateModified\":\"2025-11-18T23:24:42+00:00\",\"author\":{\"@id\":\"https:\\\/\\\/www.bbmnoticias.com\\\/labravaradiofm\\\/#\\\/schema\\\/person\\\/34b139c617a70ea5bef5678bffe4dd7b\"},\"breadcrumb\":{\"@id\":\"https:\\\/\\\/www.bbmnoticias.com\\\/destaca-mesa-internacional-trabajo-del-gobierno-del-estado-para-la-igualdad-de-genero\\\/#breadcrumb\"},\"inLanguage\":\"es\",\"potentialAction\":[{\"@type\":\"ReadAction\",\"target\":[\"https:\\\/\\\/www.bbmnoticias.com\\\/destaca-mesa-internacional-trabajo-del-gobierno-del-estado-para-la-igualdad-de-genero\\\/\"]}]},{\"@type\":\"ImageObject\",\"inLanguage\":\"es\",\"@id\":\"https:\\\/\\\/www.bbmnoticias.com\\\/destaca-mesa-internacional-trabajo-del-gobierno-del-estado-para-la-igualdad-de-genero\\\/#primaryimage\",\"url\":\"https:\\\/\\\/www.bbmnoticias.com\\\/labravaradiofm\\\/wp-content\\\/uploads\\\/sites\\\/5\\\/2025\\\/11\\\/Destaca-mesa-internacional-trabajo-del-Gobierno-del-Estado-para-la-igualdad-de-genero-1.jpeg\",\"contentUrl\":\"https:\\\/\\\/www.bbmnoticias.com\\\/labravaradiofm\\\/wp-content\\\/uploads\\\/sites\\\/5\\\/2025\\\/11\\\/Destaca-mesa-internacional-trabajo-del-Gobierno-del-Estado-para-la-igualdad-de-genero-1.jpeg\",\"width\":1280,\"height\":854},{\"@type\":\"BreadcrumbList\",\"@id\":\"https:\\\/\\\/www.bbmnoticias.com\\\/destaca-mesa-internacional-trabajo-del-gobierno-del-estado-para-la-igualdad-de-genero\\\/#breadcrumb\",\"itemListElement\":[{\"@type\":\"ListItem\",\"position\":1,\"name\":\"Inicio\",\"item\":\"https:\\\/\\\/www.bbmnoticias.com\\\/labravaradiofm\\\/\"},{\"@type\":\"ListItem\",\"position\":2,\"name\":\"Destaca mesa internacional trabajo del Gobierno del Estado para la igualdad de g\u00e9nero\"}]},{\"@type\":\"WebSite\",\"@id\":\"https:\\\/\\\/www.bbmnoticias.com\\\/labravaradiofm\\\/#website\",\"url\":\"https:\\\/\\\/www.bbmnoticias.com\\\/labravaradiofm\\\/\",\"name\":\"LA BRAVA RADIO\",\"description\":\"Empresa productora de medios, Radiodifusi\u00f3n, Noticias, tendencias y todo lo que necesitas saber de la pol\u00edtica mexicana e internacional; entretenimiento, espect\u00e1culos, salud y mucho m\u00e1s.\",\"potentialAction\":[{\"@type\":\"SearchAction\",\"target\":{\"@type\":\"EntryPoint\",\"urlTemplate\":\"https:\\\/\\\/www.bbmnoticias.com\\\/labravaradiofm\\\/?s={search_term_string}\"},\"query-input\":{\"@type\":\"PropertyValueSpecification\",\"valueRequired\":true,\"valueName\":\"search_term_string\"}}],\"inLanguage\":\"es\"},{\"@type\":\"Person\",\"@id\":\"https:\\\/\\\/www.bbmnoticias.com\\\/labravaradiofm\\\/#\\\/schema\\\/person\\\/34b139c617a70ea5bef5678bffe4dd7b\",\"name\":\"Staff\",\"image\":{\"@type\":\"ImageObject\",\"inLanguage\":\"es\",\"@id\":\"https:\\\/\\\/secure.gravatar.com\\\/avatar\\\/fdd21ad66fd8b98c407f9dee5b5e588cfe7f0d8579ec20fa6527cd59bab7f0f0?s=96&d=mm&r=g\",\"url\":\"https:\\\/\\\/secure.gravatar.com\\\/avatar\\\/fdd21ad66fd8b98c407f9dee5b5e588cfe7f0d8579ec20fa6527cd59bab7f0f0?s=96&d=mm&r=g\",\"contentUrl\":\"https:\\\/\\\/secure.gravatar.com\\\/avatar\\\/fdd21ad66fd8b98c407f9dee5b5e588cfe7f0d8579ec20fa6527cd59bab7f0f0?s=96&d=mm&r=g\",\"caption\":\"Staff\"},\"url\":\"https:\\\/\\\/www.bbmnoticias.com\\\/labravaradiofm\\\/author\\\/redaccion\\\/\"}]}<\/script>\n<!-- \/ Yoast SEO plugin. -->","yoast_head_json":{"title":"Destaca mesa internacional trabajo del Gobierno del Estado para la igualdad de g\u00e9nero - LA BRAVA RADIO","robots":{"index":"index","follow":"follow","max-snippet":"max-snippet:-1","max-image-preview":"max-image-preview:large","max-video-preview":"max-video-preview:-1"},"canonical":"https:\/\/www.bbmnoticias.com\/destaca-mesa-internacional-trabajo-del-gobierno-del-estado-para-la-igualdad-de-genero\/","og_locale":"es_MX","og_type":"article","og_title":"Destaca mesa internacional trabajo del Gobierno del Estado para la igualdad de g\u00e9nero - LA BRAVA RADIO","og_description":"Oaxaca de Ju\u00e1rez, Oax.- La Mesa de Cooperaci\u00f3n Internacional para la Igualdad de G\u00e9nero en M\u00e9xico (MCIG) destac\u00f3 el trabajo que impulsa el Gobierno del Estado para que las mujeres de la entidad cuenten con las mismas oportunidades de desarrollo y bienestar social. Durante una sesi\u00f3n de trabajo de la MCIG, la cual dirigi\u00f3 la [&hellip;]","og_url":"https:\/\/www.bbmnoticias.com\/destaca-mesa-internacional-trabajo-del-gobierno-del-estado-para-la-igualdad-de-genero\/","og_site_name":"LA BRAVA RADIO","article_published_time":"2025-11-18T23:24:18+00:00","article_modified_time":"2025-11-18T23:24:42+00:00","og_image":[{"width":1280,"height":854,"url":"https:\/\/www.bbmnoticias.com\/labravaradiofm\/wp-content\/uploads\/sites\/5\/2025\/11\/Destaca-mesa-internacional-trabajo-del-Gobierno-del-Estado-para-la-igualdad-de-genero-1.jpeg","type":"image\/jpeg"}],"author":"Staff","twitter_card":"summary_large_image","twitter_misc":{"Escrito por":"Staff","Tiempo de lectura":"1 minuto"},"schema":{"@context":"https:\/\/schema.org","@graph":[{"@type":"Article","@id":"https:\/\/www.bbmnoticias.com\/destaca-mesa-internacional-trabajo-del-gobierno-del-estado-para-la-igualdad-de-genero\/#article","isPartOf":{"@id":"https:\/\/www.bbmnoticias.com\/labravaradiofm\/2025\/11\/18\/destaca-mesa-internacional-trabajo-del-gobierno-del-estado-para-la-igualdad-de-genero\/"},"author":{"name":"Staff","@id":"https:\/\/www.bbmnoticias.com\/labravaradiofm\/#\/schema\/person\/34b139c617a70ea5bef5678bffe4dd7b"},"headline":"Destaca mesa internacional trabajo del Gobierno del Estado para la igualdad de g\u00e9nero","datePublished":"2025-11-18T23:24:18+00:00","dateModified":"2025-11-18T23:24:42+00:00","mainEntityOfPage":{"@id":"https:\/\/www.bbmnoticias.com\/labravaradiofm\/2025\/11\/18\/destaca-mesa-internacional-trabajo-del-gobierno-del-estado-para-la-igualdad-de-genero\/"},"wordCount":285,"image":{"@id":"https:\/\/www.bbmnoticias.com\/destaca-mesa-internacional-trabajo-del-gobierno-del-estado-para-la-igualdad-de-genero\/#primaryimage"},"thumbnailUrl":"https:\/\/www.bbmnoticias.com\/labravaradiofm\/wp-content\/uploads\/sites\/5\/2025\/11\/Destaca-mesa-internacional-trabajo-del-Gobierno-del-Estado-para-la-igualdad-de-genero-1.jpeg","articleSection":["LOCAL"],"inLanguage":"es"},{"@type":"WebPage","@id":"https:\/\/www.bbmnoticias.com\/labravaradiofm\/2025\/11\/18\/destaca-mesa-internacional-trabajo-del-gobierno-del-estado-para-la-igualdad-de-genero\/","url":"https:\/\/www.bbmnoticias.com\/destaca-mesa-internacional-trabajo-del-gobierno-del-estado-para-la-igualdad-de-genero\/","name":"Destaca mesa internacional trabajo del Gobierno del Estado para la igualdad de g\u00e9nero - LA BRAVA RADIO","isPartOf":{"@id":"https:\/\/www.bbmnoticias.com\/labravaradiofm\/#website"},"primaryImageOfPage":{"@id":"https:\/\/www.bbmnoticias.com\/destaca-mesa-internacional-trabajo-del-gobierno-del-estado-para-la-igualdad-de-genero\/#primaryimage"},"image":{"@id":"https:\/\/www.bbmnoticias.com\/destaca-mesa-internacional-trabajo-del-gobierno-del-estado-para-la-igualdad-de-genero\/#primaryimage"},"thumbnailUrl":"https:\/\/www.bbmnoticias.com\/labravaradiofm\/wp-content\/uploads\/sites\/5\/2025\/11\/Destaca-mesa-internacional-trabajo-del-Gobierno-del-Estado-para-la-igualdad-de-genero-1.jpeg","datePublished":"2025-11-18T23:24:18+00:00","dateModified":"2025-11-18T23:24:42+00:00","author":{"@id":"https:\/\/www.bbmnoticias.com\/labravaradiofm\/#\/schema\/person\/34b139c617a70ea5bef5678bffe4dd7b"},"breadcrumb":{"@id":"https:\/\/www.bbmnoticias.com\/destaca-mesa-internacional-trabajo-del-gobierno-del-estado-para-la-igualdad-de-genero\/#breadcrumb"},"inLanguage":"es","potentialAction":[{"@type":"ReadAction","target":["https:\/\/www.bbmnoticias.com\/destaca-mesa-internacional-trabajo-del-gobierno-del-estado-para-la-igualdad-de-genero\/"]}]},{"@type":"ImageObject","inLanguage":"es","@id":"https:\/\/www.bbmnoticias.com\/destaca-mesa-internacional-trabajo-del-gobierno-del-estado-para-la-igualdad-de-genero\/#primaryimage","url":"https:\/\/www.bbmnoticias.com\/labravaradiofm\/wp-content\/uploads\/sites\/5\/2025\/11\/Destaca-mesa-internacional-trabajo-del-Gobierno-del-Estado-para-la-igualdad-de-genero-1.jpeg","contentUrl":"https:\/\/www.bbmnoticias.com\/labravaradiofm\/wp-content\/uploads\/sites\/5\/2025\/11\/Destaca-mesa-internacional-trabajo-del-Gobierno-del-Estado-para-la-igualdad-de-genero-1.jpeg","width":1280,"height":854},{"@type":"BreadcrumbList","@id":"https:\/\/www.bbmnoticias.com\/destaca-mesa-internacional-trabajo-del-gobierno-del-estado-para-la-igualdad-de-genero\/#breadcrumb","itemListElement":[{"@type":"ListItem","position":1,"name":"Inicio","item":"https:\/\/www.bbmnoticias.com\/labravaradiofm\/"},{"@type":"ListItem","position":2,"name":"Destaca mesa internacional trabajo del Gobierno del Estado para la igualdad de g\u00e9nero"}]},{"@type":"WebSite","@id":"https:\/\/www.bbmnoticias.com\/labravaradiofm\/#website","url":"https:\/\/www.bbmnoticias.com\/labravaradiofm\/","name":"LA BRAVA RADIO","description":"Empresa productora de medios, Radiodifusi\u00f3n, Noticias, tendencias y todo lo que necesitas saber de la pol\u00edtica mexicana e internacional; entretenimiento, espect\u00e1culos, salud y mucho m\u00e1s.","potentialAction":[{"@type":"SearchAction","target":{"@type":"EntryPoint","urlTemplate":"https:\/\/www.bbmnoticias.com\/labravaradiofm\/?s={search_term_string}"},"query-input":{"@type":"PropertyValueSpecification","valueRequired":true,"valueName":"search_term_string"}}],"inLanguage":"es"},{"@type":"Person","@id":"https:\/\/www.bbmnoticias.com\/labravaradiofm\/#\/schema\/person\/34b139c617a70ea5bef5678bffe4dd7b","name":"Staff","image":{"@type":"ImageObject","inLanguage":"es","@id":"https:\/\/secure.gravatar.com\/avatar\/fdd21ad66fd8b98c407f9dee5b5e588cfe7f0d8579ec20fa6527cd59bab7f0f0?s=96&d=mm&r=g","url":"https:\/\/secure.gravatar.com\/avatar\/fdd21ad66fd8b98c407f9dee5b5e588cfe7f0d8579ec20fa6527cd59bab7f0f0?s=96&d=mm&r=g","contentUrl":"https:\/\/secure.gravatar.com\/avatar\/fdd21ad66fd8b98c407f9dee5b5e588cfe7f0d8579ec20fa6527cd59bab7f0f0?s=96&d=mm&r=g","caption":"Staff"},"url":"https:\/\/www.bbmnoticias.com\/labravaradiofm\/author\/redaccion\/"}]}},"_links":{"self":[{"href":"https:\/\/www.bbmnoticias.com\/labravaradiofm\/wp-json\/wp\/v2\/posts\/69967","targetHints":{"allow":["GET"]}}],"collection":[{"href":"https:\/\/www.bbmnoticias.com\/labravaradiofm\/wp-json\/wp\/v2\/posts"}],"about":[{"href":"https:\/\/www.bbmnoticias.com\/labravaradiofm\/wp-json\/wp\/v2\/types\/post"}],"author":[{"embeddable":true,"href":"https:\/\/www.bbmnoticias.com\/labravaradiofm\/wp-json\/wp\/v2\/users\/2"}],"replies":[{"embeddable":true,"href":"https:\/\/www.bbmnoticias.com\/labravaradiofm\/wp-json\/wp\/v2\/comments?post=69967"}],"version-history":[{"count":0,"href":"https:\/\/www.bbmnoticias.com\/labravaradiofm\/wp-json\/wp\/v2\/posts\/69967\/revisions"}],"wp:featuredmedia":[{"embeddable":true,"href":"https:\/\/www.bbmnoticias.com\/labravaradiofm\/wp-json\/wp\/v2\/media\/69969"}],"wp:attachment":[{"href":"https:\/\/www.bbmnoticias.com\/labravaradiofm\/wp-json\/wp\/v2\/media?parent=69967"}],"wp:term":[{"taxonomy":"category","embeddable":true,"href":"https:\/\/www.bbmnoticias.com\/labravaradiofm\/wp-json\/wp\/v2\/categories?post=69967"},{"taxonomy":"post_tag","embeddable":true,"href":"https:\/\/www.bbmnoticias.com\/labravaradiofm\/wp-json\/wp\/v2\/tags?post=69967"}],"curies":[{"name":"wp","href":"https:\/\/api.w.org\/{rel}","templated":true}]}}