{"id":69964,"date":"2025-11-18T15:57:53","date_gmt":"2025-11-18T21:57:53","guid":{"rendered":"https:\/\/www.bbmnoticias.com\/labravaradiofm\/2025\/11\/18\/con-entrega-del-premio-estatal-de-la-juventud-2025-gobernador-de-oaxaca-reconoce-fuerza-transformadora-de-este-sector\/"},"modified":"2025-11-18T15:57:58","modified_gmt":"2025-11-18T21:57:58","slug":"con-entrega-del-premio-estatal-de-la-juventud-2025-gobernador-de-oaxaca-reconoce-fuerza-transformadora-de-este-sector","status":"publish","type":"post","link":"https:\/\/www.bbmnoticias.com\/labravaradiofm\/2025\/11\/18\/con-entrega-del-premio-estatal-de-la-juventud-2025-gobernador-de-oaxaca-reconoce-fuerza-transformadora-de-este-sector\/","title":{"rendered":"Con entrega del Premio Estatal de la Juventud 2025, Gobernador de Oaxaca reconoce fuerza transformadora de este sector"},"content":{"rendered":"<div style=\"margin-top: 0px; margin-bottom: 0px;\" class=\"sharethis-inline-share-buttons\" ><\/div>\n<p><strong>Oaxaca de Ju\u00e1rez, Oax.- <\/strong>Al entregar el Premio Estatal de la Juventud 2025, el Gobernador Salom\u00f3n Jara Cruz destac\u00f3 que, durante estos 3 a\u00f1os, su administraci\u00f3n ha generado mayores oportunidades de desarrollo y bienestar para este sector, que colocan a Oaxaca en un horizonte de futuro m\u00e1s amplio y justo. <\/p>\n\n\n\n<p>Durante la ceremonia realizada en el Parque Primavera Oaxaque\u00f1a Cho Ndob\u00e1, el Mandatario estatal indic\u00f3 que, como nunca, se ha fortalecido la infraestructura educativa, ampliado los programas de apoyo al talento joven, impulsado espacios de creaci\u00f3n cultural, promovido el deporte como herramienta de salud y cohesi\u00f3n social, as\u00ed como iniciativas de empleo, investigaci\u00f3n e innovaci\u00f3n.<\/p>\n\n\n\n<p>\u201cTodo ello se refleja en esta entrega Premio Estatal de la Juventud, que reconoce no solo logros individuales, sino la fuerza transformadora de una generaci\u00f3n comprometida con sus comunidades\u201d, expres\u00f3 ante la Presidenta Honoraria del Sistema DIF Oaxaca, Irma Bola\u00f1os Quijano.<\/p>\n\n\n\n<p>De esta manera, 14 juventudes fueron galardonadas por ser ejemplo vivo de constancia, disciplina y amor por Oaxaca.<\/p>\n\n\n\n<p>En la categor\u00eda de Actividades Acad\u00e9micas se reconoci\u00f3 a V\u00edctor Axel Rodr\u00edguez Ocampo y Lucero Jazm\u00edn Garc\u00eda Cruz; en Actividades Productivas a Jos\u00e9 Garc\u00e9s Ram\u00edrez Ruiz y Jonathan Neftal\u00ed Santos Santiago; y en Actividades Art\u00edsticas a Leonardo Ram\u00edrez Garc\u00eda y Jaqueline V\u00e1squez L\u00f3pez.<\/p>\n\n\n\n<p>Por M\u00e9ritos Acad\u00e9micos se premi\u00f3 a Santiago Vargas Gopar y Valeria Odalys Mart\u00ednez Quiroz; en Labor Social a Diana Areli L\u00f3pez Garc\u00eda y Tania Michelle Reyes Ortega; en Medio Ambiente a Neri Haniel Rojas Mart\u00ednez y Freyra Juquila Hern\u00e1ndez Moreno; y por Igualdad de G\u00e9nero y Diversidad Sexual a V\u00edctor Felipe Altamirano L\u00f3pez y Karime Cossete Alfonso L\u00f3pez.<\/p>\n\n\n\n<p>En representaci\u00f3n de las y los premiados, Diana Areli L\u00f3pez Garc\u00eda agradeci\u00f3 a la Primavera Oaxaque\u00f1a por impulsar el talento juvenil, reconocer su esfuerzo y acompa\u00f1ar las iniciativas en favor de las comunidades.<\/p>\n\n\n\n<p>\u201cHoy de manera especial, reconozco a las y los compa\u00f1eros galardonados, quienes desde distintos \u00e1mbitos trabajan con dedicaci\u00f3n para construir un estado m\u00e1s justo, humano y pr\u00f3spero\u201d, finaliz\u00f3.<\/p>\n","protected":false},"excerpt":{"rendered":"<p>Oaxaca de Ju\u00e1rez, Oax.- Al entregar el Premio Estatal de la Juventud 2025, el Gobernador Salom\u00f3n Jara Cruz destac\u00f3 que, durante estos 3 a\u00f1os, su administraci\u00f3n ha generado mayores oportunidades de desarrollo y bienestar para este sector, que colocan a Oaxaca en un horizonte de futuro m\u00e1s amplio y justo. Durante la ceremonia realizada en [&hellip;]<\/p>\n","protected":false},"author":2,"featured_media":69966,"comment_status":"closed","ping_status":"","sticky":false,"template":"","format":"standard","meta":{"footnotes":""},"categories":[2],"tags":[],"class_list":{"0":"post-69964","1":"post","2":"type-post","3":"status-publish","4":"format-standard","5":"has-post-thumbnail","7":"category-oaxaca"},"yoast_head":"<!-- This site is optimized with the Yoast SEO plugin v27.4 - https:\/\/yoast.com\/product\/yoast-seo-wordpress\/ -->\n<title>Con entrega del Premio Estatal de la Juventud 2025, Gobernador de Oaxaca reconoce fuerza transformadora de este sector - LA BRAVA RADIO<\/title>\n<meta name=\"robots\" content=\"index, follow, max-snippet:-1, max-image-preview:large, max-video-preview:-1\" \/>\n<link rel=\"canonical\" href=\"https:\/\/www.bbmnoticias.com\/con-entrega-del-premio-estatal-de-la-juventud-2025-gobernador-de-oaxaca-reconoce-fuerza-transformadora-de-este-sector\/\" \/>\n<meta property=\"og:locale\" content=\"es_MX\" \/>\n<meta property=\"og:type\" content=\"article\" \/>\n<meta property=\"og:title\" content=\"Con entrega del Premio Estatal de la Juventud 2025, Gobernador de Oaxaca reconoce fuerza transformadora de este sector - LA BRAVA RADIO\" \/>\n<meta property=\"og:description\" content=\"Oaxaca de Ju\u00e1rez, Oax.- Al entregar el Premio Estatal de la Juventud 2025, el Gobernador Salom\u00f3n Jara Cruz destac\u00f3 que, durante estos 3 a\u00f1os, su administraci\u00f3n ha generado mayores oportunidades de desarrollo y bienestar para este sector, que colocan a Oaxaca en un horizonte de futuro m\u00e1s amplio y justo. Durante la ceremonia realizada en [&hellip;]\" \/>\n<meta property=\"og:url\" content=\"https:\/\/www.bbmnoticias.com\/con-entrega-del-premio-estatal-de-la-juventud-2025-gobernador-de-oaxaca-reconoce-fuerza-transformadora-de-este-sector\/\" \/>\n<meta property=\"og:site_name\" content=\"LA BRAVA RADIO\" \/>\n<meta property=\"article:published_time\" content=\"2025-11-18T21:57:53+00:00\" \/>\n<meta property=\"article:modified_time\" content=\"2025-11-18T21:57:58+00:00\" \/>\n<meta property=\"og:image\" content=\"https:\/\/www.bbmnoticias.com\/labravaradiofm\/wp-content\/uploads\/sites\/5\/2025\/11\/premio_estatal.jpg\" \/>\n\t<meta property=\"og:image:width\" content=\"800\" \/>\n\t<meta property=\"og:image:height\" content=\"533\" \/>\n\t<meta property=\"og:image:type\" content=\"image\/jpeg\" \/>\n<meta name=\"author\" content=\"Staff\" \/>\n<meta name=\"twitter:card\" content=\"summary_large_image\" \/>\n<meta name=\"twitter:label1\" content=\"Escrito por\" \/>\n\t<meta name=\"twitter:data1\" content=\"Staff\" \/>\n\t<meta name=\"twitter:label2\" content=\"Tiempo de lectura\" \/>\n\t<meta name=\"twitter:data2\" content=\"2 minutos\" \/>\n<script type=\"application\/ld+json\" class=\"yoast-schema-graph\">{\"@context\":\"https:\\\/\\\/schema.org\",\"@graph\":[{\"@type\":\"Article\",\"@id\":\"https:\\\/\\\/www.bbmnoticias.com\\\/con-entrega-del-premio-estatal-de-la-juventud-2025-gobernador-de-oaxaca-reconoce-fuerza-transformadora-de-este-sector\\\/#article\",\"isPartOf\":{\"@id\":\"https:\\\/\\\/www.bbmnoticias.com\\\/labravaradiofm\\\/2025\\\/11\\\/18\\\/con-entrega-del-premio-estatal-de-la-juventud-2025-gobernador-de-oaxaca-reconoce-fuerza-transformadora-de-este-sector\\\/\"},\"author\":{\"name\":\"Staff\",\"@id\":\"https:\\\/\\\/www.bbmnoticias.com\\\/labravaradiofm\\\/#\\\/schema\\\/person\\\/34b139c617a70ea5bef5678bffe4dd7b\"},\"headline\":\"Con entrega del Premio Estatal de la Juventud 2025, Gobernador de Oaxaca reconoce fuerza transformadora de este sector\",\"datePublished\":\"2025-11-18T21:57:53+00:00\",\"dateModified\":\"2025-11-18T21:57:58+00:00\",\"mainEntityOfPage\":{\"@id\":\"https:\\\/\\\/www.bbmnoticias.com\\\/labravaradiofm\\\/2025\\\/11\\\/18\\\/con-entrega-del-premio-estatal-de-la-juventud-2025-gobernador-de-oaxaca-reconoce-fuerza-transformadora-de-este-sector\\\/\"},\"wordCount\":386,\"image\":{\"@id\":\"https:\\\/\\\/www.bbmnoticias.com\\\/con-entrega-del-premio-estatal-de-la-juventud-2025-gobernador-de-oaxaca-reconoce-fuerza-transformadora-de-este-sector\\\/#primaryimage\"},\"thumbnailUrl\":\"https:\\\/\\\/www.bbmnoticias.com\\\/labravaradiofm\\\/wp-content\\\/uploads\\\/sites\\\/5\\\/2025\\\/11\\\/premio_estatal.jpg\",\"articleSection\":[\"LOCAL\"],\"inLanguage\":\"es\"},{\"@type\":\"WebPage\",\"@id\":\"https:\\\/\\\/www.bbmnoticias.com\\\/labravaradiofm\\\/2025\\\/11\\\/18\\\/con-entrega-del-premio-estatal-de-la-juventud-2025-gobernador-de-oaxaca-reconoce-fuerza-transformadora-de-este-sector\\\/\",\"url\":\"https:\\\/\\\/www.bbmnoticias.com\\\/con-entrega-del-premio-estatal-de-la-juventud-2025-gobernador-de-oaxaca-reconoce-fuerza-transformadora-de-este-sector\\\/\",\"name\":\"Con entrega del Premio Estatal de la Juventud 2025, Gobernador de Oaxaca reconoce fuerza transformadora de este sector - LA BRAVA RADIO\",\"isPartOf\":{\"@id\":\"https:\\\/\\\/www.bbmnoticias.com\\\/labravaradiofm\\\/#website\"},\"primaryImageOfPage\":{\"@id\":\"https:\\\/\\\/www.bbmnoticias.com\\\/con-entrega-del-premio-estatal-de-la-juventud-2025-gobernador-de-oaxaca-reconoce-fuerza-transformadora-de-este-sector\\\/#primaryimage\"},\"image\":{\"@id\":\"https:\\\/\\\/www.bbmnoticias.com\\\/con-entrega-del-premio-estatal-de-la-juventud-2025-gobernador-de-oaxaca-reconoce-fuerza-transformadora-de-este-sector\\\/#primaryimage\"},\"thumbnailUrl\":\"https:\\\/\\\/www.bbmnoticias.com\\\/labravaradiofm\\\/wp-content\\\/uploads\\\/sites\\\/5\\\/2025\\\/11\\\/premio_estatal.jpg\",\"datePublished\":\"2025-11-18T21:57:53+00:00\",\"dateModified\":\"2025-11-18T21:57:58+00:00\",\"author\":{\"@id\":\"https:\\\/\\\/www.bbmnoticias.com\\\/labravaradiofm\\\/#\\\/schema\\\/person\\\/34b139c617a70ea5bef5678bffe4dd7b\"},\"breadcrumb\":{\"@id\":\"https:\\\/\\\/www.bbmnoticias.com\\\/con-entrega-del-premio-estatal-de-la-juventud-2025-gobernador-de-oaxaca-reconoce-fuerza-transformadora-de-este-sector\\\/#breadcrumb\"},\"inLanguage\":\"es\",\"potentialAction\":[{\"@type\":\"ReadAction\",\"target\":[\"https:\\\/\\\/www.bbmnoticias.com\\\/con-entrega-del-premio-estatal-de-la-juventud-2025-gobernador-de-oaxaca-reconoce-fuerza-transformadora-de-este-sector\\\/\"]}]},{\"@type\":\"ImageObject\",\"inLanguage\":\"es\",\"@id\":\"https:\\\/\\\/www.bbmnoticias.com\\\/con-entrega-del-premio-estatal-de-la-juventud-2025-gobernador-de-oaxaca-reconoce-fuerza-transformadora-de-este-sector\\\/#primaryimage\",\"url\":\"https:\\\/\\\/www.bbmnoticias.com\\\/labravaradiofm\\\/wp-content\\\/uploads\\\/sites\\\/5\\\/2025\\\/11\\\/premio_estatal.jpg\",\"contentUrl\":\"https:\\\/\\\/www.bbmnoticias.com\\\/labravaradiofm\\\/wp-content\\\/uploads\\\/sites\\\/5\\\/2025\\\/11\\\/premio_estatal.jpg\",\"width\":800,\"height\":533},{\"@type\":\"BreadcrumbList\",\"@id\":\"https:\\\/\\\/www.bbmnoticias.com\\\/con-entrega-del-premio-estatal-de-la-juventud-2025-gobernador-de-oaxaca-reconoce-fuerza-transformadora-de-este-sector\\\/#breadcrumb\",\"itemListElement\":[{\"@type\":\"ListItem\",\"position\":1,\"name\":\"Inicio\",\"item\":\"https:\\\/\\\/www.bbmnoticias.com\\\/labravaradiofm\\\/\"},{\"@type\":\"ListItem\",\"position\":2,\"name\":\"Con entrega del Premio Estatal de la Juventud 2025, Gobernador de Oaxaca reconoce fuerza transformadora de este sector\"}]},{\"@type\":\"WebSite\",\"@id\":\"https:\\\/\\\/www.bbmnoticias.com\\\/labravaradiofm\\\/#website\",\"url\":\"https:\\\/\\\/www.bbmnoticias.com\\\/labravaradiofm\\\/\",\"name\":\"LA BRAVA RADIO\",\"description\":\"Empresa productora de medios, Radiodifusi\u00f3n, Noticias, tendencias y todo lo que necesitas saber de la pol\u00edtica mexicana e internacional; entretenimiento, espect\u00e1culos, salud y mucho m\u00e1s.\",\"potentialAction\":[{\"@type\":\"SearchAction\",\"target\":{\"@type\":\"EntryPoint\",\"urlTemplate\":\"https:\\\/\\\/www.bbmnoticias.com\\\/labravaradiofm\\\/?s={search_term_string}\"},\"query-input\":{\"@type\":\"PropertyValueSpecification\",\"valueRequired\":true,\"valueName\":\"search_term_string\"}}],\"inLanguage\":\"es\"},{\"@type\":\"Person\",\"@id\":\"https:\\\/\\\/www.bbmnoticias.com\\\/labravaradiofm\\\/#\\\/schema\\\/person\\\/34b139c617a70ea5bef5678bffe4dd7b\",\"name\":\"Staff\",\"image\":{\"@type\":\"ImageObject\",\"inLanguage\":\"es\",\"@id\":\"https:\\\/\\\/secure.gravatar.com\\\/avatar\\\/fdd21ad66fd8b98c407f9dee5b5e588cfe7f0d8579ec20fa6527cd59bab7f0f0?s=96&d=mm&r=g\",\"url\":\"https:\\\/\\\/secure.gravatar.com\\\/avatar\\\/fdd21ad66fd8b98c407f9dee5b5e588cfe7f0d8579ec20fa6527cd59bab7f0f0?s=96&d=mm&r=g\",\"contentUrl\":\"https:\\\/\\\/secure.gravatar.com\\\/avatar\\\/fdd21ad66fd8b98c407f9dee5b5e588cfe7f0d8579ec20fa6527cd59bab7f0f0?s=96&d=mm&r=g\",\"caption\":\"Staff\"},\"url\":\"https:\\\/\\\/www.bbmnoticias.com\\\/labravaradiofm\\\/author\\\/redaccion\\\/\"}]}<\/script>\n<!-- \/ Yoast SEO plugin. -->","yoast_head_json":{"title":"Con entrega del Premio Estatal de la Juventud 2025, Gobernador de Oaxaca reconoce fuerza transformadora de este sector - LA BRAVA RADIO","robots":{"index":"index","follow":"follow","max-snippet":"max-snippet:-1","max-image-preview":"max-image-preview:large","max-video-preview":"max-video-preview:-1"},"canonical":"https:\/\/www.bbmnoticias.com\/con-entrega-del-premio-estatal-de-la-juventud-2025-gobernador-de-oaxaca-reconoce-fuerza-transformadora-de-este-sector\/","og_locale":"es_MX","og_type":"article","og_title":"Con entrega del Premio Estatal de la Juventud 2025, Gobernador de Oaxaca reconoce fuerza transformadora de este sector - LA BRAVA RADIO","og_description":"Oaxaca de Ju\u00e1rez, Oax.- Al entregar el Premio Estatal de la Juventud 2025, el Gobernador Salom\u00f3n Jara Cruz destac\u00f3 que, durante estos 3 a\u00f1os, su administraci\u00f3n ha generado mayores oportunidades de desarrollo y bienestar para este sector, que colocan a Oaxaca en un horizonte de futuro m\u00e1s amplio y justo. Durante la ceremonia realizada en [&hellip;]","og_url":"https:\/\/www.bbmnoticias.com\/con-entrega-del-premio-estatal-de-la-juventud-2025-gobernador-de-oaxaca-reconoce-fuerza-transformadora-de-este-sector\/","og_site_name":"LA BRAVA RADIO","article_published_time":"2025-11-18T21:57:53+00:00","article_modified_time":"2025-11-18T21:57:58+00:00","og_image":[{"width":800,"height":533,"url":"https:\/\/www.bbmnoticias.com\/labravaradiofm\/wp-content\/uploads\/sites\/5\/2025\/11\/premio_estatal.jpg","type":"image\/jpeg"}],"author":"Staff","twitter_card":"summary_large_image","twitter_misc":{"Escrito por":"Staff","Tiempo de lectura":"2 minutos"},"schema":{"@context":"https:\/\/schema.org","@graph":[{"@type":"Article","@id":"https:\/\/www.bbmnoticias.com\/con-entrega-del-premio-estatal-de-la-juventud-2025-gobernador-de-oaxaca-reconoce-fuerza-transformadora-de-este-sector\/#article","isPartOf":{"@id":"https:\/\/www.bbmnoticias.com\/labravaradiofm\/2025\/11\/18\/con-entrega-del-premio-estatal-de-la-juventud-2025-gobernador-de-oaxaca-reconoce-fuerza-transformadora-de-este-sector\/"},"author":{"name":"Staff","@id":"https:\/\/www.bbmnoticias.com\/labravaradiofm\/#\/schema\/person\/34b139c617a70ea5bef5678bffe4dd7b"},"headline":"Con entrega del Premio Estatal de la Juventud 2025, Gobernador de Oaxaca reconoce fuerza transformadora de este sector","datePublished":"2025-11-18T21:57:53+00:00","dateModified":"2025-11-18T21:57:58+00:00","mainEntityOfPage":{"@id":"https:\/\/www.bbmnoticias.com\/labravaradiofm\/2025\/11\/18\/con-entrega-del-premio-estatal-de-la-juventud-2025-gobernador-de-oaxaca-reconoce-fuerza-transformadora-de-este-sector\/"},"wordCount":386,"image":{"@id":"https:\/\/www.bbmnoticias.com\/con-entrega-del-premio-estatal-de-la-juventud-2025-gobernador-de-oaxaca-reconoce-fuerza-transformadora-de-este-sector\/#primaryimage"},"thumbnailUrl":"https:\/\/www.bbmnoticias.com\/labravaradiofm\/wp-content\/uploads\/sites\/5\/2025\/11\/premio_estatal.jpg","articleSection":["LOCAL"],"inLanguage":"es"},{"@type":"WebPage","@id":"https:\/\/www.bbmnoticias.com\/labravaradiofm\/2025\/11\/18\/con-entrega-del-premio-estatal-de-la-juventud-2025-gobernador-de-oaxaca-reconoce-fuerza-transformadora-de-este-sector\/","url":"https:\/\/www.bbmnoticias.com\/con-entrega-del-premio-estatal-de-la-juventud-2025-gobernador-de-oaxaca-reconoce-fuerza-transformadora-de-este-sector\/","name":"Con entrega del Premio Estatal de la Juventud 2025, Gobernador de Oaxaca reconoce fuerza transformadora de este sector - LA BRAVA RADIO","isPartOf":{"@id":"https:\/\/www.bbmnoticias.com\/labravaradiofm\/#website"},"primaryImageOfPage":{"@id":"https:\/\/www.bbmnoticias.com\/con-entrega-del-premio-estatal-de-la-juventud-2025-gobernador-de-oaxaca-reconoce-fuerza-transformadora-de-este-sector\/#primaryimage"},"image":{"@id":"https:\/\/www.bbmnoticias.com\/con-entrega-del-premio-estatal-de-la-juventud-2025-gobernador-de-oaxaca-reconoce-fuerza-transformadora-de-este-sector\/#primaryimage"},"thumbnailUrl":"https:\/\/www.bbmnoticias.com\/labravaradiofm\/wp-content\/uploads\/sites\/5\/2025\/11\/premio_estatal.jpg","datePublished":"2025-11-18T21:57:53+00:00","dateModified":"2025-11-18T21:57:58+00:00","author":{"@id":"https:\/\/www.bbmnoticias.com\/labravaradiofm\/#\/schema\/person\/34b139c617a70ea5bef5678bffe4dd7b"},"breadcrumb":{"@id":"https:\/\/www.bbmnoticias.com\/con-entrega-del-premio-estatal-de-la-juventud-2025-gobernador-de-oaxaca-reconoce-fuerza-transformadora-de-este-sector\/#breadcrumb"},"inLanguage":"es","potentialAction":[{"@type":"ReadAction","target":["https:\/\/www.bbmnoticias.com\/con-entrega-del-premio-estatal-de-la-juventud-2025-gobernador-de-oaxaca-reconoce-fuerza-transformadora-de-este-sector\/"]}]},{"@type":"ImageObject","inLanguage":"es","@id":"https:\/\/www.bbmnoticias.com\/con-entrega-del-premio-estatal-de-la-juventud-2025-gobernador-de-oaxaca-reconoce-fuerza-transformadora-de-este-sector\/#primaryimage","url":"https:\/\/www.bbmnoticias.com\/labravaradiofm\/wp-content\/uploads\/sites\/5\/2025\/11\/premio_estatal.jpg","contentUrl":"https:\/\/www.bbmnoticias.com\/labravaradiofm\/wp-content\/uploads\/sites\/5\/2025\/11\/premio_estatal.jpg","width":800,"height":533},{"@type":"BreadcrumbList","@id":"https:\/\/www.bbmnoticias.com\/con-entrega-del-premio-estatal-de-la-juventud-2025-gobernador-de-oaxaca-reconoce-fuerza-transformadora-de-este-sector\/#breadcrumb","itemListElement":[{"@type":"ListItem","position":1,"name":"Inicio","item":"https:\/\/www.bbmnoticias.com\/labravaradiofm\/"},{"@type":"ListItem","position":2,"name":"Con entrega del Premio Estatal de la Juventud 2025, Gobernador de Oaxaca reconoce fuerza transformadora de este sector"}]},{"@type":"WebSite","@id":"https:\/\/www.bbmnoticias.com\/labravaradiofm\/#website","url":"https:\/\/www.bbmnoticias.com\/labravaradiofm\/","name":"LA BRAVA RADIO","description":"Empresa productora de medios, Radiodifusi\u00f3n, Noticias, tendencias y todo lo que necesitas saber de la pol\u00edtica mexicana e internacional; entretenimiento, espect\u00e1culos, salud y mucho m\u00e1s.","potentialAction":[{"@type":"SearchAction","target":{"@type":"EntryPoint","urlTemplate":"https:\/\/www.bbmnoticias.com\/labravaradiofm\/?s={search_term_string}"},"query-input":{"@type":"PropertyValueSpecification","valueRequired":true,"valueName":"search_term_string"}}],"inLanguage":"es"},{"@type":"Person","@id":"https:\/\/www.bbmnoticias.com\/labravaradiofm\/#\/schema\/person\/34b139c617a70ea5bef5678bffe4dd7b","name":"Staff","image":{"@type":"ImageObject","inLanguage":"es","@id":"https:\/\/secure.gravatar.com\/avatar\/fdd21ad66fd8b98c407f9dee5b5e588cfe7f0d8579ec20fa6527cd59bab7f0f0?s=96&d=mm&r=g","url":"https:\/\/secure.gravatar.com\/avatar\/fdd21ad66fd8b98c407f9dee5b5e588cfe7f0d8579ec20fa6527cd59bab7f0f0?s=96&d=mm&r=g","contentUrl":"https:\/\/secure.gravatar.com\/avatar\/fdd21ad66fd8b98c407f9dee5b5e588cfe7f0d8579ec20fa6527cd59bab7f0f0?s=96&d=mm&r=g","caption":"Staff"},"url":"https:\/\/www.bbmnoticias.com\/labravaradiofm\/author\/redaccion\/"}]}},"_links":{"self":[{"href":"https:\/\/www.bbmnoticias.com\/labravaradiofm\/wp-json\/wp\/v2\/posts\/69964","targetHints":{"allow":["GET"]}}],"collection":[{"href":"https:\/\/www.bbmnoticias.com\/labravaradiofm\/wp-json\/wp\/v2\/posts"}],"about":[{"href":"https:\/\/www.bbmnoticias.com\/labravaradiofm\/wp-json\/wp\/v2\/types\/post"}],"author":[{"embeddable":true,"href":"https:\/\/www.bbmnoticias.com\/labravaradiofm\/wp-json\/wp\/v2\/users\/2"}],"replies":[{"embeddable":true,"href":"https:\/\/www.bbmnoticias.com\/labravaradiofm\/wp-json\/wp\/v2\/comments?post=69964"}],"version-history":[{"count":0,"href":"https:\/\/www.bbmnoticias.com\/labravaradiofm\/wp-json\/wp\/v2\/posts\/69964\/revisions"}],"wp:featuredmedia":[{"embeddable":true,"href":"https:\/\/www.bbmnoticias.com\/labravaradiofm\/wp-json\/wp\/v2\/media\/69966"}],"wp:attachment":[{"href":"https:\/\/www.bbmnoticias.com\/labravaradiofm\/wp-json\/wp\/v2\/media?parent=69964"}],"wp:term":[{"taxonomy":"category","embeddable":true,"href":"https:\/\/www.bbmnoticias.com\/labravaradiofm\/wp-json\/wp\/v2\/categories?post=69964"},{"taxonomy":"post_tag","embeddable":true,"href":"https:\/\/www.bbmnoticias.com\/labravaradiofm\/wp-json\/wp\/v2\/tags?post=69964"}],"curies":[{"name":"wp","href":"https:\/\/api.w.org\/{rel}","templated":true}]}}