{"id":69961,"date":"2025-11-18T15:54:01","date_gmt":"2025-11-18T21:54:01","guid":{"rendered":"https:\/\/www.bbmnoticias.com\/labravaradiofm\/2025\/11\/18\/papa-leon-xiv-quiere-visitar-mexico\/"},"modified":"2025-11-18T15:54:41","modified_gmt":"2025-11-18T21:54:41","slug":"papa-leon-xiv-quiere-visitar-mexico","status":"publish","type":"post","link":"https:\/\/www.bbmnoticias.com\/labravaradiofm\/2025\/11\/18\/papa-leon-xiv-quiere-visitar-mexico\/","title":{"rendered":"Papa Le\u00f3n XIV quiere visitar M\u00e9xico"},"content":{"rendered":"<div style=\"margin-top: 0px; margin-bottom: 0px;\" class=\"sharethis-inline-share-buttons\" ><\/div>\n<p>El <strong>papa Le\u00f3n XIV<\/strong> afirm\u00f3 que \u201cpor supuesto\u201d que quiere <strong>viajar<\/strong> a <strong>Am\u00e9rica Latina<\/strong> y cit\u00f3 su deseo de visitar la <strong>Bas\u00edlica de Guadalupe<\/strong>, en <strong>M\u00e9xico<\/strong>, as\u00ed como otros pa\u00edses como <strong>Uruguay, Argentina<\/strong> <strong>y Per\u00fa<\/strong>.<\/p>\n\n\n\n<iframe loading=\"lazy\" src=\"https:\/\/www.facebook.com\/plugins\/post.php?href=https%3A%2F%2Fwww.facebook.com%2Fvaticannews.es%2Fposts%2Fpfbid02k89BJ17UpWiS4YCDU732PgWvDyoVTy67FkVn8vCY7dpNxrvRFG7JTffZHo4pjHDsl&#038;show_text=true&#038;width=500\" width=\"500\" height=\"729\" style=\"border:none;overflow:hidden\" scrolling=\"no\" frameborder=\"0\" allowfullscreen=\"true\" allow=\"autoplay; clipboard-write; encrypted-media; picture-in-picture; web-share\"><\/iframe>\n\n\n\n<p>Al responder a los periodistas a su salida de su residencia en Castel Gandolfo, el pont\u00edfice estadounidense explic\u00f3 que en este a\u00f1o del Jubileo cada d\u00eda hay actividades, pero que el a\u00f1o que viene ya ir\u00e1n programando poco a poco los viajes y exclam\u00f3 que \u201cpor supuesto\u201d le gustar\u00eda volver a Am\u00e9rica Latina.<\/p>\n\n\n\n<p>\u201cYo encantado de viajar\u201d, dijo Le\u00f3n XIV, para agregar que le gustar\u00eda visitar F\u00e1tima y la Bas\u00edlica de Guadalupe en M\u00e9xico, mientras que desvel\u00f3 que Uruguay Argentina tambi\u00e9n est\u00e1n \u201cpendientes\u201d y que a Per\u00fa \u201cpor su puesto\u201d.<\/p>\n\n\n\n<p>Por el momento no hay ning\u00fan viaje confirmado y la \u00fanica visita internacional hasta ahora confirmada es la que emprender\u00e1 el pr\u00f3ximo 27 de noviembre y hasta el 2 de diciembre a <strong>Turqu\u00eda<\/strong> y <strong>L\u00edbano<\/strong>, dos pa\u00edses que su predecesor Francisco quer\u00eda haber visitado.<\/p>\n\n\n\n<p>Por los ambientes vaticanos se comenta la posibilidad de un viaje a varios pa\u00edses africanos, pero sin que haya alguna oficialidad.<\/p>\n\n\n\n<p>Robert Prevost no ocultado en otras ocasiones sus ganas de regresar a Per\u00fa, pa\u00eds del que tiene la nacionalidad y donde pas\u00f3 m\u00e1s de 40 a\u00f1os entre misionero y despu\u00e9s como obispo de Ciclayo.<\/p>\n\n\n\n<p>Con informaci\u00f3n de EFE<\/p>\n","protected":false},"excerpt":{"rendered":"<p>El papa Le\u00f3n XIV afirm\u00f3 que \u201cpor supuesto\u201d que quiere viajar a Am\u00e9rica Latina y cit\u00f3 su deseo de visitar la Bas\u00edlica de Guadalupe, en M\u00e9xico, as\u00ed como otros pa\u00edses como Uruguay, Argentina y Per\u00fa. Al responder a los periodistas a su salida de su residencia en Castel Gandolfo, el pont\u00edfice estadounidense explic\u00f3 que en [&hellip;]<\/p>\n","protected":false},"author":4,"featured_media":69963,"comment_status":"closed","ping_status":"","sticky":false,"template":"","format":"standard","meta":{"footnotes":""},"categories":[2,19],"tags":[],"class_list":{"0":"post-69961","1":"post","2":"type-post","3":"status-publish","4":"format-standard","5":"has-post-thumbnail","7":"category-oaxaca","8":"category-nacional"},"yoast_head":"<!-- This site is optimized with the Yoast SEO plugin v27.4 - https:\/\/yoast.com\/product\/yoast-seo-wordpress\/ -->\n<title>Papa Le\u00f3n XIV quiere visitar M\u00e9xico - LA BRAVA RADIO<\/title>\n<meta name=\"robots\" content=\"index, follow, max-snippet:-1, max-image-preview:large, max-video-preview:-1\" \/>\n<link rel=\"canonical\" href=\"https:\/\/www.bbmnoticias.com\/papa-leon-xiv-quiere-visitar-mexico\/\" \/>\n<meta property=\"og:locale\" content=\"es_MX\" \/>\n<meta property=\"og:type\" content=\"article\" \/>\n<meta property=\"og:title\" content=\"Papa Le\u00f3n XIV quiere visitar M\u00e9xico - LA BRAVA RADIO\" \/>\n<meta property=\"og:description\" content=\"El papa Le\u00f3n XIV afirm\u00f3 que \u201cpor supuesto\u201d que quiere viajar a Am\u00e9rica Latina y cit\u00f3 su deseo de visitar la Bas\u00edlica de Guadalupe, en M\u00e9xico, as\u00ed como otros pa\u00edses como Uruguay, Argentina y Per\u00fa. Al responder a los periodistas a su salida de su residencia en Castel Gandolfo, el pont\u00edfice estadounidense explic\u00f3 que en [&hellip;]\" \/>\n<meta property=\"og:url\" content=\"https:\/\/www.bbmnoticias.com\/papa-leon-xiv-quiere-visitar-mexico\/\" \/>\n<meta property=\"og:site_name\" content=\"LA BRAVA RADIO\" \/>\n<meta property=\"article:published_time\" content=\"2025-11-18T21:54:01+00:00\" \/>\n<meta property=\"article:modified_time\" content=\"2025-11-18T21:54:41+00:00\" \/>\n<meta property=\"og:image\" content=\"https:\/\/www.bbmnoticias.com\/labravaradiofm\/wp-content\/uploads\/sites\/5\/2025\/11\/papa-leon-xiv-mexico-1536x1024-1.jpg\" \/>\n\t<meta property=\"og:image:width\" content=\"1536\" \/>\n\t<meta property=\"og:image:height\" content=\"1024\" \/>\n\t<meta property=\"og:image:type\" content=\"image\/jpeg\" \/>\n<meta name=\"author\" content=\"Agencias\" \/>\n<meta name=\"twitter:card\" content=\"summary_large_image\" \/>\n<meta name=\"twitter:label1\" content=\"Escrito por\" \/>\n\t<meta name=\"twitter:data1\" content=\"Agencias\" \/>\n\t<meta name=\"twitter:label2\" content=\"Tiempo de lectura\" \/>\n\t<meta name=\"twitter:data2\" content=\"1 minuto\" \/>\n<script type=\"application\/ld+json\" class=\"yoast-schema-graph\">{\"@context\":\"https:\\\/\\\/schema.org\",\"@graph\":[{\"@type\":\"Article\",\"@id\":\"https:\\\/\\\/www.bbmnoticias.com\\\/papa-leon-xiv-quiere-visitar-mexico\\\/#article\",\"isPartOf\":{\"@id\":\"https:\\\/\\\/www.bbmnoticias.com\\\/labravaradiofm\\\/2025\\\/11\\\/18\\\/papa-leon-xiv-quiere-visitar-mexico\\\/\"},\"author\":{\"name\":\"Agencias\",\"@id\":\"https:\\\/\\\/www.bbmnoticias.com\\\/labravaradiofm\\\/#\\\/schema\\\/person\\\/857a3daf5c8142f29919023f377fbfad\"},\"headline\":\"Papa Le\u00f3n XIV quiere visitar M\u00e9xico\",\"datePublished\":\"2025-11-18T21:54:01+00:00\",\"dateModified\":\"2025-11-18T21:54:41+00:00\",\"mainEntityOfPage\":{\"@id\":\"https:\\\/\\\/www.bbmnoticias.com\\\/labravaradiofm\\\/2025\\\/11\\\/18\\\/papa-leon-xiv-quiere-visitar-mexico\\\/\"},\"wordCount\":264,\"image\":{\"@id\":\"https:\\\/\\\/www.bbmnoticias.com\\\/papa-leon-xiv-quiere-visitar-mexico\\\/#primaryimage\"},\"thumbnailUrl\":\"https:\\\/\\\/www.bbmnoticias.com\\\/labravaradiofm\\\/wp-content\\\/uploads\\\/sites\\\/5\\\/2025\\\/11\\\/papa-leon-xiv-mexico-1536x1024-1.jpg\",\"articleSection\":[\"LOCAL\",\"NACIONAL\"],\"inLanguage\":\"es\"},{\"@type\":\"WebPage\",\"@id\":\"https:\\\/\\\/www.bbmnoticias.com\\\/labravaradiofm\\\/2025\\\/11\\\/18\\\/papa-leon-xiv-quiere-visitar-mexico\\\/\",\"url\":\"https:\\\/\\\/www.bbmnoticias.com\\\/papa-leon-xiv-quiere-visitar-mexico\\\/\",\"name\":\"Papa Le\u00f3n XIV quiere visitar M\u00e9xico - LA BRAVA RADIO\",\"isPartOf\":{\"@id\":\"https:\\\/\\\/www.bbmnoticias.com\\\/labravaradiofm\\\/#website\"},\"primaryImageOfPage\":{\"@id\":\"https:\\\/\\\/www.bbmnoticias.com\\\/papa-leon-xiv-quiere-visitar-mexico\\\/#primaryimage\"},\"image\":{\"@id\":\"https:\\\/\\\/www.bbmnoticias.com\\\/papa-leon-xiv-quiere-visitar-mexico\\\/#primaryimage\"},\"thumbnailUrl\":\"https:\\\/\\\/www.bbmnoticias.com\\\/labravaradiofm\\\/wp-content\\\/uploads\\\/sites\\\/5\\\/2025\\\/11\\\/papa-leon-xiv-mexico-1536x1024-1.jpg\",\"datePublished\":\"2025-11-18T21:54:01+00:00\",\"dateModified\":\"2025-11-18T21:54:41+00:00\",\"author\":{\"@id\":\"https:\\\/\\\/www.bbmnoticias.com\\\/labravaradiofm\\\/#\\\/schema\\\/person\\\/857a3daf5c8142f29919023f377fbfad\"},\"breadcrumb\":{\"@id\":\"https:\\\/\\\/www.bbmnoticias.com\\\/papa-leon-xiv-quiere-visitar-mexico\\\/#breadcrumb\"},\"inLanguage\":\"es\",\"potentialAction\":[{\"@type\":\"ReadAction\",\"target\":[\"https:\\\/\\\/www.bbmnoticias.com\\\/papa-leon-xiv-quiere-visitar-mexico\\\/\"]}]},{\"@type\":\"ImageObject\",\"inLanguage\":\"es\",\"@id\":\"https:\\\/\\\/www.bbmnoticias.com\\\/papa-leon-xiv-quiere-visitar-mexico\\\/#primaryimage\",\"url\":\"https:\\\/\\\/www.bbmnoticias.com\\\/labravaradiofm\\\/wp-content\\\/uploads\\\/sites\\\/5\\\/2025\\\/11\\\/papa-leon-xiv-mexico-1536x1024-1.jpg\",\"contentUrl\":\"https:\\\/\\\/www.bbmnoticias.com\\\/labravaradiofm\\\/wp-content\\\/uploads\\\/sites\\\/5\\\/2025\\\/11\\\/papa-leon-xiv-mexico-1536x1024-1.jpg\",\"width\":1536,\"height\":1024},{\"@type\":\"BreadcrumbList\",\"@id\":\"https:\\\/\\\/www.bbmnoticias.com\\\/papa-leon-xiv-quiere-visitar-mexico\\\/#breadcrumb\",\"itemListElement\":[{\"@type\":\"ListItem\",\"position\":1,\"name\":\"Inicio\",\"item\":\"https:\\\/\\\/www.bbmnoticias.com\\\/labravaradiofm\\\/\"},{\"@type\":\"ListItem\",\"position\":2,\"name\":\"Papa Le\u00f3n XIV quiere visitar M\u00e9xico\"}]},{\"@type\":\"WebSite\",\"@id\":\"https:\\\/\\\/www.bbmnoticias.com\\\/labravaradiofm\\\/#website\",\"url\":\"https:\\\/\\\/www.bbmnoticias.com\\\/labravaradiofm\\\/\",\"name\":\"LA BRAVA RADIO\",\"description\":\"Empresa productora de medios, Radiodifusi\u00f3n, Noticias, tendencias y todo lo que necesitas saber de la pol\u00edtica mexicana e internacional; entretenimiento, espect\u00e1culos, salud y mucho m\u00e1s.\",\"potentialAction\":[{\"@type\":\"SearchAction\",\"target\":{\"@type\":\"EntryPoint\",\"urlTemplate\":\"https:\\\/\\\/www.bbmnoticias.com\\\/labravaradiofm\\\/?s={search_term_string}\"},\"query-input\":{\"@type\":\"PropertyValueSpecification\",\"valueRequired\":true,\"valueName\":\"search_term_string\"}}],\"inLanguage\":\"es\"},{\"@type\":\"Person\",\"@id\":\"https:\\\/\\\/www.bbmnoticias.com\\\/labravaradiofm\\\/#\\\/schema\\\/person\\\/857a3daf5c8142f29919023f377fbfad\",\"name\":\"Agencias\",\"image\":{\"@type\":\"ImageObject\",\"inLanguage\":\"es\",\"@id\":\"https:\\\/\\\/secure.gravatar.com\\\/avatar\\\/739e0b61adf9e398b425c36718c8752286da0e8cd90f20ce9a86678abc26aa0d?s=96&d=mm&r=g\",\"url\":\"https:\\\/\\\/secure.gravatar.com\\\/avatar\\\/739e0b61adf9e398b425c36718c8752286da0e8cd90f20ce9a86678abc26aa0d?s=96&d=mm&r=g\",\"contentUrl\":\"https:\\\/\\\/secure.gravatar.com\\\/avatar\\\/739e0b61adf9e398b425c36718c8752286da0e8cd90f20ce9a86678abc26aa0d?s=96&d=mm&r=g\",\"caption\":\"Agencias\"},\"url\":\"https:\\\/\\\/www.bbmnoticias.com\\\/labravaradiofm\\\/author\\\/agencias\\\/\"}]}<\/script>\n<!-- \/ Yoast SEO plugin. -->","yoast_head_json":{"title":"Papa Le\u00f3n XIV quiere visitar M\u00e9xico - LA BRAVA RADIO","robots":{"index":"index","follow":"follow","max-snippet":"max-snippet:-1","max-image-preview":"max-image-preview:large","max-video-preview":"max-video-preview:-1"},"canonical":"https:\/\/www.bbmnoticias.com\/papa-leon-xiv-quiere-visitar-mexico\/","og_locale":"es_MX","og_type":"article","og_title":"Papa Le\u00f3n XIV quiere visitar M\u00e9xico - LA BRAVA RADIO","og_description":"El papa Le\u00f3n XIV afirm\u00f3 que \u201cpor supuesto\u201d que quiere viajar a Am\u00e9rica Latina y cit\u00f3 su deseo de visitar la Bas\u00edlica de Guadalupe, en M\u00e9xico, as\u00ed como otros pa\u00edses como Uruguay, Argentina y Per\u00fa. Al responder a los periodistas a su salida de su residencia en Castel Gandolfo, el pont\u00edfice estadounidense explic\u00f3 que en [&hellip;]","og_url":"https:\/\/www.bbmnoticias.com\/papa-leon-xiv-quiere-visitar-mexico\/","og_site_name":"LA BRAVA RADIO","article_published_time":"2025-11-18T21:54:01+00:00","article_modified_time":"2025-11-18T21:54:41+00:00","og_image":[{"width":1536,"height":1024,"url":"https:\/\/www.bbmnoticias.com\/labravaradiofm\/wp-content\/uploads\/sites\/5\/2025\/11\/papa-leon-xiv-mexico-1536x1024-1.jpg","type":"image\/jpeg"}],"author":"Agencias","twitter_card":"summary_large_image","twitter_misc":{"Escrito por":"Agencias","Tiempo de lectura":"1 minuto"},"schema":{"@context":"https:\/\/schema.org","@graph":[{"@type":"Article","@id":"https:\/\/www.bbmnoticias.com\/papa-leon-xiv-quiere-visitar-mexico\/#article","isPartOf":{"@id":"https:\/\/www.bbmnoticias.com\/labravaradiofm\/2025\/11\/18\/papa-leon-xiv-quiere-visitar-mexico\/"},"author":{"name":"Agencias","@id":"https:\/\/www.bbmnoticias.com\/labravaradiofm\/#\/schema\/person\/857a3daf5c8142f29919023f377fbfad"},"headline":"Papa Le\u00f3n XIV quiere visitar M\u00e9xico","datePublished":"2025-11-18T21:54:01+00:00","dateModified":"2025-11-18T21:54:41+00:00","mainEntityOfPage":{"@id":"https:\/\/www.bbmnoticias.com\/labravaradiofm\/2025\/11\/18\/papa-leon-xiv-quiere-visitar-mexico\/"},"wordCount":264,"image":{"@id":"https:\/\/www.bbmnoticias.com\/papa-leon-xiv-quiere-visitar-mexico\/#primaryimage"},"thumbnailUrl":"https:\/\/www.bbmnoticias.com\/labravaradiofm\/wp-content\/uploads\/sites\/5\/2025\/11\/papa-leon-xiv-mexico-1536x1024-1.jpg","articleSection":["LOCAL","NACIONAL"],"inLanguage":"es"},{"@type":"WebPage","@id":"https:\/\/www.bbmnoticias.com\/labravaradiofm\/2025\/11\/18\/papa-leon-xiv-quiere-visitar-mexico\/","url":"https:\/\/www.bbmnoticias.com\/papa-leon-xiv-quiere-visitar-mexico\/","name":"Papa Le\u00f3n XIV quiere visitar M\u00e9xico - LA BRAVA RADIO","isPartOf":{"@id":"https:\/\/www.bbmnoticias.com\/labravaradiofm\/#website"},"primaryImageOfPage":{"@id":"https:\/\/www.bbmnoticias.com\/papa-leon-xiv-quiere-visitar-mexico\/#primaryimage"},"image":{"@id":"https:\/\/www.bbmnoticias.com\/papa-leon-xiv-quiere-visitar-mexico\/#primaryimage"},"thumbnailUrl":"https:\/\/www.bbmnoticias.com\/labravaradiofm\/wp-content\/uploads\/sites\/5\/2025\/11\/papa-leon-xiv-mexico-1536x1024-1.jpg","datePublished":"2025-11-18T21:54:01+00:00","dateModified":"2025-11-18T21:54:41+00:00","author":{"@id":"https:\/\/www.bbmnoticias.com\/labravaradiofm\/#\/schema\/person\/857a3daf5c8142f29919023f377fbfad"},"breadcrumb":{"@id":"https:\/\/www.bbmnoticias.com\/papa-leon-xiv-quiere-visitar-mexico\/#breadcrumb"},"inLanguage":"es","potentialAction":[{"@type":"ReadAction","target":["https:\/\/www.bbmnoticias.com\/papa-leon-xiv-quiere-visitar-mexico\/"]}]},{"@type":"ImageObject","inLanguage":"es","@id":"https:\/\/www.bbmnoticias.com\/papa-leon-xiv-quiere-visitar-mexico\/#primaryimage","url":"https:\/\/www.bbmnoticias.com\/labravaradiofm\/wp-content\/uploads\/sites\/5\/2025\/11\/papa-leon-xiv-mexico-1536x1024-1.jpg","contentUrl":"https:\/\/www.bbmnoticias.com\/labravaradiofm\/wp-content\/uploads\/sites\/5\/2025\/11\/papa-leon-xiv-mexico-1536x1024-1.jpg","width":1536,"height":1024},{"@type":"BreadcrumbList","@id":"https:\/\/www.bbmnoticias.com\/papa-leon-xiv-quiere-visitar-mexico\/#breadcrumb","itemListElement":[{"@type":"ListItem","position":1,"name":"Inicio","item":"https:\/\/www.bbmnoticias.com\/labravaradiofm\/"},{"@type":"ListItem","position":2,"name":"Papa Le\u00f3n XIV quiere visitar M\u00e9xico"}]},{"@type":"WebSite","@id":"https:\/\/www.bbmnoticias.com\/labravaradiofm\/#website","url":"https:\/\/www.bbmnoticias.com\/labravaradiofm\/","name":"LA BRAVA RADIO","description":"Empresa productora de medios, Radiodifusi\u00f3n, Noticias, tendencias y todo lo que necesitas saber de la pol\u00edtica mexicana e internacional; entretenimiento, espect\u00e1culos, salud y mucho m\u00e1s.","potentialAction":[{"@type":"SearchAction","target":{"@type":"EntryPoint","urlTemplate":"https:\/\/www.bbmnoticias.com\/labravaradiofm\/?s={search_term_string}"},"query-input":{"@type":"PropertyValueSpecification","valueRequired":true,"valueName":"search_term_string"}}],"inLanguage":"es"},{"@type":"Person","@id":"https:\/\/www.bbmnoticias.com\/labravaradiofm\/#\/schema\/person\/857a3daf5c8142f29919023f377fbfad","name":"Agencias","image":{"@type":"ImageObject","inLanguage":"es","@id":"https:\/\/secure.gravatar.com\/avatar\/739e0b61adf9e398b425c36718c8752286da0e8cd90f20ce9a86678abc26aa0d?s=96&d=mm&r=g","url":"https:\/\/secure.gravatar.com\/avatar\/739e0b61adf9e398b425c36718c8752286da0e8cd90f20ce9a86678abc26aa0d?s=96&d=mm&r=g","contentUrl":"https:\/\/secure.gravatar.com\/avatar\/739e0b61adf9e398b425c36718c8752286da0e8cd90f20ce9a86678abc26aa0d?s=96&d=mm&r=g","caption":"Agencias"},"url":"https:\/\/www.bbmnoticias.com\/labravaradiofm\/author\/agencias\/"}]}},"_links":{"self":[{"href":"https:\/\/www.bbmnoticias.com\/labravaradiofm\/wp-json\/wp\/v2\/posts\/69961","targetHints":{"allow":["GET"]}}],"collection":[{"href":"https:\/\/www.bbmnoticias.com\/labravaradiofm\/wp-json\/wp\/v2\/posts"}],"about":[{"href":"https:\/\/www.bbmnoticias.com\/labravaradiofm\/wp-json\/wp\/v2\/types\/post"}],"author":[{"embeddable":true,"href":"https:\/\/www.bbmnoticias.com\/labravaradiofm\/wp-json\/wp\/v2\/users\/4"}],"replies":[{"embeddable":true,"href":"https:\/\/www.bbmnoticias.com\/labravaradiofm\/wp-json\/wp\/v2\/comments?post=69961"}],"version-history":[{"count":0,"href":"https:\/\/www.bbmnoticias.com\/labravaradiofm\/wp-json\/wp\/v2\/posts\/69961\/revisions"}],"wp:featuredmedia":[{"embeddable":true,"href":"https:\/\/www.bbmnoticias.com\/labravaradiofm\/wp-json\/wp\/v2\/media\/69963"}],"wp:attachment":[{"href":"https:\/\/www.bbmnoticias.com\/labravaradiofm\/wp-json\/wp\/v2\/media?parent=69961"}],"wp:term":[{"taxonomy":"category","embeddable":true,"href":"https:\/\/www.bbmnoticias.com\/labravaradiofm\/wp-json\/wp\/v2\/categories?post=69961"},{"taxonomy":"post_tag","embeddable":true,"href":"https:\/\/www.bbmnoticias.com\/labravaradiofm\/wp-json\/wp\/v2\/tags?post=69961"}],"curies":[{"name":"wp","href":"https:\/\/api.w.org\/{rel}","templated":true}]}}