{"id":69952,"date":"2025-11-18T13:44:59","date_gmt":"2025-11-18T19:44:59","guid":{"rendered":"https:\/\/www.bbmnoticias.com\/labravaradiofm\/2025\/11\/18\/legisladores-revelan-a-los-organizadores-y-financiadores-de-movilizaciones-en-el-pais\/"},"modified":"2025-11-18T13:45:18","modified_gmt":"2025-11-18T19:45:18","slug":"legisladores-revelan-a-los-organizadores-y-financiadores-de-movilizaciones-en-el-pais","status":"publish","type":"post","link":"https:\/\/www.bbmnoticias.com\/labravaradiofm\/2025\/11\/18\/legisladores-revelan-a-los-organizadores-y-financiadores-de-movilizaciones-en-el-pais\/","title":{"rendered":"Legisladores revelan a los organizadores y financiadores de movilizaciones en el pa\u00eds"},"content":{"rendered":"<div style=\"margin-top: 0px; margin-bottom: 0px;\" class=\"sharethis-inline-share-buttons\" ><\/div>\n<p>Los grupos parlamentarios de <strong>Morena, PT y PVEM<\/strong> en el Congreso de la Uni\u00f3n cerraron filas con la <strong>presidenta Claudia Sheinbaum<\/strong> <strong>Pardo<\/strong> en torno a las <strong>manifestaciones<\/strong>, as\u00ed como frente a lo que calificaron como una embestida organizada desde \u201cla parte m\u00e1s oscura de la derecha mexicana e internacional\u201d.<\/p>\n\n\n\n<p>Aunque rechazaron que se trate de un intento \u201cgolpista\u201d por las movilizaciones recientes de la <strong>generaci\u00f3n Z <\/strong>y contra la violencia, los coordinadores parlamentarios de <strong>Morena<\/strong> en el Senado, Ad\u00e1n Augusto L\u00f3pez Hern\u00e1ndez, y en la C\u00e1mara de Diputados, Ricardo Monreal \u00c1vila, ofrecieron una conferencia de prensa para asegurar que las <strong>bancadas de Morena<\/strong> y sus <strong>aliados<\/strong> est\u00e1n unidas y respaldan todas las pol\u00edticas p\u00fablicas del gobierno federal.<\/p>\n\n\n\n<p>En el Senado, el l\u00edder de la bancada morenista asegur\u00f3 que no hay preocupaci\u00f3n por las <strong>manifestaciones<\/strong>, ya que minimiz\u00f3 la respuesta ciudadana, pero destac\u00f3 la importancia de<strong> cerrar filas<\/strong> en torno a la presidenta de la Rep\u00fablica ante ataques y difamaciones de la derecha, incluso de la ultraderecha en M\u00e9xico y el extranjero.<\/p>\n\n\n\n<blockquote class=\"wp-block-quote is-layout-flow wp-block-quote-is-layout-flow\">\n<p>\u201cNos corresponde la tarea de acompa\u00f1ar, sin ninguna duda, a la presidenta de la Rep\u00fablica. Hay una embestida organizada desde la parte m\u00e1s oscura de la derecha mexicana e internacional\u201d, sostuvo.<\/p>\n<\/blockquote>\n\n\n\n<h2 class=\"wp-block-heading\">Se\u00f1alan a presuntos financiadores de las movilizaciones<\/h2>\n\n\n\n<figure class=\"wp-block-image\"><img decoding=\"async\" src=\"https:\/\/heraldodemexico.com.mx\/u\/fotografias\/m\/2025\/11\/17\/f768x1-1210407_1210534_5050.jpg\" alt=\"\"\/><figcaption class=\"wp-element-caption\">Se pronunciaron tras la marcha de la Generaci\u00f3n Z | Archivo&nbsp;<\/figcaption><\/figure>\n\n\n\n<p>L\u00f3pez Hern\u00e1ndez se\u00f1al\u00f3 directamente a Claudio X. Gonz\u00e1lez, Mauricio Tabe, Roberto Madrazo y miembros del PAN y PRI como los <strong>organizadores y financiadores<\/strong> de las <strong>manifestaciones<\/strong> contra el gobierno que se han llevado a cabo en los \u00faltimos d\u00edas.<\/p>\n\n\n\n<p>Sostuvo que tienen informaci\u00f3n de que la <strong>convocatoria<\/strong> comenz\u00f3 a incubarse y a reclutar j\u00f3venes a partir de un acuerdo del 13 de septiembre en Morelia, Michoac\u00e1n, con la asociaci\u00f3n civil Creemos M\u00e9xico.<\/p>\n\n\n\n<p>Al respecto, el coordinador de <strong>Morena<\/strong> en la C\u00e1mara de Diputados, Ricardo Monreal, asever\u00f3 que <strong>Morena, PT y PVEM<\/strong> caminar\u00e1n unidos para acompa\u00f1ar las decisiones de la presidenta <strong>Claudia Sheinbaum<\/strong>.<\/p>\n\n\n\n<h2 class=\"wp-block-heading\">Morena cierra filas en apoyo a Sheinbaum<\/h2>\n\n\n\n<figure class=\"wp-block-image\"><img decoding=\"async\" src=\"https:\/\/heraldodemexico.com.mx\/u\/fotografias\/m\/2025\/11\/14\/f768x1-1209561_1209688_5050.jpg\" alt=\"\"\/><figcaption class=\"wp-element-caption\">Los legisladores reiteraron su apoyo a Sheinbaum | Cuartoscuro.<\/figcaption><\/figure>\n\n\n\n<blockquote class=\"wp-block-quote is-layout-flow wp-block-quote-is-layout-flow\">\n<p>\u201cLa presidenta representa a la mayor\u00eda del pueblo de M\u00e9xico, y ahora que est\u00e1 sometida a una embestida, denuestos y calumnias en su contra, nosotros los rechazamos. Decirle que no est\u00e1 sola, que vamos todos nosotros en el movimiento a respaldarla, a respaldar sus actividades p\u00fablicas y las pol\u00edticas p\u00fablicas que est\u00e1 implementando y que dar\u00e1n resultados\u201d, dijo.<\/p>\n<\/blockquote>\n\n\n\n<p>El morenista afirm\u00f3 que es importante mantener la unidad frente a los embates del exterior y del interior. Adelant\u00f3 que tanto senadores como diputados federales acompa\u00f1ar\u00e1n a la <strong>presidenta Sheinbaum<\/strong> en los eventos p\u00fablicos que ella disponga.<\/p>\n\n\n\n<p>Monreal dijo que no se trata de un intento golpista, ya que actualmente no hay condiciones para un hecho de este tipo, pues la presidenta <strong>Sheinbaum<\/strong> cuenta con un alto nivel de aceptaci\u00f3n.<\/p>\n","protected":false},"excerpt":{"rendered":"<p>Los grupos parlamentarios de Morena, PT y PVEM en el Congreso de la Uni\u00f3n cerraron filas con la presidenta Claudia Sheinbaum Pardo en torno a las manifestaciones, as\u00ed como frente a lo que calificaron como una embestida organizada desde \u201cla parte m\u00e1s oscura de la derecha mexicana e internacional\u201d. Aunque rechazaron que se trate de [&hellip;]<\/p>\n","protected":false},"author":4,"featured_media":69954,"comment_status":"closed","ping_status":"","sticky":false,"template":"","format":"standard","meta":{"footnotes":""},"categories":[2,19],"tags":[],"class_list":{"0":"post-69952","1":"post","2":"type-post","3":"status-publish","4":"format-standard","5":"has-post-thumbnail","7":"category-oaxaca","8":"category-nacional"},"yoast_head":"<!-- This site is optimized with the Yoast SEO plugin v27.4 - https:\/\/yoast.com\/product\/yoast-seo-wordpress\/ -->\n<title>Legisladores revelan a los organizadores y financiadores de movilizaciones en el pa\u00eds - LA BRAVA RADIO<\/title>\n<meta name=\"robots\" content=\"index, follow, max-snippet:-1, max-image-preview:large, max-video-preview:-1\" \/>\n<link rel=\"canonical\" href=\"https:\/\/www.bbmnoticias.com\/legisladores-revelan-a-los-organizadores-y-financiadores-de-movilizaciones-en-el-pais\/\" \/>\n<meta property=\"og:locale\" content=\"es_MX\" \/>\n<meta property=\"og:type\" content=\"article\" \/>\n<meta property=\"og:title\" content=\"Legisladores revelan a los organizadores y financiadores de movilizaciones en el pa\u00eds - LA BRAVA RADIO\" \/>\n<meta property=\"og:description\" content=\"Los grupos parlamentarios de Morena, PT y PVEM en el Congreso de la Uni\u00f3n cerraron filas con la presidenta Claudia Sheinbaum Pardo en torno a las manifestaciones, as\u00ed como frente a lo que calificaron como una embestida organizada desde \u201cla parte m\u00e1s oscura de la derecha mexicana e internacional\u201d. Aunque rechazaron que se trate de [&hellip;]\" \/>\n<meta property=\"og:url\" content=\"https:\/\/www.bbmnoticias.com\/legisladores-revelan-a-los-organizadores-y-financiadores-de-movilizaciones-en-el-pais\/\" \/>\n<meta property=\"og:site_name\" content=\"LA BRAVA RADIO\" \/>\n<meta property=\"article:published_time\" content=\"2025-11-18T19:44:59+00:00\" \/>\n<meta property=\"article:modified_time\" content=\"2025-11-18T19:45:18+00:00\" \/>\n<meta property=\"og:image\" content=\"https:\/\/www.bbmnoticias.com\/labravaradiofm\/wp-content\/uploads\/sites\/5\/2025\/11\/ricardo_monreal.jpg\" \/>\n\t<meta property=\"og:image:width\" content=\"848\" \/>\n\t<meta property=\"og:image:height\" content=\"477\" \/>\n\t<meta property=\"og:image:type\" content=\"image\/jpeg\" \/>\n<meta name=\"author\" content=\"Agencias\" \/>\n<meta name=\"twitter:card\" content=\"summary_large_image\" \/>\n<meta name=\"twitter:label1\" content=\"Escrito por\" \/>\n\t<meta name=\"twitter:data1\" content=\"Agencias\" \/>\n\t<meta name=\"twitter:label2\" content=\"Tiempo de lectura\" \/>\n\t<meta name=\"twitter:data2\" content=\"3 minutos\" \/>\n<script type=\"application\/ld+json\" class=\"yoast-schema-graph\">{\"@context\":\"https:\\\/\\\/schema.org\",\"@graph\":[{\"@type\":\"Article\",\"@id\":\"https:\\\/\\\/www.bbmnoticias.com\\\/legisladores-revelan-a-los-organizadores-y-financiadores-de-movilizaciones-en-el-pais\\\/#article\",\"isPartOf\":{\"@id\":\"https:\\\/\\\/www.bbmnoticias.com\\\/labravaradiofm\\\/2025\\\/11\\\/18\\\/legisladores-revelan-a-los-organizadores-y-financiadores-de-movilizaciones-en-el-pais\\\/\"},\"author\":{\"name\":\"Agencias\",\"@id\":\"https:\\\/\\\/www.bbmnoticias.com\\\/labravaradiofm\\\/#\\\/schema\\\/person\\\/857a3daf5c8142f29919023f377fbfad\"},\"headline\":\"Legisladores revelan a los organizadores y financiadores de movilizaciones en el pa\u00eds\",\"datePublished\":\"2025-11-18T19:44:59+00:00\",\"dateModified\":\"2025-11-18T19:45:18+00:00\",\"mainEntityOfPage\":{\"@id\":\"https:\\\/\\\/www.bbmnoticias.com\\\/labravaradiofm\\\/2025\\\/11\\\/18\\\/legisladores-revelan-a-los-organizadores-y-financiadores-de-movilizaciones-en-el-pais\\\/\"},\"wordCount\":519,\"image\":{\"@id\":\"https:\\\/\\\/www.bbmnoticias.com\\\/legisladores-revelan-a-los-organizadores-y-financiadores-de-movilizaciones-en-el-pais\\\/#primaryimage\"},\"thumbnailUrl\":\"https:\\\/\\\/www.bbmnoticias.com\\\/labravaradiofm\\\/wp-content\\\/uploads\\\/sites\\\/5\\\/2025\\\/11\\\/ricardo_monreal.jpg\",\"articleSection\":[\"LOCAL\",\"NACIONAL\"],\"inLanguage\":\"es\"},{\"@type\":\"WebPage\",\"@id\":\"https:\\\/\\\/www.bbmnoticias.com\\\/labravaradiofm\\\/2025\\\/11\\\/18\\\/legisladores-revelan-a-los-organizadores-y-financiadores-de-movilizaciones-en-el-pais\\\/\",\"url\":\"https:\\\/\\\/www.bbmnoticias.com\\\/legisladores-revelan-a-los-organizadores-y-financiadores-de-movilizaciones-en-el-pais\\\/\",\"name\":\"Legisladores revelan a los organizadores y financiadores de movilizaciones en el pa\u00eds - LA BRAVA RADIO\",\"isPartOf\":{\"@id\":\"https:\\\/\\\/www.bbmnoticias.com\\\/labravaradiofm\\\/#website\"},\"primaryImageOfPage\":{\"@id\":\"https:\\\/\\\/www.bbmnoticias.com\\\/legisladores-revelan-a-los-organizadores-y-financiadores-de-movilizaciones-en-el-pais\\\/#primaryimage\"},\"image\":{\"@id\":\"https:\\\/\\\/www.bbmnoticias.com\\\/legisladores-revelan-a-los-organizadores-y-financiadores-de-movilizaciones-en-el-pais\\\/#primaryimage\"},\"thumbnailUrl\":\"https:\\\/\\\/www.bbmnoticias.com\\\/labravaradiofm\\\/wp-content\\\/uploads\\\/sites\\\/5\\\/2025\\\/11\\\/ricardo_monreal.jpg\",\"datePublished\":\"2025-11-18T19:44:59+00:00\",\"dateModified\":\"2025-11-18T19:45:18+00:00\",\"author\":{\"@id\":\"https:\\\/\\\/www.bbmnoticias.com\\\/labravaradiofm\\\/#\\\/schema\\\/person\\\/857a3daf5c8142f29919023f377fbfad\"},\"breadcrumb\":{\"@id\":\"https:\\\/\\\/www.bbmnoticias.com\\\/legisladores-revelan-a-los-organizadores-y-financiadores-de-movilizaciones-en-el-pais\\\/#breadcrumb\"},\"inLanguage\":\"es\",\"potentialAction\":[{\"@type\":\"ReadAction\",\"target\":[\"https:\\\/\\\/www.bbmnoticias.com\\\/legisladores-revelan-a-los-organizadores-y-financiadores-de-movilizaciones-en-el-pais\\\/\"]}]},{\"@type\":\"ImageObject\",\"inLanguage\":\"es\",\"@id\":\"https:\\\/\\\/www.bbmnoticias.com\\\/legisladores-revelan-a-los-organizadores-y-financiadores-de-movilizaciones-en-el-pais\\\/#primaryimage\",\"url\":\"https:\\\/\\\/www.bbmnoticias.com\\\/labravaradiofm\\\/wp-content\\\/uploads\\\/sites\\\/5\\\/2025\\\/11\\\/ricardo_monreal.jpg\",\"contentUrl\":\"https:\\\/\\\/www.bbmnoticias.com\\\/labravaradiofm\\\/wp-content\\\/uploads\\\/sites\\\/5\\\/2025\\\/11\\\/ricardo_monreal.jpg\",\"width\":848,\"height\":477},{\"@type\":\"BreadcrumbList\",\"@id\":\"https:\\\/\\\/www.bbmnoticias.com\\\/legisladores-revelan-a-los-organizadores-y-financiadores-de-movilizaciones-en-el-pais\\\/#breadcrumb\",\"itemListElement\":[{\"@type\":\"ListItem\",\"position\":1,\"name\":\"Inicio\",\"item\":\"https:\\\/\\\/www.bbmnoticias.com\\\/labravaradiofm\\\/\"},{\"@type\":\"ListItem\",\"position\":2,\"name\":\"Legisladores revelan a los organizadores y financiadores de movilizaciones en el pa\u00eds\"}]},{\"@type\":\"WebSite\",\"@id\":\"https:\\\/\\\/www.bbmnoticias.com\\\/labravaradiofm\\\/#website\",\"url\":\"https:\\\/\\\/www.bbmnoticias.com\\\/labravaradiofm\\\/\",\"name\":\"LA BRAVA RADIO\",\"description\":\"Empresa productora de medios, Radiodifusi\u00f3n, Noticias, tendencias y todo lo que necesitas saber de la pol\u00edtica mexicana e internacional; entretenimiento, espect\u00e1culos, salud y mucho m\u00e1s.\",\"potentialAction\":[{\"@type\":\"SearchAction\",\"target\":{\"@type\":\"EntryPoint\",\"urlTemplate\":\"https:\\\/\\\/www.bbmnoticias.com\\\/labravaradiofm\\\/?s={search_term_string}\"},\"query-input\":{\"@type\":\"PropertyValueSpecification\",\"valueRequired\":true,\"valueName\":\"search_term_string\"}}],\"inLanguage\":\"es\"},{\"@type\":\"Person\",\"@id\":\"https:\\\/\\\/www.bbmnoticias.com\\\/labravaradiofm\\\/#\\\/schema\\\/person\\\/857a3daf5c8142f29919023f377fbfad\",\"name\":\"Agencias\",\"image\":{\"@type\":\"ImageObject\",\"inLanguage\":\"es\",\"@id\":\"https:\\\/\\\/secure.gravatar.com\\\/avatar\\\/739e0b61adf9e398b425c36718c8752286da0e8cd90f20ce9a86678abc26aa0d?s=96&d=mm&r=g\",\"url\":\"https:\\\/\\\/secure.gravatar.com\\\/avatar\\\/739e0b61adf9e398b425c36718c8752286da0e8cd90f20ce9a86678abc26aa0d?s=96&d=mm&r=g\",\"contentUrl\":\"https:\\\/\\\/secure.gravatar.com\\\/avatar\\\/739e0b61adf9e398b425c36718c8752286da0e8cd90f20ce9a86678abc26aa0d?s=96&d=mm&r=g\",\"caption\":\"Agencias\"},\"url\":\"https:\\\/\\\/www.bbmnoticias.com\\\/labravaradiofm\\\/author\\\/agencias\\\/\"}]}<\/script>\n<!-- \/ Yoast SEO plugin. -->","yoast_head_json":{"title":"Legisladores revelan a los organizadores y financiadores de movilizaciones en el pa\u00eds - LA BRAVA RADIO","robots":{"index":"index","follow":"follow","max-snippet":"max-snippet:-1","max-image-preview":"max-image-preview:large","max-video-preview":"max-video-preview:-1"},"canonical":"https:\/\/www.bbmnoticias.com\/legisladores-revelan-a-los-organizadores-y-financiadores-de-movilizaciones-en-el-pais\/","og_locale":"es_MX","og_type":"article","og_title":"Legisladores revelan a los organizadores y financiadores de movilizaciones en el pa\u00eds - LA BRAVA RADIO","og_description":"Los grupos parlamentarios de Morena, PT y PVEM en el Congreso de la Uni\u00f3n cerraron filas con la presidenta Claudia Sheinbaum Pardo en torno a las manifestaciones, as\u00ed como frente a lo que calificaron como una embestida organizada desde \u201cla parte m\u00e1s oscura de la derecha mexicana e internacional\u201d. Aunque rechazaron que se trate de [&hellip;]","og_url":"https:\/\/www.bbmnoticias.com\/legisladores-revelan-a-los-organizadores-y-financiadores-de-movilizaciones-en-el-pais\/","og_site_name":"LA BRAVA RADIO","article_published_time":"2025-11-18T19:44:59+00:00","article_modified_time":"2025-11-18T19:45:18+00:00","og_image":[{"width":848,"height":477,"url":"https:\/\/www.bbmnoticias.com\/labravaradiofm\/wp-content\/uploads\/sites\/5\/2025\/11\/ricardo_monreal.jpg","type":"image\/jpeg"}],"author":"Agencias","twitter_card":"summary_large_image","twitter_misc":{"Escrito por":"Agencias","Tiempo de lectura":"3 minutos"},"schema":{"@context":"https:\/\/schema.org","@graph":[{"@type":"Article","@id":"https:\/\/www.bbmnoticias.com\/legisladores-revelan-a-los-organizadores-y-financiadores-de-movilizaciones-en-el-pais\/#article","isPartOf":{"@id":"https:\/\/www.bbmnoticias.com\/labravaradiofm\/2025\/11\/18\/legisladores-revelan-a-los-organizadores-y-financiadores-de-movilizaciones-en-el-pais\/"},"author":{"name":"Agencias","@id":"https:\/\/www.bbmnoticias.com\/labravaradiofm\/#\/schema\/person\/857a3daf5c8142f29919023f377fbfad"},"headline":"Legisladores revelan a los organizadores y financiadores de movilizaciones en el pa\u00eds","datePublished":"2025-11-18T19:44:59+00:00","dateModified":"2025-11-18T19:45:18+00:00","mainEntityOfPage":{"@id":"https:\/\/www.bbmnoticias.com\/labravaradiofm\/2025\/11\/18\/legisladores-revelan-a-los-organizadores-y-financiadores-de-movilizaciones-en-el-pais\/"},"wordCount":519,"image":{"@id":"https:\/\/www.bbmnoticias.com\/legisladores-revelan-a-los-organizadores-y-financiadores-de-movilizaciones-en-el-pais\/#primaryimage"},"thumbnailUrl":"https:\/\/www.bbmnoticias.com\/labravaradiofm\/wp-content\/uploads\/sites\/5\/2025\/11\/ricardo_monreal.jpg","articleSection":["LOCAL","NACIONAL"],"inLanguage":"es"},{"@type":"WebPage","@id":"https:\/\/www.bbmnoticias.com\/labravaradiofm\/2025\/11\/18\/legisladores-revelan-a-los-organizadores-y-financiadores-de-movilizaciones-en-el-pais\/","url":"https:\/\/www.bbmnoticias.com\/legisladores-revelan-a-los-organizadores-y-financiadores-de-movilizaciones-en-el-pais\/","name":"Legisladores revelan a los organizadores y financiadores de movilizaciones en el pa\u00eds - LA BRAVA RADIO","isPartOf":{"@id":"https:\/\/www.bbmnoticias.com\/labravaradiofm\/#website"},"primaryImageOfPage":{"@id":"https:\/\/www.bbmnoticias.com\/legisladores-revelan-a-los-organizadores-y-financiadores-de-movilizaciones-en-el-pais\/#primaryimage"},"image":{"@id":"https:\/\/www.bbmnoticias.com\/legisladores-revelan-a-los-organizadores-y-financiadores-de-movilizaciones-en-el-pais\/#primaryimage"},"thumbnailUrl":"https:\/\/www.bbmnoticias.com\/labravaradiofm\/wp-content\/uploads\/sites\/5\/2025\/11\/ricardo_monreal.jpg","datePublished":"2025-11-18T19:44:59+00:00","dateModified":"2025-11-18T19:45:18+00:00","author":{"@id":"https:\/\/www.bbmnoticias.com\/labravaradiofm\/#\/schema\/person\/857a3daf5c8142f29919023f377fbfad"},"breadcrumb":{"@id":"https:\/\/www.bbmnoticias.com\/legisladores-revelan-a-los-organizadores-y-financiadores-de-movilizaciones-en-el-pais\/#breadcrumb"},"inLanguage":"es","potentialAction":[{"@type":"ReadAction","target":["https:\/\/www.bbmnoticias.com\/legisladores-revelan-a-los-organizadores-y-financiadores-de-movilizaciones-en-el-pais\/"]}]},{"@type":"ImageObject","inLanguage":"es","@id":"https:\/\/www.bbmnoticias.com\/legisladores-revelan-a-los-organizadores-y-financiadores-de-movilizaciones-en-el-pais\/#primaryimage","url":"https:\/\/www.bbmnoticias.com\/labravaradiofm\/wp-content\/uploads\/sites\/5\/2025\/11\/ricardo_monreal.jpg","contentUrl":"https:\/\/www.bbmnoticias.com\/labravaradiofm\/wp-content\/uploads\/sites\/5\/2025\/11\/ricardo_monreal.jpg","width":848,"height":477},{"@type":"BreadcrumbList","@id":"https:\/\/www.bbmnoticias.com\/legisladores-revelan-a-los-organizadores-y-financiadores-de-movilizaciones-en-el-pais\/#breadcrumb","itemListElement":[{"@type":"ListItem","position":1,"name":"Inicio","item":"https:\/\/www.bbmnoticias.com\/labravaradiofm\/"},{"@type":"ListItem","position":2,"name":"Legisladores revelan a los organizadores y financiadores de movilizaciones en el pa\u00eds"}]},{"@type":"WebSite","@id":"https:\/\/www.bbmnoticias.com\/labravaradiofm\/#website","url":"https:\/\/www.bbmnoticias.com\/labravaradiofm\/","name":"LA BRAVA RADIO","description":"Empresa productora de medios, Radiodifusi\u00f3n, Noticias, tendencias y todo lo que necesitas saber de la pol\u00edtica mexicana e internacional; entretenimiento, espect\u00e1culos, salud y mucho m\u00e1s.","potentialAction":[{"@type":"SearchAction","target":{"@type":"EntryPoint","urlTemplate":"https:\/\/www.bbmnoticias.com\/labravaradiofm\/?s={search_term_string}"},"query-input":{"@type":"PropertyValueSpecification","valueRequired":true,"valueName":"search_term_string"}}],"inLanguage":"es"},{"@type":"Person","@id":"https:\/\/www.bbmnoticias.com\/labravaradiofm\/#\/schema\/person\/857a3daf5c8142f29919023f377fbfad","name":"Agencias","image":{"@type":"ImageObject","inLanguage":"es","@id":"https:\/\/secure.gravatar.com\/avatar\/739e0b61adf9e398b425c36718c8752286da0e8cd90f20ce9a86678abc26aa0d?s=96&d=mm&r=g","url":"https:\/\/secure.gravatar.com\/avatar\/739e0b61adf9e398b425c36718c8752286da0e8cd90f20ce9a86678abc26aa0d?s=96&d=mm&r=g","contentUrl":"https:\/\/secure.gravatar.com\/avatar\/739e0b61adf9e398b425c36718c8752286da0e8cd90f20ce9a86678abc26aa0d?s=96&d=mm&r=g","caption":"Agencias"},"url":"https:\/\/www.bbmnoticias.com\/labravaradiofm\/author\/agencias\/"}]}},"_links":{"self":[{"href":"https:\/\/www.bbmnoticias.com\/labravaradiofm\/wp-json\/wp\/v2\/posts\/69952","targetHints":{"allow":["GET"]}}],"collection":[{"href":"https:\/\/www.bbmnoticias.com\/labravaradiofm\/wp-json\/wp\/v2\/posts"}],"about":[{"href":"https:\/\/www.bbmnoticias.com\/labravaradiofm\/wp-json\/wp\/v2\/types\/post"}],"author":[{"embeddable":true,"href":"https:\/\/www.bbmnoticias.com\/labravaradiofm\/wp-json\/wp\/v2\/users\/4"}],"replies":[{"embeddable":true,"href":"https:\/\/www.bbmnoticias.com\/labravaradiofm\/wp-json\/wp\/v2\/comments?post=69952"}],"version-history":[{"count":0,"href":"https:\/\/www.bbmnoticias.com\/labravaradiofm\/wp-json\/wp\/v2\/posts\/69952\/revisions"}],"wp:featuredmedia":[{"embeddable":true,"href":"https:\/\/www.bbmnoticias.com\/labravaradiofm\/wp-json\/wp\/v2\/media\/69954"}],"wp:attachment":[{"href":"https:\/\/www.bbmnoticias.com\/labravaradiofm\/wp-json\/wp\/v2\/media?parent=69952"}],"wp:term":[{"taxonomy":"category","embeddable":true,"href":"https:\/\/www.bbmnoticias.com\/labravaradiofm\/wp-json\/wp\/v2\/categories?post=69952"},{"taxonomy":"post_tag","embeddable":true,"href":"https:\/\/www.bbmnoticias.com\/labravaradiofm\/wp-json\/wp\/v2\/tags?post=69952"}],"curies":[{"name":"wp","href":"https:\/\/api.w.org\/{rel}","templated":true}]}}