{"id":69946,"date":"2025-11-18T12:57:49","date_gmt":"2025-11-18T18:57:49","guid":{"rendered":"https:\/\/www.bbmnoticias.com\/labravaradiofm\/2025\/11\/18\/detencion-del-contador-desata-ola-de-violencia-en-ocotlan-de-morelos-oaxaca-con-tres-muertos\/"},"modified":"2025-11-18T12:57:52","modified_gmt":"2025-11-18T18:57:52","slug":"detencion-del-contador-desata-ola-de-violencia-en-ocotlan-de-morelos-oaxaca-con-tres-muertos","status":"publish","type":"post","link":"https:\/\/www.bbmnoticias.com\/labravaradiofm\/2025\/11\/18\/detencion-del-contador-desata-ola-de-violencia-en-ocotlan-de-morelos-oaxaca-con-tres-muertos\/","title":{"rendered":"Detenci\u00f3n del \u2018Contador\u2019 desata ola de violencia en Ocotl\u00e1n de Morelos, Oaxaca, con tres muertos"},"content":{"rendered":"<div style=\"margin-top: 0px; margin-bottom: 0px;\" class=\"sharethis-inline-share-buttons\" ><\/div>\n<p>La <strong>detenci\u00f3n<\/strong> de <strong>Jos\u00e9 \u201cN\u201d<\/strong>, alias el <em><strong>Contador<\/strong><\/em>, desat\u00f3 una ola de <strong>violencia<\/strong> de <strong>Ocotl\u00e1n de Morelos, Oaxaca,<\/strong> con saldo de al menos <strong>tres muertos.<\/strong><\/p>\n\n\n\n<p>Seg\u00fan medios locales, el <em>Contador<\/em> fue detenido el 17 de noviembre de 2025 por elementos de la polic\u00eda municipal de Santa Catarina Minas por intentar subir a su camioneta a una mujer. Posteriormente fue entregado a la Fiscal\u00eda estatal y luego a la a la&nbsp;<strong>Fiscal\u00eda General de la Rep\u00fablica (FGR)<\/strong>.<\/p>\n\n\n\n<p>Fuentes detallaron que Jos\u00e9 \u201cN\u201d ser\u00e1 imputado por los delitos de por portaci\u00f3n de arma de fuego e intento de secuestro.<\/p>\n\n\n\n<p>El <em>Contador<\/em> fue operador de Alberto Medina, l\u00edder de una&nbsp;<strong>organizaci\u00f3n criminal<\/strong> conocida como <strong>\u201cLos Medina\u201d<\/strong>&nbsp;y que ten\u00eda operaciones en los municipios de Ocotl\u00e1n de Morelos, Ejutla de Crespo y Miahuatl\u00e1n de Porfirio D\u00edaz.<\/p>\n\n\n\n<p>Tras esta captura, se desat\u00f3 un ataque a balazos contra su mano derecha, identificado como <strong>Pedro \u201cN\u201d<\/strong>, junto a una mujer que lo acompa\u00f1aba.<\/p>\n\n\n\n<p>Pedro \u201cN\u201d muri\u00f3 en el sitio de la agresi\u00f3n armada, en el camino que va de Ocotl\u00e1n de Morelos a Santa Catarina de Minas, mientras que su acompa\u00f1ante, Vanessa \u201cN\u201d, muri\u00f3 horas despu\u00e9s en un hospital de la localidad.<\/p>\n\n\n\n<p>Horas m\u00e1s tarde, fue asesinado tambi\u00e9n a balazos un hombre identificado como Alfredo \u201cN\u201d, quien se trasladaba en una moto Yamaha Azul, presuntamente propiedad de Pedro \u201cN\u201d, mano derecha del presunto l\u00edder criminal detenido en Santa Catarina Minas.<\/p>\n\n\n\n<p>Hasta el momento, ninguna autoridad de Oaxaca ha informado de personas detenidas por estos homicidios en Ocotl\u00e1n de Morelos, municipio de los Valles Centrales de Oaxaca.<\/p>\n\n\n\n<p>Con informaci\u00f3n de El Universal<\/p>\n","protected":false},"excerpt":{"rendered":"<p>La detenci\u00f3n de Jos\u00e9 \u201cN\u201d, alias el Contador, desat\u00f3 una ola de violencia de Ocotl\u00e1n de Morelos, Oaxaca, con saldo de al menos tres muertos. Seg\u00fan medios locales, el Contador fue detenido el 17 de noviembre de 2025 por elementos de la polic\u00eda municipal de Santa Catarina Minas por intentar subir a su camioneta a [&hellip;]<\/p>\n","protected":false},"author":4,"featured_media":69948,"comment_status":"closed","ping_status":"","sticky":false,"template":"","format":"standard","meta":{"footnotes":""},"categories":[2],"tags":[],"class_list":{"0":"post-69946","1":"post","2":"type-post","3":"status-publish","4":"format-standard","5":"has-post-thumbnail","7":"category-oaxaca"},"yoast_head":"<!-- This site is optimized with the Yoast SEO plugin v27.4 - https:\/\/yoast.com\/product\/yoast-seo-wordpress\/ -->\n<title>Detenci\u00f3n del \u2018Contador\u2019 desata ola de violencia en Ocotl\u00e1n de Morelos, Oaxaca, con tres muertos - LA BRAVA RADIO<\/title>\n<meta name=\"robots\" content=\"index, follow, max-snippet:-1, max-image-preview:large, max-video-preview:-1\" \/>\n<link rel=\"canonical\" href=\"https:\/\/www.bbmnoticias.com\/detencion-del-contador-desata-ola-de-violencia-en-ocotlan-de-morelos-oaxaca-con-tres-muertos\/\" \/>\n<meta property=\"og:locale\" content=\"es_MX\" \/>\n<meta property=\"og:type\" content=\"article\" \/>\n<meta property=\"og:title\" content=\"Detenci\u00f3n del \u2018Contador\u2019 desata ola de violencia en Ocotl\u00e1n de Morelos, Oaxaca, con tres muertos - LA BRAVA RADIO\" \/>\n<meta property=\"og:description\" content=\"La detenci\u00f3n de Jos\u00e9 \u201cN\u201d, alias el Contador, desat\u00f3 una ola de violencia de Ocotl\u00e1n de Morelos, Oaxaca, con saldo de al menos tres muertos. Seg\u00fan medios locales, el Contador fue detenido el 17 de noviembre de 2025 por elementos de la polic\u00eda municipal de Santa Catarina Minas por intentar subir a su camioneta a [&hellip;]\" \/>\n<meta property=\"og:url\" content=\"https:\/\/www.bbmnoticias.com\/detencion-del-contador-desata-ola-de-violencia-en-ocotlan-de-morelos-oaxaca-con-tres-muertos\/\" \/>\n<meta property=\"og:site_name\" content=\"LA BRAVA RADIO\" \/>\n<meta property=\"article:published_time\" content=\"2025-11-18T18:57:49+00:00\" \/>\n<meta property=\"article:modified_time\" content=\"2025-11-18T18:57:52+00:00\" \/>\n<meta property=\"og:image\" content=\"https:\/\/www.bbmnoticias.com\/labravaradiofm\/wp-content\/uploads\/sites\/5\/2025\/11\/balas-ataque-armado-enfrentamiento-homicidios-asesinatos-violencia.jpg\" \/>\n\t<meta property=\"og:image:width\" content=\"1920\" \/>\n\t<meta property=\"og:image:height\" content=\"1280\" \/>\n\t<meta property=\"og:image:type\" content=\"image\/jpeg\" \/>\n<meta name=\"author\" content=\"Agencias\" \/>\n<meta name=\"twitter:card\" content=\"summary_large_image\" \/>\n<meta name=\"twitter:label1\" content=\"Escrito por\" \/>\n\t<meta name=\"twitter:data1\" content=\"Agencias\" \/>\n\t<meta name=\"twitter:label2\" content=\"Tiempo de lectura\" \/>\n\t<meta name=\"twitter:data2\" content=\"1 minuto\" \/>\n<script type=\"application\/ld+json\" class=\"yoast-schema-graph\">{\"@context\":\"https:\\\/\\\/schema.org\",\"@graph\":[{\"@type\":\"Article\",\"@id\":\"https:\\\/\\\/www.bbmnoticias.com\\\/detencion-del-contador-desata-ola-de-violencia-en-ocotlan-de-morelos-oaxaca-con-tres-muertos\\\/#article\",\"isPartOf\":{\"@id\":\"https:\\\/\\\/www.bbmnoticias.com\\\/labravaradiofm\\\/2025\\\/11\\\/18\\\/detencion-del-contador-desata-ola-de-violencia-en-ocotlan-de-morelos-oaxaca-con-tres-muertos\\\/\"},\"author\":{\"name\":\"Agencias\",\"@id\":\"https:\\\/\\\/www.bbmnoticias.com\\\/labravaradiofm\\\/#\\\/schema\\\/person\\\/857a3daf5c8142f29919023f377fbfad\"},\"headline\":\"Detenci\u00f3n del \u2018Contador\u2019 desata ola de violencia en Ocotl\u00e1n de Morelos, Oaxaca, con tres muertos\",\"datePublished\":\"2025-11-18T18:57:49+00:00\",\"dateModified\":\"2025-11-18T18:57:52+00:00\",\"mainEntityOfPage\":{\"@id\":\"https:\\\/\\\/www.bbmnoticias.com\\\/labravaradiofm\\\/2025\\\/11\\\/18\\\/detencion-del-contador-desata-ola-de-violencia-en-ocotlan-de-morelos-oaxaca-con-tres-muertos\\\/\"},\"wordCount\":306,\"image\":{\"@id\":\"https:\\\/\\\/www.bbmnoticias.com\\\/detencion-del-contador-desata-ola-de-violencia-en-ocotlan-de-morelos-oaxaca-con-tres-muertos\\\/#primaryimage\"},\"thumbnailUrl\":\"https:\\\/\\\/www.bbmnoticias.com\\\/labravaradiofm\\\/wp-content\\\/uploads\\\/sites\\\/5\\\/2025\\\/11\\\/balas-ataque-armado-enfrentamiento-homicidios-asesinatos-violencia.jpg\",\"articleSection\":[\"LOCAL\"],\"inLanguage\":\"es\"},{\"@type\":\"WebPage\",\"@id\":\"https:\\\/\\\/www.bbmnoticias.com\\\/labravaradiofm\\\/2025\\\/11\\\/18\\\/detencion-del-contador-desata-ola-de-violencia-en-ocotlan-de-morelos-oaxaca-con-tres-muertos\\\/\",\"url\":\"https:\\\/\\\/www.bbmnoticias.com\\\/detencion-del-contador-desata-ola-de-violencia-en-ocotlan-de-morelos-oaxaca-con-tres-muertos\\\/\",\"name\":\"Detenci\u00f3n del \u2018Contador\u2019 desata ola de violencia en Ocotl\u00e1n de Morelos, Oaxaca, con tres muertos - LA BRAVA RADIO\",\"isPartOf\":{\"@id\":\"https:\\\/\\\/www.bbmnoticias.com\\\/labravaradiofm\\\/#website\"},\"primaryImageOfPage\":{\"@id\":\"https:\\\/\\\/www.bbmnoticias.com\\\/detencion-del-contador-desata-ola-de-violencia-en-ocotlan-de-morelos-oaxaca-con-tres-muertos\\\/#primaryimage\"},\"image\":{\"@id\":\"https:\\\/\\\/www.bbmnoticias.com\\\/detencion-del-contador-desata-ola-de-violencia-en-ocotlan-de-morelos-oaxaca-con-tres-muertos\\\/#primaryimage\"},\"thumbnailUrl\":\"https:\\\/\\\/www.bbmnoticias.com\\\/labravaradiofm\\\/wp-content\\\/uploads\\\/sites\\\/5\\\/2025\\\/11\\\/balas-ataque-armado-enfrentamiento-homicidios-asesinatos-violencia.jpg\",\"datePublished\":\"2025-11-18T18:57:49+00:00\",\"dateModified\":\"2025-11-18T18:57:52+00:00\",\"author\":{\"@id\":\"https:\\\/\\\/www.bbmnoticias.com\\\/labravaradiofm\\\/#\\\/schema\\\/person\\\/857a3daf5c8142f29919023f377fbfad\"},\"breadcrumb\":{\"@id\":\"https:\\\/\\\/www.bbmnoticias.com\\\/detencion-del-contador-desata-ola-de-violencia-en-ocotlan-de-morelos-oaxaca-con-tres-muertos\\\/#breadcrumb\"},\"inLanguage\":\"es\",\"potentialAction\":[{\"@type\":\"ReadAction\",\"target\":[\"https:\\\/\\\/www.bbmnoticias.com\\\/detencion-del-contador-desata-ola-de-violencia-en-ocotlan-de-morelos-oaxaca-con-tres-muertos\\\/\"]}]},{\"@type\":\"ImageObject\",\"inLanguage\":\"es\",\"@id\":\"https:\\\/\\\/www.bbmnoticias.com\\\/detencion-del-contador-desata-ola-de-violencia-en-ocotlan-de-morelos-oaxaca-con-tres-muertos\\\/#primaryimage\",\"url\":\"https:\\\/\\\/www.bbmnoticias.com\\\/labravaradiofm\\\/wp-content\\\/uploads\\\/sites\\\/5\\\/2025\\\/11\\\/balas-ataque-armado-enfrentamiento-homicidios-asesinatos-violencia.jpg\",\"contentUrl\":\"https:\\\/\\\/www.bbmnoticias.com\\\/labravaradiofm\\\/wp-content\\\/uploads\\\/sites\\\/5\\\/2025\\\/11\\\/balas-ataque-armado-enfrentamiento-homicidios-asesinatos-violencia.jpg\",\"width\":1920,\"height\":1280},{\"@type\":\"BreadcrumbList\",\"@id\":\"https:\\\/\\\/www.bbmnoticias.com\\\/detencion-del-contador-desata-ola-de-violencia-en-ocotlan-de-morelos-oaxaca-con-tres-muertos\\\/#breadcrumb\",\"itemListElement\":[{\"@type\":\"ListItem\",\"position\":1,\"name\":\"Inicio\",\"item\":\"https:\\\/\\\/www.bbmnoticias.com\\\/labravaradiofm\\\/\"},{\"@type\":\"ListItem\",\"position\":2,\"name\":\"Detenci\u00f3n del \u2018Contador\u2019 desata ola de violencia en Ocotl\u00e1n de Morelos, Oaxaca, con tres muertos\"}]},{\"@type\":\"WebSite\",\"@id\":\"https:\\\/\\\/www.bbmnoticias.com\\\/labravaradiofm\\\/#website\",\"url\":\"https:\\\/\\\/www.bbmnoticias.com\\\/labravaradiofm\\\/\",\"name\":\"LA BRAVA RADIO\",\"description\":\"Empresa productora de medios, Radiodifusi\u00f3n, Noticias, tendencias y todo lo que necesitas saber de la pol\u00edtica mexicana e internacional; entretenimiento, espect\u00e1culos, salud y mucho m\u00e1s.\",\"potentialAction\":[{\"@type\":\"SearchAction\",\"target\":{\"@type\":\"EntryPoint\",\"urlTemplate\":\"https:\\\/\\\/www.bbmnoticias.com\\\/labravaradiofm\\\/?s={search_term_string}\"},\"query-input\":{\"@type\":\"PropertyValueSpecification\",\"valueRequired\":true,\"valueName\":\"search_term_string\"}}],\"inLanguage\":\"es\"},{\"@type\":\"Person\",\"@id\":\"https:\\\/\\\/www.bbmnoticias.com\\\/labravaradiofm\\\/#\\\/schema\\\/person\\\/857a3daf5c8142f29919023f377fbfad\",\"name\":\"Agencias\",\"image\":{\"@type\":\"ImageObject\",\"inLanguage\":\"es\",\"@id\":\"https:\\\/\\\/secure.gravatar.com\\\/avatar\\\/739e0b61adf9e398b425c36718c8752286da0e8cd90f20ce9a86678abc26aa0d?s=96&d=mm&r=g\",\"url\":\"https:\\\/\\\/secure.gravatar.com\\\/avatar\\\/739e0b61adf9e398b425c36718c8752286da0e8cd90f20ce9a86678abc26aa0d?s=96&d=mm&r=g\",\"contentUrl\":\"https:\\\/\\\/secure.gravatar.com\\\/avatar\\\/739e0b61adf9e398b425c36718c8752286da0e8cd90f20ce9a86678abc26aa0d?s=96&d=mm&r=g\",\"caption\":\"Agencias\"},\"url\":\"https:\\\/\\\/www.bbmnoticias.com\\\/labravaradiofm\\\/author\\\/agencias\\\/\"}]}<\/script>\n<!-- \/ Yoast SEO plugin. -->","yoast_head_json":{"title":"Detenci\u00f3n del \u2018Contador\u2019 desata ola de violencia en Ocotl\u00e1n de Morelos, Oaxaca, con tres muertos - LA BRAVA RADIO","robots":{"index":"index","follow":"follow","max-snippet":"max-snippet:-1","max-image-preview":"max-image-preview:large","max-video-preview":"max-video-preview:-1"},"canonical":"https:\/\/www.bbmnoticias.com\/detencion-del-contador-desata-ola-de-violencia-en-ocotlan-de-morelos-oaxaca-con-tres-muertos\/","og_locale":"es_MX","og_type":"article","og_title":"Detenci\u00f3n del \u2018Contador\u2019 desata ola de violencia en Ocotl\u00e1n de Morelos, Oaxaca, con tres muertos - LA BRAVA RADIO","og_description":"La detenci\u00f3n de Jos\u00e9 \u201cN\u201d, alias el Contador, desat\u00f3 una ola de violencia de Ocotl\u00e1n de Morelos, Oaxaca, con saldo de al menos tres muertos. Seg\u00fan medios locales, el Contador fue detenido el 17 de noviembre de 2025 por elementos de la polic\u00eda municipal de Santa Catarina Minas por intentar subir a su camioneta a [&hellip;]","og_url":"https:\/\/www.bbmnoticias.com\/detencion-del-contador-desata-ola-de-violencia-en-ocotlan-de-morelos-oaxaca-con-tres-muertos\/","og_site_name":"LA BRAVA RADIO","article_published_time":"2025-11-18T18:57:49+00:00","article_modified_time":"2025-11-18T18:57:52+00:00","og_image":[{"width":1920,"height":1280,"url":"https:\/\/www.bbmnoticias.com\/labravaradiofm\/wp-content\/uploads\/sites\/5\/2025\/11\/balas-ataque-armado-enfrentamiento-homicidios-asesinatos-violencia.jpg","type":"image\/jpeg"}],"author":"Agencias","twitter_card":"summary_large_image","twitter_misc":{"Escrito por":"Agencias","Tiempo de lectura":"1 minuto"},"schema":{"@context":"https:\/\/schema.org","@graph":[{"@type":"Article","@id":"https:\/\/www.bbmnoticias.com\/detencion-del-contador-desata-ola-de-violencia-en-ocotlan-de-morelos-oaxaca-con-tres-muertos\/#article","isPartOf":{"@id":"https:\/\/www.bbmnoticias.com\/labravaradiofm\/2025\/11\/18\/detencion-del-contador-desata-ola-de-violencia-en-ocotlan-de-morelos-oaxaca-con-tres-muertos\/"},"author":{"name":"Agencias","@id":"https:\/\/www.bbmnoticias.com\/labravaradiofm\/#\/schema\/person\/857a3daf5c8142f29919023f377fbfad"},"headline":"Detenci\u00f3n del \u2018Contador\u2019 desata ola de violencia en Ocotl\u00e1n de Morelos, Oaxaca, con tres muertos","datePublished":"2025-11-18T18:57:49+00:00","dateModified":"2025-11-18T18:57:52+00:00","mainEntityOfPage":{"@id":"https:\/\/www.bbmnoticias.com\/labravaradiofm\/2025\/11\/18\/detencion-del-contador-desata-ola-de-violencia-en-ocotlan-de-morelos-oaxaca-con-tres-muertos\/"},"wordCount":306,"image":{"@id":"https:\/\/www.bbmnoticias.com\/detencion-del-contador-desata-ola-de-violencia-en-ocotlan-de-morelos-oaxaca-con-tres-muertos\/#primaryimage"},"thumbnailUrl":"https:\/\/www.bbmnoticias.com\/labravaradiofm\/wp-content\/uploads\/sites\/5\/2025\/11\/balas-ataque-armado-enfrentamiento-homicidios-asesinatos-violencia.jpg","articleSection":["LOCAL"],"inLanguage":"es"},{"@type":"WebPage","@id":"https:\/\/www.bbmnoticias.com\/labravaradiofm\/2025\/11\/18\/detencion-del-contador-desata-ola-de-violencia-en-ocotlan-de-morelos-oaxaca-con-tres-muertos\/","url":"https:\/\/www.bbmnoticias.com\/detencion-del-contador-desata-ola-de-violencia-en-ocotlan-de-morelos-oaxaca-con-tres-muertos\/","name":"Detenci\u00f3n del \u2018Contador\u2019 desata ola de violencia en Ocotl\u00e1n de Morelos, Oaxaca, con tres muertos - LA BRAVA RADIO","isPartOf":{"@id":"https:\/\/www.bbmnoticias.com\/labravaradiofm\/#website"},"primaryImageOfPage":{"@id":"https:\/\/www.bbmnoticias.com\/detencion-del-contador-desata-ola-de-violencia-en-ocotlan-de-morelos-oaxaca-con-tres-muertos\/#primaryimage"},"image":{"@id":"https:\/\/www.bbmnoticias.com\/detencion-del-contador-desata-ola-de-violencia-en-ocotlan-de-morelos-oaxaca-con-tres-muertos\/#primaryimage"},"thumbnailUrl":"https:\/\/www.bbmnoticias.com\/labravaradiofm\/wp-content\/uploads\/sites\/5\/2025\/11\/balas-ataque-armado-enfrentamiento-homicidios-asesinatos-violencia.jpg","datePublished":"2025-11-18T18:57:49+00:00","dateModified":"2025-11-18T18:57:52+00:00","author":{"@id":"https:\/\/www.bbmnoticias.com\/labravaradiofm\/#\/schema\/person\/857a3daf5c8142f29919023f377fbfad"},"breadcrumb":{"@id":"https:\/\/www.bbmnoticias.com\/detencion-del-contador-desata-ola-de-violencia-en-ocotlan-de-morelos-oaxaca-con-tres-muertos\/#breadcrumb"},"inLanguage":"es","potentialAction":[{"@type":"ReadAction","target":["https:\/\/www.bbmnoticias.com\/detencion-del-contador-desata-ola-de-violencia-en-ocotlan-de-morelos-oaxaca-con-tres-muertos\/"]}]},{"@type":"ImageObject","inLanguage":"es","@id":"https:\/\/www.bbmnoticias.com\/detencion-del-contador-desata-ola-de-violencia-en-ocotlan-de-morelos-oaxaca-con-tres-muertos\/#primaryimage","url":"https:\/\/www.bbmnoticias.com\/labravaradiofm\/wp-content\/uploads\/sites\/5\/2025\/11\/balas-ataque-armado-enfrentamiento-homicidios-asesinatos-violencia.jpg","contentUrl":"https:\/\/www.bbmnoticias.com\/labravaradiofm\/wp-content\/uploads\/sites\/5\/2025\/11\/balas-ataque-armado-enfrentamiento-homicidios-asesinatos-violencia.jpg","width":1920,"height":1280},{"@type":"BreadcrumbList","@id":"https:\/\/www.bbmnoticias.com\/detencion-del-contador-desata-ola-de-violencia-en-ocotlan-de-morelos-oaxaca-con-tres-muertos\/#breadcrumb","itemListElement":[{"@type":"ListItem","position":1,"name":"Inicio","item":"https:\/\/www.bbmnoticias.com\/labravaradiofm\/"},{"@type":"ListItem","position":2,"name":"Detenci\u00f3n del \u2018Contador\u2019 desata ola de violencia en Ocotl\u00e1n de Morelos, Oaxaca, con tres muertos"}]},{"@type":"WebSite","@id":"https:\/\/www.bbmnoticias.com\/labravaradiofm\/#website","url":"https:\/\/www.bbmnoticias.com\/labravaradiofm\/","name":"LA BRAVA RADIO","description":"Empresa productora de medios, Radiodifusi\u00f3n, Noticias, tendencias y todo lo que necesitas saber de la pol\u00edtica mexicana e internacional; entretenimiento, espect\u00e1culos, salud y mucho m\u00e1s.","potentialAction":[{"@type":"SearchAction","target":{"@type":"EntryPoint","urlTemplate":"https:\/\/www.bbmnoticias.com\/labravaradiofm\/?s={search_term_string}"},"query-input":{"@type":"PropertyValueSpecification","valueRequired":true,"valueName":"search_term_string"}}],"inLanguage":"es"},{"@type":"Person","@id":"https:\/\/www.bbmnoticias.com\/labravaradiofm\/#\/schema\/person\/857a3daf5c8142f29919023f377fbfad","name":"Agencias","image":{"@type":"ImageObject","inLanguage":"es","@id":"https:\/\/secure.gravatar.com\/avatar\/739e0b61adf9e398b425c36718c8752286da0e8cd90f20ce9a86678abc26aa0d?s=96&d=mm&r=g","url":"https:\/\/secure.gravatar.com\/avatar\/739e0b61adf9e398b425c36718c8752286da0e8cd90f20ce9a86678abc26aa0d?s=96&d=mm&r=g","contentUrl":"https:\/\/secure.gravatar.com\/avatar\/739e0b61adf9e398b425c36718c8752286da0e8cd90f20ce9a86678abc26aa0d?s=96&d=mm&r=g","caption":"Agencias"},"url":"https:\/\/www.bbmnoticias.com\/labravaradiofm\/author\/agencias\/"}]}},"_links":{"self":[{"href":"https:\/\/www.bbmnoticias.com\/labravaradiofm\/wp-json\/wp\/v2\/posts\/69946","targetHints":{"allow":["GET"]}}],"collection":[{"href":"https:\/\/www.bbmnoticias.com\/labravaradiofm\/wp-json\/wp\/v2\/posts"}],"about":[{"href":"https:\/\/www.bbmnoticias.com\/labravaradiofm\/wp-json\/wp\/v2\/types\/post"}],"author":[{"embeddable":true,"href":"https:\/\/www.bbmnoticias.com\/labravaradiofm\/wp-json\/wp\/v2\/users\/4"}],"replies":[{"embeddable":true,"href":"https:\/\/www.bbmnoticias.com\/labravaradiofm\/wp-json\/wp\/v2\/comments?post=69946"}],"version-history":[{"count":0,"href":"https:\/\/www.bbmnoticias.com\/labravaradiofm\/wp-json\/wp\/v2\/posts\/69946\/revisions"}],"wp:featuredmedia":[{"embeddable":true,"href":"https:\/\/www.bbmnoticias.com\/labravaradiofm\/wp-json\/wp\/v2\/media\/69948"}],"wp:attachment":[{"href":"https:\/\/www.bbmnoticias.com\/labravaradiofm\/wp-json\/wp\/v2\/media?parent=69946"}],"wp:term":[{"taxonomy":"category","embeddable":true,"href":"https:\/\/www.bbmnoticias.com\/labravaradiofm\/wp-json\/wp\/v2\/categories?post=69946"},{"taxonomy":"post_tag","embeddable":true,"href":"https:\/\/www.bbmnoticias.com\/labravaradiofm\/wp-json\/wp\/v2\/tags?post=69946"}],"curies":[{"name":"wp","href":"https:\/\/api.w.org\/{rel}","templated":true}]}}