{"id":69943,"date":"2025-11-18T12:56:21","date_gmt":"2025-11-18T18:56:21","guid":{"rendered":"https:\/\/www.bbmnoticias.com\/labravaradiofm\/2025\/11\/18\/chocan-dos-unidades-del-trolebus-elevado-hay-26-heridos\/"},"modified":"2025-11-18T12:56:24","modified_gmt":"2025-11-18T18:56:24","slug":"chocan-dos-unidades-del-trolebus-elevado-hay-26-heridos","status":"publish","type":"post","link":"https:\/\/www.bbmnoticias.com\/labravaradiofm\/2025\/11\/18\/chocan-dos-unidades-del-trolebus-elevado-hay-26-heridos\/","title":{"rendered":"Chocan dos unidades del Troleb\u00fas Elevado; hay 26 heridos"},"content":{"rendered":"<div style=\"margin-top: 0px; margin-bottom: 0px;\" class=\"sharethis-inline-share-buttons\" ><\/div>\n<p>Dos unidades del <strong>Troleb\u00fas Elevado chocaron<\/strong> en la estaci\u00f3n Santa Marta de la alcald\u00eda Iztapalapa.<\/p>\n\n\n\n<p>El percance se registr\u00f3 la ma\u00f1ana de este martes, cuando aparentemente el <strong>conductor<\/strong> de una unidad <strong>se qued\u00f3 dormido<\/strong>.<\/p>\n\n\n\n<p>La citada unidad impact\u00f3 por detr\u00e1s a otra que se encontraba estacionada.<\/p>\n\n\n\n<p>El Servicio de Transportes El\u00e9ctricos (STE) inform\u00f3 que <strong>26 personas<\/strong> resultaron con <strong>golpes contusos<\/strong>.<\/p>\n\n\n\n<p>Los heridos fueron dirigidos al patio de Acahualtepec para recibir los primeros auxilios.<\/p>\n\n\n\n<p>Posteriormente llegaron servicios de emergencia para trasladarlos a un hospital.<\/p>\n\n\n\n<p>El STE afirm\u00f3 que colaborar\u00e1 con las autoridades pertinentes para determinar la responsabilidad de los conductores, en tanto que se mantendr\u00e1 atento del estado de salud de los lesionados.<\/p>\n","protected":false},"excerpt":{"rendered":"<p>Dos unidades del Troleb\u00fas Elevado chocaron en la estaci\u00f3n Santa Marta de la alcald\u00eda Iztapalapa. El percance se registr\u00f3 la ma\u00f1ana de este martes, cuando aparentemente el conductor de una unidad se qued\u00f3 dormido. La citada unidad impact\u00f3 por detr\u00e1s a otra que se encontraba estacionada. El Servicio de Transportes El\u00e9ctricos (STE) inform\u00f3 que 26 [&hellip;]<\/p>\n","protected":false},"author":2,"featured_media":69945,"comment_status":"closed","ping_status":"","sticky":false,"template":"","format":"standard","meta":{"footnotes":""},"categories":[2,19],"tags":[],"class_list":{"0":"post-69943","1":"post","2":"type-post","3":"status-publish","4":"format-standard","5":"has-post-thumbnail","7":"category-oaxaca","8":"category-nacional"},"yoast_head":"<!-- This site is optimized with the Yoast SEO plugin v27.4 - https:\/\/yoast.com\/product\/yoast-seo-wordpress\/ -->\n<title>Chocan dos unidades del Troleb\u00fas Elevado; hay 26 heridos - LA BRAVA RADIO<\/title>\n<meta name=\"robots\" content=\"index, follow, max-snippet:-1, max-image-preview:large, max-video-preview:-1\" \/>\n<link rel=\"canonical\" href=\"https:\/\/www.bbmnoticias.com\/chocan-dos-unidades-del-trolebus-elevado-hay-26-heridos\/\" \/>\n<meta property=\"og:locale\" content=\"es_MX\" \/>\n<meta property=\"og:type\" content=\"article\" \/>\n<meta property=\"og:title\" content=\"Chocan dos unidades del Troleb\u00fas Elevado; hay 26 heridos - LA BRAVA RADIO\" \/>\n<meta property=\"og:description\" content=\"Dos unidades del Troleb\u00fas Elevado chocaron en la estaci\u00f3n Santa Marta de la alcald\u00eda Iztapalapa. El percance se registr\u00f3 la ma\u00f1ana de este martes, cuando aparentemente el conductor de una unidad se qued\u00f3 dormido. La citada unidad impact\u00f3 por detr\u00e1s a otra que se encontraba estacionada. El Servicio de Transportes El\u00e9ctricos (STE) inform\u00f3 que 26 [&hellip;]\" \/>\n<meta property=\"og:url\" content=\"https:\/\/www.bbmnoticias.com\/chocan-dos-unidades-del-trolebus-elevado-hay-26-heridos\/\" \/>\n<meta property=\"og:site_name\" content=\"LA BRAVA RADIO\" \/>\n<meta property=\"article:published_time\" content=\"2025-11-18T18:56:21+00:00\" \/>\n<meta property=\"article:modified_time\" content=\"2025-11-18T18:56:24+00:00\" \/>\n<meta property=\"og:image\" content=\"https:\/\/www.bbmnoticias.com\/labravaradiofm\/wp-content\/uploads\/sites\/5\/2025\/11\/choque-del-trolebus-elevado-en-santa-marta.jpg\" \/>\n\t<meta property=\"og:image:width\" content=\"1200\" \/>\n\t<meta property=\"og:image:height\" content=\"740\" \/>\n\t<meta property=\"og:image:type\" content=\"image\/jpeg\" \/>\n<meta name=\"author\" content=\"Staff\" \/>\n<meta name=\"twitter:card\" content=\"summary_large_image\" \/>\n<meta name=\"twitter:label1\" content=\"Escrito por\" \/>\n\t<meta name=\"twitter:data1\" content=\"Staff\" \/>\n\t<meta name=\"twitter:label2\" content=\"Tiempo de lectura\" \/>\n\t<meta name=\"twitter:data2\" content=\"1 minuto\" \/>\n<script type=\"application\/ld+json\" class=\"yoast-schema-graph\">{\"@context\":\"https:\\\/\\\/schema.org\",\"@graph\":[{\"@type\":\"Article\",\"@id\":\"https:\\\/\\\/www.bbmnoticias.com\\\/chocan-dos-unidades-del-trolebus-elevado-hay-26-heridos\\\/#article\",\"isPartOf\":{\"@id\":\"https:\\\/\\\/www.bbmnoticias.com\\\/labravaradiofm\\\/2025\\\/11\\\/18\\\/chocan-dos-unidades-del-trolebus-elevado-hay-26-heridos\\\/\"},\"author\":{\"name\":\"Staff\",\"@id\":\"https:\\\/\\\/www.bbmnoticias.com\\\/labravaradiofm\\\/#\\\/schema\\\/person\\\/34b139c617a70ea5bef5678bffe4dd7b\"},\"headline\":\"Chocan dos unidades del Troleb\u00fas Elevado; hay 26 heridos\",\"datePublished\":\"2025-11-18T18:56:21+00:00\",\"dateModified\":\"2025-11-18T18:56:24+00:00\",\"mainEntityOfPage\":{\"@id\":\"https:\\\/\\\/www.bbmnoticias.com\\\/labravaradiofm\\\/2025\\\/11\\\/18\\\/chocan-dos-unidades-del-trolebus-elevado-hay-26-heridos\\\/\"},\"wordCount\":126,\"image\":{\"@id\":\"https:\\\/\\\/www.bbmnoticias.com\\\/chocan-dos-unidades-del-trolebus-elevado-hay-26-heridos\\\/#primaryimage\"},\"thumbnailUrl\":\"https:\\\/\\\/www.bbmnoticias.com\\\/labravaradiofm\\\/wp-content\\\/uploads\\\/sites\\\/5\\\/2025\\\/11\\\/choque-del-trolebus-elevado-en-santa-marta.jpg\",\"articleSection\":[\"LOCAL\",\"NACIONAL\"],\"inLanguage\":\"es\"},{\"@type\":\"WebPage\",\"@id\":\"https:\\\/\\\/www.bbmnoticias.com\\\/labravaradiofm\\\/2025\\\/11\\\/18\\\/chocan-dos-unidades-del-trolebus-elevado-hay-26-heridos\\\/\",\"url\":\"https:\\\/\\\/www.bbmnoticias.com\\\/chocan-dos-unidades-del-trolebus-elevado-hay-26-heridos\\\/\",\"name\":\"Chocan dos unidades del Troleb\u00fas Elevado; hay 26 heridos - LA BRAVA RADIO\",\"isPartOf\":{\"@id\":\"https:\\\/\\\/www.bbmnoticias.com\\\/labravaradiofm\\\/#website\"},\"primaryImageOfPage\":{\"@id\":\"https:\\\/\\\/www.bbmnoticias.com\\\/chocan-dos-unidades-del-trolebus-elevado-hay-26-heridos\\\/#primaryimage\"},\"image\":{\"@id\":\"https:\\\/\\\/www.bbmnoticias.com\\\/chocan-dos-unidades-del-trolebus-elevado-hay-26-heridos\\\/#primaryimage\"},\"thumbnailUrl\":\"https:\\\/\\\/www.bbmnoticias.com\\\/labravaradiofm\\\/wp-content\\\/uploads\\\/sites\\\/5\\\/2025\\\/11\\\/choque-del-trolebus-elevado-en-santa-marta.jpg\",\"datePublished\":\"2025-11-18T18:56:21+00:00\",\"dateModified\":\"2025-11-18T18:56:24+00:00\",\"author\":{\"@id\":\"https:\\\/\\\/www.bbmnoticias.com\\\/labravaradiofm\\\/#\\\/schema\\\/person\\\/34b139c617a70ea5bef5678bffe4dd7b\"},\"breadcrumb\":{\"@id\":\"https:\\\/\\\/www.bbmnoticias.com\\\/chocan-dos-unidades-del-trolebus-elevado-hay-26-heridos\\\/#breadcrumb\"},\"inLanguage\":\"es\",\"potentialAction\":[{\"@type\":\"ReadAction\",\"target\":[\"https:\\\/\\\/www.bbmnoticias.com\\\/chocan-dos-unidades-del-trolebus-elevado-hay-26-heridos\\\/\"]}]},{\"@type\":\"ImageObject\",\"inLanguage\":\"es\",\"@id\":\"https:\\\/\\\/www.bbmnoticias.com\\\/chocan-dos-unidades-del-trolebus-elevado-hay-26-heridos\\\/#primaryimage\",\"url\":\"https:\\\/\\\/www.bbmnoticias.com\\\/labravaradiofm\\\/wp-content\\\/uploads\\\/sites\\\/5\\\/2025\\\/11\\\/choque-del-trolebus-elevado-en-santa-marta.jpg\",\"contentUrl\":\"https:\\\/\\\/www.bbmnoticias.com\\\/labravaradiofm\\\/wp-content\\\/uploads\\\/sites\\\/5\\\/2025\\\/11\\\/choque-del-trolebus-elevado-en-santa-marta.jpg\",\"width\":1200,\"height\":740},{\"@type\":\"BreadcrumbList\",\"@id\":\"https:\\\/\\\/www.bbmnoticias.com\\\/chocan-dos-unidades-del-trolebus-elevado-hay-26-heridos\\\/#breadcrumb\",\"itemListElement\":[{\"@type\":\"ListItem\",\"position\":1,\"name\":\"Inicio\",\"item\":\"https:\\\/\\\/www.bbmnoticias.com\\\/labravaradiofm\\\/\"},{\"@type\":\"ListItem\",\"position\":2,\"name\":\"Chocan dos unidades del Troleb\u00fas Elevado; hay 26 heridos\"}]},{\"@type\":\"WebSite\",\"@id\":\"https:\\\/\\\/www.bbmnoticias.com\\\/labravaradiofm\\\/#website\",\"url\":\"https:\\\/\\\/www.bbmnoticias.com\\\/labravaradiofm\\\/\",\"name\":\"LA BRAVA RADIO\",\"description\":\"Empresa productora de medios, Radiodifusi\u00f3n, Noticias, tendencias y todo lo que necesitas saber de la pol\u00edtica mexicana e internacional; entretenimiento, espect\u00e1culos, salud y mucho m\u00e1s.\",\"potentialAction\":[{\"@type\":\"SearchAction\",\"target\":{\"@type\":\"EntryPoint\",\"urlTemplate\":\"https:\\\/\\\/www.bbmnoticias.com\\\/labravaradiofm\\\/?s={search_term_string}\"},\"query-input\":{\"@type\":\"PropertyValueSpecification\",\"valueRequired\":true,\"valueName\":\"search_term_string\"}}],\"inLanguage\":\"es\"},{\"@type\":\"Person\",\"@id\":\"https:\\\/\\\/www.bbmnoticias.com\\\/labravaradiofm\\\/#\\\/schema\\\/person\\\/34b139c617a70ea5bef5678bffe4dd7b\",\"name\":\"Staff\",\"image\":{\"@type\":\"ImageObject\",\"inLanguage\":\"es\",\"@id\":\"https:\\\/\\\/secure.gravatar.com\\\/avatar\\\/fdd21ad66fd8b98c407f9dee5b5e588cfe7f0d8579ec20fa6527cd59bab7f0f0?s=96&d=mm&r=g\",\"url\":\"https:\\\/\\\/secure.gravatar.com\\\/avatar\\\/fdd21ad66fd8b98c407f9dee5b5e588cfe7f0d8579ec20fa6527cd59bab7f0f0?s=96&d=mm&r=g\",\"contentUrl\":\"https:\\\/\\\/secure.gravatar.com\\\/avatar\\\/fdd21ad66fd8b98c407f9dee5b5e588cfe7f0d8579ec20fa6527cd59bab7f0f0?s=96&d=mm&r=g\",\"caption\":\"Staff\"},\"url\":\"https:\\\/\\\/www.bbmnoticias.com\\\/labravaradiofm\\\/author\\\/redaccion\\\/\"}]}<\/script>\n<!-- \/ Yoast SEO plugin. -->","yoast_head_json":{"title":"Chocan dos unidades del Troleb\u00fas Elevado; hay 26 heridos - LA BRAVA RADIO","robots":{"index":"index","follow":"follow","max-snippet":"max-snippet:-1","max-image-preview":"max-image-preview:large","max-video-preview":"max-video-preview:-1"},"canonical":"https:\/\/www.bbmnoticias.com\/chocan-dos-unidades-del-trolebus-elevado-hay-26-heridos\/","og_locale":"es_MX","og_type":"article","og_title":"Chocan dos unidades del Troleb\u00fas Elevado; hay 26 heridos - LA BRAVA RADIO","og_description":"Dos unidades del Troleb\u00fas Elevado chocaron en la estaci\u00f3n Santa Marta de la alcald\u00eda Iztapalapa. El percance se registr\u00f3 la ma\u00f1ana de este martes, cuando aparentemente el conductor de una unidad se qued\u00f3 dormido. La citada unidad impact\u00f3 por detr\u00e1s a otra que se encontraba estacionada. El Servicio de Transportes El\u00e9ctricos (STE) inform\u00f3 que 26 [&hellip;]","og_url":"https:\/\/www.bbmnoticias.com\/chocan-dos-unidades-del-trolebus-elevado-hay-26-heridos\/","og_site_name":"LA BRAVA RADIO","article_published_time":"2025-11-18T18:56:21+00:00","article_modified_time":"2025-11-18T18:56:24+00:00","og_image":[{"width":1200,"height":740,"url":"https:\/\/www.bbmnoticias.com\/labravaradiofm\/wp-content\/uploads\/sites\/5\/2025\/11\/choque-del-trolebus-elevado-en-santa-marta.jpg","type":"image\/jpeg"}],"author":"Staff","twitter_card":"summary_large_image","twitter_misc":{"Escrito por":"Staff","Tiempo de lectura":"1 minuto"},"schema":{"@context":"https:\/\/schema.org","@graph":[{"@type":"Article","@id":"https:\/\/www.bbmnoticias.com\/chocan-dos-unidades-del-trolebus-elevado-hay-26-heridos\/#article","isPartOf":{"@id":"https:\/\/www.bbmnoticias.com\/labravaradiofm\/2025\/11\/18\/chocan-dos-unidades-del-trolebus-elevado-hay-26-heridos\/"},"author":{"name":"Staff","@id":"https:\/\/www.bbmnoticias.com\/labravaradiofm\/#\/schema\/person\/34b139c617a70ea5bef5678bffe4dd7b"},"headline":"Chocan dos unidades del Troleb\u00fas Elevado; hay 26 heridos","datePublished":"2025-11-18T18:56:21+00:00","dateModified":"2025-11-18T18:56:24+00:00","mainEntityOfPage":{"@id":"https:\/\/www.bbmnoticias.com\/labravaradiofm\/2025\/11\/18\/chocan-dos-unidades-del-trolebus-elevado-hay-26-heridos\/"},"wordCount":126,"image":{"@id":"https:\/\/www.bbmnoticias.com\/chocan-dos-unidades-del-trolebus-elevado-hay-26-heridos\/#primaryimage"},"thumbnailUrl":"https:\/\/www.bbmnoticias.com\/labravaradiofm\/wp-content\/uploads\/sites\/5\/2025\/11\/choque-del-trolebus-elevado-en-santa-marta.jpg","articleSection":["LOCAL","NACIONAL"],"inLanguage":"es"},{"@type":"WebPage","@id":"https:\/\/www.bbmnoticias.com\/labravaradiofm\/2025\/11\/18\/chocan-dos-unidades-del-trolebus-elevado-hay-26-heridos\/","url":"https:\/\/www.bbmnoticias.com\/chocan-dos-unidades-del-trolebus-elevado-hay-26-heridos\/","name":"Chocan dos unidades del Troleb\u00fas Elevado; hay 26 heridos - LA BRAVA RADIO","isPartOf":{"@id":"https:\/\/www.bbmnoticias.com\/labravaradiofm\/#website"},"primaryImageOfPage":{"@id":"https:\/\/www.bbmnoticias.com\/chocan-dos-unidades-del-trolebus-elevado-hay-26-heridos\/#primaryimage"},"image":{"@id":"https:\/\/www.bbmnoticias.com\/chocan-dos-unidades-del-trolebus-elevado-hay-26-heridos\/#primaryimage"},"thumbnailUrl":"https:\/\/www.bbmnoticias.com\/labravaradiofm\/wp-content\/uploads\/sites\/5\/2025\/11\/choque-del-trolebus-elevado-en-santa-marta.jpg","datePublished":"2025-11-18T18:56:21+00:00","dateModified":"2025-11-18T18:56:24+00:00","author":{"@id":"https:\/\/www.bbmnoticias.com\/labravaradiofm\/#\/schema\/person\/34b139c617a70ea5bef5678bffe4dd7b"},"breadcrumb":{"@id":"https:\/\/www.bbmnoticias.com\/chocan-dos-unidades-del-trolebus-elevado-hay-26-heridos\/#breadcrumb"},"inLanguage":"es","potentialAction":[{"@type":"ReadAction","target":["https:\/\/www.bbmnoticias.com\/chocan-dos-unidades-del-trolebus-elevado-hay-26-heridos\/"]}]},{"@type":"ImageObject","inLanguage":"es","@id":"https:\/\/www.bbmnoticias.com\/chocan-dos-unidades-del-trolebus-elevado-hay-26-heridos\/#primaryimage","url":"https:\/\/www.bbmnoticias.com\/labravaradiofm\/wp-content\/uploads\/sites\/5\/2025\/11\/choque-del-trolebus-elevado-en-santa-marta.jpg","contentUrl":"https:\/\/www.bbmnoticias.com\/labravaradiofm\/wp-content\/uploads\/sites\/5\/2025\/11\/choque-del-trolebus-elevado-en-santa-marta.jpg","width":1200,"height":740},{"@type":"BreadcrumbList","@id":"https:\/\/www.bbmnoticias.com\/chocan-dos-unidades-del-trolebus-elevado-hay-26-heridos\/#breadcrumb","itemListElement":[{"@type":"ListItem","position":1,"name":"Inicio","item":"https:\/\/www.bbmnoticias.com\/labravaradiofm\/"},{"@type":"ListItem","position":2,"name":"Chocan dos unidades del Troleb\u00fas Elevado; hay 26 heridos"}]},{"@type":"WebSite","@id":"https:\/\/www.bbmnoticias.com\/labravaradiofm\/#website","url":"https:\/\/www.bbmnoticias.com\/labravaradiofm\/","name":"LA BRAVA RADIO","description":"Empresa productora de medios, Radiodifusi\u00f3n, Noticias, tendencias y todo lo que necesitas saber de la pol\u00edtica mexicana e internacional; entretenimiento, espect\u00e1culos, salud y mucho m\u00e1s.","potentialAction":[{"@type":"SearchAction","target":{"@type":"EntryPoint","urlTemplate":"https:\/\/www.bbmnoticias.com\/labravaradiofm\/?s={search_term_string}"},"query-input":{"@type":"PropertyValueSpecification","valueRequired":true,"valueName":"search_term_string"}}],"inLanguage":"es"},{"@type":"Person","@id":"https:\/\/www.bbmnoticias.com\/labravaradiofm\/#\/schema\/person\/34b139c617a70ea5bef5678bffe4dd7b","name":"Staff","image":{"@type":"ImageObject","inLanguage":"es","@id":"https:\/\/secure.gravatar.com\/avatar\/fdd21ad66fd8b98c407f9dee5b5e588cfe7f0d8579ec20fa6527cd59bab7f0f0?s=96&d=mm&r=g","url":"https:\/\/secure.gravatar.com\/avatar\/fdd21ad66fd8b98c407f9dee5b5e588cfe7f0d8579ec20fa6527cd59bab7f0f0?s=96&d=mm&r=g","contentUrl":"https:\/\/secure.gravatar.com\/avatar\/fdd21ad66fd8b98c407f9dee5b5e588cfe7f0d8579ec20fa6527cd59bab7f0f0?s=96&d=mm&r=g","caption":"Staff"},"url":"https:\/\/www.bbmnoticias.com\/labravaradiofm\/author\/redaccion\/"}]}},"_links":{"self":[{"href":"https:\/\/www.bbmnoticias.com\/labravaradiofm\/wp-json\/wp\/v2\/posts\/69943","targetHints":{"allow":["GET"]}}],"collection":[{"href":"https:\/\/www.bbmnoticias.com\/labravaradiofm\/wp-json\/wp\/v2\/posts"}],"about":[{"href":"https:\/\/www.bbmnoticias.com\/labravaradiofm\/wp-json\/wp\/v2\/types\/post"}],"author":[{"embeddable":true,"href":"https:\/\/www.bbmnoticias.com\/labravaradiofm\/wp-json\/wp\/v2\/users\/2"}],"replies":[{"embeddable":true,"href":"https:\/\/www.bbmnoticias.com\/labravaradiofm\/wp-json\/wp\/v2\/comments?post=69943"}],"version-history":[{"count":0,"href":"https:\/\/www.bbmnoticias.com\/labravaradiofm\/wp-json\/wp\/v2\/posts\/69943\/revisions"}],"wp:featuredmedia":[{"embeddable":true,"href":"https:\/\/www.bbmnoticias.com\/labravaradiofm\/wp-json\/wp\/v2\/media\/69945"}],"wp:attachment":[{"href":"https:\/\/www.bbmnoticias.com\/labravaradiofm\/wp-json\/wp\/v2\/media?parent=69943"}],"wp:term":[{"taxonomy":"category","embeddable":true,"href":"https:\/\/www.bbmnoticias.com\/labravaradiofm\/wp-json\/wp\/v2\/categories?post=69943"},{"taxonomy":"post_tag","embeddable":true,"href":"https:\/\/www.bbmnoticias.com\/labravaradiofm\/wp-json\/wp\/v2\/tags?post=69943"}],"curies":[{"name":"wp","href":"https:\/\/api.w.org\/{rel}","templated":true}]}}