{"id":69931,"date":"2025-11-18T11:08:13","date_gmt":"2025-11-18T17:08:13","guid":{"rendered":"https:\/\/www.bbmnoticias.com\/labravaradiofm\/2025\/11\/18\/fiscalia-vincula-a-proceso-a-j-g-r-alias-la-vaca-por-ataque-con-disparos-de-arma-de-fuego-en-agravio-de-ex-presidenta-municipal-de-la-pe-en-el-distrito-de-ejutla\/"},"modified":"2025-11-18T11:08:43","modified_gmt":"2025-11-18T17:08:43","slug":"fiscalia-vincula-a-proceso-a-j-g-r-alias-la-vaca-por-ataque-con-disparos-de-arma-de-fuego-en-agravio-de-ex-presidenta-municipal-de-la-pe-en-el-distrito-de-ejutla","status":"publish","type":"post","link":"https:\/\/www.bbmnoticias.com\/labravaradiofm\/2025\/11\/18\/fiscalia-vincula-a-proceso-a-j-g-r-alias-la-vaca-por-ataque-con-disparos-de-arma-de-fuego-en-agravio-de-ex-presidenta-municipal-de-la-pe-en-el-distrito-de-ejutla\/","title":{"rendered":"Fiscal\u00eda vincula a proceso a J.G.R., alias \u201cLa Vaca\u201d por ataque con disparos de arma de fuego en agravio de\u00a0ex presidenta municipal de la Pe, en el distrito de Ejutla"},"content":{"rendered":"<div style=\"margin-top: 0px; margin-bottom: 0px;\" class=\"sharethis-inline-share-buttons\" ><\/div>\n<p>Oaxaca de Ju\u00e1rez, Oax.- La Fiscal\u00eda General del Estado de Oaxaca (FGEO) obtuvo auto de vinculaci\u00f3n a proceso para una persona del sexo masculino identificado como D.M.E., imputado por el delito de homicidio calificado en grado de tentativa en agravio de una ex presidenta municipal en la regi\u00f3n de los Valles Centrales.<\/p>\n\n\n\n<p>De acuerdo con la investigaci\u00f3n ministerial, los hechos ocurrieron la tarde del 02 de enero de 2025, cuando la v\u00edctima, una mujer identificada como T.A.C.C., ex presidenta municipal de La Pe, en el distrito de Ejutla de Crespo, fue agredida con disparos de arma de fuego, delito perpetrado desde una motocicleta, en el cual result\u00f3 lesionada.<\/p>\n\n\n\n<p>La investigaci\u00f3n detalla que el ataque armado se perpetr\u00f3 cuando la v\u00edctima descend\u00eda de un veh\u00edculo del transporte p\u00fablico en inmediaciones del crucero de la poblaci\u00f3n El Vergel, cerca del entronque de la carretera federal 175.<\/p>\n\n\n\n<p>En su expediente, la FGEO detalla que, derivado de estos hechos, inici\u00f3 las investigaciones correspondientes a trav\u00e9s de la Vicefiscal\u00eda Regional de los Valles Centrales, lo que permiti\u00f3 la obtenci\u00f3n de&nbsp;una orden de aprehensi\u00f3n contra D.M.E., que fue ejecutada por elementos de la Agencia Estatal de Investigaciones (AEI), una vez detenido, fue puesto a disposici\u00f3n de la autoridad correspondiente.<\/p>\n\n\n\n<p>Gracias a los datos de prueba aportados por el Ministerio P\u00fablico, el Juez de la causa determin\u00f3 vincular a proceso a D.M.E., por el delito de homicidio calificado en grado de tentativa, adem\u00e1s que dict\u00f3 la medida de prisi\u00f3n preventiva justificada de forma definitiva y otorg\u00f3 el plazo de dos meses para el cierre de la investigaci\u00f3n complementaria.<\/p>\n\n\n\n<p>Es importante mencionar que por estos hechos, hay otra persona identificada como J.G.R., alias \u201cLa Vaca\u201d,&nbsp; que fue vinculada a proceso en abril de 2025.<\/p>\n","protected":false},"excerpt":{"rendered":"<p>Oaxaca de Ju\u00e1rez, Oax.- La Fiscal\u00eda General del Estado de Oaxaca (FGEO) obtuvo auto de vinculaci\u00f3n a proceso para una persona del sexo masculino identificado como D.M.E., imputado por el delito de homicidio calificado en grado de tentativa en agravio de una ex presidenta municipal en la regi\u00f3n de los Valles Centrales. De acuerdo con [&hellip;]<\/p>\n","protected":false},"author":2,"featured_media":69933,"comment_status":"closed","ping_status":"","sticky":false,"template":"","format":"standard","meta":{"footnotes":""},"categories":[2,20],"tags":[],"class_list":{"0":"post-69931","1":"post","2":"type-post","3":"status-publish","4":"format-standard","5":"has-post-thumbnail","7":"category-oaxaca","8":"category-policiaca"},"yoast_head":"<!-- This site is optimized with the Yoast SEO plugin v27.4 - https:\/\/yoast.com\/product\/yoast-seo-wordpress\/ -->\n<title>Fiscal\u00eda vincula a proceso a J.G.R., alias \u201cLa Vaca\u201d por ataque con disparos de arma de fuego en agravio de\u00a0ex presidenta municipal de la Pe, en el distrito de Ejutla - LA BRAVA RADIO<\/title>\n<meta name=\"robots\" content=\"index, follow, max-snippet:-1, max-image-preview:large, max-video-preview:-1\" \/>\n<link rel=\"canonical\" href=\"https:\/\/www.bbmnoticias.com\/fiscalia-vincula-a-proceso-a-j-g-r-alias-la-vaca-por-ataque-con-disparos-de-arma-de-fuego-en-agravio-de-ex-presidenta-municipal-de-la-pe-en-el-distrito-de-ejutla\/\" \/>\n<meta property=\"og:locale\" content=\"es_MX\" \/>\n<meta property=\"og:type\" content=\"article\" \/>\n<meta property=\"og:title\" content=\"Fiscal\u00eda vincula a proceso a J.G.R., alias \u201cLa Vaca\u201d por ataque con disparos de arma de fuego en agravio de\u00a0ex presidenta municipal de la Pe, en el distrito de Ejutla - LA BRAVA RADIO\" \/>\n<meta property=\"og:description\" content=\"Oaxaca de Ju\u00e1rez, Oax.- La Fiscal\u00eda General del Estado de Oaxaca (FGEO) obtuvo auto de vinculaci\u00f3n a proceso para una persona del sexo masculino identificado como D.M.E., imputado por el delito de homicidio calificado en grado de tentativa en agravio de una ex presidenta municipal en la regi\u00f3n de los Valles Centrales. De acuerdo con [&hellip;]\" \/>\n<meta property=\"og:url\" content=\"https:\/\/www.bbmnoticias.com\/fiscalia-vincula-a-proceso-a-j-g-r-alias-la-vaca-por-ataque-con-disparos-de-arma-de-fuego-en-agravio-de-ex-presidenta-municipal-de-la-pe-en-el-distrito-de-ejutla\/\" \/>\n<meta property=\"og:site_name\" content=\"LA BRAVA RADIO\" \/>\n<meta property=\"article:published_time\" content=\"2025-11-18T17:08:13+00:00\" \/>\n<meta property=\"article:modified_time\" content=\"2025-11-18T17:08:43+00:00\" \/>\n<meta property=\"og:image\" content=\"https:\/\/www.bbmnoticias.com\/labravaradiofm\/wp-content\/uploads\/sites\/5\/2025\/11\/la_vaca.jpg\" \/>\n\t<meta property=\"og:image:width\" content=\"800\" \/>\n\t<meta property=\"og:image:height\" content=\"450\" \/>\n\t<meta property=\"og:image:type\" content=\"image\/jpeg\" \/>\n<meta name=\"author\" content=\"Staff\" \/>\n<meta name=\"twitter:card\" content=\"summary_large_image\" \/>\n<meta name=\"twitter:label1\" content=\"Escrito por\" \/>\n\t<meta name=\"twitter:data1\" content=\"Staff\" \/>\n\t<meta name=\"twitter:label2\" content=\"Tiempo de lectura\" \/>\n\t<meta name=\"twitter:data2\" content=\"2 minutos\" \/>\n<script type=\"application\/ld+json\" class=\"yoast-schema-graph\">{\"@context\":\"https:\\\/\\\/schema.org\",\"@graph\":[{\"@type\":\"Article\",\"@id\":\"https:\\\/\\\/www.bbmnoticias.com\\\/fiscalia-vincula-a-proceso-a-j-g-r-alias-la-vaca-por-ataque-con-disparos-de-arma-de-fuego-en-agravio-de-ex-presidenta-municipal-de-la-pe-en-el-distrito-de-ejutla\\\/#article\",\"isPartOf\":{\"@id\":\"https:\\\/\\\/www.bbmnoticias.com\\\/labravaradiofm\\\/2025\\\/11\\\/18\\\/fiscalia-vincula-a-proceso-a-j-g-r-alias-la-vaca-por-ataque-con-disparos-de-arma-de-fuego-en-agravio-de-ex-presidenta-municipal-de-la-pe-en-el-distrito-de-ejutla\\\/\"},\"author\":{\"name\":\"Staff\",\"@id\":\"https:\\\/\\\/www.bbmnoticias.com\\\/labravaradiofm\\\/#\\\/schema\\\/person\\\/34b139c617a70ea5bef5678bffe4dd7b\"},\"headline\":\"Fiscal\u00eda vincula a proceso a J.G.R., alias \u201cLa Vaca\u201d por ataque con disparos de arma de fuego en agravio de\u00a0ex presidenta municipal de la Pe, en el distrito de Ejutla\",\"datePublished\":\"2025-11-18T17:08:13+00:00\",\"dateModified\":\"2025-11-18T17:08:43+00:00\",\"mainEntityOfPage\":{\"@id\":\"https:\\\/\\\/www.bbmnoticias.com\\\/labravaradiofm\\\/2025\\\/11\\\/18\\\/fiscalia-vincula-a-proceso-a-j-g-r-alias-la-vaca-por-ataque-con-disparos-de-arma-de-fuego-en-agravio-de-ex-presidenta-municipal-de-la-pe-en-el-distrito-de-ejutla\\\/\"},\"wordCount\":352,\"image\":{\"@id\":\"https:\\\/\\\/www.bbmnoticias.com\\\/fiscalia-vincula-a-proceso-a-j-g-r-alias-la-vaca-por-ataque-con-disparos-de-arma-de-fuego-en-agravio-de-ex-presidenta-municipal-de-la-pe-en-el-distrito-de-ejutla\\\/#primaryimage\"},\"thumbnailUrl\":\"https:\\\/\\\/www.bbmnoticias.com\\\/labravaradiofm\\\/wp-content\\\/uploads\\\/sites\\\/5\\\/2025\\\/11\\\/la_vaca.jpg\",\"articleSection\":[\"LOCAL\",\"POLICIACA\"],\"inLanguage\":\"es\"},{\"@type\":\"WebPage\",\"@id\":\"https:\\\/\\\/www.bbmnoticias.com\\\/labravaradiofm\\\/2025\\\/11\\\/18\\\/fiscalia-vincula-a-proceso-a-j-g-r-alias-la-vaca-por-ataque-con-disparos-de-arma-de-fuego-en-agravio-de-ex-presidenta-municipal-de-la-pe-en-el-distrito-de-ejutla\\\/\",\"url\":\"https:\\\/\\\/www.bbmnoticias.com\\\/fiscalia-vincula-a-proceso-a-j-g-r-alias-la-vaca-por-ataque-con-disparos-de-arma-de-fuego-en-agravio-de-ex-presidenta-municipal-de-la-pe-en-el-distrito-de-ejutla\\\/\",\"name\":\"Fiscal\u00eda vincula a proceso a J.G.R., alias \u201cLa Vaca\u201d por ataque con disparos de arma de fuego en agravio de\u00a0ex presidenta municipal de la Pe, en el distrito de Ejutla - LA BRAVA RADIO\",\"isPartOf\":{\"@id\":\"https:\\\/\\\/www.bbmnoticias.com\\\/labravaradiofm\\\/#website\"},\"primaryImageOfPage\":{\"@id\":\"https:\\\/\\\/www.bbmnoticias.com\\\/fiscalia-vincula-a-proceso-a-j-g-r-alias-la-vaca-por-ataque-con-disparos-de-arma-de-fuego-en-agravio-de-ex-presidenta-municipal-de-la-pe-en-el-distrito-de-ejutla\\\/#primaryimage\"},\"image\":{\"@id\":\"https:\\\/\\\/www.bbmnoticias.com\\\/fiscalia-vincula-a-proceso-a-j-g-r-alias-la-vaca-por-ataque-con-disparos-de-arma-de-fuego-en-agravio-de-ex-presidenta-municipal-de-la-pe-en-el-distrito-de-ejutla\\\/#primaryimage\"},\"thumbnailUrl\":\"https:\\\/\\\/www.bbmnoticias.com\\\/labravaradiofm\\\/wp-content\\\/uploads\\\/sites\\\/5\\\/2025\\\/11\\\/la_vaca.jpg\",\"datePublished\":\"2025-11-18T17:08:13+00:00\",\"dateModified\":\"2025-11-18T17:08:43+00:00\",\"author\":{\"@id\":\"https:\\\/\\\/www.bbmnoticias.com\\\/labravaradiofm\\\/#\\\/schema\\\/person\\\/34b139c617a70ea5bef5678bffe4dd7b\"},\"breadcrumb\":{\"@id\":\"https:\\\/\\\/www.bbmnoticias.com\\\/fiscalia-vincula-a-proceso-a-j-g-r-alias-la-vaca-por-ataque-con-disparos-de-arma-de-fuego-en-agravio-de-ex-presidenta-municipal-de-la-pe-en-el-distrito-de-ejutla\\\/#breadcrumb\"},\"inLanguage\":\"es\",\"potentialAction\":[{\"@type\":\"ReadAction\",\"target\":[\"https:\\\/\\\/www.bbmnoticias.com\\\/fiscalia-vincula-a-proceso-a-j-g-r-alias-la-vaca-por-ataque-con-disparos-de-arma-de-fuego-en-agravio-de-ex-presidenta-municipal-de-la-pe-en-el-distrito-de-ejutla\\\/\"]}]},{\"@type\":\"ImageObject\",\"inLanguage\":\"es\",\"@id\":\"https:\\\/\\\/www.bbmnoticias.com\\\/fiscalia-vincula-a-proceso-a-j-g-r-alias-la-vaca-por-ataque-con-disparos-de-arma-de-fuego-en-agravio-de-ex-presidenta-municipal-de-la-pe-en-el-distrito-de-ejutla\\\/#primaryimage\",\"url\":\"https:\\\/\\\/www.bbmnoticias.com\\\/labravaradiofm\\\/wp-content\\\/uploads\\\/sites\\\/5\\\/2025\\\/11\\\/la_vaca.jpg\",\"contentUrl\":\"https:\\\/\\\/www.bbmnoticias.com\\\/labravaradiofm\\\/wp-content\\\/uploads\\\/sites\\\/5\\\/2025\\\/11\\\/la_vaca.jpg\",\"width\":800,\"height\":450},{\"@type\":\"BreadcrumbList\",\"@id\":\"https:\\\/\\\/www.bbmnoticias.com\\\/fiscalia-vincula-a-proceso-a-j-g-r-alias-la-vaca-por-ataque-con-disparos-de-arma-de-fuego-en-agravio-de-ex-presidenta-municipal-de-la-pe-en-el-distrito-de-ejutla\\\/#breadcrumb\",\"itemListElement\":[{\"@type\":\"ListItem\",\"position\":1,\"name\":\"Inicio\",\"item\":\"https:\\\/\\\/www.bbmnoticias.com\\\/labravaradiofm\\\/\"},{\"@type\":\"ListItem\",\"position\":2,\"name\":\"Fiscal\u00eda vincula a proceso a J.G.R., alias \u201cLa Vaca\u201d por ataque con disparos de arma de fuego en agravio de\u00a0ex presidenta municipal de la Pe, en el distrito de Ejutla\"}]},{\"@type\":\"WebSite\",\"@id\":\"https:\\\/\\\/www.bbmnoticias.com\\\/labravaradiofm\\\/#website\",\"url\":\"https:\\\/\\\/www.bbmnoticias.com\\\/labravaradiofm\\\/\",\"name\":\"LA BRAVA RADIO\",\"description\":\"Empresa productora de medios, Radiodifusi\u00f3n, Noticias, tendencias y todo lo que necesitas saber de la pol\u00edtica mexicana e internacional; entretenimiento, espect\u00e1culos, salud y mucho m\u00e1s.\",\"potentialAction\":[{\"@type\":\"SearchAction\",\"target\":{\"@type\":\"EntryPoint\",\"urlTemplate\":\"https:\\\/\\\/www.bbmnoticias.com\\\/labravaradiofm\\\/?s={search_term_string}\"},\"query-input\":{\"@type\":\"PropertyValueSpecification\",\"valueRequired\":true,\"valueName\":\"search_term_string\"}}],\"inLanguage\":\"es\"},{\"@type\":\"Person\",\"@id\":\"https:\\\/\\\/www.bbmnoticias.com\\\/labravaradiofm\\\/#\\\/schema\\\/person\\\/34b139c617a70ea5bef5678bffe4dd7b\",\"name\":\"Staff\",\"image\":{\"@type\":\"ImageObject\",\"inLanguage\":\"es\",\"@id\":\"https:\\\/\\\/secure.gravatar.com\\\/avatar\\\/fdd21ad66fd8b98c407f9dee5b5e588cfe7f0d8579ec20fa6527cd59bab7f0f0?s=96&d=mm&r=g\",\"url\":\"https:\\\/\\\/secure.gravatar.com\\\/avatar\\\/fdd21ad66fd8b98c407f9dee5b5e588cfe7f0d8579ec20fa6527cd59bab7f0f0?s=96&d=mm&r=g\",\"contentUrl\":\"https:\\\/\\\/secure.gravatar.com\\\/avatar\\\/fdd21ad66fd8b98c407f9dee5b5e588cfe7f0d8579ec20fa6527cd59bab7f0f0?s=96&d=mm&r=g\",\"caption\":\"Staff\"},\"url\":\"https:\\\/\\\/www.bbmnoticias.com\\\/labravaradiofm\\\/author\\\/redaccion\\\/\"}]}<\/script>\n<!-- \/ Yoast SEO plugin. -->","yoast_head_json":{"title":"Fiscal\u00eda vincula a proceso a J.G.R., alias \u201cLa Vaca\u201d por ataque con disparos de arma de fuego en agravio de\u00a0ex presidenta municipal de la Pe, en el distrito de Ejutla - LA BRAVA RADIO","robots":{"index":"index","follow":"follow","max-snippet":"max-snippet:-1","max-image-preview":"max-image-preview:large","max-video-preview":"max-video-preview:-1"},"canonical":"https:\/\/www.bbmnoticias.com\/fiscalia-vincula-a-proceso-a-j-g-r-alias-la-vaca-por-ataque-con-disparos-de-arma-de-fuego-en-agravio-de-ex-presidenta-municipal-de-la-pe-en-el-distrito-de-ejutla\/","og_locale":"es_MX","og_type":"article","og_title":"Fiscal\u00eda vincula a proceso a J.G.R., alias \u201cLa Vaca\u201d por ataque con disparos de arma de fuego en agravio de\u00a0ex presidenta municipal de la Pe, en el distrito de Ejutla - LA BRAVA RADIO","og_description":"Oaxaca de Ju\u00e1rez, Oax.- La Fiscal\u00eda General del Estado de Oaxaca (FGEO) obtuvo auto de vinculaci\u00f3n a proceso para una persona del sexo masculino identificado como D.M.E., imputado por el delito de homicidio calificado en grado de tentativa en agravio de una ex presidenta municipal en la regi\u00f3n de los Valles Centrales. De acuerdo con [&hellip;]","og_url":"https:\/\/www.bbmnoticias.com\/fiscalia-vincula-a-proceso-a-j-g-r-alias-la-vaca-por-ataque-con-disparos-de-arma-de-fuego-en-agravio-de-ex-presidenta-municipal-de-la-pe-en-el-distrito-de-ejutla\/","og_site_name":"LA BRAVA RADIO","article_published_time":"2025-11-18T17:08:13+00:00","article_modified_time":"2025-11-18T17:08:43+00:00","og_image":[{"width":800,"height":450,"url":"https:\/\/www.bbmnoticias.com\/labravaradiofm\/wp-content\/uploads\/sites\/5\/2025\/11\/la_vaca.jpg","type":"image\/jpeg"}],"author":"Staff","twitter_card":"summary_large_image","twitter_misc":{"Escrito por":"Staff","Tiempo de lectura":"2 minutos"},"schema":{"@context":"https:\/\/schema.org","@graph":[{"@type":"Article","@id":"https:\/\/www.bbmnoticias.com\/fiscalia-vincula-a-proceso-a-j-g-r-alias-la-vaca-por-ataque-con-disparos-de-arma-de-fuego-en-agravio-de-ex-presidenta-municipal-de-la-pe-en-el-distrito-de-ejutla\/#article","isPartOf":{"@id":"https:\/\/www.bbmnoticias.com\/labravaradiofm\/2025\/11\/18\/fiscalia-vincula-a-proceso-a-j-g-r-alias-la-vaca-por-ataque-con-disparos-de-arma-de-fuego-en-agravio-de-ex-presidenta-municipal-de-la-pe-en-el-distrito-de-ejutla\/"},"author":{"name":"Staff","@id":"https:\/\/www.bbmnoticias.com\/labravaradiofm\/#\/schema\/person\/34b139c617a70ea5bef5678bffe4dd7b"},"headline":"Fiscal\u00eda vincula a proceso a J.G.R., alias \u201cLa Vaca\u201d por ataque con disparos de arma de fuego en agravio de\u00a0ex presidenta municipal de la Pe, en el distrito de Ejutla","datePublished":"2025-11-18T17:08:13+00:00","dateModified":"2025-11-18T17:08:43+00:00","mainEntityOfPage":{"@id":"https:\/\/www.bbmnoticias.com\/labravaradiofm\/2025\/11\/18\/fiscalia-vincula-a-proceso-a-j-g-r-alias-la-vaca-por-ataque-con-disparos-de-arma-de-fuego-en-agravio-de-ex-presidenta-municipal-de-la-pe-en-el-distrito-de-ejutla\/"},"wordCount":352,"image":{"@id":"https:\/\/www.bbmnoticias.com\/fiscalia-vincula-a-proceso-a-j-g-r-alias-la-vaca-por-ataque-con-disparos-de-arma-de-fuego-en-agravio-de-ex-presidenta-municipal-de-la-pe-en-el-distrito-de-ejutla\/#primaryimage"},"thumbnailUrl":"https:\/\/www.bbmnoticias.com\/labravaradiofm\/wp-content\/uploads\/sites\/5\/2025\/11\/la_vaca.jpg","articleSection":["LOCAL","POLICIACA"],"inLanguage":"es"},{"@type":"WebPage","@id":"https:\/\/www.bbmnoticias.com\/labravaradiofm\/2025\/11\/18\/fiscalia-vincula-a-proceso-a-j-g-r-alias-la-vaca-por-ataque-con-disparos-de-arma-de-fuego-en-agravio-de-ex-presidenta-municipal-de-la-pe-en-el-distrito-de-ejutla\/","url":"https:\/\/www.bbmnoticias.com\/fiscalia-vincula-a-proceso-a-j-g-r-alias-la-vaca-por-ataque-con-disparos-de-arma-de-fuego-en-agravio-de-ex-presidenta-municipal-de-la-pe-en-el-distrito-de-ejutla\/","name":"Fiscal\u00eda vincula a proceso a J.G.R., alias \u201cLa Vaca\u201d por ataque con disparos de arma de fuego en agravio de\u00a0ex presidenta municipal de la Pe, en el distrito de Ejutla - LA BRAVA RADIO","isPartOf":{"@id":"https:\/\/www.bbmnoticias.com\/labravaradiofm\/#website"},"primaryImageOfPage":{"@id":"https:\/\/www.bbmnoticias.com\/fiscalia-vincula-a-proceso-a-j-g-r-alias-la-vaca-por-ataque-con-disparos-de-arma-de-fuego-en-agravio-de-ex-presidenta-municipal-de-la-pe-en-el-distrito-de-ejutla\/#primaryimage"},"image":{"@id":"https:\/\/www.bbmnoticias.com\/fiscalia-vincula-a-proceso-a-j-g-r-alias-la-vaca-por-ataque-con-disparos-de-arma-de-fuego-en-agravio-de-ex-presidenta-municipal-de-la-pe-en-el-distrito-de-ejutla\/#primaryimage"},"thumbnailUrl":"https:\/\/www.bbmnoticias.com\/labravaradiofm\/wp-content\/uploads\/sites\/5\/2025\/11\/la_vaca.jpg","datePublished":"2025-11-18T17:08:13+00:00","dateModified":"2025-11-18T17:08:43+00:00","author":{"@id":"https:\/\/www.bbmnoticias.com\/labravaradiofm\/#\/schema\/person\/34b139c617a70ea5bef5678bffe4dd7b"},"breadcrumb":{"@id":"https:\/\/www.bbmnoticias.com\/fiscalia-vincula-a-proceso-a-j-g-r-alias-la-vaca-por-ataque-con-disparos-de-arma-de-fuego-en-agravio-de-ex-presidenta-municipal-de-la-pe-en-el-distrito-de-ejutla\/#breadcrumb"},"inLanguage":"es","potentialAction":[{"@type":"ReadAction","target":["https:\/\/www.bbmnoticias.com\/fiscalia-vincula-a-proceso-a-j-g-r-alias-la-vaca-por-ataque-con-disparos-de-arma-de-fuego-en-agravio-de-ex-presidenta-municipal-de-la-pe-en-el-distrito-de-ejutla\/"]}]},{"@type":"ImageObject","inLanguage":"es","@id":"https:\/\/www.bbmnoticias.com\/fiscalia-vincula-a-proceso-a-j-g-r-alias-la-vaca-por-ataque-con-disparos-de-arma-de-fuego-en-agravio-de-ex-presidenta-municipal-de-la-pe-en-el-distrito-de-ejutla\/#primaryimage","url":"https:\/\/www.bbmnoticias.com\/labravaradiofm\/wp-content\/uploads\/sites\/5\/2025\/11\/la_vaca.jpg","contentUrl":"https:\/\/www.bbmnoticias.com\/labravaradiofm\/wp-content\/uploads\/sites\/5\/2025\/11\/la_vaca.jpg","width":800,"height":450},{"@type":"BreadcrumbList","@id":"https:\/\/www.bbmnoticias.com\/fiscalia-vincula-a-proceso-a-j-g-r-alias-la-vaca-por-ataque-con-disparos-de-arma-de-fuego-en-agravio-de-ex-presidenta-municipal-de-la-pe-en-el-distrito-de-ejutla\/#breadcrumb","itemListElement":[{"@type":"ListItem","position":1,"name":"Inicio","item":"https:\/\/www.bbmnoticias.com\/labravaradiofm\/"},{"@type":"ListItem","position":2,"name":"Fiscal\u00eda vincula a proceso a J.G.R., alias \u201cLa Vaca\u201d por ataque con disparos de arma de fuego en agravio de\u00a0ex presidenta municipal de la Pe, en el distrito de Ejutla"}]},{"@type":"WebSite","@id":"https:\/\/www.bbmnoticias.com\/labravaradiofm\/#website","url":"https:\/\/www.bbmnoticias.com\/labravaradiofm\/","name":"LA BRAVA RADIO","description":"Empresa productora de medios, Radiodifusi\u00f3n, Noticias, tendencias y todo lo que necesitas saber de la pol\u00edtica mexicana e internacional; entretenimiento, espect\u00e1culos, salud y mucho m\u00e1s.","potentialAction":[{"@type":"SearchAction","target":{"@type":"EntryPoint","urlTemplate":"https:\/\/www.bbmnoticias.com\/labravaradiofm\/?s={search_term_string}"},"query-input":{"@type":"PropertyValueSpecification","valueRequired":true,"valueName":"search_term_string"}}],"inLanguage":"es"},{"@type":"Person","@id":"https:\/\/www.bbmnoticias.com\/labravaradiofm\/#\/schema\/person\/34b139c617a70ea5bef5678bffe4dd7b","name":"Staff","image":{"@type":"ImageObject","inLanguage":"es","@id":"https:\/\/secure.gravatar.com\/avatar\/fdd21ad66fd8b98c407f9dee5b5e588cfe7f0d8579ec20fa6527cd59bab7f0f0?s=96&d=mm&r=g","url":"https:\/\/secure.gravatar.com\/avatar\/fdd21ad66fd8b98c407f9dee5b5e588cfe7f0d8579ec20fa6527cd59bab7f0f0?s=96&d=mm&r=g","contentUrl":"https:\/\/secure.gravatar.com\/avatar\/fdd21ad66fd8b98c407f9dee5b5e588cfe7f0d8579ec20fa6527cd59bab7f0f0?s=96&d=mm&r=g","caption":"Staff"},"url":"https:\/\/www.bbmnoticias.com\/labravaradiofm\/author\/redaccion\/"}]}},"_links":{"self":[{"href":"https:\/\/www.bbmnoticias.com\/labravaradiofm\/wp-json\/wp\/v2\/posts\/69931","targetHints":{"allow":["GET"]}}],"collection":[{"href":"https:\/\/www.bbmnoticias.com\/labravaradiofm\/wp-json\/wp\/v2\/posts"}],"about":[{"href":"https:\/\/www.bbmnoticias.com\/labravaradiofm\/wp-json\/wp\/v2\/types\/post"}],"author":[{"embeddable":true,"href":"https:\/\/www.bbmnoticias.com\/labravaradiofm\/wp-json\/wp\/v2\/users\/2"}],"replies":[{"embeddable":true,"href":"https:\/\/www.bbmnoticias.com\/labravaradiofm\/wp-json\/wp\/v2\/comments?post=69931"}],"version-history":[{"count":0,"href":"https:\/\/www.bbmnoticias.com\/labravaradiofm\/wp-json\/wp\/v2\/posts\/69931\/revisions"}],"wp:featuredmedia":[{"embeddable":true,"href":"https:\/\/www.bbmnoticias.com\/labravaradiofm\/wp-json\/wp\/v2\/media\/69933"}],"wp:attachment":[{"href":"https:\/\/www.bbmnoticias.com\/labravaradiofm\/wp-json\/wp\/v2\/media?parent=69931"}],"wp:term":[{"taxonomy":"category","embeddable":true,"href":"https:\/\/www.bbmnoticias.com\/labravaradiofm\/wp-json\/wp\/v2\/categories?post=69931"},{"taxonomy":"post_tag","embeddable":true,"href":"https:\/\/www.bbmnoticias.com\/labravaradiofm\/wp-json\/wp\/v2\/tags?post=69931"}],"curies":[{"name":"wp","href":"https:\/\/api.w.org\/{rel}","templated":true}]}}