{"id":69928,"date":"2025-11-18T09:34:28","date_gmt":"2025-11-18T15:34:28","guid":{"rendered":"https:\/\/www.bbmnoticias.com\/labravaradiofm\/2025\/11\/18\/no-habra-intervencion-de-eu-sheinbaum\/"},"modified":"2025-11-18T09:34:52","modified_gmt":"2025-11-18T15:34:52","slug":"no-habra-intervencion-de-eu-sheinbaum","status":"publish","type":"post","link":"https:\/\/www.bbmnoticias.com\/labravaradiofm\/2025\/11\/18\/no-habra-intervencion-de-eu-sheinbaum\/","title":{"rendered":"No habr\u00e1 intervenci\u00f3n de EU: Sheinbaum"},"content":{"rendered":"<div style=\"margin-top: 0px; margin-bottom: 0px;\" class=\"sharethis-inline-share-buttons\" ><\/div>\n<p>\u201cNo va a ocurrir\u201d una intervenci\u00f3n militar de Estados Unidos, en M\u00e9xico, enfatiz\u00f3 la presidenta Claudia Sheinbaum Pardo, ante las declaraciones de su hom\u00f3logo Donald Trump de lanzar una iniciativa armada para combatir a los grupos de narcotr\u00e1fico que trafican drogas a su pa\u00eds.<\/p>\n\n\n\n<p>En la conferencia de prensa, subray\u00f3 que el gobierno de M\u00e9xico no permitir\u00e1 una intervenci\u00f3n de ese tipo y con Estados Unidos hay colaboraci\u00f3n y coordinaci\u00f3n, sin subordinaci\u00f3n.<\/p>\n\n\n\n<p>Dijo que las llamadas telef\u00f3nicas con Donald Trump ha hecho ese tipo de ofrecimientos.<\/p>\n\n\n\n<p>\u201cDe hecho despu\u00e9s hubo una aclaraci\u00f3n. Lo he mencionado muchas veces, en las pl\u00e1ticas que tenido con el presidente Trump, telef\u00f3nicas, \u00e9l ha sugerido en varias ocasiones o ha dicho, les ofrecemos una intervenci\u00f3n militar de Estados Unidos en M\u00e9xico, lo que necesiten para combatir a los grupos delictivos\u201d, expres\u00f3.<\/p>\n\n\n\n<p>\u201cPero yo le dicho en todas las ocasiones que podemos colaborar, que nos pueden ayudar con informaci\u00f3n que ellos tengan, pero que nosotros operamos en nuestro territorio, que nosotros No aceptamos una intervenci\u00f3n de ning\u00fan gobierno extranjero\u201d, afirm\u00f3.<\/p>\n\n\n\n<p>La presidenta Sheinbaum Pardo dijo que la posici\u00f3n de M\u00e9xico se la ha expresado a Marco Rubio, secretario de Departamento de Estado de EU.<\/p>\n\n\n\n<p>\u201cY ellos han entendido. Tan es as\u00ed que el entendimiento que tenemos con ellos es de colaboraci\u00f3n y de coordinaci\u00f3n y los primeros puntos queda muy claro, el respeto a la soberan\u00eda, el respeto a nuestra territorialidad y que hay colaboraci\u00f3n y coordinaci\u00f3n sin subordinaci\u00f3n, eso quedado muy claro\u201d, recalc\u00f3.<\/p>\n\n\n\n<p>\u201cDespu\u00e9s sacaron un comunicado de que a menos que nosotros lo pidi\u00e9ramos ellos intervendr\u00edan y nosotros no lo vamos a pedir y no lo vamos a pedir porque nosotros no queremos intervenciones de ning\u00fan gobierno extranjero y hay colaboraci\u00f3n, ha coordinaci\u00f3n, pero no hay subordinaci\u00f3n ni podemos permitir una intervenci\u00f3n\u201d, aclar\u00f3.<\/p>\n\n\n\n<h2 class=\"wp-block-heading\">Plantea Sheinbaum delimitar claramente frontera entre M\u00e9xico y EU<\/h2>\n\n\n\n<p>La presidenta Claudia Sheinbaum aclar\u00f3 la pol\u00e9mica por l\u00edmite en la frontera entre M\u00e9xico y Estados Unidos, en la Playa Bagdad, en Tamaulipas.<\/p>\n\n\n\n<p>\u201cSe pusieron unos letreros de l\u00edmites en una parte de la playa, primero se consult\u00f3 al Consulado y Embajada, no hab\u00eda reporte de algo oficial y despu\u00e9s una \u00e1rea del Gobierno de Estados Unidos plante\u00f3 que se hab\u00eda contratado una empresa para ponerlos.<\/p>\n\n\n\n<p>\u201cEl r\u00edo va cambiando su cause y de acuerdo con el tratado tiene que delimitarse el l\u00edmite territorial (&#8230;) se delimite claramente con mayor informaci\u00f3n e instrumentaci\u00f3n exactamente el l\u00edmite en esa zona de Tamaulipas\u201d, dijo en la Ma\u00f1anera de este 18 de noviembre, en Palacio Nacional.<\/p>\n\n\n\n<p>El Gobierno de M\u00e9xico, a trav\u00e9s de la Secretar\u00eda de Marina (SEMAR) y la Secretar\u00eda de Relaciones Exteriores &nbsp;(SRE), inform\u00f3 que ayer, derivado de un reporte, personal naval localiz\u00f3 y retir\u00f3, de manera &nbsp;preventiva, seis letreros de advertencia colocados en Playa Bagdad, Tamaulipas, cuya instalaci\u00f3n gener\u00f3 &nbsp;dudas respecto a su procedencia y a su ubicaci\u00f3n en el territorio nacional.<\/p>\n\n\n\n<p>De acuerdo con la informaci\u00f3n recopilada por la Secretar\u00eda de Marina, el hallazgo se dio tras un reporte recibido, y durante las primeras consultas realizadas por el Consulado de M\u00e9xico en Brownsville no se &nbsp;identific\u00f3 confirmaci\u00f3n de que los se\u00f1alamientos hubieran sido colocados por alguna autoridad &nbsp;estadounidense.<\/p>\n\n\n\n<p>La Secretar\u00eda de Relaciones Exteriores ha establecido comunicaci\u00f3n sobre este incidente con la Embajada &nbsp;de los Estados Unidos en M\u00e9xico. Asimismo, la Secci\u00f3n Mexicana de la Comisi\u00f3n Internacional de L\u00edmites y &nbsp;Aguas (CILA) iniciar\u00e1 las consultas t\u00e9cnicas necesarias para esclarecer cabalmente el incidente, as\u00ed como &nbsp;realizar la revisi\u00f3n que establecen los tratados vigentes de l\u00edmites y aguas de los mapas e instrumentos que &nbsp;delimitan la frontera entre ambos pa\u00edses.<\/p>\n","protected":false},"excerpt":{"rendered":"<p>\u201cNo va a ocurrir\u201d una intervenci\u00f3n militar de Estados Unidos, en M\u00e9xico, enfatiz\u00f3 la presidenta Claudia Sheinbaum Pardo, ante las declaraciones de su hom\u00f3logo Donald Trump de lanzar una iniciativa armada para combatir a los grupos de narcotr\u00e1fico que trafican drogas a su pa\u00eds. En la conferencia de prensa, subray\u00f3 que el gobierno de M\u00e9xico [&hellip;]<\/p>\n","protected":false},"author":4,"featured_media":69930,"comment_status":"closed","ping_status":"","sticky":false,"template":"","format":"standard","meta":{"footnotes":""},"categories":[2,19],"tags":[],"class_list":{"0":"post-69928","1":"post","2":"type-post","3":"status-publish","4":"format-standard","5":"has-post-thumbnail","7":"category-oaxaca","8":"category-nacional"},"yoast_head":"<!-- This site is optimized with the Yoast SEO plugin v27.4 - https:\/\/yoast.com\/product\/yoast-seo-wordpress\/ -->\n<title>No habr\u00e1 intervenci\u00f3n de EU: Sheinbaum - LA BRAVA RADIO<\/title>\n<meta name=\"robots\" content=\"index, follow, max-snippet:-1, max-image-preview:large, max-video-preview:-1\" \/>\n<link rel=\"canonical\" href=\"https:\/\/www.bbmnoticias.com\/no-habra-intervencion-de-eu-sheinbaum\/\" \/>\n<meta property=\"og:locale\" content=\"es_MX\" \/>\n<meta property=\"og:type\" content=\"article\" \/>\n<meta property=\"og:title\" content=\"No habr\u00e1 intervenci\u00f3n de EU: Sheinbaum - LA BRAVA RADIO\" \/>\n<meta property=\"og:description\" content=\"\u201cNo va a ocurrir\u201d una intervenci\u00f3n militar de Estados Unidos, en M\u00e9xico, enfatiz\u00f3 la presidenta Claudia Sheinbaum Pardo, ante las declaraciones de su hom\u00f3logo Donald Trump de lanzar una iniciativa armada para combatir a los grupos de narcotr\u00e1fico que trafican drogas a su pa\u00eds. En la conferencia de prensa, subray\u00f3 que el gobierno de M\u00e9xico [&hellip;]\" \/>\n<meta property=\"og:url\" content=\"https:\/\/www.bbmnoticias.com\/no-habra-intervencion-de-eu-sheinbaum\/\" \/>\n<meta property=\"og:site_name\" content=\"LA BRAVA RADIO\" \/>\n<meta property=\"article:published_time\" content=\"2025-11-18T15:34:28+00:00\" \/>\n<meta property=\"article:modified_time\" content=\"2025-11-18T15:34:52+00:00\" \/>\n<meta property=\"og:image\" content=\"https:\/\/www.bbmnoticias.com\/labravaradiofm\/wp-content\/uploads\/sites\/5\/2025\/11\/claudia_sheinbaum-5.jpg\" \/>\n\t<meta property=\"og:image:width\" content=\"848\" \/>\n\t<meta property=\"og:image:height\" content=\"477\" \/>\n\t<meta property=\"og:image:type\" content=\"image\/jpeg\" \/>\n<meta name=\"author\" content=\"Agencias\" \/>\n<meta name=\"twitter:card\" content=\"summary_large_image\" \/>\n<meta name=\"twitter:label1\" content=\"Escrito por\" \/>\n\t<meta name=\"twitter:data1\" content=\"Agencias\" \/>\n\t<meta name=\"twitter:label2\" content=\"Tiempo de lectura\" \/>\n\t<meta name=\"twitter:data2\" content=\"3 minutos\" \/>\n<script type=\"application\/ld+json\" class=\"yoast-schema-graph\">{\"@context\":\"https:\\\/\\\/schema.org\",\"@graph\":[{\"@type\":\"Article\",\"@id\":\"https:\\\/\\\/www.bbmnoticias.com\\\/no-habra-intervencion-de-eu-sheinbaum\\\/#article\",\"isPartOf\":{\"@id\":\"https:\\\/\\\/www.bbmnoticias.com\\\/labravaradiofm\\\/2025\\\/11\\\/18\\\/no-habra-intervencion-de-eu-sheinbaum\\\/\"},\"author\":{\"name\":\"Agencias\",\"@id\":\"https:\\\/\\\/www.bbmnoticias.com\\\/labravaradiofm\\\/#\\\/schema\\\/person\\\/857a3daf5c8142f29919023f377fbfad\"},\"headline\":\"No habr\u00e1 intervenci\u00f3n de EU: Sheinbaum\",\"datePublished\":\"2025-11-18T15:34:28+00:00\",\"dateModified\":\"2025-11-18T15:34:52+00:00\",\"mainEntityOfPage\":{\"@id\":\"https:\\\/\\\/www.bbmnoticias.com\\\/labravaradiofm\\\/2025\\\/11\\\/18\\\/no-habra-intervencion-de-eu-sheinbaum\\\/\"},\"wordCount\":681,\"image\":{\"@id\":\"https:\\\/\\\/www.bbmnoticias.com\\\/no-habra-intervencion-de-eu-sheinbaum\\\/#primaryimage\"},\"thumbnailUrl\":\"https:\\\/\\\/www.bbmnoticias.com\\\/labravaradiofm\\\/wp-content\\\/uploads\\\/sites\\\/5\\\/2025\\\/11\\\/claudia_sheinbaum-5.jpg\",\"articleSection\":[\"LOCAL\",\"NACIONAL\"],\"inLanguage\":\"es\"},{\"@type\":\"WebPage\",\"@id\":\"https:\\\/\\\/www.bbmnoticias.com\\\/labravaradiofm\\\/2025\\\/11\\\/18\\\/no-habra-intervencion-de-eu-sheinbaum\\\/\",\"url\":\"https:\\\/\\\/www.bbmnoticias.com\\\/no-habra-intervencion-de-eu-sheinbaum\\\/\",\"name\":\"No habr\u00e1 intervenci\u00f3n de EU: Sheinbaum - LA BRAVA RADIO\",\"isPartOf\":{\"@id\":\"https:\\\/\\\/www.bbmnoticias.com\\\/labravaradiofm\\\/#website\"},\"primaryImageOfPage\":{\"@id\":\"https:\\\/\\\/www.bbmnoticias.com\\\/no-habra-intervencion-de-eu-sheinbaum\\\/#primaryimage\"},\"image\":{\"@id\":\"https:\\\/\\\/www.bbmnoticias.com\\\/no-habra-intervencion-de-eu-sheinbaum\\\/#primaryimage\"},\"thumbnailUrl\":\"https:\\\/\\\/www.bbmnoticias.com\\\/labravaradiofm\\\/wp-content\\\/uploads\\\/sites\\\/5\\\/2025\\\/11\\\/claudia_sheinbaum-5.jpg\",\"datePublished\":\"2025-11-18T15:34:28+00:00\",\"dateModified\":\"2025-11-18T15:34:52+00:00\",\"author\":{\"@id\":\"https:\\\/\\\/www.bbmnoticias.com\\\/labravaradiofm\\\/#\\\/schema\\\/person\\\/857a3daf5c8142f29919023f377fbfad\"},\"breadcrumb\":{\"@id\":\"https:\\\/\\\/www.bbmnoticias.com\\\/no-habra-intervencion-de-eu-sheinbaum\\\/#breadcrumb\"},\"inLanguage\":\"es\",\"potentialAction\":[{\"@type\":\"ReadAction\",\"target\":[\"https:\\\/\\\/www.bbmnoticias.com\\\/no-habra-intervencion-de-eu-sheinbaum\\\/\"]}]},{\"@type\":\"ImageObject\",\"inLanguage\":\"es\",\"@id\":\"https:\\\/\\\/www.bbmnoticias.com\\\/no-habra-intervencion-de-eu-sheinbaum\\\/#primaryimage\",\"url\":\"https:\\\/\\\/www.bbmnoticias.com\\\/labravaradiofm\\\/wp-content\\\/uploads\\\/sites\\\/5\\\/2025\\\/11\\\/claudia_sheinbaum-5.jpg\",\"contentUrl\":\"https:\\\/\\\/www.bbmnoticias.com\\\/labravaradiofm\\\/wp-content\\\/uploads\\\/sites\\\/5\\\/2025\\\/11\\\/claudia_sheinbaum-5.jpg\",\"width\":848,\"height\":477},{\"@type\":\"BreadcrumbList\",\"@id\":\"https:\\\/\\\/www.bbmnoticias.com\\\/no-habra-intervencion-de-eu-sheinbaum\\\/#breadcrumb\",\"itemListElement\":[{\"@type\":\"ListItem\",\"position\":1,\"name\":\"Inicio\",\"item\":\"https:\\\/\\\/www.bbmnoticias.com\\\/labravaradiofm\\\/\"},{\"@type\":\"ListItem\",\"position\":2,\"name\":\"No habr\u00e1 intervenci\u00f3n de EU: Sheinbaum\"}]},{\"@type\":\"WebSite\",\"@id\":\"https:\\\/\\\/www.bbmnoticias.com\\\/labravaradiofm\\\/#website\",\"url\":\"https:\\\/\\\/www.bbmnoticias.com\\\/labravaradiofm\\\/\",\"name\":\"LA BRAVA RADIO\",\"description\":\"Empresa productora de medios, Radiodifusi\u00f3n, Noticias, tendencias y todo lo que necesitas saber de la pol\u00edtica mexicana e internacional; entretenimiento, espect\u00e1culos, salud y mucho m\u00e1s.\",\"potentialAction\":[{\"@type\":\"SearchAction\",\"target\":{\"@type\":\"EntryPoint\",\"urlTemplate\":\"https:\\\/\\\/www.bbmnoticias.com\\\/labravaradiofm\\\/?s={search_term_string}\"},\"query-input\":{\"@type\":\"PropertyValueSpecification\",\"valueRequired\":true,\"valueName\":\"search_term_string\"}}],\"inLanguage\":\"es\"},{\"@type\":\"Person\",\"@id\":\"https:\\\/\\\/www.bbmnoticias.com\\\/labravaradiofm\\\/#\\\/schema\\\/person\\\/857a3daf5c8142f29919023f377fbfad\",\"name\":\"Agencias\",\"image\":{\"@type\":\"ImageObject\",\"inLanguage\":\"es\",\"@id\":\"https:\\\/\\\/secure.gravatar.com\\\/avatar\\\/739e0b61adf9e398b425c36718c8752286da0e8cd90f20ce9a86678abc26aa0d?s=96&d=mm&r=g\",\"url\":\"https:\\\/\\\/secure.gravatar.com\\\/avatar\\\/739e0b61adf9e398b425c36718c8752286da0e8cd90f20ce9a86678abc26aa0d?s=96&d=mm&r=g\",\"contentUrl\":\"https:\\\/\\\/secure.gravatar.com\\\/avatar\\\/739e0b61adf9e398b425c36718c8752286da0e8cd90f20ce9a86678abc26aa0d?s=96&d=mm&r=g\",\"caption\":\"Agencias\"},\"url\":\"https:\\\/\\\/www.bbmnoticias.com\\\/labravaradiofm\\\/author\\\/agencias\\\/\"}]}<\/script>\n<!-- \/ Yoast SEO plugin. -->","yoast_head_json":{"title":"No habr\u00e1 intervenci\u00f3n de EU: Sheinbaum - LA BRAVA RADIO","robots":{"index":"index","follow":"follow","max-snippet":"max-snippet:-1","max-image-preview":"max-image-preview:large","max-video-preview":"max-video-preview:-1"},"canonical":"https:\/\/www.bbmnoticias.com\/no-habra-intervencion-de-eu-sheinbaum\/","og_locale":"es_MX","og_type":"article","og_title":"No habr\u00e1 intervenci\u00f3n de EU: Sheinbaum - LA BRAVA RADIO","og_description":"\u201cNo va a ocurrir\u201d una intervenci\u00f3n militar de Estados Unidos, en M\u00e9xico, enfatiz\u00f3 la presidenta Claudia Sheinbaum Pardo, ante las declaraciones de su hom\u00f3logo Donald Trump de lanzar una iniciativa armada para combatir a los grupos de narcotr\u00e1fico que trafican drogas a su pa\u00eds. En la conferencia de prensa, subray\u00f3 que el gobierno de M\u00e9xico [&hellip;]","og_url":"https:\/\/www.bbmnoticias.com\/no-habra-intervencion-de-eu-sheinbaum\/","og_site_name":"LA BRAVA RADIO","article_published_time":"2025-11-18T15:34:28+00:00","article_modified_time":"2025-11-18T15:34:52+00:00","og_image":[{"width":848,"height":477,"url":"https:\/\/www.bbmnoticias.com\/labravaradiofm\/wp-content\/uploads\/sites\/5\/2025\/11\/claudia_sheinbaum-5.jpg","type":"image\/jpeg"}],"author":"Agencias","twitter_card":"summary_large_image","twitter_misc":{"Escrito por":"Agencias","Tiempo de lectura":"3 minutos"},"schema":{"@context":"https:\/\/schema.org","@graph":[{"@type":"Article","@id":"https:\/\/www.bbmnoticias.com\/no-habra-intervencion-de-eu-sheinbaum\/#article","isPartOf":{"@id":"https:\/\/www.bbmnoticias.com\/labravaradiofm\/2025\/11\/18\/no-habra-intervencion-de-eu-sheinbaum\/"},"author":{"name":"Agencias","@id":"https:\/\/www.bbmnoticias.com\/labravaradiofm\/#\/schema\/person\/857a3daf5c8142f29919023f377fbfad"},"headline":"No habr\u00e1 intervenci\u00f3n de EU: Sheinbaum","datePublished":"2025-11-18T15:34:28+00:00","dateModified":"2025-11-18T15:34:52+00:00","mainEntityOfPage":{"@id":"https:\/\/www.bbmnoticias.com\/labravaradiofm\/2025\/11\/18\/no-habra-intervencion-de-eu-sheinbaum\/"},"wordCount":681,"image":{"@id":"https:\/\/www.bbmnoticias.com\/no-habra-intervencion-de-eu-sheinbaum\/#primaryimage"},"thumbnailUrl":"https:\/\/www.bbmnoticias.com\/labravaradiofm\/wp-content\/uploads\/sites\/5\/2025\/11\/claudia_sheinbaum-5.jpg","articleSection":["LOCAL","NACIONAL"],"inLanguage":"es"},{"@type":"WebPage","@id":"https:\/\/www.bbmnoticias.com\/labravaradiofm\/2025\/11\/18\/no-habra-intervencion-de-eu-sheinbaum\/","url":"https:\/\/www.bbmnoticias.com\/no-habra-intervencion-de-eu-sheinbaum\/","name":"No habr\u00e1 intervenci\u00f3n de EU: Sheinbaum - LA BRAVA RADIO","isPartOf":{"@id":"https:\/\/www.bbmnoticias.com\/labravaradiofm\/#website"},"primaryImageOfPage":{"@id":"https:\/\/www.bbmnoticias.com\/no-habra-intervencion-de-eu-sheinbaum\/#primaryimage"},"image":{"@id":"https:\/\/www.bbmnoticias.com\/no-habra-intervencion-de-eu-sheinbaum\/#primaryimage"},"thumbnailUrl":"https:\/\/www.bbmnoticias.com\/labravaradiofm\/wp-content\/uploads\/sites\/5\/2025\/11\/claudia_sheinbaum-5.jpg","datePublished":"2025-11-18T15:34:28+00:00","dateModified":"2025-11-18T15:34:52+00:00","author":{"@id":"https:\/\/www.bbmnoticias.com\/labravaradiofm\/#\/schema\/person\/857a3daf5c8142f29919023f377fbfad"},"breadcrumb":{"@id":"https:\/\/www.bbmnoticias.com\/no-habra-intervencion-de-eu-sheinbaum\/#breadcrumb"},"inLanguage":"es","potentialAction":[{"@type":"ReadAction","target":["https:\/\/www.bbmnoticias.com\/no-habra-intervencion-de-eu-sheinbaum\/"]}]},{"@type":"ImageObject","inLanguage":"es","@id":"https:\/\/www.bbmnoticias.com\/no-habra-intervencion-de-eu-sheinbaum\/#primaryimage","url":"https:\/\/www.bbmnoticias.com\/labravaradiofm\/wp-content\/uploads\/sites\/5\/2025\/11\/claudia_sheinbaum-5.jpg","contentUrl":"https:\/\/www.bbmnoticias.com\/labravaradiofm\/wp-content\/uploads\/sites\/5\/2025\/11\/claudia_sheinbaum-5.jpg","width":848,"height":477},{"@type":"BreadcrumbList","@id":"https:\/\/www.bbmnoticias.com\/no-habra-intervencion-de-eu-sheinbaum\/#breadcrumb","itemListElement":[{"@type":"ListItem","position":1,"name":"Inicio","item":"https:\/\/www.bbmnoticias.com\/labravaradiofm\/"},{"@type":"ListItem","position":2,"name":"No habr\u00e1 intervenci\u00f3n de EU: Sheinbaum"}]},{"@type":"WebSite","@id":"https:\/\/www.bbmnoticias.com\/labravaradiofm\/#website","url":"https:\/\/www.bbmnoticias.com\/labravaradiofm\/","name":"LA BRAVA RADIO","description":"Empresa productora de medios, Radiodifusi\u00f3n, Noticias, tendencias y todo lo que necesitas saber de la pol\u00edtica mexicana e internacional; entretenimiento, espect\u00e1culos, salud y mucho m\u00e1s.","potentialAction":[{"@type":"SearchAction","target":{"@type":"EntryPoint","urlTemplate":"https:\/\/www.bbmnoticias.com\/labravaradiofm\/?s={search_term_string}"},"query-input":{"@type":"PropertyValueSpecification","valueRequired":true,"valueName":"search_term_string"}}],"inLanguage":"es"},{"@type":"Person","@id":"https:\/\/www.bbmnoticias.com\/labravaradiofm\/#\/schema\/person\/857a3daf5c8142f29919023f377fbfad","name":"Agencias","image":{"@type":"ImageObject","inLanguage":"es","@id":"https:\/\/secure.gravatar.com\/avatar\/739e0b61adf9e398b425c36718c8752286da0e8cd90f20ce9a86678abc26aa0d?s=96&d=mm&r=g","url":"https:\/\/secure.gravatar.com\/avatar\/739e0b61adf9e398b425c36718c8752286da0e8cd90f20ce9a86678abc26aa0d?s=96&d=mm&r=g","contentUrl":"https:\/\/secure.gravatar.com\/avatar\/739e0b61adf9e398b425c36718c8752286da0e8cd90f20ce9a86678abc26aa0d?s=96&d=mm&r=g","caption":"Agencias"},"url":"https:\/\/www.bbmnoticias.com\/labravaradiofm\/author\/agencias\/"}]}},"_links":{"self":[{"href":"https:\/\/www.bbmnoticias.com\/labravaradiofm\/wp-json\/wp\/v2\/posts\/69928","targetHints":{"allow":["GET"]}}],"collection":[{"href":"https:\/\/www.bbmnoticias.com\/labravaradiofm\/wp-json\/wp\/v2\/posts"}],"about":[{"href":"https:\/\/www.bbmnoticias.com\/labravaradiofm\/wp-json\/wp\/v2\/types\/post"}],"author":[{"embeddable":true,"href":"https:\/\/www.bbmnoticias.com\/labravaradiofm\/wp-json\/wp\/v2\/users\/4"}],"replies":[{"embeddable":true,"href":"https:\/\/www.bbmnoticias.com\/labravaradiofm\/wp-json\/wp\/v2\/comments?post=69928"}],"version-history":[{"count":0,"href":"https:\/\/www.bbmnoticias.com\/labravaradiofm\/wp-json\/wp\/v2\/posts\/69928\/revisions"}],"wp:featuredmedia":[{"embeddable":true,"href":"https:\/\/www.bbmnoticias.com\/labravaradiofm\/wp-json\/wp\/v2\/media\/69930"}],"wp:attachment":[{"href":"https:\/\/www.bbmnoticias.com\/labravaradiofm\/wp-json\/wp\/v2\/media?parent=69928"}],"wp:term":[{"taxonomy":"category","embeddable":true,"href":"https:\/\/www.bbmnoticias.com\/labravaradiofm\/wp-json\/wp\/v2\/categories?post=69928"},{"taxonomy":"post_tag","embeddable":true,"href":"https:\/\/www.bbmnoticias.com\/labravaradiofm\/wp-json\/wp\/v2\/tags?post=69928"}],"curies":[{"name":"wp","href":"https:\/\/api.w.org\/{rel}","templated":true}]}}