{"id":69898,"date":"2025-11-17T12:27:48","date_gmt":"2025-11-17T18:27:48","guid":{"rendered":"https:\/\/www.bbmnoticias.com\/labravaradiofm\/2025\/11\/17\/edipo-nadie-es-ateo-se-presenta-en-el-43-festival-de-otono-en-madrid\/"},"modified":"2025-11-17T12:27:51","modified_gmt":"2025-11-17T18:27:51","slug":"edipo-nadie-es-ateo-se-presenta-en-el-43-festival-de-otono-en-madrid","status":"publish","type":"post","link":"https:\/\/www.bbmnoticias.com\/labravaradiofm\/2025\/11\/17\/edipo-nadie-es-ateo-se-presenta-en-el-43-festival-de-otono-en-madrid\/","title":{"rendered":"\u201cEdipo: Nadie es ateo\u201d se presenta\u00a0en el 43 Festival de Oto\u00f1o en Madrid"},"content":{"rendered":"<div style=\"margin-top: 0px; margin-bottom: 0px;\" class=\"sharethis-inline-share-buttons\" ><\/div>\n<p>El 43 Festival de Oto\u00f1o&nbsp; se celebra&nbsp; como cada a\u00f1o en Madrid. En est\u00e1 edici\u00f3n, contar\u00e1 con la obra mexicana &#8220;Edipo Nadie es ateo&#8221;&nbsp; los d\u00edas&nbsp; 22 y 23 de noviembre en el Teatro Canal, Sala Verde. El festival se compone por 23 espect\u00e1culos procedentes de 17 pa\u00edses . M\u00e1s del 50 por ciento de las producciones provienen de Am\u00e9rica Latina.<\/p>\n\n\n\n<p>En entrevista con la actriz Diana Sedano expres\u00f3 su felicidad por participar y estar en Madrid con una obra&nbsp; que tiene una tem\u00e1tica universal y que lleva al p\u00fablico a cuestionarse aspectos de la vida y de la existencia. \u201cEdipo: Nadie es ateo\u201d ha tenido cuatro temporadas exitosas en M\u00e9xico y ahora que se vea en Espa\u00f1a es un buen reto para los actores.<\/p>\n\n\n\n<p>Sedano explica que la obra es una reformulaci\u00f3n del mito cl\u00e1sico de Edipo Rey de S\u00f3focles, escrita y dirigida por el mexicano David Gait\u00e1n. Aborda temas como la b\u00fasqueda de la verdad, la aplicaci\u00f3n de la verdad en contextos \u00edntimos y de pol\u00edtica p\u00fablica, y c\u00f3mo las decisiones&nbsp; personales de los gobernantes afectan a la ciudad. La historia arranca con una aguda crisis\/peste en Tebas, donde Edipo busca al culpable para restablecer el bienestar de su pueblo.<\/p>\n\n\n\n<p>Indica que se rescata y subraya la soberbia de Edipo, su convicci\u00f3n en la raz\u00f3n y su negativa a aceptar la idea de que existe un destino vaticinado.<\/p>\n\n\n\n<p>La actriz Diana Sedano, ha sido&nbsp; galardonada con tres Premios Metropolitanos de Teatro en M\u00e9xico, incluyendo mejor dramaturgia y mejor direcci\u00f3n.<\/p>\n\n\n\n<p>Al hablar del mito Sedano indica que ha crecido con el mito y los estudios que conlleva. En una reflexi\u00f3n sobre el panorama educativo actual, considera que faltan materias en la escolarizaci\u00f3n&nbsp; para comprender temas valiosos de la vida relacionados con los mitos y la existencia.<\/p>\n\n\n\n<p>Sedano enfatiz\u00f3 que los temas centrales abordados en \u201cEdipo: Nadie es ateo\u201d,&nbsp; son la raz\u00f3n, la fe, la soberbia y la b\u00fasqueda de la verdad. Lo que&nbsp; permite que el p\u00fablico de Madrid se conecte f\u00e1cilmente con la obra, a pesar de su origen mexicano y su ambientaci\u00f3n en el mito griego. Tebas no es un lugar f\u00edsico y detallado, sino un concepto m\u00e1s abstracto que funciona como una referencia o met\u00e1fora para los temas pol\u00edticos y sociales.<\/p>\n\n\n\n<p>El significado de la &#8220;Peste&#8221; para la actriz mexicana es \u201clo que est\u00e1 podrido\u201d en la sociedad. \u201cMuchas veces esta &#8220;podredumbre&#8221; se encuentra &#8220;en la propia casa&#8221;, sugiriendo una cr\u00edtica a las problem\u00e1ticas internas y la corrupci\u00f3n personal o institucional.<\/p>\n\n\n\n<p>Diana Sedano es actriz, productora y directora, egresada de la Licenciatura en Actuaci\u00f3n<\/p>\n\n\n\n<p>La obra que ver\u00e1n en Madrid, la escenograf\u00eda original de Alejandro Luna evoca una caja negra, con una gran mesa que representa la concepci\u00f3n griega del mundo y 12 sillas. La obra utiliza cinco personajes: Edipo, Yocasta, Creonte, Tiresias y un mensajero. La g\u00e9nesis de la obra para David Gait\u00e1n se vincul\u00f3 a momentos personales como la muerte de su padre y una ruptura amorosa, sumados a su fascinaci\u00f3n por el mito.<\/p>\n\n\n\n<p>En su presentaci\u00f3n explican que la obra trabaja a dos pistas: por un lado se organiza la narrativa (en t\u00e9rminos de contenido y tono) con el espectador que no conoce el mito original, mientras que por otro se hacen constantes comentarios susceptibles de impactar en niveles m\u00e1s profundos de lectura a aquellos m\u00e1s familiarizados con la an\u00e9cdota y sus implicaciones.&nbsp;<\/p>\n\n\n\n<p>\u201cEl anhelo es, adem\u00e1s de mantener vigente la atenci\u00f3n del espectador durante toda la funci\u00f3n, imprimir un sello de presente que justifique la puesta en escena de un mito ancestral. La reflexi\u00f3n particular que esta versi\u00f3n ofrece con respecto a montajes tradicionales del mito, es en torno a la verdad; para dar con el responsable de la peste que azota Tebas, Edipo propone a su pueblo un acto perform\u00e1tico: decir la verdad a toda costa, preguntar lo que no se sepa, activar las conversaciones que se tienen catalogadas como prohibidas y desmontar la censura. As\u00ed, el pueblo Tebano relata -a trav\u00e9s de cartas que se le leen a Edipo mientras descansa en el ojo de un hurac\u00e1n- c\u00f3mo la pr\u00e1ctica de la verdad es un camino viable para resolver todos los problemas; la verdad como una versi\u00f3n de la divinidad\u201d.<\/p>\n\n\n\n<p>Si te gusta el teatro no te pierdas la oportunidad de ver el trabajo que se hace en Latinoam\u00e9rica y expresamente con M\u00e9xico que presenta est\u00e1 exitosa obra en tierra azteca.<\/p>\n","protected":false},"excerpt":{"rendered":"<p>El 43 Festival de Oto\u00f1o&nbsp; se celebra&nbsp; como cada a\u00f1o en Madrid. En est\u00e1 edici\u00f3n, contar\u00e1 con la obra mexicana &#8220;Edipo Nadie es ateo&#8221;&nbsp; los d\u00edas&nbsp; 22 y 23 de noviembre en el Teatro Canal, Sala Verde. El festival se compone por 23 espect\u00e1culos procedentes de 17 pa\u00edses . M\u00e1s del 50 por ciento de [&hellip;]<\/p>\n","protected":false},"author":6,"featured_media":69900,"comment_status":"closed","ping_status":"","sticky":false,"template":"","format":"standard","meta":{"footnotes":""},"categories":[949,2],"tags":[],"class_list":{"0":"post-69898","1":"post","2":"type-post","3":"status-publish","4":"format-standard","5":"has-post-thumbnail","7":"category-espectaculos","8":"category-oaxaca"},"yoast_head":"<!-- This site is optimized with the Yoast SEO plugin v27.4 - https:\/\/yoast.com\/product\/yoast-seo-wordpress\/ -->\n<title>\u201cEdipo: Nadie es ateo\u201d se presenta\u00a0en el 43 Festival de Oto\u00f1o en Madrid - LA BRAVA RADIO<\/title>\n<meta name=\"robots\" content=\"index, follow, max-snippet:-1, max-image-preview:large, max-video-preview:-1\" \/>\n<link rel=\"canonical\" href=\"https:\/\/www.bbmnoticias.com\/edipo-nadie-es-ateo-se-presenta-en-el-43-festival-de-otono-en-madrid\/\" \/>\n<meta property=\"og:locale\" content=\"es_MX\" \/>\n<meta property=\"og:type\" content=\"article\" \/>\n<meta property=\"og:title\" content=\"\u201cEdipo: Nadie es ateo\u201d se presenta\u00a0en el 43 Festival de Oto\u00f1o en Madrid - LA BRAVA RADIO\" \/>\n<meta property=\"og:description\" content=\"El 43 Festival de Oto\u00f1o&nbsp; se celebra&nbsp; como cada a\u00f1o en Madrid. En est\u00e1 edici\u00f3n, contar\u00e1 con la obra mexicana &#8220;Edipo Nadie es ateo&#8221;&nbsp; los d\u00edas&nbsp; 22 y 23 de noviembre en el Teatro Canal, Sala Verde. El festival se compone por 23 espect\u00e1culos procedentes de 17 pa\u00edses . M\u00e1s del 50 por ciento de [&hellip;]\" \/>\n<meta property=\"og:url\" content=\"https:\/\/www.bbmnoticias.com\/edipo-nadie-es-ateo-se-presenta-en-el-43-festival-de-otono-en-madrid\/\" \/>\n<meta property=\"og:site_name\" content=\"LA BRAVA RADIO\" \/>\n<meta property=\"article:published_time\" content=\"2025-11-17T18:27:48+00:00\" \/>\n<meta property=\"article:modified_time\" content=\"2025-11-17T18:27:51+00:00\" \/>\n<meta property=\"og:image\" content=\"https:\/\/www.bbmnoticias.com\/labravaradiofm\/wp-content\/uploads\/sites\/5\/2025\/11\/thumbnail_Edipo-91-Fotografia-Danae-Kotsiras-1-1.jpg\" \/>\n\t<meta property=\"og:image:width\" content=\"1920\" \/>\n\t<meta property=\"og:image:height\" content=\"1277\" \/>\n\t<meta property=\"og:image:type\" content=\"image\/jpeg\" \/>\n<meta name=\"author\" content=\"Mar\u00eda Esther Beltr\u00e1n Mart\u00ednez\" \/>\n<meta name=\"twitter:card\" content=\"summary_large_image\" \/>\n<meta name=\"twitter:label1\" content=\"Escrito por\" \/>\n\t<meta name=\"twitter:data1\" content=\"Mar\u00eda Esther Beltr\u00e1n Mart\u00ednez\" \/>\n\t<meta name=\"twitter:label2\" content=\"Tiempo de lectura\" \/>\n\t<meta name=\"twitter:data2\" content=\"4 minutos\" \/>\n<script type=\"application\/ld+json\" class=\"yoast-schema-graph\">{\"@context\":\"https:\\\/\\\/schema.org\",\"@graph\":[{\"@type\":\"Article\",\"@id\":\"https:\\\/\\\/www.bbmnoticias.com\\\/edipo-nadie-es-ateo-se-presenta-en-el-43-festival-de-otono-en-madrid\\\/#article\",\"isPartOf\":{\"@id\":\"https:\\\/\\\/www.bbmnoticias.com\\\/labravaradiofm\\\/2025\\\/11\\\/17\\\/edipo-nadie-es-ateo-se-presenta-en-el-43-festival-de-otono-en-madrid\\\/\"},\"author\":{\"name\":\"Mar\u00eda Esther Beltr\u00e1n Mart\u00ednez\",\"@id\":\"https:\\\/\\\/www.bbmnoticias.com\\\/labravaradiofm\\\/#\\\/schema\\\/person\\\/41d0982b1d4323f7e41831830886413d\"},\"headline\":\"\u201cEdipo: Nadie es ateo\u201d se presenta\u00a0en el 43 Festival de Oto\u00f1o en Madrid\",\"datePublished\":\"2025-11-17T18:27:48+00:00\",\"dateModified\":\"2025-11-17T18:27:51+00:00\",\"mainEntityOfPage\":{\"@id\":\"https:\\\/\\\/www.bbmnoticias.com\\\/labravaradiofm\\\/2025\\\/11\\\/17\\\/edipo-nadie-es-ateo-se-presenta-en-el-43-festival-de-otono-en-madrid\\\/\"},\"wordCount\":813,\"image\":{\"@id\":\"https:\\\/\\\/www.bbmnoticias.com\\\/edipo-nadie-es-ateo-se-presenta-en-el-43-festival-de-otono-en-madrid\\\/#primaryimage\"},\"thumbnailUrl\":\"https:\\\/\\\/www.bbmnoticias.com\\\/labravaradiofm\\\/wp-content\\\/uploads\\\/sites\\\/5\\\/2025\\\/11\\\/thumbnail_Edipo-91-Fotografia-Danae-Kotsiras-1-1.jpg\",\"articleSection\":[\"ESPECT\u00c1CULOS\",\"LOCAL\"],\"inLanguage\":\"es\"},{\"@type\":\"WebPage\",\"@id\":\"https:\\\/\\\/www.bbmnoticias.com\\\/labravaradiofm\\\/2025\\\/11\\\/17\\\/edipo-nadie-es-ateo-se-presenta-en-el-43-festival-de-otono-en-madrid\\\/\",\"url\":\"https:\\\/\\\/www.bbmnoticias.com\\\/edipo-nadie-es-ateo-se-presenta-en-el-43-festival-de-otono-en-madrid\\\/\",\"name\":\"\u201cEdipo: Nadie es ateo\u201d se presenta\u00a0en el 43 Festival de Oto\u00f1o en Madrid - LA BRAVA RADIO\",\"isPartOf\":{\"@id\":\"https:\\\/\\\/www.bbmnoticias.com\\\/labravaradiofm\\\/#website\"},\"primaryImageOfPage\":{\"@id\":\"https:\\\/\\\/www.bbmnoticias.com\\\/edipo-nadie-es-ateo-se-presenta-en-el-43-festival-de-otono-en-madrid\\\/#primaryimage\"},\"image\":{\"@id\":\"https:\\\/\\\/www.bbmnoticias.com\\\/edipo-nadie-es-ateo-se-presenta-en-el-43-festival-de-otono-en-madrid\\\/#primaryimage\"},\"thumbnailUrl\":\"https:\\\/\\\/www.bbmnoticias.com\\\/labravaradiofm\\\/wp-content\\\/uploads\\\/sites\\\/5\\\/2025\\\/11\\\/thumbnail_Edipo-91-Fotografia-Danae-Kotsiras-1-1.jpg\",\"datePublished\":\"2025-11-17T18:27:48+00:00\",\"dateModified\":\"2025-11-17T18:27:51+00:00\",\"author\":{\"@id\":\"https:\\\/\\\/www.bbmnoticias.com\\\/labravaradiofm\\\/#\\\/schema\\\/person\\\/41d0982b1d4323f7e41831830886413d\"},\"breadcrumb\":{\"@id\":\"https:\\\/\\\/www.bbmnoticias.com\\\/edipo-nadie-es-ateo-se-presenta-en-el-43-festival-de-otono-en-madrid\\\/#breadcrumb\"},\"inLanguage\":\"es\",\"potentialAction\":[{\"@type\":\"ReadAction\",\"target\":[\"https:\\\/\\\/www.bbmnoticias.com\\\/edipo-nadie-es-ateo-se-presenta-en-el-43-festival-de-otono-en-madrid\\\/\"]}]},{\"@type\":\"ImageObject\",\"inLanguage\":\"es\",\"@id\":\"https:\\\/\\\/www.bbmnoticias.com\\\/edipo-nadie-es-ateo-se-presenta-en-el-43-festival-de-otono-en-madrid\\\/#primaryimage\",\"url\":\"https:\\\/\\\/www.bbmnoticias.com\\\/labravaradiofm\\\/wp-content\\\/uploads\\\/sites\\\/5\\\/2025\\\/11\\\/thumbnail_Edipo-91-Fotografia-Danae-Kotsiras-1-1.jpg\",\"contentUrl\":\"https:\\\/\\\/www.bbmnoticias.com\\\/labravaradiofm\\\/wp-content\\\/uploads\\\/sites\\\/5\\\/2025\\\/11\\\/thumbnail_Edipo-91-Fotografia-Danae-Kotsiras-1-1.jpg\",\"width\":1920,\"height\":1277},{\"@type\":\"BreadcrumbList\",\"@id\":\"https:\\\/\\\/www.bbmnoticias.com\\\/edipo-nadie-es-ateo-se-presenta-en-el-43-festival-de-otono-en-madrid\\\/#breadcrumb\",\"itemListElement\":[{\"@type\":\"ListItem\",\"position\":1,\"name\":\"Inicio\",\"item\":\"https:\\\/\\\/www.bbmnoticias.com\\\/labravaradiofm\\\/\"},{\"@type\":\"ListItem\",\"position\":2,\"name\":\"\u201cEdipo: Nadie es ateo\u201d se presenta\u00a0en el 43 Festival de Oto\u00f1o en Madrid\"}]},{\"@type\":\"WebSite\",\"@id\":\"https:\\\/\\\/www.bbmnoticias.com\\\/labravaradiofm\\\/#website\",\"url\":\"https:\\\/\\\/www.bbmnoticias.com\\\/labravaradiofm\\\/\",\"name\":\"LA BRAVA RADIO\",\"description\":\"Empresa productora de medios, Radiodifusi\u00f3n, Noticias, tendencias y todo lo que necesitas saber de la pol\u00edtica mexicana e internacional; entretenimiento, espect\u00e1culos, salud y mucho m\u00e1s.\",\"potentialAction\":[{\"@type\":\"SearchAction\",\"target\":{\"@type\":\"EntryPoint\",\"urlTemplate\":\"https:\\\/\\\/www.bbmnoticias.com\\\/labravaradiofm\\\/?s={search_term_string}\"},\"query-input\":{\"@type\":\"PropertyValueSpecification\",\"valueRequired\":true,\"valueName\":\"search_term_string\"}}],\"inLanguage\":\"es\"},{\"@type\":\"Person\",\"@id\":\"https:\\\/\\\/www.bbmnoticias.com\\\/labravaradiofm\\\/#\\\/schema\\\/person\\\/41d0982b1d4323f7e41831830886413d\",\"name\":\"Mar\u00eda Esther Beltr\u00e1n Mart\u00ednez\",\"image\":{\"@type\":\"ImageObject\",\"inLanguage\":\"es\",\"@id\":\"https:\\\/\\\/secure.gravatar.com\\\/avatar\\\/50efe5915c3eac137dcc550ff1c590bc6054705eb482a33520c9501c8eec550f?s=96&d=mm&r=g\",\"url\":\"https:\\\/\\\/secure.gravatar.com\\\/avatar\\\/50efe5915c3eac137dcc550ff1c590bc6054705eb482a33520c9501c8eec550f?s=96&d=mm&r=g\",\"contentUrl\":\"https:\\\/\\\/secure.gravatar.com\\\/avatar\\\/50efe5915c3eac137dcc550ff1c590bc6054705eb482a33520c9501c8eec550f?s=96&d=mm&r=g\",\"caption\":\"Mar\u00eda Esther Beltr\u00e1n Mart\u00ednez\"},\"url\":\"https:\\\/\\\/www.bbmnoticias.com\\\/labravaradiofm\\\/author\\\/maria\\\/\"}]}<\/script>\n<!-- \/ Yoast SEO plugin. -->","yoast_head_json":{"title":"\u201cEdipo: Nadie es ateo\u201d se presenta\u00a0en el 43 Festival de Oto\u00f1o en Madrid - LA BRAVA RADIO","robots":{"index":"index","follow":"follow","max-snippet":"max-snippet:-1","max-image-preview":"max-image-preview:large","max-video-preview":"max-video-preview:-1"},"canonical":"https:\/\/www.bbmnoticias.com\/edipo-nadie-es-ateo-se-presenta-en-el-43-festival-de-otono-en-madrid\/","og_locale":"es_MX","og_type":"article","og_title":"\u201cEdipo: Nadie es ateo\u201d se presenta\u00a0en el 43 Festival de Oto\u00f1o en Madrid - LA BRAVA RADIO","og_description":"El 43 Festival de Oto\u00f1o&nbsp; se celebra&nbsp; como cada a\u00f1o en Madrid. En est\u00e1 edici\u00f3n, contar\u00e1 con la obra mexicana &#8220;Edipo Nadie es ateo&#8221;&nbsp; los d\u00edas&nbsp; 22 y 23 de noviembre en el Teatro Canal, Sala Verde. El festival se compone por 23 espect\u00e1culos procedentes de 17 pa\u00edses . M\u00e1s del 50 por ciento de [&hellip;]","og_url":"https:\/\/www.bbmnoticias.com\/edipo-nadie-es-ateo-se-presenta-en-el-43-festival-de-otono-en-madrid\/","og_site_name":"LA BRAVA RADIO","article_published_time":"2025-11-17T18:27:48+00:00","article_modified_time":"2025-11-17T18:27:51+00:00","og_image":[{"width":1920,"height":1277,"url":"https:\/\/www.bbmnoticias.com\/labravaradiofm\/wp-content\/uploads\/sites\/5\/2025\/11\/thumbnail_Edipo-91-Fotografia-Danae-Kotsiras-1-1.jpg","type":"image\/jpeg"}],"author":"Mar\u00eda Esther Beltr\u00e1n Mart\u00ednez","twitter_card":"summary_large_image","twitter_misc":{"Escrito por":"Mar\u00eda Esther Beltr\u00e1n Mart\u00ednez","Tiempo de lectura":"4 minutos"},"schema":{"@context":"https:\/\/schema.org","@graph":[{"@type":"Article","@id":"https:\/\/www.bbmnoticias.com\/edipo-nadie-es-ateo-se-presenta-en-el-43-festival-de-otono-en-madrid\/#article","isPartOf":{"@id":"https:\/\/www.bbmnoticias.com\/labravaradiofm\/2025\/11\/17\/edipo-nadie-es-ateo-se-presenta-en-el-43-festival-de-otono-en-madrid\/"},"author":{"name":"Mar\u00eda Esther Beltr\u00e1n Mart\u00ednez","@id":"https:\/\/www.bbmnoticias.com\/labravaradiofm\/#\/schema\/person\/41d0982b1d4323f7e41831830886413d"},"headline":"\u201cEdipo: Nadie es ateo\u201d se presenta\u00a0en el 43 Festival de Oto\u00f1o en Madrid","datePublished":"2025-11-17T18:27:48+00:00","dateModified":"2025-11-17T18:27:51+00:00","mainEntityOfPage":{"@id":"https:\/\/www.bbmnoticias.com\/labravaradiofm\/2025\/11\/17\/edipo-nadie-es-ateo-se-presenta-en-el-43-festival-de-otono-en-madrid\/"},"wordCount":813,"image":{"@id":"https:\/\/www.bbmnoticias.com\/edipo-nadie-es-ateo-se-presenta-en-el-43-festival-de-otono-en-madrid\/#primaryimage"},"thumbnailUrl":"https:\/\/www.bbmnoticias.com\/labravaradiofm\/wp-content\/uploads\/sites\/5\/2025\/11\/thumbnail_Edipo-91-Fotografia-Danae-Kotsiras-1-1.jpg","articleSection":["ESPECT\u00c1CULOS","LOCAL"],"inLanguage":"es"},{"@type":"WebPage","@id":"https:\/\/www.bbmnoticias.com\/labravaradiofm\/2025\/11\/17\/edipo-nadie-es-ateo-se-presenta-en-el-43-festival-de-otono-en-madrid\/","url":"https:\/\/www.bbmnoticias.com\/edipo-nadie-es-ateo-se-presenta-en-el-43-festival-de-otono-en-madrid\/","name":"\u201cEdipo: Nadie es ateo\u201d se presenta\u00a0en el 43 Festival de Oto\u00f1o en Madrid - LA BRAVA RADIO","isPartOf":{"@id":"https:\/\/www.bbmnoticias.com\/labravaradiofm\/#website"},"primaryImageOfPage":{"@id":"https:\/\/www.bbmnoticias.com\/edipo-nadie-es-ateo-se-presenta-en-el-43-festival-de-otono-en-madrid\/#primaryimage"},"image":{"@id":"https:\/\/www.bbmnoticias.com\/edipo-nadie-es-ateo-se-presenta-en-el-43-festival-de-otono-en-madrid\/#primaryimage"},"thumbnailUrl":"https:\/\/www.bbmnoticias.com\/labravaradiofm\/wp-content\/uploads\/sites\/5\/2025\/11\/thumbnail_Edipo-91-Fotografia-Danae-Kotsiras-1-1.jpg","datePublished":"2025-11-17T18:27:48+00:00","dateModified":"2025-11-17T18:27:51+00:00","author":{"@id":"https:\/\/www.bbmnoticias.com\/labravaradiofm\/#\/schema\/person\/41d0982b1d4323f7e41831830886413d"},"breadcrumb":{"@id":"https:\/\/www.bbmnoticias.com\/edipo-nadie-es-ateo-se-presenta-en-el-43-festival-de-otono-en-madrid\/#breadcrumb"},"inLanguage":"es","potentialAction":[{"@type":"ReadAction","target":["https:\/\/www.bbmnoticias.com\/edipo-nadie-es-ateo-se-presenta-en-el-43-festival-de-otono-en-madrid\/"]}]},{"@type":"ImageObject","inLanguage":"es","@id":"https:\/\/www.bbmnoticias.com\/edipo-nadie-es-ateo-se-presenta-en-el-43-festival-de-otono-en-madrid\/#primaryimage","url":"https:\/\/www.bbmnoticias.com\/labravaradiofm\/wp-content\/uploads\/sites\/5\/2025\/11\/thumbnail_Edipo-91-Fotografia-Danae-Kotsiras-1-1.jpg","contentUrl":"https:\/\/www.bbmnoticias.com\/labravaradiofm\/wp-content\/uploads\/sites\/5\/2025\/11\/thumbnail_Edipo-91-Fotografia-Danae-Kotsiras-1-1.jpg","width":1920,"height":1277},{"@type":"BreadcrumbList","@id":"https:\/\/www.bbmnoticias.com\/edipo-nadie-es-ateo-se-presenta-en-el-43-festival-de-otono-en-madrid\/#breadcrumb","itemListElement":[{"@type":"ListItem","position":1,"name":"Inicio","item":"https:\/\/www.bbmnoticias.com\/labravaradiofm\/"},{"@type":"ListItem","position":2,"name":"\u201cEdipo: Nadie es ateo\u201d se presenta\u00a0en el 43 Festival de Oto\u00f1o en Madrid"}]},{"@type":"WebSite","@id":"https:\/\/www.bbmnoticias.com\/labravaradiofm\/#website","url":"https:\/\/www.bbmnoticias.com\/labravaradiofm\/","name":"LA BRAVA RADIO","description":"Empresa productora de medios, Radiodifusi\u00f3n, Noticias, tendencias y todo lo que necesitas saber de la pol\u00edtica mexicana e internacional; entretenimiento, espect\u00e1culos, salud y mucho m\u00e1s.","potentialAction":[{"@type":"SearchAction","target":{"@type":"EntryPoint","urlTemplate":"https:\/\/www.bbmnoticias.com\/labravaradiofm\/?s={search_term_string}"},"query-input":{"@type":"PropertyValueSpecification","valueRequired":true,"valueName":"search_term_string"}}],"inLanguage":"es"},{"@type":"Person","@id":"https:\/\/www.bbmnoticias.com\/labravaradiofm\/#\/schema\/person\/41d0982b1d4323f7e41831830886413d","name":"Mar\u00eda Esther Beltr\u00e1n Mart\u00ednez","image":{"@type":"ImageObject","inLanguage":"es","@id":"https:\/\/secure.gravatar.com\/avatar\/50efe5915c3eac137dcc550ff1c590bc6054705eb482a33520c9501c8eec550f?s=96&d=mm&r=g","url":"https:\/\/secure.gravatar.com\/avatar\/50efe5915c3eac137dcc550ff1c590bc6054705eb482a33520c9501c8eec550f?s=96&d=mm&r=g","contentUrl":"https:\/\/secure.gravatar.com\/avatar\/50efe5915c3eac137dcc550ff1c590bc6054705eb482a33520c9501c8eec550f?s=96&d=mm&r=g","caption":"Mar\u00eda Esther Beltr\u00e1n Mart\u00ednez"},"url":"https:\/\/www.bbmnoticias.com\/labravaradiofm\/author\/maria\/"}]}},"_links":{"self":[{"href":"https:\/\/www.bbmnoticias.com\/labravaradiofm\/wp-json\/wp\/v2\/posts\/69898","targetHints":{"allow":["GET"]}}],"collection":[{"href":"https:\/\/www.bbmnoticias.com\/labravaradiofm\/wp-json\/wp\/v2\/posts"}],"about":[{"href":"https:\/\/www.bbmnoticias.com\/labravaradiofm\/wp-json\/wp\/v2\/types\/post"}],"author":[{"embeddable":true,"href":"https:\/\/www.bbmnoticias.com\/labravaradiofm\/wp-json\/wp\/v2\/users\/6"}],"replies":[{"embeddable":true,"href":"https:\/\/www.bbmnoticias.com\/labravaradiofm\/wp-json\/wp\/v2\/comments?post=69898"}],"version-history":[{"count":0,"href":"https:\/\/www.bbmnoticias.com\/labravaradiofm\/wp-json\/wp\/v2\/posts\/69898\/revisions"}],"wp:featuredmedia":[{"embeddable":true,"href":"https:\/\/www.bbmnoticias.com\/labravaradiofm\/wp-json\/wp\/v2\/media\/69900"}],"wp:attachment":[{"href":"https:\/\/www.bbmnoticias.com\/labravaradiofm\/wp-json\/wp\/v2\/media?parent=69898"}],"wp:term":[{"taxonomy":"category","embeddable":true,"href":"https:\/\/www.bbmnoticias.com\/labravaradiofm\/wp-json\/wp\/v2\/categories?post=69898"},{"taxonomy":"post_tag","embeddable":true,"href":"https:\/\/www.bbmnoticias.com\/labravaradiofm\/wp-json\/wp\/v2\/tags?post=69898"}],"curies":[{"name":"wp","href":"https:\/\/api.w.org\/{rel}","templated":true}]}}