{"id":69895,"date":"2025-11-17T12:16:57","date_gmt":"2025-11-17T18:16:57","guid":{"rendered":"https:\/\/www.bbmnoticias.com\/labravaradiofm\/2025\/11\/17\/inaugura-salomon-jara-estacion-de-transferencia-de-residuos-solidos-urbanos-que-da-respuesta-a-historica-demanda-social\/"},"modified":"2025-11-17T12:17:01","modified_gmt":"2025-11-17T18:17:01","slug":"inaugura-salomon-jara-estacion-de-transferencia-de-residuos-solidos-urbanos-que-da-respuesta-a-historica-demanda-social","status":"publish","type":"post","link":"https:\/\/www.bbmnoticias.com\/labravaradiofm\/2025\/11\/17\/inaugura-salomon-jara-estacion-de-transferencia-de-residuos-solidos-urbanos-que-da-respuesta-a-historica-demanda-social\/","title":{"rendered":"Inaugura Salom\u00f3n Jara Estaci\u00f3n de Transferencia de Residuos S\u00f3lidos Urbanos que da respuesta a hist\u00f3rica demanda social"},"content":{"rendered":"<div style=\"margin-top: 0px; margin-bottom: 0px;\" class=\"sharethis-inline-share-buttons\" ><\/div>\n<p id=\"geom_inter_1763403340181_92_66\"><strong>Santa Cruz Xoxocotl\u00e1n, Oax.-<\/strong> El Gobernador Salom\u00f3n Jara Cruz inaugur\u00f3 la Estaci\u00f3n de Transferencia de Residuos S\u00f3lidos Urbanos, ubicado en Santa Cruz Xoxocotl\u00e1n, que escribe una nueva historia en el manejo responsable de la basura, en beneficio de nueve municipios de la Zona Metropolitana de Oaxaca (ZMO).<\/p>\n\n\n\n<p id=\"geom_inter_1763403342226_65_74\">El Mandatario estatal inform\u00f3 que esta obra de la Primavera Oaxaque\u00f1a, que tuvo una inversi\u00f3n de m\u00e1s de 80 millones de pesos, marca la diferencia con administraciones pasadas, a quienes no les importaba resolver esta problem\u00e1tica, por ello dejaron tiraderos a cielo abierto, como el play\u00f3n del R\u00edo Atoyac.\u00a0<\/p>\n\n\n\n<p>\u201cEra una idea que se ve\u00eda muy lejana, hoy es una realidad y forma parte de la respuesta integral a una de las principales problem\u00e1ticas de la Zona Metropolitana de Oaxaca: el tratamiento de los residuos s\u00f3lidos urbanos, con m\u00e1s 730 toneladas al d\u00eda\u201d, afirm\u00f3 en conferencia de prensa.\u00a0<\/p>\n\n\n\n<p>Esta Estaci\u00f3n, que es un componente del Centro Integral de Revalorizaci\u00f3n de Residuos S\u00f3lidos Urbanos (CIRRSU), tuvo una fase de prueba durante siete meses, lapso en el que transfiri\u00f3 87 mil 600 toneladas de desechos a la celda de disposici\u00f3n final ubicada en San Pedro Totol\u00e1pam.\u00a0<\/p>\n\n\n\n<p id=\"geom_inter_1763403344309_10_85\">Actualmente, esta instalaci\u00f3n recibe, a diario, aproximadamente 730 toneladas para su procesamiento, las cuales son llevadas en alrededor de 133 veh\u00edculos recolectores que dan servicio en: Oaxaca de Ju\u00e1rez, Santa Cruz Xoxocotl\u00e1n, Santa Cruz Amilpas, San Agust\u00edn de las Juntas, San Sebasti\u00e1n Tutla, San Jacinto Amilpas, Villa de Etla, Santa Luc\u00eda del Camino y San Antonio de la Cal.<\/p>\n\n\n\n<p id=\"geom_inter_1763403345332_44_87\">Este material no se almacena, sino que es compactado para reducir el volumen bajo un estricto control de limpieza y, posteriormente, trasladado a su disposici\u00f3n final a una de las cuatro celdas del CIRRSU de Totol\u00e1pam. Ah\u00ed, se contempla establecer las plantas de separaci\u00f3n de residuos y de biofertilizantes.<\/p>\n\n\n\n<p id=\"geom_inter_1763403345332_89_89\">El director general del Organismo Operador Encargado de la Gesti\u00f3n y Manejo Integral de los Residuos S\u00f3lidos Urbanos y de Manejo Especial del Estado de Oaxaca, Diego Humberto Ramos Robles destac\u00f3 que, por encomienda del Gobernador Salom\u00f3n Jara se realizaron 43 mesas de di\u00e1logo con sectores de la sociedad y comunidades aleda\u00f1as para socializar el proyecto y concretar la instalaci\u00f3n de la Estaci\u00f3n de Transferencia.<\/p>\n\n\n\n<p id=\"geom_inter_1763403345333_26_92\">En tanto, el titular de la Secretar\u00eda de Infraestructuras y Comunicaciones (SIC), Carlos Vichido Hern\u00e1ndez detall\u00f3 que la Estaci\u00f3n de Transferencia ocupa una superficie de 1.3 hect\u00e1reas, en la cual se ubican: doscasetas de vigilancia, dos b\u00e1sculas para control de toneladas de ingreso y salida, 435 metros lineales de barda, una rampa de descarga, dos tolvas autom\u00e1ticas, una banda transportadora.<\/p>\n\n\n\n<p>Asimismo, cuenta con un sistema de captaci\u00f3n de lixiviados, concreto para evitar la contaminaci\u00f3n del suelo en los patios de maniobras, m\u00e1s de 30 luminarias solares, y \u00e1rea de amortiguamiento con vegetaci\u00f3n.<\/p>\n","protected":false},"excerpt":{"rendered":"<p>Santa Cruz Xoxocotl\u00e1n, Oax.- El Gobernador Salom\u00f3n Jara Cruz inaugur\u00f3 la Estaci\u00f3n de Transferencia de Residuos S\u00f3lidos Urbanos, ubicado en Santa Cruz Xoxocotl\u00e1n, que escribe una nueva historia en el manejo responsable de la basura, en beneficio de nueve municipios de la Zona Metropolitana de Oaxaca (ZMO). El Mandatario estatal inform\u00f3 que esta obra de [&hellip;]<\/p>\n","protected":false},"author":2,"featured_media":69897,"comment_status":"closed","ping_status":"","sticky":false,"template":"","format":"standard","meta":{"footnotes":""},"categories":[2],"tags":[],"class_list":{"0":"post-69895","1":"post","2":"type-post","3":"status-publish","4":"format-standard","5":"has-post-thumbnail","7":"category-oaxaca"},"yoast_head":"<!-- This site is optimized with the Yoast SEO plugin v27.4 - https:\/\/yoast.com\/product\/yoast-seo-wordpress\/ -->\n<title>Inaugura Salom\u00f3n Jara Estaci\u00f3n de Transferencia de Residuos S\u00f3lidos Urbanos que da respuesta a hist\u00f3rica demanda social - LA BRAVA RADIO<\/title>\n<meta name=\"robots\" content=\"index, follow, max-snippet:-1, max-image-preview:large, max-video-preview:-1\" \/>\n<link rel=\"canonical\" href=\"https:\/\/www.bbmnoticias.com\/inaugura-salomon-jara-estacion-de-transferencia-de-residuos-solidos-urbanos-que-da-respuesta-a-historica-demanda-social\/\" \/>\n<meta property=\"og:locale\" content=\"es_MX\" \/>\n<meta property=\"og:type\" content=\"article\" \/>\n<meta property=\"og:title\" content=\"Inaugura Salom\u00f3n Jara Estaci\u00f3n de Transferencia de Residuos S\u00f3lidos Urbanos que da respuesta a hist\u00f3rica demanda social - LA BRAVA RADIO\" \/>\n<meta property=\"og:description\" content=\"Santa Cruz Xoxocotl\u00e1n, Oax.- El Gobernador Salom\u00f3n Jara Cruz inaugur\u00f3 la Estaci\u00f3n de Transferencia de Residuos S\u00f3lidos Urbanos, ubicado en Santa Cruz Xoxocotl\u00e1n, que escribe una nueva historia en el manejo responsable de la basura, en beneficio de nueve municipios de la Zona Metropolitana de Oaxaca (ZMO). El Mandatario estatal inform\u00f3 que esta obra de [&hellip;]\" \/>\n<meta property=\"og:url\" content=\"https:\/\/www.bbmnoticias.com\/inaugura-salomon-jara-estacion-de-transferencia-de-residuos-solidos-urbanos-que-da-respuesta-a-historica-demanda-social\/\" \/>\n<meta property=\"og:site_name\" content=\"LA BRAVA RADIO\" \/>\n<meta property=\"article:published_time\" content=\"2025-11-17T18:16:57+00:00\" \/>\n<meta property=\"article:modified_time\" content=\"2025-11-17T18:17:01+00:00\" \/>\n<meta property=\"og:image\" content=\"https:\/\/www.bbmnoticias.com\/labravaradiofm\/wp-content\/uploads\/sites\/5\/2025\/11\/Inaugura-Salomon-Jara-Estacion-de-Transferencia-de-Residuos-Solidos-Urbanos-3.jpeg\" \/>\n\t<meta property=\"og:image:width\" content=\"1280\" \/>\n\t<meta property=\"og:image:height\" content=\"853\" \/>\n\t<meta property=\"og:image:type\" content=\"image\/jpeg\" \/>\n<meta name=\"author\" content=\"Staff\" \/>\n<meta name=\"twitter:card\" content=\"summary_large_image\" \/>\n<meta name=\"twitter:label1\" content=\"Escrito por\" \/>\n\t<meta name=\"twitter:data1\" content=\"Staff\" \/>\n\t<meta name=\"twitter:label2\" content=\"Tiempo de lectura\" \/>\n\t<meta name=\"twitter:data2\" content=\"2 minutos\" \/>\n<script type=\"application\/ld+json\" class=\"yoast-schema-graph\">{\"@context\":\"https:\\\/\\\/schema.org\",\"@graph\":[{\"@type\":\"Article\",\"@id\":\"https:\\\/\\\/www.bbmnoticias.com\\\/inaugura-salomon-jara-estacion-de-transferencia-de-residuos-solidos-urbanos-que-da-respuesta-a-historica-demanda-social\\\/#article\",\"isPartOf\":{\"@id\":\"https:\\\/\\\/www.bbmnoticias.com\\\/labravaradiofm\\\/2025\\\/11\\\/17\\\/inaugura-salomon-jara-estacion-de-transferencia-de-residuos-solidos-urbanos-que-da-respuesta-a-historica-demanda-social\\\/\"},\"author\":{\"name\":\"Staff\",\"@id\":\"https:\\\/\\\/www.bbmnoticias.com\\\/labravaradiofm\\\/#\\\/schema\\\/person\\\/34b139c617a70ea5bef5678bffe4dd7b\"},\"headline\":\"Inaugura Salom\u00f3n Jara Estaci\u00f3n de Transferencia de Residuos S\u00f3lidos Urbanos que da respuesta a hist\u00f3rica demanda social\",\"datePublished\":\"2025-11-17T18:16:57+00:00\",\"dateModified\":\"2025-11-17T18:17:01+00:00\",\"mainEntityOfPage\":{\"@id\":\"https:\\\/\\\/www.bbmnoticias.com\\\/labravaradiofm\\\/2025\\\/11\\\/17\\\/inaugura-salomon-jara-estacion-de-transferencia-de-residuos-solidos-urbanos-que-da-respuesta-a-historica-demanda-social\\\/\"},\"wordCount\":516,\"image\":{\"@id\":\"https:\\\/\\\/www.bbmnoticias.com\\\/inaugura-salomon-jara-estacion-de-transferencia-de-residuos-solidos-urbanos-que-da-respuesta-a-historica-demanda-social\\\/#primaryimage\"},\"thumbnailUrl\":\"https:\\\/\\\/www.bbmnoticias.com\\\/labravaradiofm\\\/wp-content\\\/uploads\\\/sites\\\/5\\\/2025\\\/11\\\/Inaugura-Salomon-Jara-Estacion-de-Transferencia-de-Residuos-Solidos-Urbanos-3.jpeg\",\"articleSection\":[\"LOCAL\"],\"inLanguage\":\"es\"},{\"@type\":\"WebPage\",\"@id\":\"https:\\\/\\\/www.bbmnoticias.com\\\/labravaradiofm\\\/2025\\\/11\\\/17\\\/inaugura-salomon-jara-estacion-de-transferencia-de-residuos-solidos-urbanos-que-da-respuesta-a-historica-demanda-social\\\/\",\"url\":\"https:\\\/\\\/www.bbmnoticias.com\\\/inaugura-salomon-jara-estacion-de-transferencia-de-residuos-solidos-urbanos-que-da-respuesta-a-historica-demanda-social\\\/\",\"name\":\"Inaugura Salom\u00f3n Jara Estaci\u00f3n de Transferencia de Residuos S\u00f3lidos Urbanos que da respuesta a hist\u00f3rica demanda social - LA BRAVA RADIO\",\"isPartOf\":{\"@id\":\"https:\\\/\\\/www.bbmnoticias.com\\\/labravaradiofm\\\/#website\"},\"primaryImageOfPage\":{\"@id\":\"https:\\\/\\\/www.bbmnoticias.com\\\/inaugura-salomon-jara-estacion-de-transferencia-de-residuos-solidos-urbanos-que-da-respuesta-a-historica-demanda-social\\\/#primaryimage\"},\"image\":{\"@id\":\"https:\\\/\\\/www.bbmnoticias.com\\\/inaugura-salomon-jara-estacion-de-transferencia-de-residuos-solidos-urbanos-que-da-respuesta-a-historica-demanda-social\\\/#primaryimage\"},\"thumbnailUrl\":\"https:\\\/\\\/www.bbmnoticias.com\\\/labravaradiofm\\\/wp-content\\\/uploads\\\/sites\\\/5\\\/2025\\\/11\\\/Inaugura-Salomon-Jara-Estacion-de-Transferencia-de-Residuos-Solidos-Urbanos-3.jpeg\",\"datePublished\":\"2025-11-17T18:16:57+00:00\",\"dateModified\":\"2025-11-17T18:17:01+00:00\",\"author\":{\"@id\":\"https:\\\/\\\/www.bbmnoticias.com\\\/labravaradiofm\\\/#\\\/schema\\\/person\\\/34b139c617a70ea5bef5678bffe4dd7b\"},\"breadcrumb\":{\"@id\":\"https:\\\/\\\/www.bbmnoticias.com\\\/inaugura-salomon-jara-estacion-de-transferencia-de-residuos-solidos-urbanos-que-da-respuesta-a-historica-demanda-social\\\/#breadcrumb\"},\"inLanguage\":\"es\",\"potentialAction\":[{\"@type\":\"ReadAction\",\"target\":[\"https:\\\/\\\/www.bbmnoticias.com\\\/inaugura-salomon-jara-estacion-de-transferencia-de-residuos-solidos-urbanos-que-da-respuesta-a-historica-demanda-social\\\/\"]}]},{\"@type\":\"ImageObject\",\"inLanguage\":\"es\",\"@id\":\"https:\\\/\\\/www.bbmnoticias.com\\\/inaugura-salomon-jara-estacion-de-transferencia-de-residuos-solidos-urbanos-que-da-respuesta-a-historica-demanda-social\\\/#primaryimage\",\"url\":\"https:\\\/\\\/www.bbmnoticias.com\\\/labravaradiofm\\\/wp-content\\\/uploads\\\/sites\\\/5\\\/2025\\\/11\\\/Inaugura-Salomon-Jara-Estacion-de-Transferencia-de-Residuos-Solidos-Urbanos-3.jpeg\",\"contentUrl\":\"https:\\\/\\\/www.bbmnoticias.com\\\/labravaradiofm\\\/wp-content\\\/uploads\\\/sites\\\/5\\\/2025\\\/11\\\/Inaugura-Salomon-Jara-Estacion-de-Transferencia-de-Residuos-Solidos-Urbanos-3.jpeg\",\"width\":1280,\"height\":853},{\"@type\":\"BreadcrumbList\",\"@id\":\"https:\\\/\\\/www.bbmnoticias.com\\\/inaugura-salomon-jara-estacion-de-transferencia-de-residuos-solidos-urbanos-que-da-respuesta-a-historica-demanda-social\\\/#breadcrumb\",\"itemListElement\":[{\"@type\":\"ListItem\",\"position\":1,\"name\":\"Inicio\",\"item\":\"https:\\\/\\\/www.bbmnoticias.com\\\/labravaradiofm\\\/\"},{\"@type\":\"ListItem\",\"position\":2,\"name\":\"Inaugura Salom\u00f3n Jara Estaci\u00f3n de Transferencia de Residuos S\u00f3lidos Urbanos que da respuesta a hist\u00f3rica demanda social\"}]},{\"@type\":\"WebSite\",\"@id\":\"https:\\\/\\\/www.bbmnoticias.com\\\/labravaradiofm\\\/#website\",\"url\":\"https:\\\/\\\/www.bbmnoticias.com\\\/labravaradiofm\\\/\",\"name\":\"LA BRAVA RADIO\",\"description\":\"Empresa productora de medios, Radiodifusi\u00f3n, Noticias, tendencias y todo lo que necesitas saber de la pol\u00edtica mexicana e internacional; entretenimiento, espect\u00e1culos, salud y mucho m\u00e1s.\",\"potentialAction\":[{\"@type\":\"SearchAction\",\"target\":{\"@type\":\"EntryPoint\",\"urlTemplate\":\"https:\\\/\\\/www.bbmnoticias.com\\\/labravaradiofm\\\/?s={search_term_string}\"},\"query-input\":{\"@type\":\"PropertyValueSpecification\",\"valueRequired\":true,\"valueName\":\"search_term_string\"}}],\"inLanguage\":\"es\"},{\"@type\":\"Person\",\"@id\":\"https:\\\/\\\/www.bbmnoticias.com\\\/labravaradiofm\\\/#\\\/schema\\\/person\\\/34b139c617a70ea5bef5678bffe4dd7b\",\"name\":\"Staff\",\"image\":{\"@type\":\"ImageObject\",\"inLanguage\":\"es\",\"@id\":\"https:\\\/\\\/secure.gravatar.com\\\/avatar\\\/fdd21ad66fd8b98c407f9dee5b5e588cfe7f0d8579ec20fa6527cd59bab7f0f0?s=96&d=mm&r=g\",\"url\":\"https:\\\/\\\/secure.gravatar.com\\\/avatar\\\/fdd21ad66fd8b98c407f9dee5b5e588cfe7f0d8579ec20fa6527cd59bab7f0f0?s=96&d=mm&r=g\",\"contentUrl\":\"https:\\\/\\\/secure.gravatar.com\\\/avatar\\\/fdd21ad66fd8b98c407f9dee5b5e588cfe7f0d8579ec20fa6527cd59bab7f0f0?s=96&d=mm&r=g\",\"caption\":\"Staff\"},\"url\":\"https:\\\/\\\/www.bbmnoticias.com\\\/labravaradiofm\\\/author\\\/redaccion\\\/\"}]}<\/script>\n<!-- \/ Yoast SEO plugin. -->","yoast_head_json":{"title":"Inaugura Salom\u00f3n Jara Estaci\u00f3n de Transferencia de Residuos S\u00f3lidos Urbanos que da respuesta a hist\u00f3rica demanda social - LA BRAVA RADIO","robots":{"index":"index","follow":"follow","max-snippet":"max-snippet:-1","max-image-preview":"max-image-preview:large","max-video-preview":"max-video-preview:-1"},"canonical":"https:\/\/www.bbmnoticias.com\/inaugura-salomon-jara-estacion-de-transferencia-de-residuos-solidos-urbanos-que-da-respuesta-a-historica-demanda-social\/","og_locale":"es_MX","og_type":"article","og_title":"Inaugura Salom\u00f3n Jara Estaci\u00f3n de Transferencia de Residuos S\u00f3lidos Urbanos que da respuesta a hist\u00f3rica demanda social - LA BRAVA RADIO","og_description":"Santa Cruz Xoxocotl\u00e1n, Oax.- El Gobernador Salom\u00f3n Jara Cruz inaugur\u00f3 la Estaci\u00f3n de Transferencia de Residuos S\u00f3lidos Urbanos, ubicado en Santa Cruz Xoxocotl\u00e1n, que escribe una nueva historia en el manejo responsable de la basura, en beneficio de nueve municipios de la Zona Metropolitana de Oaxaca (ZMO). El Mandatario estatal inform\u00f3 que esta obra de [&hellip;]","og_url":"https:\/\/www.bbmnoticias.com\/inaugura-salomon-jara-estacion-de-transferencia-de-residuos-solidos-urbanos-que-da-respuesta-a-historica-demanda-social\/","og_site_name":"LA BRAVA RADIO","article_published_time":"2025-11-17T18:16:57+00:00","article_modified_time":"2025-11-17T18:17:01+00:00","og_image":[{"width":1280,"height":853,"url":"https:\/\/www.bbmnoticias.com\/labravaradiofm\/wp-content\/uploads\/sites\/5\/2025\/11\/Inaugura-Salomon-Jara-Estacion-de-Transferencia-de-Residuos-Solidos-Urbanos-3.jpeg","type":"image\/jpeg"}],"author":"Staff","twitter_card":"summary_large_image","twitter_misc":{"Escrito por":"Staff","Tiempo de lectura":"2 minutos"},"schema":{"@context":"https:\/\/schema.org","@graph":[{"@type":"Article","@id":"https:\/\/www.bbmnoticias.com\/inaugura-salomon-jara-estacion-de-transferencia-de-residuos-solidos-urbanos-que-da-respuesta-a-historica-demanda-social\/#article","isPartOf":{"@id":"https:\/\/www.bbmnoticias.com\/labravaradiofm\/2025\/11\/17\/inaugura-salomon-jara-estacion-de-transferencia-de-residuos-solidos-urbanos-que-da-respuesta-a-historica-demanda-social\/"},"author":{"name":"Staff","@id":"https:\/\/www.bbmnoticias.com\/labravaradiofm\/#\/schema\/person\/34b139c617a70ea5bef5678bffe4dd7b"},"headline":"Inaugura Salom\u00f3n Jara Estaci\u00f3n de Transferencia de Residuos S\u00f3lidos Urbanos que da respuesta a hist\u00f3rica demanda social","datePublished":"2025-11-17T18:16:57+00:00","dateModified":"2025-11-17T18:17:01+00:00","mainEntityOfPage":{"@id":"https:\/\/www.bbmnoticias.com\/labravaradiofm\/2025\/11\/17\/inaugura-salomon-jara-estacion-de-transferencia-de-residuos-solidos-urbanos-que-da-respuesta-a-historica-demanda-social\/"},"wordCount":516,"image":{"@id":"https:\/\/www.bbmnoticias.com\/inaugura-salomon-jara-estacion-de-transferencia-de-residuos-solidos-urbanos-que-da-respuesta-a-historica-demanda-social\/#primaryimage"},"thumbnailUrl":"https:\/\/www.bbmnoticias.com\/labravaradiofm\/wp-content\/uploads\/sites\/5\/2025\/11\/Inaugura-Salomon-Jara-Estacion-de-Transferencia-de-Residuos-Solidos-Urbanos-3.jpeg","articleSection":["LOCAL"],"inLanguage":"es"},{"@type":"WebPage","@id":"https:\/\/www.bbmnoticias.com\/labravaradiofm\/2025\/11\/17\/inaugura-salomon-jara-estacion-de-transferencia-de-residuos-solidos-urbanos-que-da-respuesta-a-historica-demanda-social\/","url":"https:\/\/www.bbmnoticias.com\/inaugura-salomon-jara-estacion-de-transferencia-de-residuos-solidos-urbanos-que-da-respuesta-a-historica-demanda-social\/","name":"Inaugura Salom\u00f3n Jara Estaci\u00f3n de Transferencia de Residuos S\u00f3lidos Urbanos que da respuesta a hist\u00f3rica demanda social - LA BRAVA RADIO","isPartOf":{"@id":"https:\/\/www.bbmnoticias.com\/labravaradiofm\/#website"},"primaryImageOfPage":{"@id":"https:\/\/www.bbmnoticias.com\/inaugura-salomon-jara-estacion-de-transferencia-de-residuos-solidos-urbanos-que-da-respuesta-a-historica-demanda-social\/#primaryimage"},"image":{"@id":"https:\/\/www.bbmnoticias.com\/inaugura-salomon-jara-estacion-de-transferencia-de-residuos-solidos-urbanos-que-da-respuesta-a-historica-demanda-social\/#primaryimage"},"thumbnailUrl":"https:\/\/www.bbmnoticias.com\/labravaradiofm\/wp-content\/uploads\/sites\/5\/2025\/11\/Inaugura-Salomon-Jara-Estacion-de-Transferencia-de-Residuos-Solidos-Urbanos-3.jpeg","datePublished":"2025-11-17T18:16:57+00:00","dateModified":"2025-11-17T18:17:01+00:00","author":{"@id":"https:\/\/www.bbmnoticias.com\/labravaradiofm\/#\/schema\/person\/34b139c617a70ea5bef5678bffe4dd7b"},"breadcrumb":{"@id":"https:\/\/www.bbmnoticias.com\/inaugura-salomon-jara-estacion-de-transferencia-de-residuos-solidos-urbanos-que-da-respuesta-a-historica-demanda-social\/#breadcrumb"},"inLanguage":"es","potentialAction":[{"@type":"ReadAction","target":["https:\/\/www.bbmnoticias.com\/inaugura-salomon-jara-estacion-de-transferencia-de-residuos-solidos-urbanos-que-da-respuesta-a-historica-demanda-social\/"]}]},{"@type":"ImageObject","inLanguage":"es","@id":"https:\/\/www.bbmnoticias.com\/inaugura-salomon-jara-estacion-de-transferencia-de-residuos-solidos-urbanos-que-da-respuesta-a-historica-demanda-social\/#primaryimage","url":"https:\/\/www.bbmnoticias.com\/labravaradiofm\/wp-content\/uploads\/sites\/5\/2025\/11\/Inaugura-Salomon-Jara-Estacion-de-Transferencia-de-Residuos-Solidos-Urbanos-3.jpeg","contentUrl":"https:\/\/www.bbmnoticias.com\/labravaradiofm\/wp-content\/uploads\/sites\/5\/2025\/11\/Inaugura-Salomon-Jara-Estacion-de-Transferencia-de-Residuos-Solidos-Urbanos-3.jpeg","width":1280,"height":853},{"@type":"BreadcrumbList","@id":"https:\/\/www.bbmnoticias.com\/inaugura-salomon-jara-estacion-de-transferencia-de-residuos-solidos-urbanos-que-da-respuesta-a-historica-demanda-social\/#breadcrumb","itemListElement":[{"@type":"ListItem","position":1,"name":"Inicio","item":"https:\/\/www.bbmnoticias.com\/labravaradiofm\/"},{"@type":"ListItem","position":2,"name":"Inaugura Salom\u00f3n Jara Estaci\u00f3n de Transferencia de Residuos S\u00f3lidos Urbanos que da respuesta a hist\u00f3rica demanda social"}]},{"@type":"WebSite","@id":"https:\/\/www.bbmnoticias.com\/labravaradiofm\/#website","url":"https:\/\/www.bbmnoticias.com\/labravaradiofm\/","name":"LA BRAVA RADIO","description":"Empresa productora de medios, Radiodifusi\u00f3n, Noticias, tendencias y todo lo que necesitas saber de la pol\u00edtica mexicana e internacional; entretenimiento, espect\u00e1culos, salud y mucho m\u00e1s.","potentialAction":[{"@type":"SearchAction","target":{"@type":"EntryPoint","urlTemplate":"https:\/\/www.bbmnoticias.com\/labravaradiofm\/?s={search_term_string}"},"query-input":{"@type":"PropertyValueSpecification","valueRequired":true,"valueName":"search_term_string"}}],"inLanguage":"es"},{"@type":"Person","@id":"https:\/\/www.bbmnoticias.com\/labravaradiofm\/#\/schema\/person\/34b139c617a70ea5bef5678bffe4dd7b","name":"Staff","image":{"@type":"ImageObject","inLanguage":"es","@id":"https:\/\/secure.gravatar.com\/avatar\/fdd21ad66fd8b98c407f9dee5b5e588cfe7f0d8579ec20fa6527cd59bab7f0f0?s=96&d=mm&r=g","url":"https:\/\/secure.gravatar.com\/avatar\/fdd21ad66fd8b98c407f9dee5b5e588cfe7f0d8579ec20fa6527cd59bab7f0f0?s=96&d=mm&r=g","contentUrl":"https:\/\/secure.gravatar.com\/avatar\/fdd21ad66fd8b98c407f9dee5b5e588cfe7f0d8579ec20fa6527cd59bab7f0f0?s=96&d=mm&r=g","caption":"Staff"},"url":"https:\/\/www.bbmnoticias.com\/labravaradiofm\/author\/redaccion\/"}]}},"_links":{"self":[{"href":"https:\/\/www.bbmnoticias.com\/labravaradiofm\/wp-json\/wp\/v2\/posts\/69895","targetHints":{"allow":["GET"]}}],"collection":[{"href":"https:\/\/www.bbmnoticias.com\/labravaradiofm\/wp-json\/wp\/v2\/posts"}],"about":[{"href":"https:\/\/www.bbmnoticias.com\/labravaradiofm\/wp-json\/wp\/v2\/types\/post"}],"author":[{"embeddable":true,"href":"https:\/\/www.bbmnoticias.com\/labravaradiofm\/wp-json\/wp\/v2\/users\/2"}],"replies":[{"embeddable":true,"href":"https:\/\/www.bbmnoticias.com\/labravaradiofm\/wp-json\/wp\/v2\/comments?post=69895"}],"version-history":[{"count":0,"href":"https:\/\/www.bbmnoticias.com\/labravaradiofm\/wp-json\/wp\/v2\/posts\/69895\/revisions"}],"wp:featuredmedia":[{"embeddable":true,"href":"https:\/\/www.bbmnoticias.com\/labravaradiofm\/wp-json\/wp\/v2\/media\/69897"}],"wp:attachment":[{"href":"https:\/\/www.bbmnoticias.com\/labravaradiofm\/wp-json\/wp\/v2\/media?parent=69895"}],"wp:term":[{"taxonomy":"category","embeddable":true,"href":"https:\/\/www.bbmnoticias.com\/labravaradiofm\/wp-json\/wp\/v2\/categories?post=69895"},{"taxonomy":"post_tag","embeddable":true,"href":"https:\/\/www.bbmnoticias.com\/labravaradiofm\/wp-json\/wp\/v2\/tags?post=69895"}],"curies":[{"name":"wp","href":"https:\/\/api.w.org\/{rel}","templated":true}]}}