{"id":69853,"date":"2025-11-14T13:44:21","date_gmt":"2025-11-14T19:44:21","guid":{"rendered":"https:\/\/www.bbmnoticias.com\/labravaradiofm\/2025\/11\/14\/dia-mundial-de-la-diabetes-cual-es-el-costo-que-genera-en-mexico\/"},"modified":"2025-11-14T13:44:25","modified_gmt":"2025-11-14T19:44:25","slug":"dia-mundial-de-la-diabetes-cual-es-el-costo-que-genera-en-mexico","status":"publish","type":"post","link":"https:\/\/www.bbmnoticias.com\/labravaradiofm\/2025\/11\/14\/dia-mundial-de-la-diabetes-cual-es-el-costo-que-genera-en-mexico\/","title":{"rendered":"D\u00eda Mundial de la Diabetes: \u00bfCu\u00e1l es el costo que genera en M\u00e9xico?"},"content":{"rendered":"<div style=\"margin-top: 0px; margin-bottom: 0px;\" class=\"sharethis-inline-share-buttons\" ><\/div>\n<p>La <strong>diabetes<\/strong>, que tan solo en 2023 cobr\u00f3 la vida de 110 mil personas en <strong>M\u00e9xico<\/strong>, sigue siendo una <strong>emergencia creciente<\/strong> en el pa\u00eds que genera costos insostenibles en el sistema de salud, superando los 50 mil millones de pesos anuales, advirtieron especialistas.<\/p>\n\n\n\n<p>Con motivo del <strong>D\u00eda Mundial de la Diabetes<\/strong>, que se conmemora cada <strong>14 de noviembre<\/strong>, expertos hicieron un llamado a priorizar la prevenci\u00f3n, endurecer la regulaci\u00f3n y blindar las pol\u00edticas p\u00fablicas ante la influencia de la industria refresquera.<\/p>\n\n\n\n<p>En 2024, la diabetes caus\u00f3 112 mil 641 muertes en el pa\u00eds, seg\u00fan cifras preliminares del Instituto Nacional de Estad\u00edstica y Geograf\u00eda (Inegi). Adem\u00e1s, 14.6 millones de adultos viven con la enfermedad (18.3 por ciento de la poblaci\u00f3n), conforme al <strong>Instituto Nacional de Salud P\u00fablica<\/strong> (INSP), pero alrededor de la mitad no lo sabe.<\/p>\n\n\n\n<blockquote class=\"wp-block-quote is-layout-flow wp-block-quote-is-layout-flow\">\n<p>La diabetes es una condici\u00f3n muy frecuente en M\u00e9xico: m\u00e1s de 14 millones de personas adultas viven con ella, y cerca de la mitad no lo sabe. Este desconocimiento retrasa su atenci\u00f3n adecuada y aumenta el riesgo de presentar complicaciones en el coraz\u00f3n, los ri\u00f1ones, la vista y el sistema nervioso\u201d, alert\u00f3 a EFE<strong> Gisela Ayala<\/strong>, directora ejecutiva de la Federaci\u00f3n Mexicana de Diabetes.<\/p>\n<\/blockquote>\n\n\n\n<p>Este panorama, advierten organizaciones, no puede entenderse sin el papel del alto consumo de bebidas azucaradas. Un estudio publicado en Nature Medicine estim\u00f3 que 30 por ciento de los nuevos casos de diabetes tipo 2 en M\u00e9xico (169.425) y 14.9 % de las muertes por este padecimiento son atribuibles a estas bebidas.<\/p>\n\n\n\n<p>Tambi\u00e9n est\u00e1n vinculadas a 9.2 por ciento de los decesos por enfermedades cardiovasculares.<\/p>\n\n\n\n<h3 class=\"wp-block-heading\">Apostar por prevenir la diabetes<\/h3>\n\n\n\n<p><strong>Paulina Maga\u00f1a,<\/strong> coordinadora de Salud Alimentaria en El Poder del Consumidor urgi\u00f3 a cambiar el enfoque del tratamiento a la prevenci\u00f3n de esta enfermedad.<\/p>\n\n\n\n<blockquote class=\"wp-block-quote is-layout-flow wp-block-quote-is-layout-flow\">\n<p>Los recursos para el tratamiento ya no son suficientes, un sistema de salud enfocado en tratar la diabetes est\u00e1 siendo insostenible. Lo que se tiene que hacer es ver hacia la prevenci\u00f3n, pensar en c\u00f3mo bajar este alto consumo\u201d, dijo.<\/p>\n<\/blockquote>\n\n\n\n<p>Maga\u00f1a sostuvo que el Estado debe equiparar las bebidas azucaradas con otros productos considerados de riesgo sanitario.<\/p>\n\n\n\n<p>\u201cDecir que es un producto de riesgo lo pone a la par de productos que da\u00f1an la salud como los cigarros o bebidas alcoh\u00f3licas. Por eso estamos pidiendo a la <strong>Cofepris<\/strong> (Comisi\u00f3n Federal Contra Riesgos Sanitarios) que declare este producto de riesgo\u201d, se\u00f1al\u00f3.<\/p>\n\n\n\n<p>La especialista alert\u00f3 que consumir \u201cuna lata de refresco al d\u00eda\u201d, algo habitual en M\u00e9xico, es suficiente para detonar factores inflamatorios asociados a diabetes y enfermedades cardiovasculares, \u201cindependientemente de si la persona tiene obesidad o no\u201d.<\/p>\n\n\n\n<p>Reducir el consumo a \u201cmenos de una lata diaria o que no sea diario\u201d tendr\u00eda beneficios sustanciales, asegur\u00f3.<\/p>\n\n\n\n<p>De no actuar, el pa\u00eds enfrentar\u00e1 m\u00e1s muertes, costos sanitarios crecientes y un aumento de complicaciones incapacitantes, como amputaciones y ceguera. Tambi\u00e9n preocupa el componente adictivo del az\u00facar. \u201cEs inevitable que la gente se vuelva adicta al az\u00facar. Nos han hecho adictos al az\u00facar\u201d, subray\u00f3 Maga\u00f1a.<\/p>\n\n\n\n<p>Especialistas del <strong>Instituto Nacional de Salud P\u00fablica<\/strong> (INSP) recordaron que desde 2014 el impuesto a bebidas azucaradas redujo su compra entre 6 y 12 por ciento, con mayor impacto en hogares de bajos ingresos, y que el etiquetado frontal de advertencia ha disminuido en 10.7 puntos la presencia de sellos de exceso de az\u00facares en bebidas, lo que confirma la eficacia de estas pol\u00edticas.<\/p>\n\n\n\n<p>El economista del INSP, <strong>Juan Carlos Salgado<\/strong>, destac\u00f3 que \u201cel impuesto a las bebidas azucaradas ha sido efectivo para reducir las compras y generar beneficios econ\u00f3micos netos a nivel social\u201d, mientras que el etiquetado ha reducido la intenci\u00f3n de compra y promovido la reformulaci\u00f3n sin elevar el uso de edulcorantes.<\/p>\n\n\n\n<p>Los expertos coincidieron en que sin una ofensiva regulatoria que eleve el impuesto a 20 %, cierre la publicidad infantil y declare a las bebidas azucaradas como productos de riesgo, M\u00e9xico continuar\u00e1 perdiendo miles de vidas por una enfermedad prevenible.<\/p>\n\n\n\n<p>Con informaci\u00f3n de EFE<\/p>\n","protected":false},"excerpt":{"rendered":"<p>La diabetes, que tan solo en 2023 cobr\u00f3 la vida de 110 mil personas en M\u00e9xico, sigue siendo una emergencia creciente en el pa\u00eds que genera costos insostenibles en el sistema de salud, superando los 50 mil millones de pesos anuales, advirtieron especialistas. Con motivo del D\u00eda Mundial de la Diabetes, que se conmemora cada [&hellip;]<\/p>\n","protected":false},"author":4,"featured_media":69855,"comment_status":"closed","ping_status":"","sticky":false,"template":"","format":"standard","meta":{"footnotes":""},"categories":[2,19],"tags":[],"class_list":{"0":"post-69853","1":"post","2":"type-post","3":"status-publish","4":"format-standard","5":"has-post-thumbnail","7":"category-oaxaca","8":"category-nacional"},"yoast_head":"<!-- This site is optimized with the Yoast SEO plugin v27.4 - https:\/\/yoast.com\/product\/yoast-seo-wordpress\/ -->\n<title>D\u00eda Mundial de la Diabetes: \u00bfCu\u00e1l es el costo que genera en M\u00e9xico? - LA BRAVA RADIO<\/title>\n<meta name=\"robots\" content=\"index, follow, max-snippet:-1, max-image-preview:large, max-video-preview:-1\" \/>\n<link rel=\"canonical\" href=\"https:\/\/www.bbmnoticias.com\/dia-mundial-de-la-diabetes-cual-es-el-costo-que-genera-en-mexico\/\" \/>\n<meta property=\"og:locale\" content=\"es_MX\" \/>\n<meta property=\"og:type\" content=\"article\" \/>\n<meta property=\"og:title\" content=\"D\u00eda Mundial de la Diabetes: \u00bfCu\u00e1l es el costo que genera en M\u00e9xico? - LA BRAVA RADIO\" \/>\n<meta property=\"og:description\" content=\"La diabetes, que tan solo en 2023 cobr\u00f3 la vida de 110 mil personas en M\u00e9xico, sigue siendo una emergencia creciente en el pa\u00eds que genera costos insostenibles en el sistema de salud, superando los 50 mil millones de pesos anuales, advirtieron especialistas. Con motivo del D\u00eda Mundial de la Diabetes, que se conmemora cada [&hellip;]\" \/>\n<meta property=\"og:url\" content=\"https:\/\/www.bbmnoticias.com\/dia-mundial-de-la-diabetes-cual-es-el-costo-que-genera-en-mexico\/\" \/>\n<meta property=\"og:site_name\" content=\"LA BRAVA RADIO\" \/>\n<meta property=\"article:published_time\" content=\"2025-11-14T19:44:21+00:00\" \/>\n<meta property=\"article:modified_time\" content=\"2025-11-14T19:44:25+00:00\" \/>\n<meta property=\"og:image\" content=\"https:\/\/www.bbmnoticias.com\/labravaradiofm\/wp-content\/uploads\/sites\/5\/2025\/11\/diabetes-presion-arterial-hipertension-mexico.jpg\" \/>\n\t<meta property=\"og:image:width\" content=\"1920\" \/>\n\t<meta property=\"og:image:height\" content=\"1280\" \/>\n\t<meta property=\"og:image:type\" content=\"image\/jpeg\" \/>\n<meta name=\"author\" content=\"Agencias\" \/>\n<meta name=\"twitter:card\" content=\"summary_large_image\" \/>\n<meta name=\"twitter:label1\" content=\"Escrito por\" \/>\n\t<meta name=\"twitter:data1\" content=\"Agencias\" \/>\n\t<meta name=\"twitter:label2\" content=\"Tiempo de lectura\" \/>\n\t<meta name=\"twitter:data2\" content=\"3 minutos\" \/>\n<script type=\"application\/ld+json\" class=\"yoast-schema-graph\">{\"@context\":\"https:\\\/\\\/schema.org\",\"@graph\":[{\"@type\":\"Article\",\"@id\":\"https:\\\/\\\/www.bbmnoticias.com\\\/dia-mundial-de-la-diabetes-cual-es-el-costo-que-genera-en-mexico\\\/#article\",\"isPartOf\":{\"@id\":\"https:\\\/\\\/www.bbmnoticias.com\\\/labravaradiofm\\\/2025\\\/11\\\/14\\\/dia-mundial-de-la-diabetes-cual-es-el-costo-que-genera-en-mexico\\\/\"},\"author\":{\"name\":\"Agencias\",\"@id\":\"https:\\\/\\\/www.bbmnoticias.com\\\/labravaradiofm\\\/#\\\/schema\\\/person\\\/857a3daf5c8142f29919023f377fbfad\"},\"headline\":\"D\u00eda Mundial de la Diabetes: \u00bfCu\u00e1l es el costo que genera en M\u00e9xico?\",\"datePublished\":\"2025-11-14T19:44:21+00:00\",\"dateModified\":\"2025-11-14T19:44:25+00:00\",\"mainEntityOfPage\":{\"@id\":\"https:\\\/\\\/www.bbmnoticias.com\\\/labravaradiofm\\\/2025\\\/11\\\/14\\\/dia-mundial-de-la-diabetes-cual-es-el-costo-que-genera-en-mexico\\\/\"},\"wordCount\":696,\"image\":{\"@id\":\"https:\\\/\\\/www.bbmnoticias.com\\\/dia-mundial-de-la-diabetes-cual-es-el-costo-que-genera-en-mexico\\\/#primaryimage\"},\"thumbnailUrl\":\"https:\\\/\\\/www.bbmnoticias.com\\\/labravaradiofm\\\/wp-content\\\/uploads\\\/sites\\\/5\\\/2025\\\/11\\\/diabetes-presion-arterial-hipertension-mexico.jpg\",\"articleSection\":[\"LOCAL\",\"NACIONAL\"],\"inLanguage\":\"es\"},{\"@type\":\"WebPage\",\"@id\":\"https:\\\/\\\/www.bbmnoticias.com\\\/labravaradiofm\\\/2025\\\/11\\\/14\\\/dia-mundial-de-la-diabetes-cual-es-el-costo-que-genera-en-mexico\\\/\",\"url\":\"https:\\\/\\\/www.bbmnoticias.com\\\/dia-mundial-de-la-diabetes-cual-es-el-costo-que-genera-en-mexico\\\/\",\"name\":\"D\u00eda Mundial de la Diabetes: \u00bfCu\u00e1l es el costo que genera en M\u00e9xico? - LA BRAVA RADIO\",\"isPartOf\":{\"@id\":\"https:\\\/\\\/www.bbmnoticias.com\\\/labravaradiofm\\\/#website\"},\"primaryImageOfPage\":{\"@id\":\"https:\\\/\\\/www.bbmnoticias.com\\\/dia-mundial-de-la-diabetes-cual-es-el-costo-que-genera-en-mexico\\\/#primaryimage\"},\"image\":{\"@id\":\"https:\\\/\\\/www.bbmnoticias.com\\\/dia-mundial-de-la-diabetes-cual-es-el-costo-que-genera-en-mexico\\\/#primaryimage\"},\"thumbnailUrl\":\"https:\\\/\\\/www.bbmnoticias.com\\\/labravaradiofm\\\/wp-content\\\/uploads\\\/sites\\\/5\\\/2025\\\/11\\\/diabetes-presion-arterial-hipertension-mexico.jpg\",\"datePublished\":\"2025-11-14T19:44:21+00:00\",\"dateModified\":\"2025-11-14T19:44:25+00:00\",\"author\":{\"@id\":\"https:\\\/\\\/www.bbmnoticias.com\\\/labravaradiofm\\\/#\\\/schema\\\/person\\\/857a3daf5c8142f29919023f377fbfad\"},\"breadcrumb\":{\"@id\":\"https:\\\/\\\/www.bbmnoticias.com\\\/dia-mundial-de-la-diabetes-cual-es-el-costo-que-genera-en-mexico\\\/#breadcrumb\"},\"inLanguage\":\"es\",\"potentialAction\":[{\"@type\":\"ReadAction\",\"target\":[\"https:\\\/\\\/www.bbmnoticias.com\\\/dia-mundial-de-la-diabetes-cual-es-el-costo-que-genera-en-mexico\\\/\"]}]},{\"@type\":\"ImageObject\",\"inLanguage\":\"es\",\"@id\":\"https:\\\/\\\/www.bbmnoticias.com\\\/dia-mundial-de-la-diabetes-cual-es-el-costo-que-genera-en-mexico\\\/#primaryimage\",\"url\":\"https:\\\/\\\/www.bbmnoticias.com\\\/labravaradiofm\\\/wp-content\\\/uploads\\\/sites\\\/5\\\/2025\\\/11\\\/diabetes-presion-arterial-hipertension-mexico.jpg\",\"contentUrl\":\"https:\\\/\\\/www.bbmnoticias.com\\\/labravaradiofm\\\/wp-content\\\/uploads\\\/sites\\\/5\\\/2025\\\/11\\\/diabetes-presion-arterial-hipertension-mexico.jpg\",\"width\":1920,\"height\":1280},{\"@type\":\"BreadcrumbList\",\"@id\":\"https:\\\/\\\/www.bbmnoticias.com\\\/dia-mundial-de-la-diabetes-cual-es-el-costo-que-genera-en-mexico\\\/#breadcrumb\",\"itemListElement\":[{\"@type\":\"ListItem\",\"position\":1,\"name\":\"Inicio\",\"item\":\"https:\\\/\\\/www.bbmnoticias.com\\\/labravaradiofm\\\/\"},{\"@type\":\"ListItem\",\"position\":2,\"name\":\"D\u00eda Mundial de la Diabetes: \u00bfCu\u00e1l es el costo que genera en M\u00e9xico?\"}]},{\"@type\":\"WebSite\",\"@id\":\"https:\\\/\\\/www.bbmnoticias.com\\\/labravaradiofm\\\/#website\",\"url\":\"https:\\\/\\\/www.bbmnoticias.com\\\/labravaradiofm\\\/\",\"name\":\"LA BRAVA RADIO\",\"description\":\"Empresa productora de medios, Radiodifusi\u00f3n, Noticias, tendencias y todo lo que necesitas saber de la pol\u00edtica mexicana e internacional; entretenimiento, espect\u00e1culos, salud y mucho m\u00e1s.\",\"potentialAction\":[{\"@type\":\"SearchAction\",\"target\":{\"@type\":\"EntryPoint\",\"urlTemplate\":\"https:\\\/\\\/www.bbmnoticias.com\\\/labravaradiofm\\\/?s={search_term_string}\"},\"query-input\":{\"@type\":\"PropertyValueSpecification\",\"valueRequired\":true,\"valueName\":\"search_term_string\"}}],\"inLanguage\":\"es\"},{\"@type\":\"Person\",\"@id\":\"https:\\\/\\\/www.bbmnoticias.com\\\/labravaradiofm\\\/#\\\/schema\\\/person\\\/857a3daf5c8142f29919023f377fbfad\",\"name\":\"Agencias\",\"image\":{\"@type\":\"ImageObject\",\"inLanguage\":\"es\",\"@id\":\"https:\\\/\\\/secure.gravatar.com\\\/avatar\\\/739e0b61adf9e398b425c36718c8752286da0e8cd90f20ce9a86678abc26aa0d?s=96&d=mm&r=g\",\"url\":\"https:\\\/\\\/secure.gravatar.com\\\/avatar\\\/739e0b61adf9e398b425c36718c8752286da0e8cd90f20ce9a86678abc26aa0d?s=96&d=mm&r=g\",\"contentUrl\":\"https:\\\/\\\/secure.gravatar.com\\\/avatar\\\/739e0b61adf9e398b425c36718c8752286da0e8cd90f20ce9a86678abc26aa0d?s=96&d=mm&r=g\",\"caption\":\"Agencias\"},\"url\":\"https:\\\/\\\/www.bbmnoticias.com\\\/labravaradiofm\\\/author\\\/agencias\\\/\"}]}<\/script>\n<!-- \/ Yoast SEO plugin. -->","yoast_head_json":{"title":"D\u00eda Mundial de la Diabetes: \u00bfCu\u00e1l es el costo que genera en M\u00e9xico? - LA BRAVA RADIO","robots":{"index":"index","follow":"follow","max-snippet":"max-snippet:-1","max-image-preview":"max-image-preview:large","max-video-preview":"max-video-preview:-1"},"canonical":"https:\/\/www.bbmnoticias.com\/dia-mundial-de-la-diabetes-cual-es-el-costo-que-genera-en-mexico\/","og_locale":"es_MX","og_type":"article","og_title":"D\u00eda Mundial de la Diabetes: \u00bfCu\u00e1l es el costo que genera en M\u00e9xico? - LA BRAVA RADIO","og_description":"La diabetes, que tan solo en 2023 cobr\u00f3 la vida de 110 mil personas en M\u00e9xico, sigue siendo una emergencia creciente en el pa\u00eds que genera costos insostenibles en el sistema de salud, superando los 50 mil millones de pesos anuales, advirtieron especialistas. Con motivo del D\u00eda Mundial de la Diabetes, que se conmemora cada [&hellip;]","og_url":"https:\/\/www.bbmnoticias.com\/dia-mundial-de-la-diabetes-cual-es-el-costo-que-genera-en-mexico\/","og_site_name":"LA BRAVA RADIO","article_published_time":"2025-11-14T19:44:21+00:00","article_modified_time":"2025-11-14T19:44:25+00:00","og_image":[{"width":1920,"height":1280,"url":"https:\/\/www.bbmnoticias.com\/labravaradiofm\/wp-content\/uploads\/sites\/5\/2025\/11\/diabetes-presion-arterial-hipertension-mexico.jpg","type":"image\/jpeg"}],"author":"Agencias","twitter_card":"summary_large_image","twitter_misc":{"Escrito por":"Agencias","Tiempo de lectura":"3 minutos"},"schema":{"@context":"https:\/\/schema.org","@graph":[{"@type":"Article","@id":"https:\/\/www.bbmnoticias.com\/dia-mundial-de-la-diabetes-cual-es-el-costo-que-genera-en-mexico\/#article","isPartOf":{"@id":"https:\/\/www.bbmnoticias.com\/labravaradiofm\/2025\/11\/14\/dia-mundial-de-la-diabetes-cual-es-el-costo-que-genera-en-mexico\/"},"author":{"name":"Agencias","@id":"https:\/\/www.bbmnoticias.com\/labravaradiofm\/#\/schema\/person\/857a3daf5c8142f29919023f377fbfad"},"headline":"D\u00eda Mundial de la Diabetes: \u00bfCu\u00e1l es el costo que genera en M\u00e9xico?","datePublished":"2025-11-14T19:44:21+00:00","dateModified":"2025-11-14T19:44:25+00:00","mainEntityOfPage":{"@id":"https:\/\/www.bbmnoticias.com\/labravaradiofm\/2025\/11\/14\/dia-mundial-de-la-diabetes-cual-es-el-costo-que-genera-en-mexico\/"},"wordCount":696,"image":{"@id":"https:\/\/www.bbmnoticias.com\/dia-mundial-de-la-diabetes-cual-es-el-costo-que-genera-en-mexico\/#primaryimage"},"thumbnailUrl":"https:\/\/www.bbmnoticias.com\/labravaradiofm\/wp-content\/uploads\/sites\/5\/2025\/11\/diabetes-presion-arterial-hipertension-mexico.jpg","articleSection":["LOCAL","NACIONAL"],"inLanguage":"es"},{"@type":"WebPage","@id":"https:\/\/www.bbmnoticias.com\/labravaradiofm\/2025\/11\/14\/dia-mundial-de-la-diabetes-cual-es-el-costo-que-genera-en-mexico\/","url":"https:\/\/www.bbmnoticias.com\/dia-mundial-de-la-diabetes-cual-es-el-costo-que-genera-en-mexico\/","name":"D\u00eda Mundial de la Diabetes: \u00bfCu\u00e1l es el costo que genera en M\u00e9xico? - LA BRAVA RADIO","isPartOf":{"@id":"https:\/\/www.bbmnoticias.com\/labravaradiofm\/#website"},"primaryImageOfPage":{"@id":"https:\/\/www.bbmnoticias.com\/dia-mundial-de-la-diabetes-cual-es-el-costo-que-genera-en-mexico\/#primaryimage"},"image":{"@id":"https:\/\/www.bbmnoticias.com\/dia-mundial-de-la-diabetes-cual-es-el-costo-que-genera-en-mexico\/#primaryimage"},"thumbnailUrl":"https:\/\/www.bbmnoticias.com\/labravaradiofm\/wp-content\/uploads\/sites\/5\/2025\/11\/diabetes-presion-arterial-hipertension-mexico.jpg","datePublished":"2025-11-14T19:44:21+00:00","dateModified":"2025-11-14T19:44:25+00:00","author":{"@id":"https:\/\/www.bbmnoticias.com\/labravaradiofm\/#\/schema\/person\/857a3daf5c8142f29919023f377fbfad"},"breadcrumb":{"@id":"https:\/\/www.bbmnoticias.com\/dia-mundial-de-la-diabetes-cual-es-el-costo-que-genera-en-mexico\/#breadcrumb"},"inLanguage":"es","potentialAction":[{"@type":"ReadAction","target":["https:\/\/www.bbmnoticias.com\/dia-mundial-de-la-diabetes-cual-es-el-costo-que-genera-en-mexico\/"]}]},{"@type":"ImageObject","inLanguage":"es","@id":"https:\/\/www.bbmnoticias.com\/dia-mundial-de-la-diabetes-cual-es-el-costo-que-genera-en-mexico\/#primaryimage","url":"https:\/\/www.bbmnoticias.com\/labravaradiofm\/wp-content\/uploads\/sites\/5\/2025\/11\/diabetes-presion-arterial-hipertension-mexico.jpg","contentUrl":"https:\/\/www.bbmnoticias.com\/labravaradiofm\/wp-content\/uploads\/sites\/5\/2025\/11\/diabetes-presion-arterial-hipertension-mexico.jpg","width":1920,"height":1280},{"@type":"BreadcrumbList","@id":"https:\/\/www.bbmnoticias.com\/dia-mundial-de-la-diabetes-cual-es-el-costo-que-genera-en-mexico\/#breadcrumb","itemListElement":[{"@type":"ListItem","position":1,"name":"Inicio","item":"https:\/\/www.bbmnoticias.com\/labravaradiofm\/"},{"@type":"ListItem","position":2,"name":"D\u00eda Mundial de la Diabetes: \u00bfCu\u00e1l es el costo que genera en M\u00e9xico?"}]},{"@type":"WebSite","@id":"https:\/\/www.bbmnoticias.com\/labravaradiofm\/#website","url":"https:\/\/www.bbmnoticias.com\/labravaradiofm\/","name":"LA BRAVA RADIO","description":"Empresa productora de medios, Radiodifusi\u00f3n, Noticias, tendencias y todo lo que necesitas saber de la pol\u00edtica mexicana e internacional; entretenimiento, espect\u00e1culos, salud y mucho m\u00e1s.","potentialAction":[{"@type":"SearchAction","target":{"@type":"EntryPoint","urlTemplate":"https:\/\/www.bbmnoticias.com\/labravaradiofm\/?s={search_term_string}"},"query-input":{"@type":"PropertyValueSpecification","valueRequired":true,"valueName":"search_term_string"}}],"inLanguage":"es"},{"@type":"Person","@id":"https:\/\/www.bbmnoticias.com\/labravaradiofm\/#\/schema\/person\/857a3daf5c8142f29919023f377fbfad","name":"Agencias","image":{"@type":"ImageObject","inLanguage":"es","@id":"https:\/\/secure.gravatar.com\/avatar\/739e0b61adf9e398b425c36718c8752286da0e8cd90f20ce9a86678abc26aa0d?s=96&d=mm&r=g","url":"https:\/\/secure.gravatar.com\/avatar\/739e0b61adf9e398b425c36718c8752286da0e8cd90f20ce9a86678abc26aa0d?s=96&d=mm&r=g","contentUrl":"https:\/\/secure.gravatar.com\/avatar\/739e0b61adf9e398b425c36718c8752286da0e8cd90f20ce9a86678abc26aa0d?s=96&d=mm&r=g","caption":"Agencias"},"url":"https:\/\/www.bbmnoticias.com\/labravaradiofm\/author\/agencias\/"}]}},"_links":{"self":[{"href":"https:\/\/www.bbmnoticias.com\/labravaradiofm\/wp-json\/wp\/v2\/posts\/69853","targetHints":{"allow":["GET"]}}],"collection":[{"href":"https:\/\/www.bbmnoticias.com\/labravaradiofm\/wp-json\/wp\/v2\/posts"}],"about":[{"href":"https:\/\/www.bbmnoticias.com\/labravaradiofm\/wp-json\/wp\/v2\/types\/post"}],"author":[{"embeddable":true,"href":"https:\/\/www.bbmnoticias.com\/labravaradiofm\/wp-json\/wp\/v2\/users\/4"}],"replies":[{"embeddable":true,"href":"https:\/\/www.bbmnoticias.com\/labravaradiofm\/wp-json\/wp\/v2\/comments?post=69853"}],"version-history":[{"count":0,"href":"https:\/\/www.bbmnoticias.com\/labravaradiofm\/wp-json\/wp\/v2\/posts\/69853\/revisions"}],"wp:featuredmedia":[{"embeddable":true,"href":"https:\/\/www.bbmnoticias.com\/labravaradiofm\/wp-json\/wp\/v2\/media\/69855"}],"wp:attachment":[{"href":"https:\/\/www.bbmnoticias.com\/labravaradiofm\/wp-json\/wp\/v2\/media?parent=69853"}],"wp:term":[{"taxonomy":"category","embeddable":true,"href":"https:\/\/www.bbmnoticias.com\/labravaradiofm\/wp-json\/wp\/v2\/categories?post=69853"},{"taxonomy":"post_tag","embeddable":true,"href":"https:\/\/www.bbmnoticias.com\/labravaradiofm\/wp-json\/wp\/v2\/tags?post=69853"}],"curies":[{"name":"wp","href":"https:\/\/api.w.org\/{rel}","templated":true}]}}