{"id":69850,"date":"2025-11-14T13:28:49","date_gmt":"2025-11-14T19:28:49","guid":{"rendered":"https:\/\/www.bbmnoticias.com\/labravaradiofm\/2025\/11\/14\/operacion-sable-detienen-a-siete-personas-vinculadas-a-celula-delictiva-en-juchitan-por-relevancia-y-seguridad-trasladan-a-dos-a-la-capital\/"},"modified":"2025-11-14T13:28:53","modified_gmt":"2025-11-14T19:28:53","slug":"operacion-sable-detienen-a-siete-personas-vinculadas-a-celula-delictiva-en-juchitan-por-relevancia-y-seguridad-trasladan-a-dos-a-la-capital","status":"publish","type":"post","link":"https:\/\/www.bbmnoticias.com\/labravaradiofm\/2025\/11\/14\/operacion-sable-detienen-a-siete-personas-vinculadas-a-celula-delictiva-en-juchitan-por-relevancia-y-seguridad-trasladan-a-dos-a-la-capital\/","title":{"rendered":"Operaci\u00f3n Sable: Detienen a siete personas vinculadas a c\u00e9lula delictiva en Juchit\u00e1n; por relevancia y seguridad trasladan a dos a la capital"},"content":{"rendered":"<div style=\"margin-top: 0px; margin-bottom: 0px;\" class=\"sharethis-inline-share-buttons\" ><\/div>\n<p><strong>Oaxaca de Ju\u00e1rez.-<\/strong> Derivado de la ejecuci\u00f3n nocturna de cateos simult\u00e1neos fue posible la detenci\u00f3n de siete personas, como parte de los primeros resultados de la implementaci\u00f3n de la \u201cOperaci\u00f3n Sable\u201d en el Istmo de Tehuantepec, trabajo t\u00e1ctico y de inteligencia criminal realizado de manera coordinada entre la Fiscal\u00eda General del Estado de Oaxaca (FGEO), Agencia Estatal de Investigaciones (AEI), Secretar\u00eda de Marina (SEMAR), Secretar\u00eda de la Defensa Nacional (DEFENSA), Guardia Nacional (GN), Secretar\u00eda de Gobierno (SEGO), Polic\u00eda Estatal de la Secretar\u00eda de Seguridad y Protecci\u00f3n Ciudadana (SSPC).<\/p>\n\n\n\n<p>Luego de obtener ocho \u00f3rdenes de cateo, la FGEO encabez\u00f3 el despliegue operativo que se llev\u00f3 a cabo durante la madrugada del jueves 13 de noviembre de 2025.<\/p>\n\n\n\n<p>Elementos de todas las instituciones que colaboran con la implementaci\u00f3n de la \u201cOperaci\u00f3n Sable\u201d participaron en los operativos que se llevaron a cabo en puntos estrat\u00e9gicos de la ciudad de Juchit\u00e1n de Zaragoza.<\/p>\n\n\n\n<figure class=\"wp-block-image size-large\"><img decoding=\"async\" src=\"https:\/\/www.bbmnoticias.com\/wp-content\/uploads\/2025\/11\/operacion_sable_juchitan02-1024x507.jpeg\" alt=\"\" class=\"wp-image-70766\"\/><\/figure>\n\n\n\n<p>Como resultado de los cateos, se logr\u00f3 la detenci\u00f3n de siete personas que estar\u00edan vinculadas a las investigaciones por diferentes delitos como narcomenudeo, homicidio calificado, extorsi\u00f3n, actividades ilegales que estar\u00edan relacionadas con la c\u00e9lula delictiva local identificada como \u201cLos Cromos\u201d.<\/p>\n\n\n\n<p>Por la relevancia de las detenciones, dos personas del sexo masculino fueron trasladadas a la ciudad de Oaxaca para ahondar en las indagatorias ministeriales que contribuyan al debilitamiento y desarticulaci\u00f3n de este grupo delictivo.<\/p>\n","protected":false},"excerpt":{"rendered":"<p>Oaxaca de Ju\u00e1rez.- Derivado de la ejecuci\u00f3n nocturna de cateos simult\u00e1neos fue posible la detenci\u00f3n de siete personas, como parte de los primeros resultados de la implementaci\u00f3n de la \u201cOperaci\u00f3n Sable\u201d en el Istmo de Tehuantepec, trabajo t\u00e1ctico y de inteligencia criminal realizado de manera coordinada entre la Fiscal\u00eda General del Estado de Oaxaca (FGEO), [&hellip;]<\/p>\n","protected":false},"author":2,"featured_media":69852,"comment_status":"closed","ping_status":"","sticky":false,"template":"","format":"standard","meta":{"footnotes":""},"categories":[2,20],"tags":[],"class_list":{"0":"post-69850","1":"post","2":"type-post","3":"status-publish","4":"format-standard","5":"has-post-thumbnail","7":"category-oaxaca","8":"category-policiaca"},"yoast_head":"<!-- This site is optimized with the Yoast SEO plugin v27.4 - https:\/\/yoast.com\/product\/yoast-seo-wordpress\/ -->\n<title>Operaci\u00f3n Sable: Detienen a siete personas vinculadas a c\u00e9lula delictiva en Juchit\u00e1n; por relevancia y seguridad trasladan a dos a la capital - LA BRAVA RADIO<\/title>\n<meta name=\"robots\" content=\"index, follow, max-snippet:-1, max-image-preview:large, max-video-preview:-1\" \/>\n<link rel=\"canonical\" href=\"https:\/\/www.bbmnoticias.com\/operacion-sable-detienen-a-siete-personas-vinculadas-a-celula-delictiva-en-juchitan-por-relevancia-y-seguridad-trasladan-a-dos-a-la-capital\/\" \/>\n<meta property=\"og:locale\" content=\"es_MX\" \/>\n<meta property=\"og:type\" content=\"article\" \/>\n<meta property=\"og:title\" content=\"Operaci\u00f3n Sable: Detienen a siete personas vinculadas a c\u00e9lula delictiva en Juchit\u00e1n; por relevancia y seguridad trasladan a dos a la capital - LA BRAVA RADIO\" \/>\n<meta property=\"og:description\" content=\"Oaxaca de Ju\u00e1rez.- Derivado de la ejecuci\u00f3n nocturna de cateos simult\u00e1neos fue posible la detenci\u00f3n de siete personas, como parte de los primeros resultados de la implementaci\u00f3n de la \u201cOperaci\u00f3n Sable\u201d en el Istmo de Tehuantepec, trabajo t\u00e1ctico y de inteligencia criminal realizado de manera coordinada entre la Fiscal\u00eda General del Estado de Oaxaca (FGEO), [&hellip;]\" \/>\n<meta property=\"og:url\" content=\"https:\/\/www.bbmnoticias.com\/operacion-sable-detienen-a-siete-personas-vinculadas-a-celula-delictiva-en-juchitan-por-relevancia-y-seguridad-trasladan-a-dos-a-la-capital\/\" \/>\n<meta property=\"og:site_name\" content=\"LA BRAVA RADIO\" \/>\n<meta property=\"article:published_time\" content=\"2025-11-14T19:28:49+00:00\" \/>\n<meta property=\"article:modified_time\" content=\"2025-11-14T19:28:53+00:00\" \/>\n<meta property=\"og:image\" content=\"https:\/\/www.bbmnoticias.com\/labravaradiofm\/wp-content\/uploads\/sites\/5\/2025\/11\/operacion_sable_juchitan01.jpeg\" \/>\n\t<meta property=\"og:image:width\" content=\"1581\" \/>\n\t<meta property=\"og:image:height\" content=\"909\" \/>\n\t<meta property=\"og:image:type\" content=\"image\/jpeg\" \/>\n<meta name=\"author\" content=\"Staff\" \/>\n<meta name=\"twitter:card\" content=\"summary_large_image\" \/>\n<meta name=\"twitter:label1\" content=\"Escrito por\" \/>\n\t<meta name=\"twitter:data1\" content=\"Staff\" \/>\n\t<meta name=\"twitter:label2\" content=\"Tiempo de lectura\" \/>\n\t<meta name=\"twitter:data2\" content=\"1 minuto\" \/>\n<script type=\"application\/ld+json\" class=\"yoast-schema-graph\">{\"@context\":\"https:\\\/\\\/schema.org\",\"@graph\":[{\"@type\":\"Article\",\"@id\":\"https:\\\/\\\/www.bbmnoticias.com\\\/operacion-sable-detienen-a-siete-personas-vinculadas-a-celula-delictiva-en-juchitan-por-relevancia-y-seguridad-trasladan-a-dos-a-la-capital\\\/#article\",\"isPartOf\":{\"@id\":\"https:\\\/\\\/www.bbmnoticias.com\\\/labravaradiofm\\\/2025\\\/11\\\/14\\\/operacion-sable-detienen-a-siete-personas-vinculadas-a-celula-delictiva-en-juchitan-por-relevancia-y-seguridad-trasladan-a-dos-a-la-capital\\\/\"},\"author\":{\"name\":\"Staff\",\"@id\":\"https:\\\/\\\/www.bbmnoticias.com\\\/labravaradiofm\\\/#\\\/schema\\\/person\\\/34b139c617a70ea5bef5678bffe4dd7b\"},\"headline\":\"Operaci\u00f3n Sable: Detienen a siete personas vinculadas a c\u00e9lula delictiva en Juchit\u00e1n; por relevancia y seguridad trasladan a dos a la capital\",\"datePublished\":\"2025-11-14T19:28:49+00:00\",\"dateModified\":\"2025-11-14T19:28:53+00:00\",\"mainEntityOfPage\":{\"@id\":\"https:\\\/\\\/www.bbmnoticias.com\\\/labravaradiofm\\\/2025\\\/11\\\/14\\\/operacion-sable-detienen-a-siete-personas-vinculadas-a-celula-delictiva-en-juchitan-por-relevancia-y-seguridad-trasladan-a-dos-a-la-capital\\\/\"},\"wordCount\":271,\"image\":{\"@id\":\"https:\\\/\\\/www.bbmnoticias.com\\\/operacion-sable-detienen-a-siete-personas-vinculadas-a-celula-delictiva-en-juchitan-por-relevancia-y-seguridad-trasladan-a-dos-a-la-capital\\\/#primaryimage\"},\"thumbnailUrl\":\"https:\\\/\\\/www.bbmnoticias.com\\\/labravaradiofm\\\/wp-content\\\/uploads\\\/sites\\\/5\\\/2025\\\/11\\\/operacion_sable_juchitan01.jpeg\",\"articleSection\":[\"LOCAL\",\"POLICIACA\"],\"inLanguage\":\"es\"},{\"@type\":\"WebPage\",\"@id\":\"https:\\\/\\\/www.bbmnoticias.com\\\/labravaradiofm\\\/2025\\\/11\\\/14\\\/operacion-sable-detienen-a-siete-personas-vinculadas-a-celula-delictiva-en-juchitan-por-relevancia-y-seguridad-trasladan-a-dos-a-la-capital\\\/\",\"url\":\"https:\\\/\\\/www.bbmnoticias.com\\\/operacion-sable-detienen-a-siete-personas-vinculadas-a-celula-delictiva-en-juchitan-por-relevancia-y-seguridad-trasladan-a-dos-a-la-capital\\\/\",\"name\":\"Operaci\u00f3n Sable: Detienen a siete personas vinculadas a c\u00e9lula delictiva en Juchit\u00e1n; por relevancia y seguridad trasladan a dos a la capital - LA BRAVA RADIO\",\"isPartOf\":{\"@id\":\"https:\\\/\\\/www.bbmnoticias.com\\\/labravaradiofm\\\/#website\"},\"primaryImageOfPage\":{\"@id\":\"https:\\\/\\\/www.bbmnoticias.com\\\/operacion-sable-detienen-a-siete-personas-vinculadas-a-celula-delictiva-en-juchitan-por-relevancia-y-seguridad-trasladan-a-dos-a-la-capital\\\/#primaryimage\"},\"image\":{\"@id\":\"https:\\\/\\\/www.bbmnoticias.com\\\/operacion-sable-detienen-a-siete-personas-vinculadas-a-celula-delictiva-en-juchitan-por-relevancia-y-seguridad-trasladan-a-dos-a-la-capital\\\/#primaryimage\"},\"thumbnailUrl\":\"https:\\\/\\\/www.bbmnoticias.com\\\/labravaradiofm\\\/wp-content\\\/uploads\\\/sites\\\/5\\\/2025\\\/11\\\/operacion_sable_juchitan01.jpeg\",\"datePublished\":\"2025-11-14T19:28:49+00:00\",\"dateModified\":\"2025-11-14T19:28:53+00:00\",\"author\":{\"@id\":\"https:\\\/\\\/www.bbmnoticias.com\\\/labravaradiofm\\\/#\\\/schema\\\/person\\\/34b139c617a70ea5bef5678bffe4dd7b\"},\"breadcrumb\":{\"@id\":\"https:\\\/\\\/www.bbmnoticias.com\\\/operacion-sable-detienen-a-siete-personas-vinculadas-a-celula-delictiva-en-juchitan-por-relevancia-y-seguridad-trasladan-a-dos-a-la-capital\\\/#breadcrumb\"},\"inLanguage\":\"es\",\"potentialAction\":[{\"@type\":\"ReadAction\",\"target\":[\"https:\\\/\\\/www.bbmnoticias.com\\\/operacion-sable-detienen-a-siete-personas-vinculadas-a-celula-delictiva-en-juchitan-por-relevancia-y-seguridad-trasladan-a-dos-a-la-capital\\\/\"]}]},{\"@type\":\"ImageObject\",\"inLanguage\":\"es\",\"@id\":\"https:\\\/\\\/www.bbmnoticias.com\\\/operacion-sable-detienen-a-siete-personas-vinculadas-a-celula-delictiva-en-juchitan-por-relevancia-y-seguridad-trasladan-a-dos-a-la-capital\\\/#primaryimage\",\"url\":\"https:\\\/\\\/www.bbmnoticias.com\\\/labravaradiofm\\\/wp-content\\\/uploads\\\/sites\\\/5\\\/2025\\\/11\\\/operacion_sable_juchitan01.jpeg\",\"contentUrl\":\"https:\\\/\\\/www.bbmnoticias.com\\\/labravaradiofm\\\/wp-content\\\/uploads\\\/sites\\\/5\\\/2025\\\/11\\\/operacion_sable_juchitan01.jpeg\",\"width\":1581,\"height\":909},{\"@type\":\"BreadcrumbList\",\"@id\":\"https:\\\/\\\/www.bbmnoticias.com\\\/operacion-sable-detienen-a-siete-personas-vinculadas-a-celula-delictiva-en-juchitan-por-relevancia-y-seguridad-trasladan-a-dos-a-la-capital\\\/#breadcrumb\",\"itemListElement\":[{\"@type\":\"ListItem\",\"position\":1,\"name\":\"Inicio\",\"item\":\"https:\\\/\\\/www.bbmnoticias.com\\\/labravaradiofm\\\/\"},{\"@type\":\"ListItem\",\"position\":2,\"name\":\"Operaci\u00f3n Sable: Detienen a siete personas vinculadas a c\u00e9lula delictiva en Juchit\u00e1n; por relevancia y seguridad trasladan a dos a la capital\"}]},{\"@type\":\"WebSite\",\"@id\":\"https:\\\/\\\/www.bbmnoticias.com\\\/labravaradiofm\\\/#website\",\"url\":\"https:\\\/\\\/www.bbmnoticias.com\\\/labravaradiofm\\\/\",\"name\":\"LA BRAVA RADIO\",\"description\":\"Empresa productora de medios, Radiodifusi\u00f3n, Noticias, tendencias y todo lo que necesitas saber de la pol\u00edtica mexicana e internacional; entretenimiento, espect\u00e1culos, salud y mucho m\u00e1s.\",\"potentialAction\":[{\"@type\":\"SearchAction\",\"target\":{\"@type\":\"EntryPoint\",\"urlTemplate\":\"https:\\\/\\\/www.bbmnoticias.com\\\/labravaradiofm\\\/?s={search_term_string}\"},\"query-input\":{\"@type\":\"PropertyValueSpecification\",\"valueRequired\":true,\"valueName\":\"search_term_string\"}}],\"inLanguage\":\"es\"},{\"@type\":\"Person\",\"@id\":\"https:\\\/\\\/www.bbmnoticias.com\\\/labravaradiofm\\\/#\\\/schema\\\/person\\\/34b139c617a70ea5bef5678bffe4dd7b\",\"name\":\"Staff\",\"image\":{\"@type\":\"ImageObject\",\"inLanguage\":\"es\",\"@id\":\"https:\\\/\\\/secure.gravatar.com\\\/avatar\\\/fdd21ad66fd8b98c407f9dee5b5e588cfe7f0d8579ec20fa6527cd59bab7f0f0?s=96&d=mm&r=g\",\"url\":\"https:\\\/\\\/secure.gravatar.com\\\/avatar\\\/fdd21ad66fd8b98c407f9dee5b5e588cfe7f0d8579ec20fa6527cd59bab7f0f0?s=96&d=mm&r=g\",\"contentUrl\":\"https:\\\/\\\/secure.gravatar.com\\\/avatar\\\/fdd21ad66fd8b98c407f9dee5b5e588cfe7f0d8579ec20fa6527cd59bab7f0f0?s=96&d=mm&r=g\",\"caption\":\"Staff\"},\"url\":\"https:\\\/\\\/www.bbmnoticias.com\\\/labravaradiofm\\\/author\\\/redaccion\\\/\"}]}<\/script>\n<!-- \/ Yoast SEO plugin. -->","yoast_head_json":{"title":"Operaci\u00f3n Sable: Detienen a siete personas vinculadas a c\u00e9lula delictiva en Juchit\u00e1n; por relevancia y seguridad trasladan a dos a la capital - LA BRAVA RADIO","robots":{"index":"index","follow":"follow","max-snippet":"max-snippet:-1","max-image-preview":"max-image-preview:large","max-video-preview":"max-video-preview:-1"},"canonical":"https:\/\/www.bbmnoticias.com\/operacion-sable-detienen-a-siete-personas-vinculadas-a-celula-delictiva-en-juchitan-por-relevancia-y-seguridad-trasladan-a-dos-a-la-capital\/","og_locale":"es_MX","og_type":"article","og_title":"Operaci\u00f3n Sable: Detienen a siete personas vinculadas a c\u00e9lula delictiva en Juchit\u00e1n; por relevancia y seguridad trasladan a dos a la capital - LA BRAVA RADIO","og_description":"Oaxaca de Ju\u00e1rez.- Derivado de la ejecuci\u00f3n nocturna de cateos simult\u00e1neos fue posible la detenci\u00f3n de siete personas, como parte de los primeros resultados de la implementaci\u00f3n de la \u201cOperaci\u00f3n Sable\u201d en el Istmo de Tehuantepec, trabajo t\u00e1ctico y de inteligencia criminal realizado de manera coordinada entre la Fiscal\u00eda General del Estado de Oaxaca (FGEO), [&hellip;]","og_url":"https:\/\/www.bbmnoticias.com\/operacion-sable-detienen-a-siete-personas-vinculadas-a-celula-delictiva-en-juchitan-por-relevancia-y-seguridad-trasladan-a-dos-a-la-capital\/","og_site_name":"LA BRAVA RADIO","article_published_time":"2025-11-14T19:28:49+00:00","article_modified_time":"2025-11-14T19:28:53+00:00","og_image":[{"width":1581,"height":909,"url":"https:\/\/www.bbmnoticias.com\/labravaradiofm\/wp-content\/uploads\/sites\/5\/2025\/11\/operacion_sable_juchitan01.jpeg","type":"image\/jpeg"}],"author":"Staff","twitter_card":"summary_large_image","twitter_misc":{"Escrito por":"Staff","Tiempo de lectura":"1 minuto"},"schema":{"@context":"https:\/\/schema.org","@graph":[{"@type":"Article","@id":"https:\/\/www.bbmnoticias.com\/operacion-sable-detienen-a-siete-personas-vinculadas-a-celula-delictiva-en-juchitan-por-relevancia-y-seguridad-trasladan-a-dos-a-la-capital\/#article","isPartOf":{"@id":"https:\/\/www.bbmnoticias.com\/labravaradiofm\/2025\/11\/14\/operacion-sable-detienen-a-siete-personas-vinculadas-a-celula-delictiva-en-juchitan-por-relevancia-y-seguridad-trasladan-a-dos-a-la-capital\/"},"author":{"name":"Staff","@id":"https:\/\/www.bbmnoticias.com\/labravaradiofm\/#\/schema\/person\/34b139c617a70ea5bef5678bffe4dd7b"},"headline":"Operaci\u00f3n Sable: Detienen a siete personas vinculadas a c\u00e9lula delictiva en Juchit\u00e1n; por relevancia y seguridad trasladan a dos a la capital","datePublished":"2025-11-14T19:28:49+00:00","dateModified":"2025-11-14T19:28:53+00:00","mainEntityOfPage":{"@id":"https:\/\/www.bbmnoticias.com\/labravaradiofm\/2025\/11\/14\/operacion-sable-detienen-a-siete-personas-vinculadas-a-celula-delictiva-en-juchitan-por-relevancia-y-seguridad-trasladan-a-dos-a-la-capital\/"},"wordCount":271,"image":{"@id":"https:\/\/www.bbmnoticias.com\/operacion-sable-detienen-a-siete-personas-vinculadas-a-celula-delictiva-en-juchitan-por-relevancia-y-seguridad-trasladan-a-dos-a-la-capital\/#primaryimage"},"thumbnailUrl":"https:\/\/www.bbmnoticias.com\/labravaradiofm\/wp-content\/uploads\/sites\/5\/2025\/11\/operacion_sable_juchitan01.jpeg","articleSection":["LOCAL","POLICIACA"],"inLanguage":"es"},{"@type":"WebPage","@id":"https:\/\/www.bbmnoticias.com\/labravaradiofm\/2025\/11\/14\/operacion-sable-detienen-a-siete-personas-vinculadas-a-celula-delictiva-en-juchitan-por-relevancia-y-seguridad-trasladan-a-dos-a-la-capital\/","url":"https:\/\/www.bbmnoticias.com\/operacion-sable-detienen-a-siete-personas-vinculadas-a-celula-delictiva-en-juchitan-por-relevancia-y-seguridad-trasladan-a-dos-a-la-capital\/","name":"Operaci\u00f3n Sable: Detienen a siete personas vinculadas a c\u00e9lula delictiva en Juchit\u00e1n; por relevancia y seguridad trasladan a dos a la capital - LA BRAVA RADIO","isPartOf":{"@id":"https:\/\/www.bbmnoticias.com\/labravaradiofm\/#website"},"primaryImageOfPage":{"@id":"https:\/\/www.bbmnoticias.com\/operacion-sable-detienen-a-siete-personas-vinculadas-a-celula-delictiva-en-juchitan-por-relevancia-y-seguridad-trasladan-a-dos-a-la-capital\/#primaryimage"},"image":{"@id":"https:\/\/www.bbmnoticias.com\/operacion-sable-detienen-a-siete-personas-vinculadas-a-celula-delictiva-en-juchitan-por-relevancia-y-seguridad-trasladan-a-dos-a-la-capital\/#primaryimage"},"thumbnailUrl":"https:\/\/www.bbmnoticias.com\/labravaradiofm\/wp-content\/uploads\/sites\/5\/2025\/11\/operacion_sable_juchitan01.jpeg","datePublished":"2025-11-14T19:28:49+00:00","dateModified":"2025-11-14T19:28:53+00:00","author":{"@id":"https:\/\/www.bbmnoticias.com\/labravaradiofm\/#\/schema\/person\/34b139c617a70ea5bef5678bffe4dd7b"},"breadcrumb":{"@id":"https:\/\/www.bbmnoticias.com\/operacion-sable-detienen-a-siete-personas-vinculadas-a-celula-delictiva-en-juchitan-por-relevancia-y-seguridad-trasladan-a-dos-a-la-capital\/#breadcrumb"},"inLanguage":"es","potentialAction":[{"@type":"ReadAction","target":["https:\/\/www.bbmnoticias.com\/operacion-sable-detienen-a-siete-personas-vinculadas-a-celula-delictiva-en-juchitan-por-relevancia-y-seguridad-trasladan-a-dos-a-la-capital\/"]}]},{"@type":"ImageObject","inLanguage":"es","@id":"https:\/\/www.bbmnoticias.com\/operacion-sable-detienen-a-siete-personas-vinculadas-a-celula-delictiva-en-juchitan-por-relevancia-y-seguridad-trasladan-a-dos-a-la-capital\/#primaryimage","url":"https:\/\/www.bbmnoticias.com\/labravaradiofm\/wp-content\/uploads\/sites\/5\/2025\/11\/operacion_sable_juchitan01.jpeg","contentUrl":"https:\/\/www.bbmnoticias.com\/labravaradiofm\/wp-content\/uploads\/sites\/5\/2025\/11\/operacion_sable_juchitan01.jpeg","width":1581,"height":909},{"@type":"BreadcrumbList","@id":"https:\/\/www.bbmnoticias.com\/operacion-sable-detienen-a-siete-personas-vinculadas-a-celula-delictiva-en-juchitan-por-relevancia-y-seguridad-trasladan-a-dos-a-la-capital\/#breadcrumb","itemListElement":[{"@type":"ListItem","position":1,"name":"Inicio","item":"https:\/\/www.bbmnoticias.com\/labravaradiofm\/"},{"@type":"ListItem","position":2,"name":"Operaci\u00f3n Sable: Detienen a siete personas vinculadas a c\u00e9lula delictiva en Juchit\u00e1n; por relevancia y seguridad trasladan a dos a la capital"}]},{"@type":"WebSite","@id":"https:\/\/www.bbmnoticias.com\/labravaradiofm\/#website","url":"https:\/\/www.bbmnoticias.com\/labravaradiofm\/","name":"LA BRAVA RADIO","description":"Empresa productora de medios, Radiodifusi\u00f3n, Noticias, tendencias y todo lo que necesitas saber de la pol\u00edtica mexicana e internacional; entretenimiento, espect\u00e1culos, salud y mucho m\u00e1s.","potentialAction":[{"@type":"SearchAction","target":{"@type":"EntryPoint","urlTemplate":"https:\/\/www.bbmnoticias.com\/labravaradiofm\/?s={search_term_string}"},"query-input":{"@type":"PropertyValueSpecification","valueRequired":true,"valueName":"search_term_string"}}],"inLanguage":"es"},{"@type":"Person","@id":"https:\/\/www.bbmnoticias.com\/labravaradiofm\/#\/schema\/person\/34b139c617a70ea5bef5678bffe4dd7b","name":"Staff","image":{"@type":"ImageObject","inLanguage":"es","@id":"https:\/\/secure.gravatar.com\/avatar\/fdd21ad66fd8b98c407f9dee5b5e588cfe7f0d8579ec20fa6527cd59bab7f0f0?s=96&d=mm&r=g","url":"https:\/\/secure.gravatar.com\/avatar\/fdd21ad66fd8b98c407f9dee5b5e588cfe7f0d8579ec20fa6527cd59bab7f0f0?s=96&d=mm&r=g","contentUrl":"https:\/\/secure.gravatar.com\/avatar\/fdd21ad66fd8b98c407f9dee5b5e588cfe7f0d8579ec20fa6527cd59bab7f0f0?s=96&d=mm&r=g","caption":"Staff"},"url":"https:\/\/www.bbmnoticias.com\/labravaradiofm\/author\/redaccion\/"}]}},"_links":{"self":[{"href":"https:\/\/www.bbmnoticias.com\/labravaradiofm\/wp-json\/wp\/v2\/posts\/69850","targetHints":{"allow":["GET"]}}],"collection":[{"href":"https:\/\/www.bbmnoticias.com\/labravaradiofm\/wp-json\/wp\/v2\/posts"}],"about":[{"href":"https:\/\/www.bbmnoticias.com\/labravaradiofm\/wp-json\/wp\/v2\/types\/post"}],"author":[{"embeddable":true,"href":"https:\/\/www.bbmnoticias.com\/labravaradiofm\/wp-json\/wp\/v2\/users\/2"}],"replies":[{"embeddable":true,"href":"https:\/\/www.bbmnoticias.com\/labravaradiofm\/wp-json\/wp\/v2\/comments?post=69850"}],"version-history":[{"count":0,"href":"https:\/\/www.bbmnoticias.com\/labravaradiofm\/wp-json\/wp\/v2\/posts\/69850\/revisions"}],"wp:featuredmedia":[{"embeddable":true,"href":"https:\/\/www.bbmnoticias.com\/labravaradiofm\/wp-json\/wp\/v2\/media\/69852"}],"wp:attachment":[{"href":"https:\/\/www.bbmnoticias.com\/labravaradiofm\/wp-json\/wp\/v2\/media?parent=69850"}],"wp:term":[{"taxonomy":"category","embeddable":true,"href":"https:\/\/www.bbmnoticias.com\/labravaradiofm\/wp-json\/wp\/v2\/categories?post=69850"},{"taxonomy":"post_tag","embeddable":true,"href":"https:\/\/www.bbmnoticias.com\/labravaradiofm\/wp-json\/wp\/v2\/tags?post=69850"}],"curies":[{"name":"wp","href":"https:\/\/api.w.org\/{rel}","templated":true}]}}