{"id":69834,"date":"2025-11-14T10:15:00","date_gmt":"2025-11-14T16:15:00","guid":{"rendered":"https:\/\/www.bbmnoticias.com\/labravaradiofm\/2025\/11\/14\/descarta-sheinbaum-reunirse-con-amlo\/"},"modified":"2025-11-14T10:15:07","modified_gmt":"2025-11-14T16:15:07","slug":"descarta-sheinbaum-reunirse-con-amlo","status":"publish","type":"post","link":"https:\/\/www.bbmnoticias.com\/labravaradiofm\/2025\/11\/14\/descarta-sheinbaum-reunirse-con-amlo\/","title":{"rendered":"Descarta Sheinbaum reunirse con AMLO"},"content":{"rendered":"<div style=\"margin-top: 0px; margin-bottom: 0px;\" class=\"sharethis-inline-share-buttons\" ><\/div>\n<p>A pesar de que este s\u00e1bado la Presidenta Claudia Sheinbaum estar\u00e1 cerca de la residencia del ex mandatario Andr\u00e9s Manuel L\u00f3pez Obrador, no se prev\u00e9 alg\u00fan encuentro. El Heraldo de M\u00e9xico pregunt\u00f3 en&nbsp;la Ma\u00f1anera de este 14 de noviembre, en Palacio Nacional, a la titular del Ejecutivo.<\/p>\n\n\n\n<p>\u201cNo, ya dijeron los coment\u00f3cratas: es que en realidad, porque voy a Campeche y Tabasco, en realidad va para all\u00e1 porque quiere reunirse con el presidente L\u00f3pez Obrador, no, no vamos a ir a Palenque, si fu\u00e9ramos a Palenque, respetamos la decisi\u00f3n del presidente L\u00f3pez Obrador de mantenerse fuera de la vida p\u00fablica\u201d, afirm\u00f3 en el Sal\u00f3n Tesorer\u00eda.<\/p>\n\n\n\n<p>Este s\u00e1bado, la mandataria encabezar\u00e1 un evento en Palizada, Campeche, a dos horas de Palenque, por lo que se generaron rumores sobre una posible reuni\u00f3n, pues apenas ayer fue el cumplea\u00f1os de L\u00f3pez Obrador.<\/p>\n","protected":false},"excerpt":{"rendered":"<p>A pesar de que este s\u00e1bado la Presidenta Claudia Sheinbaum estar\u00e1 cerca de la residencia del ex mandatario Andr\u00e9s Manuel L\u00f3pez Obrador, no se prev\u00e9 alg\u00fan encuentro. El Heraldo de M\u00e9xico pregunt\u00f3 en&nbsp;la Ma\u00f1anera de este 14 de noviembre, en Palacio Nacional, a la titular del Ejecutivo. \u201cNo, ya dijeron los coment\u00f3cratas: es que en [&hellip;]<\/p>\n","protected":false},"author":4,"featured_media":69836,"comment_status":"closed","ping_status":"","sticky":false,"template":"","format":"standard","meta":{"footnotes":""},"categories":[2,19],"tags":[],"class_list":{"0":"post-69834","1":"post","2":"type-post","3":"status-publish","4":"format-standard","5":"has-post-thumbnail","7":"category-oaxaca","8":"category-nacional"},"yoast_head":"<!-- This site is optimized with the Yoast SEO plugin v27.4 - https:\/\/yoast.com\/product\/yoast-seo-wordpress\/ -->\n<title>Descarta Sheinbaum reunirse con AMLO - LA BRAVA RADIO<\/title>\n<meta name=\"robots\" content=\"index, follow, max-snippet:-1, max-image-preview:large, max-video-preview:-1\" \/>\n<link rel=\"canonical\" href=\"https:\/\/www.bbmnoticias.com\/descarta-sheinbaum-reunirse-con-amlo\/\" \/>\n<meta property=\"og:locale\" content=\"es_MX\" \/>\n<meta property=\"og:type\" content=\"article\" \/>\n<meta property=\"og:title\" content=\"Descarta Sheinbaum reunirse con AMLO - LA BRAVA RADIO\" \/>\n<meta property=\"og:description\" content=\"A pesar de que este s\u00e1bado la Presidenta Claudia Sheinbaum estar\u00e1 cerca de la residencia del ex mandatario Andr\u00e9s Manuel L\u00f3pez Obrador, no se prev\u00e9 alg\u00fan encuentro. El Heraldo de M\u00e9xico pregunt\u00f3 en&nbsp;la Ma\u00f1anera de este 14 de noviembre, en Palacio Nacional, a la titular del Ejecutivo. \u201cNo, ya dijeron los coment\u00f3cratas: es que en [&hellip;]\" \/>\n<meta property=\"og:url\" content=\"https:\/\/www.bbmnoticias.com\/descarta-sheinbaum-reunirse-con-amlo\/\" \/>\n<meta property=\"og:site_name\" content=\"LA BRAVA RADIO\" \/>\n<meta property=\"article:published_time\" content=\"2025-11-14T16:15:00+00:00\" \/>\n<meta property=\"article:modified_time\" content=\"2025-11-14T16:15:07+00:00\" \/>\n<meta property=\"og:image\" content=\"https:\/\/www.bbmnoticias.com\/labravaradiofm\/wp-content\/uploads\/sites\/5\/2025\/11\/sheinbaum_amlo.jpg\" \/>\n\t<meta property=\"og:image:width\" content=\"848\" \/>\n\t<meta property=\"og:image:height\" content=\"477\" \/>\n\t<meta property=\"og:image:type\" content=\"image\/jpeg\" \/>\n<meta name=\"author\" content=\"Agencias\" \/>\n<meta name=\"twitter:card\" content=\"summary_large_image\" \/>\n<meta name=\"twitter:label1\" content=\"Escrito por\" \/>\n\t<meta name=\"twitter:data1\" content=\"Agencias\" \/>\n\t<meta name=\"twitter:label2\" content=\"Tiempo de lectura\" \/>\n\t<meta name=\"twitter:data2\" content=\"1 minuto\" \/>\n<script type=\"application\/ld+json\" class=\"yoast-schema-graph\">{\"@context\":\"https:\\\/\\\/schema.org\",\"@graph\":[{\"@type\":\"Article\",\"@id\":\"https:\\\/\\\/www.bbmnoticias.com\\\/descarta-sheinbaum-reunirse-con-amlo\\\/#article\",\"isPartOf\":{\"@id\":\"https:\\\/\\\/www.bbmnoticias.com\\\/labravaradiofm\\\/2025\\\/11\\\/14\\\/descarta-sheinbaum-reunirse-con-amlo\\\/\"},\"author\":{\"name\":\"Agencias\",\"@id\":\"https:\\\/\\\/www.bbmnoticias.com\\\/labravaradiofm\\\/#\\\/schema\\\/person\\\/857a3daf5c8142f29919023f377fbfad\"},\"headline\":\"Descarta Sheinbaum reunirse con AMLO\",\"datePublished\":\"2025-11-14T16:15:00+00:00\",\"dateModified\":\"2025-11-14T16:15:07+00:00\",\"mainEntityOfPage\":{\"@id\":\"https:\\\/\\\/www.bbmnoticias.com\\\/labravaradiofm\\\/2025\\\/11\\\/14\\\/descarta-sheinbaum-reunirse-con-amlo\\\/\"},\"wordCount\":163,\"image\":{\"@id\":\"https:\\\/\\\/www.bbmnoticias.com\\\/descarta-sheinbaum-reunirse-con-amlo\\\/#primaryimage\"},\"thumbnailUrl\":\"https:\\\/\\\/www.bbmnoticias.com\\\/labravaradiofm\\\/wp-content\\\/uploads\\\/sites\\\/5\\\/2025\\\/11\\\/sheinbaum_amlo.jpg\",\"articleSection\":[\"LOCAL\",\"NACIONAL\"],\"inLanguage\":\"es\"},{\"@type\":\"WebPage\",\"@id\":\"https:\\\/\\\/www.bbmnoticias.com\\\/labravaradiofm\\\/2025\\\/11\\\/14\\\/descarta-sheinbaum-reunirse-con-amlo\\\/\",\"url\":\"https:\\\/\\\/www.bbmnoticias.com\\\/descarta-sheinbaum-reunirse-con-amlo\\\/\",\"name\":\"Descarta Sheinbaum reunirse con AMLO - LA BRAVA RADIO\",\"isPartOf\":{\"@id\":\"https:\\\/\\\/www.bbmnoticias.com\\\/labravaradiofm\\\/#website\"},\"primaryImageOfPage\":{\"@id\":\"https:\\\/\\\/www.bbmnoticias.com\\\/descarta-sheinbaum-reunirse-con-amlo\\\/#primaryimage\"},\"image\":{\"@id\":\"https:\\\/\\\/www.bbmnoticias.com\\\/descarta-sheinbaum-reunirse-con-amlo\\\/#primaryimage\"},\"thumbnailUrl\":\"https:\\\/\\\/www.bbmnoticias.com\\\/labravaradiofm\\\/wp-content\\\/uploads\\\/sites\\\/5\\\/2025\\\/11\\\/sheinbaum_amlo.jpg\",\"datePublished\":\"2025-11-14T16:15:00+00:00\",\"dateModified\":\"2025-11-14T16:15:07+00:00\",\"author\":{\"@id\":\"https:\\\/\\\/www.bbmnoticias.com\\\/labravaradiofm\\\/#\\\/schema\\\/person\\\/857a3daf5c8142f29919023f377fbfad\"},\"breadcrumb\":{\"@id\":\"https:\\\/\\\/www.bbmnoticias.com\\\/descarta-sheinbaum-reunirse-con-amlo\\\/#breadcrumb\"},\"inLanguage\":\"es\",\"potentialAction\":[{\"@type\":\"ReadAction\",\"target\":[\"https:\\\/\\\/www.bbmnoticias.com\\\/descarta-sheinbaum-reunirse-con-amlo\\\/\"]}]},{\"@type\":\"ImageObject\",\"inLanguage\":\"es\",\"@id\":\"https:\\\/\\\/www.bbmnoticias.com\\\/descarta-sheinbaum-reunirse-con-amlo\\\/#primaryimage\",\"url\":\"https:\\\/\\\/www.bbmnoticias.com\\\/labravaradiofm\\\/wp-content\\\/uploads\\\/sites\\\/5\\\/2025\\\/11\\\/sheinbaum_amlo.jpg\",\"contentUrl\":\"https:\\\/\\\/www.bbmnoticias.com\\\/labravaradiofm\\\/wp-content\\\/uploads\\\/sites\\\/5\\\/2025\\\/11\\\/sheinbaum_amlo.jpg\",\"width\":848,\"height\":477},{\"@type\":\"BreadcrumbList\",\"@id\":\"https:\\\/\\\/www.bbmnoticias.com\\\/descarta-sheinbaum-reunirse-con-amlo\\\/#breadcrumb\",\"itemListElement\":[{\"@type\":\"ListItem\",\"position\":1,\"name\":\"Inicio\",\"item\":\"https:\\\/\\\/www.bbmnoticias.com\\\/labravaradiofm\\\/\"},{\"@type\":\"ListItem\",\"position\":2,\"name\":\"Descarta Sheinbaum reunirse con AMLO\"}]},{\"@type\":\"WebSite\",\"@id\":\"https:\\\/\\\/www.bbmnoticias.com\\\/labravaradiofm\\\/#website\",\"url\":\"https:\\\/\\\/www.bbmnoticias.com\\\/labravaradiofm\\\/\",\"name\":\"LA BRAVA RADIO\",\"description\":\"Empresa productora de medios, Radiodifusi\u00f3n, Noticias, tendencias y todo lo que necesitas saber de la pol\u00edtica mexicana e internacional; entretenimiento, espect\u00e1culos, salud y mucho m\u00e1s.\",\"potentialAction\":[{\"@type\":\"SearchAction\",\"target\":{\"@type\":\"EntryPoint\",\"urlTemplate\":\"https:\\\/\\\/www.bbmnoticias.com\\\/labravaradiofm\\\/?s={search_term_string}\"},\"query-input\":{\"@type\":\"PropertyValueSpecification\",\"valueRequired\":true,\"valueName\":\"search_term_string\"}}],\"inLanguage\":\"es\"},{\"@type\":\"Person\",\"@id\":\"https:\\\/\\\/www.bbmnoticias.com\\\/labravaradiofm\\\/#\\\/schema\\\/person\\\/857a3daf5c8142f29919023f377fbfad\",\"name\":\"Agencias\",\"image\":{\"@type\":\"ImageObject\",\"inLanguage\":\"es\",\"@id\":\"https:\\\/\\\/secure.gravatar.com\\\/avatar\\\/739e0b61adf9e398b425c36718c8752286da0e8cd90f20ce9a86678abc26aa0d?s=96&d=mm&r=g\",\"url\":\"https:\\\/\\\/secure.gravatar.com\\\/avatar\\\/739e0b61adf9e398b425c36718c8752286da0e8cd90f20ce9a86678abc26aa0d?s=96&d=mm&r=g\",\"contentUrl\":\"https:\\\/\\\/secure.gravatar.com\\\/avatar\\\/739e0b61adf9e398b425c36718c8752286da0e8cd90f20ce9a86678abc26aa0d?s=96&d=mm&r=g\",\"caption\":\"Agencias\"},\"url\":\"https:\\\/\\\/www.bbmnoticias.com\\\/labravaradiofm\\\/author\\\/agencias\\\/\"}]}<\/script>\n<!-- \/ Yoast SEO plugin. -->","yoast_head_json":{"title":"Descarta Sheinbaum reunirse con AMLO - LA BRAVA RADIO","robots":{"index":"index","follow":"follow","max-snippet":"max-snippet:-1","max-image-preview":"max-image-preview:large","max-video-preview":"max-video-preview:-1"},"canonical":"https:\/\/www.bbmnoticias.com\/descarta-sheinbaum-reunirse-con-amlo\/","og_locale":"es_MX","og_type":"article","og_title":"Descarta Sheinbaum reunirse con AMLO - LA BRAVA RADIO","og_description":"A pesar de que este s\u00e1bado la Presidenta Claudia Sheinbaum estar\u00e1 cerca de la residencia del ex mandatario Andr\u00e9s Manuel L\u00f3pez Obrador, no se prev\u00e9 alg\u00fan encuentro. El Heraldo de M\u00e9xico pregunt\u00f3 en&nbsp;la Ma\u00f1anera de este 14 de noviembre, en Palacio Nacional, a la titular del Ejecutivo. \u201cNo, ya dijeron los coment\u00f3cratas: es que en [&hellip;]","og_url":"https:\/\/www.bbmnoticias.com\/descarta-sheinbaum-reunirse-con-amlo\/","og_site_name":"LA BRAVA RADIO","article_published_time":"2025-11-14T16:15:00+00:00","article_modified_time":"2025-11-14T16:15:07+00:00","og_image":[{"width":848,"height":477,"url":"https:\/\/www.bbmnoticias.com\/labravaradiofm\/wp-content\/uploads\/sites\/5\/2025\/11\/sheinbaum_amlo.jpg","type":"image\/jpeg"}],"author":"Agencias","twitter_card":"summary_large_image","twitter_misc":{"Escrito por":"Agencias","Tiempo de lectura":"1 minuto"},"schema":{"@context":"https:\/\/schema.org","@graph":[{"@type":"Article","@id":"https:\/\/www.bbmnoticias.com\/descarta-sheinbaum-reunirse-con-amlo\/#article","isPartOf":{"@id":"https:\/\/www.bbmnoticias.com\/labravaradiofm\/2025\/11\/14\/descarta-sheinbaum-reunirse-con-amlo\/"},"author":{"name":"Agencias","@id":"https:\/\/www.bbmnoticias.com\/labravaradiofm\/#\/schema\/person\/857a3daf5c8142f29919023f377fbfad"},"headline":"Descarta Sheinbaum reunirse con AMLO","datePublished":"2025-11-14T16:15:00+00:00","dateModified":"2025-11-14T16:15:07+00:00","mainEntityOfPage":{"@id":"https:\/\/www.bbmnoticias.com\/labravaradiofm\/2025\/11\/14\/descarta-sheinbaum-reunirse-con-amlo\/"},"wordCount":163,"image":{"@id":"https:\/\/www.bbmnoticias.com\/descarta-sheinbaum-reunirse-con-amlo\/#primaryimage"},"thumbnailUrl":"https:\/\/www.bbmnoticias.com\/labravaradiofm\/wp-content\/uploads\/sites\/5\/2025\/11\/sheinbaum_amlo.jpg","articleSection":["LOCAL","NACIONAL"],"inLanguage":"es"},{"@type":"WebPage","@id":"https:\/\/www.bbmnoticias.com\/labravaradiofm\/2025\/11\/14\/descarta-sheinbaum-reunirse-con-amlo\/","url":"https:\/\/www.bbmnoticias.com\/descarta-sheinbaum-reunirse-con-amlo\/","name":"Descarta Sheinbaum reunirse con AMLO - LA BRAVA RADIO","isPartOf":{"@id":"https:\/\/www.bbmnoticias.com\/labravaradiofm\/#website"},"primaryImageOfPage":{"@id":"https:\/\/www.bbmnoticias.com\/descarta-sheinbaum-reunirse-con-amlo\/#primaryimage"},"image":{"@id":"https:\/\/www.bbmnoticias.com\/descarta-sheinbaum-reunirse-con-amlo\/#primaryimage"},"thumbnailUrl":"https:\/\/www.bbmnoticias.com\/labravaradiofm\/wp-content\/uploads\/sites\/5\/2025\/11\/sheinbaum_amlo.jpg","datePublished":"2025-11-14T16:15:00+00:00","dateModified":"2025-11-14T16:15:07+00:00","author":{"@id":"https:\/\/www.bbmnoticias.com\/labravaradiofm\/#\/schema\/person\/857a3daf5c8142f29919023f377fbfad"},"breadcrumb":{"@id":"https:\/\/www.bbmnoticias.com\/descarta-sheinbaum-reunirse-con-amlo\/#breadcrumb"},"inLanguage":"es","potentialAction":[{"@type":"ReadAction","target":["https:\/\/www.bbmnoticias.com\/descarta-sheinbaum-reunirse-con-amlo\/"]}]},{"@type":"ImageObject","inLanguage":"es","@id":"https:\/\/www.bbmnoticias.com\/descarta-sheinbaum-reunirse-con-amlo\/#primaryimage","url":"https:\/\/www.bbmnoticias.com\/labravaradiofm\/wp-content\/uploads\/sites\/5\/2025\/11\/sheinbaum_amlo.jpg","contentUrl":"https:\/\/www.bbmnoticias.com\/labravaradiofm\/wp-content\/uploads\/sites\/5\/2025\/11\/sheinbaum_amlo.jpg","width":848,"height":477},{"@type":"BreadcrumbList","@id":"https:\/\/www.bbmnoticias.com\/descarta-sheinbaum-reunirse-con-amlo\/#breadcrumb","itemListElement":[{"@type":"ListItem","position":1,"name":"Inicio","item":"https:\/\/www.bbmnoticias.com\/labravaradiofm\/"},{"@type":"ListItem","position":2,"name":"Descarta Sheinbaum reunirse con AMLO"}]},{"@type":"WebSite","@id":"https:\/\/www.bbmnoticias.com\/labravaradiofm\/#website","url":"https:\/\/www.bbmnoticias.com\/labravaradiofm\/","name":"LA BRAVA RADIO","description":"Empresa productora de medios, Radiodifusi\u00f3n, Noticias, tendencias y todo lo que necesitas saber de la pol\u00edtica mexicana e internacional; entretenimiento, espect\u00e1culos, salud y mucho m\u00e1s.","potentialAction":[{"@type":"SearchAction","target":{"@type":"EntryPoint","urlTemplate":"https:\/\/www.bbmnoticias.com\/labravaradiofm\/?s={search_term_string}"},"query-input":{"@type":"PropertyValueSpecification","valueRequired":true,"valueName":"search_term_string"}}],"inLanguage":"es"},{"@type":"Person","@id":"https:\/\/www.bbmnoticias.com\/labravaradiofm\/#\/schema\/person\/857a3daf5c8142f29919023f377fbfad","name":"Agencias","image":{"@type":"ImageObject","inLanguage":"es","@id":"https:\/\/secure.gravatar.com\/avatar\/739e0b61adf9e398b425c36718c8752286da0e8cd90f20ce9a86678abc26aa0d?s=96&d=mm&r=g","url":"https:\/\/secure.gravatar.com\/avatar\/739e0b61adf9e398b425c36718c8752286da0e8cd90f20ce9a86678abc26aa0d?s=96&d=mm&r=g","contentUrl":"https:\/\/secure.gravatar.com\/avatar\/739e0b61adf9e398b425c36718c8752286da0e8cd90f20ce9a86678abc26aa0d?s=96&d=mm&r=g","caption":"Agencias"},"url":"https:\/\/www.bbmnoticias.com\/labravaradiofm\/author\/agencias\/"}]}},"_links":{"self":[{"href":"https:\/\/www.bbmnoticias.com\/labravaradiofm\/wp-json\/wp\/v2\/posts\/69834","targetHints":{"allow":["GET"]}}],"collection":[{"href":"https:\/\/www.bbmnoticias.com\/labravaradiofm\/wp-json\/wp\/v2\/posts"}],"about":[{"href":"https:\/\/www.bbmnoticias.com\/labravaradiofm\/wp-json\/wp\/v2\/types\/post"}],"author":[{"embeddable":true,"href":"https:\/\/www.bbmnoticias.com\/labravaradiofm\/wp-json\/wp\/v2\/users\/4"}],"replies":[{"embeddable":true,"href":"https:\/\/www.bbmnoticias.com\/labravaradiofm\/wp-json\/wp\/v2\/comments?post=69834"}],"version-history":[{"count":0,"href":"https:\/\/www.bbmnoticias.com\/labravaradiofm\/wp-json\/wp\/v2\/posts\/69834\/revisions"}],"wp:featuredmedia":[{"embeddable":true,"href":"https:\/\/www.bbmnoticias.com\/labravaradiofm\/wp-json\/wp\/v2\/media\/69836"}],"wp:attachment":[{"href":"https:\/\/www.bbmnoticias.com\/labravaradiofm\/wp-json\/wp\/v2\/media?parent=69834"}],"wp:term":[{"taxonomy":"category","embeddable":true,"href":"https:\/\/www.bbmnoticias.com\/labravaradiofm\/wp-json\/wp\/v2\/categories?post=69834"},{"taxonomy":"post_tag","embeddable":true,"href":"https:\/\/www.bbmnoticias.com\/labravaradiofm\/wp-json\/wp\/v2\/tags?post=69834"}],"curies":[{"name":"wp","href":"https:\/\/api.w.org\/{rel}","templated":true}]}}