{"id":69828,"date":"2025-11-14T08:55:43","date_gmt":"2025-11-14T14:55:43","guid":{"rendered":"https:\/\/www.bbmnoticias.com\/labravaradiofm\/2025\/11\/14\/anuncian-frijol-del-bienestar\/"},"modified":"2025-11-14T08:55:46","modified_gmt":"2025-11-14T14:55:46","slug":"anuncian-frijol-del-bienestar","status":"publish","type":"post","link":"https:\/\/www.bbmnoticias.com\/labravaradiofm\/2025\/11\/14\/anuncian-frijol-del-bienestar\/","title":{"rendered":"Anuncian frijol del Bienestar"},"content":{"rendered":"<div style=\"margin-top: 0px; margin-bottom: 0px;\" class=\"sharethis-inline-share-buttons\" ><\/div>\n<p>Los d\u00edas 14 y 15 de noviembre en el monumento a la Revoluci\u00f3n de la Ciudad de M\u00e9xico se realizar\u00e1 la feria del frijol anunci\u00f3 Mar\u00eda Luisa Albores, directora general de Alimentaci\u00f3n para el Bienestar. En la conferencia de prensa de la presidenta Claudia Sheinbaum, la secretaria Mar\u00eda Luis Albores dijo que la<strong> feria del frijol reunir\u00e1 productores de todo el pa\u00eds.<\/strong><\/p>\n\n\n\n<p>\u201cAnunciar la primera feria a nivel nacional, y que se hace ac\u00e1 justo en la Ciudad de M\u00e9xico para reconocer uno de los granos m\u00e1s importantes en la dieta de nosotras, las mexicanas y los mexicanos, hablo del frijol, compartirles que tenemos la Feria del Frijol y la biodiversidad (&#8230;) estar\u00e1n productores, los principales productores del frijol est\u00e1n en Zacatecas en Durango, Nayarit\u201d, explic\u00f3.<\/p>\n\n\n\n<p>Mar\u00eda Luisa Albores revel\u00f3 que en las pr\u00f3ximas semanas se adquiri<strong>r\u00e1 una embolsadora para empacar frijol<\/strong> y otros productos de peque\u00f1os productores y que ser\u00e1n distribuidos<strong> bajo la marca Bienestar.<\/strong><\/p>\n\n\n\n<p>\u201cParte de la autosuficiencia alimentaria tiene que ver con el ma\u00edz y con el bendito frijol, ya decimos todo lo bueno que hace nuestro cuerpo, el frijol y dentro del proyecto, el planteamiento es que Alimentaci\u00f3n para el Bienestar, pr\u00f3ximamente est\u00e1 planteado para este a\u00f1o, tenga su embolsadora para que ese frijol que ustedes est\u00e1n viendo ac\u00e1 se distribuya \u00a0directamente con la marca Bienestar, llevar desde Zacatecas y Durango a todo el pa\u00eds llevarlo desde Tijuana, Yucat\u00e1n, Chiapas\u201d, explic\u00f3.<\/p>\n\n\n\n<p>La secretaria Mar\u00eda Luisa Albores que al peque\u00f1o productor de frijol \u201cse le paga un precio justo y con ese precio justo nosotros compramos ese frijol, despu\u00e9s embolsamos, y lo llevamos a todas las Tiendas Bienestar. Compartirles que este frijol est\u00e1 en 30 pesos el kilo en todas las Tiendas Bienestar de toda la rep\u00fablica, \u00a0frijol que \u00a0viene de manos de peque\u00f1as y peque\u00f1os productores y de suelo mexicano\u201d.<\/p>\n","protected":false},"excerpt":{"rendered":"<p>Los d\u00edas 14 y 15 de noviembre en el monumento a la Revoluci\u00f3n de la Ciudad de M\u00e9xico se realizar\u00e1 la feria del frijol anunci\u00f3 Mar\u00eda Luisa Albores, directora general de Alimentaci\u00f3n para el Bienestar. En la conferencia de prensa de la presidenta Claudia Sheinbaum, la secretaria Mar\u00eda Luis Albores dijo que la feria del [&hellip;]<\/p>\n","protected":false},"author":4,"featured_media":69830,"comment_status":"closed","ping_status":"","sticky":false,"template":"","format":"standard","meta":{"footnotes":""},"categories":[2,19],"tags":[],"class_list":{"0":"post-69828","1":"post","2":"type-post","3":"status-publish","4":"format-standard","5":"has-post-thumbnail","7":"category-oaxaca","8":"category-nacional"},"yoast_head":"<!-- This site is optimized with the Yoast SEO plugin v27.4 - https:\/\/yoast.com\/product\/yoast-seo-wordpress\/ -->\n<title>Anuncian frijol del Bienestar - LA BRAVA RADIO<\/title>\n<meta name=\"robots\" content=\"index, follow, max-snippet:-1, max-image-preview:large, max-video-preview:-1\" \/>\n<link rel=\"canonical\" href=\"https:\/\/www.bbmnoticias.com\/anuncian-frijol-del-bienestar\/\" \/>\n<meta property=\"og:locale\" content=\"es_MX\" \/>\n<meta property=\"og:type\" content=\"article\" \/>\n<meta property=\"og:title\" content=\"Anuncian frijol del Bienestar - LA BRAVA RADIO\" \/>\n<meta property=\"og:description\" content=\"Los d\u00edas 14 y 15 de noviembre en el monumento a la Revoluci\u00f3n de la Ciudad de M\u00e9xico se realizar\u00e1 la feria del frijol anunci\u00f3 Mar\u00eda Luisa Albores, directora general de Alimentaci\u00f3n para el Bienestar. En la conferencia de prensa de la presidenta Claudia Sheinbaum, la secretaria Mar\u00eda Luis Albores dijo que la feria del [&hellip;]\" \/>\n<meta property=\"og:url\" content=\"https:\/\/www.bbmnoticias.com\/anuncian-frijol-del-bienestar\/\" \/>\n<meta property=\"og:site_name\" content=\"LA BRAVA RADIO\" \/>\n<meta property=\"article:published_time\" content=\"2025-11-14T14:55:43+00:00\" \/>\n<meta property=\"article:modified_time\" content=\"2025-11-14T14:55:46+00:00\" \/>\n<meta property=\"og:image\" content=\"https:\/\/www.bbmnoticias.com\/labravaradiofm\/wp-content\/uploads\/sites\/5\/2025\/11\/frijol_bienestar.jpg\" \/>\n\t<meta property=\"og:image:width\" content=\"848\" \/>\n\t<meta property=\"og:image:height\" content=\"477\" \/>\n\t<meta property=\"og:image:type\" content=\"image\/jpeg\" \/>\n<meta name=\"author\" content=\"Agencias\" \/>\n<meta name=\"twitter:card\" content=\"summary_large_image\" \/>\n<meta name=\"twitter:label1\" content=\"Escrito por\" \/>\n\t<meta name=\"twitter:data1\" content=\"Agencias\" \/>\n\t<meta name=\"twitter:label2\" content=\"Tiempo de lectura\" \/>\n\t<meta name=\"twitter:data2\" content=\"2 minutos\" \/>\n<script type=\"application\/ld+json\" class=\"yoast-schema-graph\">{\"@context\":\"https:\\\/\\\/schema.org\",\"@graph\":[{\"@type\":\"Article\",\"@id\":\"https:\\\/\\\/www.bbmnoticias.com\\\/anuncian-frijol-del-bienestar\\\/#article\",\"isPartOf\":{\"@id\":\"https:\\\/\\\/www.bbmnoticias.com\\\/labravaradiofm\\\/2025\\\/11\\\/14\\\/anuncian-frijol-del-bienestar\\\/\"},\"author\":{\"name\":\"Agencias\",\"@id\":\"https:\\\/\\\/www.bbmnoticias.com\\\/labravaradiofm\\\/#\\\/schema\\\/person\\\/857a3daf5c8142f29919023f377fbfad\"},\"headline\":\"Anuncian frijol del Bienestar\",\"datePublished\":\"2025-11-14T14:55:43+00:00\",\"dateModified\":\"2025-11-14T14:55:46+00:00\",\"mainEntityOfPage\":{\"@id\":\"https:\\\/\\\/www.bbmnoticias.com\\\/labravaradiofm\\\/2025\\\/11\\\/14\\\/anuncian-frijol-del-bienestar\\\/\"},\"wordCount\":332,\"image\":{\"@id\":\"https:\\\/\\\/www.bbmnoticias.com\\\/anuncian-frijol-del-bienestar\\\/#primaryimage\"},\"thumbnailUrl\":\"https:\\\/\\\/www.bbmnoticias.com\\\/labravaradiofm\\\/wp-content\\\/uploads\\\/sites\\\/5\\\/2025\\\/11\\\/frijol_bienestar.jpg\",\"articleSection\":[\"LOCAL\",\"NACIONAL\"],\"inLanguage\":\"es\"},{\"@type\":\"WebPage\",\"@id\":\"https:\\\/\\\/www.bbmnoticias.com\\\/labravaradiofm\\\/2025\\\/11\\\/14\\\/anuncian-frijol-del-bienestar\\\/\",\"url\":\"https:\\\/\\\/www.bbmnoticias.com\\\/anuncian-frijol-del-bienestar\\\/\",\"name\":\"Anuncian frijol del Bienestar - LA BRAVA RADIO\",\"isPartOf\":{\"@id\":\"https:\\\/\\\/www.bbmnoticias.com\\\/labravaradiofm\\\/#website\"},\"primaryImageOfPage\":{\"@id\":\"https:\\\/\\\/www.bbmnoticias.com\\\/anuncian-frijol-del-bienestar\\\/#primaryimage\"},\"image\":{\"@id\":\"https:\\\/\\\/www.bbmnoticias.com\\\/anuncian-frijol-del-bienestar\\\/#primaryimage\"},\"thumbnailUrl\":\"https:\\\/\\\/www.bbmnoticias.com\\\/labravaradiofm\\\/wp-content\\\/uploads\\\/sites\\\/5\\\/2025\\\/11\\\/frijol_bienestar.jpg\",\"datePublished\":\"2025-11-14T14:55:43+00:00\",\"dateModified\":\"2025-11-14T14:55:46+00:00\",\"author\":{\"@id\":\"https:\\\/\\\/www.bbmnoticias.com\\\/labravaradiofm\\\/#\\\/schema\\\/person\\\/857a3daf5c8142f29919023f377fbfad\"},\"breadcrumb\":{\"@id\":\"https:\\\/\\\/www.bbmnoticias.com\\\/anuncian-frijol-del-bienestar\\\/#breadcrumb\"},\"inLanguage\":\"es\",\"potentialAction\":[{\"@type\":\"ReadAction\",\"target\":[\"https:\\\/\\\/www.bbmnoticias.com\\\/anuncian-frijol-del-bienestar\\\/\"]}]},{\"@type\":\"ImageObject\",\"inLanguage\":\"es\",\"@id\":\"https:\\\/\\\/www.bbmnoticias.com\\\/anuncian-frijol-del-bienestar\\\/#primaryimage\",\"url\":\"https:\\\/\\\/www.bbmnoticias.com\\\/labravaradiofm\\\/wp-content\\\/uploads\\\/sites\\\/5\\\/2025\\\/11\\\/frijol_bienestar.jpg\",\"contentUrl\":\"https:\\\/\\\/www.bbmnoticias.com\\\/labravaradiofm\\\/wp-content\\\/uploads\\\/sites\\\/5\\\/2025\\\/11\\\/frijol_bienestar.jpg\",\"width\":848,\"height\":477},{\"@type\":\"BreadcrumbList\",\"@id\":\"https:\\\/\\\/www.bbmnoticias.com\\\/anuncian-frijol-del-bienestar\\\/#breadcrumb\",\"itemListElement\":[{\"@type\":\"ListItem\",\"position\":1,\"name\":\"Inicio\",\"item\":\"https:\\\/\\\/www.bbmnoticias.com\\\/labravaradiofm\\\/\"},{\"@type\":\"ListItem\",\"position\":2,\"name\":\"Anuncian frijol del Bienestar\"}]},{\"@type\":\"WebSite\",\"@id\":\"https:\\\/\\\/www.bbmnoticias.com\\\/labravaradiofm\\\/#website\",\"url\":\"https:\\\/\\\/www.bbmnoticias.com\\\/labravaradiofm\\\/\",\"name\":\"LA BRAVA RADIO\",\"description\":\"Empresa productora de medios, Radiodifusi\u00f3n, Noticias, tendencias y todo lo que necesitas saber de la pol\u00edtica mexicana e internacional; entretenimiento, espect\u00e1culos, salud y mucho m\u00e1s.\",\"potentialAction\":[{\"@type\":\"SearchAction\",\"target\":{\"@type\":\"EntryPoint\",\"urlTemplate\":\"https:\\\/\\\/www.bbmnoticias.com\\\/labravaradiofm\\\/?s={search_term_string}\"},\"query-input\":{\"@type\":\"PropertyValueSpecification\",\"valueRequired\":true,\"valueName\":\"search_term_string\"}}],\"inLanguage\":\"es\"},{\"@type\":\"Person\",\"@id\":\"https:\\\/\\\/www.bbmnoticias.com\\\/labravaradiofm\\\/#\\\/schema\\\/person\\\/857a3daf5c8142f29919023f377fbfad\",\"name\":\"Agencias\",\"image\":{\"@type\":\"ImageObject\",\"inLanguage\":\"es\",\"@id\":\"https:\\\/\\\/secure.gravatar.com\\\/avatar\\\/739e0b61adf9e398b425c36718c8752286da0e8cd90f20ce9a86678abc26aa0d?s=96&d=mm&r=g\",\"url\":\"https:\\\/\\\/secure.gravatar.com\\\/avatar\\\/739e0b61adf9e398b425c36718c8752286da0e8cd90f20ce9a86678abc26aa0d?s=96&d=mm&r=g\",\"contentUrl\":\"https:\\\/\\\/secure.gravatar.com\\\/avatar\\\/739e0b61adf9e398b425c36718c8752286da0e8cd90f20ce9a86678abc26aa0d?s=96&d=mm&r=g\",\"caption\":\"Agencias\"},\"url\":\"https:\\\/\\\/www.bbmnoticias.com\\\/labravaradiofm\\\/author\\\/agencias\\\/\"}]}<\/script>\n<!-- \/ Yoast SEO plugin. -->","yoast_head_json":{"title":"Anuncian frijol del Bienestar - LA BRAVA RADIO","robots":{"index":"index","follow":"follow","max-snippet":"max-snippet:-1","max-image-preview":"max-image-preview:large","max-video-preview":"max-video-preview:-1"},"canonical":"https:\/\/www.bbmnoticias.com\/anuncian-frijol-del-bienestar\/","og_locale":"es_MX","og_type":"article","og_title":"Anuncian frijol del Bienestar - LA BRAVA RADIO","og_description":"Los d\u00edas 14 y 15 de noviembre en el monumento a la Revoluci\u00f3n de la Ciudad de M\u00e9xico se realizar\u00e1 la feria del frijol anunci\u00f3 Mar\u00eda Luisa Albores, directora general de Alimentaci\u00f3n para el Bienestar. En la conferencia de prensa de la presidenta Claudia Sheinbaum, la secretaria Mar\u00eda Luis Albores dijo que la feria del [&hellip;]","og_url":"https:\/\/www.bbmnoticias.com\/anuncian-frijol-del-bienestar\/","og_site_name":"LA BRAVA RADIO","article_published_time":"2025-11-14T14:55:43+00:00","article_modified_time":"2025-11-14T14:55:46+00:00","og_image":[{"width":848,"height":477,"url":"https:\/\/www.bbmnoticias.com\/labravaradiofm\/wp-content\/uploads\/sites\/5\/2025\/11\/frijol_bienestar.jpg","type":"image\/jpeg"}],"author":"Agencias","twitter_card":"summary_large_image","twitter_misc":{"Escrito por":"Agencias","Tiempo de lectura":"2 minutos"},"schema":{"@context":"https:\/\/schema.org","@graph":[{"@type":"Article","@id":"https:\/\/www.bbmnoticias.com\/anuncian-frijol-del-bienestar\/#article","isPartOf":{"@id":"https:\/\/www.bbmnoticias.com\/labravaradiofm\/2025\/11\/14\/anuncian-frijol-del-bienestar\/"},"author":{"name":"Agencias","@id":"https:\/\/www.bbmnoticias.com\/labravaradiofm\/#\/schema\/person\/857a3daf5c8142f29919023f377fbfad"},"headline":"Anuncian frijol del Bienestar","datePublished":"2025-11-14T14:55:43+00:00","dateModified":"2025-11-14T14:55:46+00:00","mainEntityOfPage":{"@id":"https:\/\/www.bbmnoticias.com\/labravaradiofm\/2025\/11\/14\/anuncian-frijol-del-bienestar\/"},"wordCount":332,"image":{"@id":"https:\/\/www.bbmnoticias.com\/anuncian-frijol-del-bienestar\/#primaryimage"},"thumbnailUrl":"https:\/\/www.bbmnoticias.com\/labravaradiofm\/wp-content\/uploads\/sites\/5\/2025\/11\/frijol_bienestar.jpg","articleSection":["LOCAL","NACIONAL"],"inLanguage":"es"},{"@type":"WebPage","@id":"https:\/\/www.bbmnoticias.com\/labravaradiofm\/2025\/11\/14\/anuncian-frijol-del-bienestar\/","url":"https:\/\/www.bbmnoticias.com\/anuncian-frijol-del-bienestar\/","name":"Anuncian frijol del Bienestar - LA BRAVA RADIO","isPartOf":{"@id":"https:\/\/www.bbmnoticias.com\/labravaradiofm\/#website"},"primaryImageOfPage":{"@id":"https:\/\/www.bbmnoticias.com\/anuncian-frijol-del-bienestar\/#primaryimage"},"image":{"@id":"https:\/\/www.bbmnoticias.com\/anuncian-frijol-del-bienestar\/#primaryimage"},"thumbnailUrl":"https:\/\/www.bbmnoticias.com\/labravaradiofm\/wp-content\/uploads\/sites\/5\/2025\/11\/frijol_bienestar.jpg","datePublished":"2025-11-14T14:55:43+00:00","dateModified":"2025-11-14T14:55:46+00:00","author":{"@id":"https:\/\/www.bbmnoticias.com\/labravaradiofm\/#\/schema\/person\/857a3daf5c8142f29919023f377fbfad"},"breadcrumb":{"@id":"https:\/\/www.bbmnoticias.com\/anuncian-frijol-del-bienestar\/#breadcrumb"},"inLanguage":"es","potentialAction":[{"@type":"ReadAction","target":["https:\/\/www.bbmnoticias.com\/anuncian-frijol-del-bienestar\/"]}]},{"@type":"ImageObject","inLanguage":"es","@id":"https:\/\/www.bbmnoticias.com\/anuncian-frijol-del-bienestar\/#primaryimage","url":"https:\/\/www.bbmnoticias.com\/labravaradiofm\/wp-content\/uploads\/sites\/5\/2025\/11\/frijol_bienestar.jpg","contentUrl":"https:\/\/www.bbmnoticias.com\/labravaradiofm\/wp-content\/uploads\/sites\/5\/2025\/11\/frijol_bienestar.jpg","width":848,"height":477},{"@type":"BreadcrumbList","@id":"https:\/\/www.bbmnoticias.com\/anuncian-frijol-del-bienestar\/#breadcrumb","itemListElement":[{"@type":"ListItem","position":1,"name":"Inicio","item":"https:\/\/www.bbmnoticias.com\/labravaradiofm\/"},{"@type":"ListItem","position":2,"name":"Anuncian frijol del Bienestar"}]},{"@type":"WebSite","@id":"https:\/\/www.bbmnoticias.com\/labravaradiofm\/#website","url":"https:\/\/www.bbmnoticias.com\/labravaradiofm\/","name":"LA BRAVA RADIO","description":"Empresa productora de medios, Radiodifusi\u00f3n, Noticias, tendencias y todo lo que necesitas saber de la pol\u00edtica mexicana e internacional; entretenimiento, espect\u00e1culos, salud y mucho m\u00e1s.","potentialAction":[{"@type":"SearchAction","target":{"@type":"EntryPoint","urlTemplate":"https:\/\/www.bbmnoticias.com\/labravaradiofm\/?s={search_term_string}"},"query-input":{"@type":"PropertyValueSpecification","valueRequired":true,"valueName":"search_term_string"}}],"inLanguage":"es"},{"@type":"Person","@id":"https:\/\/www.bbmnoticias.com\/labravaradiofm\/#\/schema\/person\/857a3daf5c8142f29919023f377fbfad","name":"Agencias","image":{"@type":"ImageObject","inLanguage":"es","@id":"https:\/\/secure.gravatar.com\/avatar\/739e0b61adf9e398b425c36718c8752286da0e8cd90f20ce9a86678abc26aa0d?s=96&d=mm&r=g","url":"https:\/\/secure.gravatar.com\/avatar\/739e0b61adf9e398b425c36718c8752286da0e8cd90f20ce9a86678abc26aa0d?s=96&d=mm&r=g","contentUrl":"https:\/\/secure.gravatar.com\/avatar\/739e0b61adf9e398b425c36718c8752286da0e8cd90f20ce9a86678abc26aa0d?s=96&d=mm&r=g","caption":"Agencias"},"url":"https:\/\/www.bbmnoticias.com\/labravaradiofm\/author\/agencias\/"}]}},"_links":{"self":[{"href":"https:\/\/www.bbmnoticias.com\/labravaradiofm\/wp-json\/wp\/v2\/posts\/69828","targetHints":{"allow":["GET"]}}],"collection":[{"href":"https:\/\/www.bbmnoticias.com\/labravaradiofm\/wp-json\/wp\/v2\/posts"}],"about":[{"href":"https:\/\/www.bbmnoticias.com\/labravaradiofm\/wp-json\/wp\/v2\/types\/post"}],"author":[{"embeddable":true,"href":"https:\/\/www.bbmnoticias.com\/labravaradiofm\/wp-json\/wp\/v2\/users\/4"}],"replies":[{"embeddable":true,"href":"https:\/\/www.bbmnoticias.com\/labravaradiofm\/wp-json\/wp\/v2\/comments?post=69828"}],"version-history":[{"count":0,"href":"https:\/\/www.bbmnoticias.com\/labravaradiofm\/wp-json\/wp\/v2\/posts\/69828\/revisions"}],"wp:featuredmedia":[{"embeddable":true,"href":"https:\/\/www.bbmnoticias.com\/labravaradiofm\/wp-json\/wp\/v2\/media\/69830"}],"wp:attachment":[{"href":"https:\/\/www.bbmnoticias.com\/labravaradiofm\/wp-json\/wp\/v2\/media?parent=69828"}],"wp:term":[{"taxonomy":"category","embeddable":true,"href":"https:\/\/www.bbmnoticias.com\/labravaradiofm\/wp-json\/wp\/v2\/categories?post=69828"},{"taxonomy":"post_tag","embeddable":true,"href":"https:\/\/www.bbmnoticias.com\/labravaradiofm\/wp-json\/wp\/v2\/tags?post=69828"}],"curies":[{"name":"wp","href":"https:\/\/api.w.org\/{rel}","templated":true}]}}