{"id":69819,"date":"2025-11-14T08:15:18","date_gmt":"2025-11-14T14:15:18","guid":{"rendered":"https:\/\/www.bbmnoticias.com\/labravaradiofm\/2025\/11\/14\/con-caravana-vee-tata-sebienti-acerca-atencion-medica-gratuita-a-ocotlan-de-morelos\/"},"modified":"2025-11-14T08:15:24","modified_gmt":"2025-11-14T14:15:24","slug":"con-caravana-vee-tata-sebienti-acerca-atencion-medica-gratuita-a-ocotlan-de-morelos","status":"publish","type":"post","link":"https:\/\/www.bbmnoticias.com\/labravaradiofm\/2025\/11\/14\/con-caravana-vee-tata-sebienti-acerca-atencion-medica-gratuita-a-ocotlan-de-morelos\/","title":{"rendered":"Con Caravana Ve\u2019e Tata, Sebienti acerca atenci\u00f3n m\u00e9dica gratuita a Ocotl\u00e1n de Morelos"},"content":{"rendered":"<div style=\"margin-top: 0px; margin-bottom: 0px;\" class=\"sharethis-inline-share-buttons\" ><\/div>\n<p><strong>Ocotl\u00e1n de Morelos, Oax.- <\/strong>La Secretar\u00eda de Bienestar, Tequio e Inclusi\u00f3n (Sebienti) puso en marcha la Caravana Estatal Ve\u2019e Tata-Salud en tu municipio en Ocotl\u00e1n de Morelos, con el objetivo de acercar servicios m\u00e9dicos gratuitos y de calidad a la poblaci\u00f3n.<\/p>\n\n\n\n<p>La titular de la dependencia, Vilma Mart\u00ednez Cort\u00e9s explic\u00f3 que esta estrategia, impulsada por el Gobernador Salom\u00f3n Jara Cruz, llegar\u00e1 a m\u00e1s de 35 municipios de los Valles Centrales, como muestra del compromiso de la actual administraci\u00f3n con la justicia social y la atenci\u00f3n digna.<\/p>\n\n\n\n<p>Durante esta jornada, la Primavera Oaxaque\u00f1a llev\u00f3 bienestar a la poblaci\u00f3n, que tuvo acceso a servicios de medicina general, odontolog\u00eda, ginecolog\u00eda, salud mental, vacunaci\u00f3n y medicamentos.<\/p>\n\n\n\n<p>Las caravanas continuar\u00e1n su recorrido el 14 de noviembre en Santa Mar\u00eda Zoquitl\u00e1n, Magdalena Ocotl\u00e1n y San Antonino el Alto; el 15 llegar\u00e1n a San Pedro Totol\u00e1pam, San Pedro Ap\u00f3stol y San Miguel Mixtepec.<\/p>\n\n\n\n<p>En tanto, el 16 de noviembre ser\u00e1 en San Dionisio Ocotepec, Santa Luc\u00eda Ocotl\u00e1n y Santa Cruz Mixtepec.<\/p>\n","protected":false},"excerpt":{"rendered":"<p>Ocotl\u00e1n de Morelos, Oax.- La Secretar\u00eda de Bienestar, Tequio e Inclusi\u00f3n (Sebienti) puso en marcha la Caravana Estatal Ve\u2019e Tata-Salud en tu municipio en Ocotl\u00e1n de Morelos, con el objetivo de acercar servicios m\u00e9dicos gratuitos y de calidad a la poblaci\u00f3n. La titular de la dependencia, Vilma Mart\u00ednez Cort\u00e9s explic\u00f3 que esta estrategia, impulsada por [&hellip;]<\/p>\n","protected":false},"author":2,"featured_media":69821,"comment_status":"closed","ping_status":"","sticky":false,"template":"","format":"standard","meta":{"footnotes":""},"categories":[2],"tags":[],"class_list":{"0":"post-69819","1":"post","2":"type-post","3":"status-publish","4":"format-standard","5":"has-post-thumbnail","7":"category-oaxaca"},"yoast_head":"<!-- This site is optimized with the Yoast SEO plugin v27.4 - https:\/\/yoast.com\/product\/yoast-seo-wordpress\/ -->\n<title>Con Caravana Ve\u2019e Tata, Sebienti acerca atenci\u00f3n m\u00e9dica gratuita a Ocotl\u00e1n de Morelos - LA BRAVA RADIO<\/title>\n<meta name=\"robots\" content=\"index, follow, max-snippet:-1, max-image-preview:large, max-video-preview:-1\" \/>\n<link rel=\"canonical\" href=\"https:\/\/www.bbmnoticias.com\/con-caravana-vee-tata-sebienti-acerca-atencion-medica-gratuita-a-ocotlan-de-morelos\/\" \/>\n<meta property=\"og:locale\" content=\"es_MX\" \/>\n<meta property=\"og:type\" content=\"article\" \/>\n<meta property=\"og:title\" content=\"Con Caravana Ve\u2019e Tata, Sebienti acerca atenci\u00f3n m\u00e9dica gratuita a Ocotl\u00e1n de Morelos - LA BRAVA RADIO\" \/>\n<meta property=\"og:description\" content=\"Ocotl\u00e1n de Morelos, Oax.- La Secretar\u00eda de Bienestar, Tequio e Inclusi\u00f3n (Sebienti) puso en marcha la Caravana Estatal Ve\u2019e Tata-Salud en tu municipio en Ocotl\u00e1n de Morelos, con el objetivo de acercar servicios m\u00e9dicos gratuitos y de calidad a la poblaci\u00f3n. La titular de la dependencia, Vilma Mart\u00ednez Cort\u00e9s explic\u00f3 que esta estrategia, impulsada por [&hellip;]\" \/>\n<meta property=\"og:url\" content=\"https:\/\/www.bbmnoticias.com\/con-caravana-vee-tata-sebienti-acerca-atencion-medica-gratuita-a-ocotlan-de-morelos\/\" \/>\n<meta property=\"og:site_name\" content=\"LA BRAVA RADIO\" \/>\n<meta property=\"article:published_time\" content=\"2025-11-14T14:15:18+00:00\" \/>\n<meta property=\"article:modified_time\" content=\"2025-11-14T14:15:24+00:00\" \/>\n<meta property=\"og:image\" content=\"https:\/\/www.bbmnoticias.com\/labravaradiofm\/wp-content\/uploads\/sites\/5\/2025\/11\/vee_tata_sebienti.jpeg\" \/>\n\t<meta property=\"og:image:width\" content=\"1280\" \/>\n\t<meta property=\"og:image:height\" content=\"718\" \/>\n\t<meta property=\"og:image:type\" content=\"image\/jpeg\" \/>\n<meta name=\"author\" content=\"Staff\" \/>\n<meta name=\"twitter:card\" content=\"summary_large_image\" \/>\n<meta name=\"twitter:label1\" content=\"Escrito por\" \/>\n\t<meta name=\"twitter:data1\" content=\"Staff\" \/>\n\t<meta name=\"twitter:label2\" content=\"Tiempo de lectura\" \/>\n\t<meta name=\"twitter:data2\" content=\"1 minuto\" \/>\n<script type=\"application\/ld+json\" class=\"yoast-schema-graph\">{\"@context\":\"https:\\\/\\\/schema.org\",\"@graph\":[{\"@type\":\"Article\",\"@id\":\"https:\\\/\\\/www.bbmnoticias.com\\\/con-caravana-vee-tata-sebienti-acerca-atencion-medica-gratuita-a-ocotlan-de-morelos\\\/#article\",\"isPartOf\":{\"@id\":\"https:\\\/\\\/www.bbmnoticias.com\\\/labravaradiofm\\\/2025\\\/11\\\/14\\\/con-caravana-vee-tata-sebienti-acerca-atencion-medica-gratuita-a-ocotlan-de-morelos\\\/\"},\"author\":{\"name\":\"Staff\",\"@id\":\"https:\\\/\\\/www.bbmnoticias.com\\\/labravaradiofm\\\/#\\\/schema\\\/person\\\/34b139c617a70ea5bef5678bffe4dd7b\"},\"headline\":\"Con Caravana Ve\u2019e Tata, Sebienti acerca atenci\u00f3n m\u00e9dica gratuita a Ocotl\u00e1n de Morelos\",\"datePublished\":\"2025-11-14T14:15:18+00:00\",\"dateModified\":\"2025-11-14T14:15:24+00:00\",\"mainEntityOfPage\":{\"@id\":\"https:\\\/\\\/www.bbmnoticias.com\\\/labravaradiofm\\\/2025\\\/11\\\/14\\\/con-caravana-vee-tata-sebienti-acerca-atencion-medica-gratuita-a-ocotlan-de-morelos\\\/\"},\"wordCount\":205,\"image\":{\"@id\":\"https:\\\/\\\/www.bbmnoticias.com\\\/con-caravana-vee-tata-sebienti-acerca-atencion-medica-gratuita-a-ocotlan-de-morelos\\\/#primaryimage\"},\"thumbnailUrl\":\"https:\\\/\\\/www.bbmnoticias.com\\\/labravaradiofm\\\/wp-content\\\/uploads\\\/sites\\\/5\\\/2025\\\/11\\\/vee_tata_sebienti.jpeg\",\"articleSection\":[\"LOCAL\"],\"inLanguage\":\"es\"},{\"@type\":\"WebPage\",\"@id\":\"https:\\\/\\\/www.bbmnoticias.com\\\/labravaradiofm\\\/2025\\\/11\\\/14\\\/con-caravana-vee-tata-sebienti-acerca-atencion-medica-gratuita-a-ocotlan-de-morelos\\\/\",\"url\":\"https:\\\/\\\/www.bbmnoticias.com\\\/con-caravana-vee-tata-sebienti-acerca-atencion-medica-gratuita-a-ocotlan-de-morelos\\\/\",\"name\":\"Con Caravana Ve\u2019e Tata, Sebienti acerca atenci\u00f3n m\u00e9dica gratuita a Ocotl\u00e1n de Morelos - LA BRAVA RADIO\",\"isPartOf\":{\"@id\":\"https:\\\/\\\/www.bbmnoticias.com\\\/labravaradiofm\\\/#website\"},\"primaryImageOfPage\":{\"@id\":\"https:\\\/\\\/www.bbmnoticias.com\\\/con-caravana-vee-tata-sebienti-acerca-atencion-medica-gratuita-a-ocotlan-de-morelos\\\/#primaryimage\"},\"image\":{\"@id\":\"https:\\\/\\\/www.bbmnoticias.com\\\/con-caravana-vee-tata-sebienti-acerca-atencion-medica-gratuita-a-ocotlan-de-morelos\\\/#primaryimage\"},\"thumbnailUrl\":\"https:\\\/\\\/www.bbmnoticias.com\\\/labravaradiofm\\\/wp-content\\\/uploads\\\/sites\\\/5\\\/2025\\\/11\\\/vee_tata_sebienti.jpeg\",\"datePublished\":\"2025-11-14T14:15:18+00:00\",\"dateModified\":\"2025-11-14T14:15:24+00:00\",\"author\":{\"@id\":\"https:\\\/\\\/www.bbmnoticias.com\\\/labravaradiofm\\\/#\\\/schema\\\/person\\\/34b139c617a70ea5bef5678bffe4dd7b\"},\"breadcrumb\":{\"@id\":\"https:\\\/\\\/www.bbmnoticias.com\\\/con-caravana-vee-tata-sebienti-acerca-atencion-medica-gratuita-a-ocotlan-de-morelos\\\/#breadcrumb\"},\"inLanguage\":\"es\",\"potentialAction\":[{\"@type\":\"ReadAction\",\"target\":[\"https:\\\/\\\/www.bbmnoticias.com\\\/con-caravana-vee-tata-sebienti-acerca-atencion-medica-gratuita-a-ocotlan-de-morelos\\\/\"]}]},{\"@type\":\"ImageObject\",\"inLanguage\":\"es\",\"@id\":\"https:\\\/\\\/www.bbmnoticias.com\\\/con-caravana-vee-tata-sebienti-acerca-atencion-medica-gratuita-a-ocotlan-de-morelos\\\/#primaryimage\",\"url\":\"https:\\\/\\\/www.bbmnoticias.com\\\/labravaradiofm\\\/wp-content\\\/uploads\\\/sites\\\/5\\\/2025\\\/11\\\/vee_tata_sebienti.jpeg\",\"contentUrl\":\"https:\\\/\\\/www.bbmnoticias.com\\\/labravaradiofm\\\/wp-content\\\/uploads\\\/sites\\\/5\\\/2025\\\/11\\\/vee_tata_sebienti.jpeg\",\"width\":1280,\"height\":718},{\"@type\":\"BreadcrumbList\",\"@id\":\"https:\\\/\\\/www.bbmnoticias.com\\\/con-caravana-vee-tata-sebienti-acerca-atencion-medica-gratuita-a-ocotlan-de-morelos\\\/#breadcrumb\",\"itemListElement\":[{\"@type\":\"ListItem\",\"position\":1,\"name\":\"Inicio\",\"item\":\"https:\\\/\\\/www.bbmnoticias.com\\\/labravaradiofm\\\/\"},{\"@type\":\"ListItem\",\"position\":2,\"name\":\"Con Caravana Ve\u2019e Tata, Sebienti acerca atenci\u00f3n m\u00e9dica gratuita a Ocotl\u00e1n de Morelos\"}]},{\"@type\":\"WebSite\",\"@id\":\"https:\\\/\\\/www.bbmnoticias.com\\\/labravaradiofm\\\/#website\",\"url\":\"https:\\\/\\\/www.bbmnoticias.com\\\/labravaradiofm\\\/\",\"name\":\"LA BRAVA RADIO\",\"description\":\"Empresa productora de medios, Radiodifusi\u00f3n, Noticias, tendencias y todo lo que necesitas saber de la pol\u00edtica mexicana e internacional; entretenimiento, espect\u00e1culos, salud y mucho m\u00e1s.\",\"potentialAction\":[{\"@type\":\"SearchAction\",\"target\":{\"@type\":\"EntryPoint\",\"urlTemplate\":\"https:\\\/\\\/www.bbmnoticias.com\\\/labravaradiofm\\\/?s={search_term_string}\"},\"query-input\":{\"@type\":\"PropertyValueSpecification\",\"valueRequired\":true,\"valueName\":\"search_term_string\"}}],\"inLanguage\":\"es\"},{\"@type\":\"Person\",\"@id\":\"https:\\\/\\\/www.bbmnoticias.com\\\/labravaradiofm\\\/#\\\/schema\\\/person\\\/34b139c617a70ea5bef5678bffe4dd7b\",\"name\":\"Staff\",\"image\":{\"@type\":\"ImageObject\",\"inLanguage\":\"es\",\"@id\":\"https:\\\/\\\/secure.gravatar.com\\\/avatar\\\/fdd21ad66fd8b98c407f9dee5b5e588cfe7f0d8579ec20fa6527cd59bab7f0f0?s=96&d=mm&r=g\",\"url\":\"https:\\\/\\\/secure.gravatar.com\\\/avatar\\\/fdd21ad66fd8b98c407f9dee5b5e588cfe7f0d8579ec20fa6527cd59bab7f0f0?s=96&d=mm&r=g\",\"contentUrl\":\"https:\\\/\\\/secure.gravatar.com\\\/avatar\\\/fdd21ad66fd8b98c407f9dee5b5e588cfe7f0d8579ec20fa6527cd59bab7f0f0?s=96&d=mm&r=g\",\"caption\":\"Staff\"},\"url\":\"https:\\\/\\\/www.bbmnoticias.com\\\/labravaradiofm\\\/author\\\/redaccion\\\/\"}]}<\/script>\n<!-- \/ Yoast SEO plugin. -->","yoast_head_json":{"title":"Con Caravana Ve\u2019e Tata, Sebienti acerca atenci\u00f3n m\u00e9dica gratuita a Ocotl\u00e1n de Morelos - LA BRAVA RADIO","robots":{"index":"index","follow":"follow","max-snippet":"max-snippet:-1","max-image-preview":"max-image-preview:large","max-video-preview":"max-video-preview:-1"},"canonical":"https:\/\/www.bbmnoticias.com\/con-caravana-vee-tata-sebienti-acerca-atencion-medica-gratuita-a-ocotlan-de-morelos\/","og_locale":"es_MX","og_type":"article","og_title":"Con Caravana Ve\u2019e Tata, Sebienti acerca atenci\u00f3n m\u00e9dica gratuita a Ocotl\u00e1n de Morelos - LA BRAVA RADIO","og_description":"Ocotl\u00e1n de Morelos, Oax.- La Secretar\u00eda de Bienestar, Tequio e Inclusi\u00f3n (Sebienti) puso en marcha la Caravana Estatal Ve\u2019e Tata-Salud en tu municipio en Ocotl\u00e1n de Morelos, con el objetivo de acercar servicios m\u00e9dicos gratuitos y de calidad a la poblaci\u00f3n. La titular de la dependencia, Vilma Mart\u00ednez Cort\u00e9s explic\u00f3 que esta estrategia, impulsada por [&hellip;]","og_url":"https:\/\/www.bbmnoticias.com\/con-caravana-vee-tata-sebienti-acerca-atencion-medica-gratuita-a-ocotlan-de-morelos\/","og_site_name":"LA BRAVA RADIO","article_published_time":"2025-11-14T14:15:18+00:00","article_modified_time":"2025-11-14T14:15:24+00:00","og_image":[{"width":1280,"height":718,"url":"https:\/\/www.bbmnoticias.com\/labravaradiofm\/wp-content\/uploads\/sites\/5\/2025\/11\/vee_tata_sebienti.jpeg","type":"image\/jpeg"}],"author":"Staff","twitter_card":"summary_large_image","twitter_misc":{"Escrito por":"Staff","Tiempo de lectura":"1 minuto"},"schema":{"@context":"https:\/\/schema.org","@graph":[{"@type":"Article","@id":"https:\/\/www.bbmnoticias.com\/con-caravana-vee-tata-sebienti-acerca-atencion-medica-gratuita-a-ocotlan-de-morelos\/#article","isPartOf":{"@id":"https:\/\/www.bbmnoticias.com\/labravaradiofm\/2025\/11\/14\/con-caravana-vee-tata-sebienti-acerca-atencion-medica-gratuita-a-ocotlan-de-morelos\/"},"author":{"name":"Staff","@id":"https:\/\/www.bbmnoticias.com\/labravaradiofm\/#\/schema\/person\/34b139c617a70ea5bef5678bffe4dd7b"},"headline":"Con Caravana Ve\u2019e Tata, Sebienti acerca atenci\u00f3n m\u00e9dica gratuita a Ocotl\u00e1n de Morelos","datePublished":"2025-11-14T14:15:18+00:00","dateModified":"2025-11-14T14:15:24+00:00","mainEntityOfPage":{"@id":"https:\/\/www.bbmnoticias.com\/labravaradiofm\/2025\/11\/14\/con-caravana-vee-tata-sebienti-acerca-atencion-medica-gratuita-a-ocotlan-de-morelos\/"},"wordCount":205,"image":{"@id":"https:\/\/www.bbmnoticias.com\/con-caravana-vee-tata-sebienti-acerca-atencion-medica-gratuita-a-ocotlan-de-morelos\/#primaryimage"},"thumbnailUrl":"https:\/\/www.bbmnoticias.com\/labravaradiofm\/wp-content\/uploads\/sites\/5\/2025\/11\/vee_tata_sebienti.jpeg","articleSection":["LOCAL"],"inLanguage":"es"},{"@type":"WebPage","@id":"https:\/\/www.bbmnoticias.com\/labravaradiofm\/2025\/11\/14\/con-caravana-vee-tata-sebienti-acerca-atencion-medica-gratuita-a-ocotlan-de-morelos\/","url":"https:\/\/www.bbmnoticias.com\/con-caravana-vee-tata-sebienti-acerca-atencion-medica-gratuita-a-ocotlan-de-morelos\/","name":"Con Caravana Ve\u2019e Tata, Sebienti acerca atenci\u00f3n m\u00e9dica gratuita a Ocotl\u00e1n de Morelos - LA BRAVA RADIO","isPartOf":{"@id":"https:\/\/www.bbmnoticias.com\/labravaradiofm\/#website"},"primaryImageOfPage":{"@id":"https:\/\/www.bbmnoticias.com\/con-caravana-vee-tata-sebienti-acerca-atencion-medica-gratuita-a-ocotlan-de-morelos\/#primaryimage"},"image":{"@id":"https:\/\/www.bbmnoticias.com\/con-caravana-vee-tata-sebienti-acerca-atencion-medica-gratuita-a-ocotlan-de-morelos\/#primaryimage"},"thumbnailUrl":"https:\/\/www.bbmnoticias.com\/labravaradiofm\/wp-content\/uploads\/sites\/5\/2025\/11\/vee_tata_sebienti.jpeg","datePublished":"2025-11-14T14:15:18+00:00","dateModified":"2025-11-14T14:15:24+00:00","author":{"@id":"https:\/\/www.bbmnoticias.com\/labravaradiofm\/#\/schema\/person\/34b139c617a70ea5bef5678bffe4dd7b"},"breadcrumb":{"@id":"https:\/\/www.bbmnoticias.com\/con-caravana-vee-tata-sebienti-acerca-atencion-medica-gratuita-a-ocotlan-de-morelos\/#breadcrumb"},"inLanguage":"es","potentialAction":[{"@type":"ReadAction","target":["https:\/\/www.bbmnoticias.com\/con-caravana-vee-tata-sebienti-acerca-atencion-medica-gratuita-a-ocotlan-de-morelos\/"]}]},{"@type":"ImageObject","inLanguage":"es","@id":"https:\/\/www.bbmnoticias.com\/con-caravana-vee-tata-sebienti-acerca-atencion-medica-gratuita-a-ocotlan-de-morelos\/#primaryimage","url":"https:\/\/www.bbmnoticias.com\/labravaradiofm\/wp-content\/uploads\/sites\/5\/2025\/11\/vee_tata_sebienti.jpeg","contentUrl":"https:\/\/www.bbmnoticias.com\/labravaradiofm\/wp-content\/uploads\/sites\/5\/2025\/11\/vee_tata_sebienti.jpeg","width":1280,"height":718},{"@type":"BreadcrumbList","@id":"https:\/\/www.bbmnoticias.com\/con-caravana-vee-tata-sebienti-acerca-atencion-medica-gratuita-a-ocotlan-de-morelos\/#breadcrumb","itemListElement":[{"@type":"ListItem","position":1,"name":"Inicio","item":"https:\/\/www.bbmnoticias.com\/labravaradiofm\/"},{"@type":"ListItem","position":2,"name":"Con Caravana Ve\u2019e Tata, Sebienti acerca atenci\u00f3n m\u00e9dica gratuita a Ocotl\u00e1n de Morelos"}]},{"@type":"WebSite","@id":"https:\/\/www.bbmnoticias.com\/labravaradiofm\/#website","url":"https:\/\/www.bbmnoticias.com\/labravaradiofm\/","name":"LA BRAVA RADIO","description":"Empresa productora de medios, Radiodifusi\u00f3n, Noticias, tendencias y todo lo que necesitas saber de la pol\u00edtica mexicana e internacional; entretenimiento, espect\u00e1culos, salud y mucho m\u00e1s.","potentialAction":[{"@type":"SearchAction","target":{"@type":"EntryPoint","urlTemplate":"https:\/\/www.bbmnoticias.com\/labravaradiofm\/?s={search_term_string}"},"query-input":{"@type":"PropertyValueSpecification","valueRequired":true,"valueName":"search_term_string"}}],"inLanguage":"es"},{"@type":"Person","@id":"https:\/\/www.bbmnoticias.com\/labravaradiofm\/#\/schema\/person\/34b139c617a70ea5bef5678bffe4dd7b","name":"Staff","image":{"@type":"ImageObject","inLanguage":"es","@id":"https:\/\/secure.gravatar.com\/avatar\/fdd21ad66fd8b98c407f9dee5b5e588cfe7f0d8579ec20fa6527cd59bab7f0f0?s=96&d=mm&r=g","url":"https:\/\/secure.gravatar.com\/avatar\/fdd21ad66fd8b98c407f9dee5b5e588cfe7f0d8579ec20fa6527cd59bab7f0f0?s=96&d=mm&r=g","contentUrl":"https:\/\/secure.gravatar.com\/avatar\/fdd21ad66fd8b98c407f9dee5b5e588cfe7f0d8579ec20fa6527cd59bab7f0f0?s=96&d=mm&r=g","caption":"Staff"},"url":"https:\/\/www.bbmnoticias.com\/labravaradiofm\/author\/redaccion\/"}]}},"_links":{"self":[{"href":"https:\/\/www.bbmnoticias.com\/labravaradiofm\/wp-json\/wp\/v2\/posts\/69819","targetHints":{"allow":["GET"]}}],"collection":[{"href":"https:\/\/www.bbmnoticias.com\/labravaradiofm\/wp-json\/wp\/v2\/posts"}],"about":[{"href":"https:\/\/www.bbmnoticias.com\/labravaradiofm\/wp-json\/wp\/v2\/types\/post"}],"author":[{"embeddable":true,"href":"https:\/\/www.bbmnoticias.com\/labravaradiofm\/wp-json\/wp\/v2\/users\/2"}],"replies":[{"embeddable":true,"href":"https:\/\/www.bbmnoticias.com\/labravaradiofm\/wp-json\/wp\/v2\/comments?post=69819"}],"version-history":[{"count":0,"href":"https:\/\/www.bbmnoticias.com\/labravaradiofm\/wp-json\/wp\/v2\/posts\/69819\/revisions"}],"wp:featuredmedia":[{"embeddable":true,"href":"https:\/\/www.bbmnoticias.com\/labravaradiofm\/wp-json\/wp\/v2\/media\/69821"}],"wp:attachment":[{"href":"https:\/\/www.bbmnoticias.com\/labravaradiofm\/wp-json\/wp\/v2\/media?parent=69819"}],"wp:term":[{"taxonomy":"category","embeddable":true,"href":"https:\/\/www.bbmnoticias.com\/labravaradiofm\/wp-json\/wp\/v2\/categories?post=69819"},{"taxonomy":"post_tag","embeddable":true,"href":"https:\/\/www.bbmnoticias.com\/labravaradiofm\/wp-json\/wp\/v2\/tags?post=69819"}],"curies":[{"name":"wp","href":"https:\/\/api.w.org\/{rel}","templated":true}]}}