{"id":69810,"date":"2025-11-13T17:00:07","date_gmt":"2025-11-13T23:00:07","guid":{"rendered":"https:\/\/www.bbmnoticias.com\/labravaradiofm\/2025\/11\/13\/reconoce-viii-bienal-de-artes-graficas-shinzaburo-takeda-a-6-jovenes-grabadores-3-son-de-oaxaca\/"},"modified":"2025-11-13T17:00:14","modified_gmt":"2025-11-13T23:00:14","slug":"reconoce-viii-bienal-de-artes-graficas-shinzaburo-takeda-a-6-jovenes-grabadores-3-son-de-oaxaca","status":"publish","type":"post","link":"https:\/\/www.bbmnoticias.com\/labravaradiofm\/2025\/11\/13\/reconoce-viii-bienal-de-artes-graficas-shinzaburo-takeda-a-6-jovenes-grabadores-3-son-de-oaxaca\/","title":{"rendered":"Reconoce VIII Bienal de Artes Gr\u00e1ficas \u201cShinzaburo Takeda\u201d a 6 j\u00f3venes grabadores, 3 son de Oaxaca"},"content":{"rendered":"<div style=\"margin-top: 0px; margin-bottom: 0px;\" class=\"sharethis-inline-share-buttons\" ><\/div>\n<p>Oaxaca de Ju\u00e1rez, Oax.- Los premios de la VIII Bienal de Artes Gr\u00e1ficas \u201cShinzaburo Takeda\u201d reconocieron a seis j\u00f3venes artistas provenientes de Oaxaca, Jalisco, Quer\u00e9taro y Morelos.<\/p>\n\n\n\n<p>Este encuentro de arte contempor\u00e1neo organizado por la Secretar\u00eda de las Culturas y Artes (Seculta), la Universidad Aut\u00f3noma \u201cBenito Ju\u00e1rez\u201d de Oaxaca (UABJO) y la Fundaci\u00f3n Takedart A.C., fue encabezado por el maestro Shinzaburo Takeda, en el Museo de los Pintores Oaxaque\u00f1os (Mupo)<\/p>\n\n\n\n<p>El primer lugar se otorg\u00f3 al oaxaque\u00f1o Gibr\u00e1n Jalil Mendoza V\u00e1squez; el segundo lugar a Mar\u00eda del Mar Gasca Madrigal, originaria de la Ciudad de M\u00e9xico; y el tercero a Gerardo Joushimart Morales Pablo tambi\u00e9n de origen oaxaque\u00f1o.&nbsp;<\/p>\n\n\n\n<p>Adem\u00e1s, se otorgaron el Premio UABJO a Ram\u00f3n Garc\u00eda Verduzco; Premio Takeda a la oaxaque\u00f1a Mariana Beatriz Guzm\u00e1n Victoria, y el Premio Joven Mujer Artista a Andrea Guadalupe \u00c1lvarez Torrencial, distinci\u00f3n que reconoce la participaci\u00f3n femenina en la gr\u00e1fica.&nbsp;<\/p>\n\n\n\n<p>Esta Bienal incluy\u00f3 en esta edici\u00f3n la participaci\u00f3n de 313 artistas de 17 estados con 443 obras.<\/p>\n\n\n\n<p>De esta amplia convocatoria, 40 piezas, incluidas 10 de artistas italianos, pa\u00eds invitado de honor, fueron seleccionadas por el jurado, integrado por reconocidos creadores y especialistas como Shinzaburo Takeda, Rolando Rojas, Maximino Javier, Fernando Sandoval, Mario Barro, Nidia Mart\u00ednez Esteva y Felipe Eduardo Barajas Mendoza.<\/p>\n\n\n\n<p>La exposici\u00f3n de estos trabajos permanecer\u00e1 abierta hasta el 15 de diciembre en la sala Rodolfo Nieto del Mupo, lo cual confirma a Oaxaca como el epicentro de la gr\u00e1fica mexicana y a la Bienal \u201cShinzaburo Takeda\u201d como un espacio de encuentro entre diversas generaciones y expresiones del arte contempor\u00e1neo.<\/p>\n","protected":false},"excerpt":{"rendered":"<p>Oaxaca de Ju\u00e1rez, Oax.- Los premios de la VIII Bienal de Artes Gr\u00e1ficas \u201cShinzaburo Takeda\u201d reconocieron a seis j\u00f3venes artistas provenientes de Oaxaca, Jalisco, Quer\u00e9taro y Morelos. Este encuentro de arte contempor\u00e1neo organizado por la Secretar\u00eda de las Culturas y Artes (Seculta), la Universidad Aut\u00f3noma \u201cBenito Ju\u00e1rez\u201d de Oaxaca (UABJO) y la Fundaci\u00f3n Takedart A.C., [&hellip;]<\/p>\n","protected":false},"author":2,"featured_media":69812,"comment_status":"closed","ping_status":"","sticky":false,"template":"","format":"standard","meta":{"footnotes":""},"categories":[2],"tags":[],"class_list":{"0":"post-69810","1":"post","2":"type-post","3":"status-publish","4":"format-standard","5":"has-post-thumbnail","7":"category-oaxaca"},"yoast_head":"<!-- This site is optimized with the Yoast SEO plugin v27.4 - https:\/\/yoast.com\/product\/yoast-seo-wordpress\/ -->\n<title>Reconoce VIII Bienal de Artes Gr\u00e1ficas \u201cShinzaburo Takeda\u201d a 6 j\u00f3venes grabadores, 3 son de Oaxaca - LA BRAVA RADIO<\/title>\n<meta name=\"robots\" content=\"index, follow, max-snippet:-1, max-image-preview:large, max-video-preview:-1\" \/>\n<link rel=\"canonical\" href=\"https:\/\/www.bbmnoticias.com\/reconoce-viii-bienal-de-artes-graficas-shinzaburo-takeda-a-6-jovenes-grabadores-3-son-de-oaxaca\/\" \/>\n<meta property=\"og:locale\" content=\"es_MX\" \/>\n<meta property=\"og:type\" content=\"article\" \/>\n<meta property=\"og:title\" content=\"Reconoce VIII Bienal de Artes Gr\u00e1ficas \u201cShinzaburo Takeda\u201d a 6 j\u00f3venes grabadores, 3 son de Oaxaca - LA BRAVA RADIO\" \/>\n<meta property=\"og:description\" content=\"Oaxaca de Ju\u00e1rez, Oax.- Los premios de la VIII Bienal de Artes Gr\u00e1ficas \u201cShinzaburo Takeda\u201d reconocieron a seis j\u00f3venes artistas provenientes de Oaxaca, Jalisco, Quer\u00e9taro y Morelos. Este encuentro de arte contempor\u00e1neo organizado por la Secretar\u00eda de las Culturas y Artes (Seculta), la Universidad Aut\u00f3noma \u201cBenito Ju\u00e1rez\u201d de Oaxaca (UABJO) y la Fundaci\u00f3n Takedart A.C., [&hellip;]\" \/>\n<meta property=\"og:url\" content=\"https:\/\/www.bbmnoticias.com\/reconoce-viii-bienal-de-artes-graficas-shinzaburo-takeda-a-6-jovenes-grabadores-3-son-de-oaxaca\/\" \/>\n<meta property=\"og:site_name\" content=\"LA BRAVA RADIO\" \/>\n<meta property=\"article:published_time\" content=\"2025-11-13T23:00:07+00:00\" \/>\n<meta property=\"article:modified_time\" content=\"2025-11-13T23:00:14+00:00\" \/>\n<meta property=\"og:image\" content=\"https:\/\/www.bbmnoticias.com\/labravaradiofm\/wp-content\/uploads\/sites\/5\/2025\/11\/thumbnail_PREMIACION-BIENAL-TAKEDA-1.jpg\" \/>\n\t<meta property=\"og:image:width\" content=\"750\" \/>\n\t<meta property=\"og:image:height\" content=\"499\" \/>\n\t<meta property=\"og:image:type\" content=\"image\/jpeg\" \/>\n<meta name=\"author\" content=\"Staff\" \/>\n<meta name=\"twitter:card\" content=\"summary_large_image\" \/>\n<meta name=\"twitter:label1\" content=\"Escrito por\" \/>\n\t<meta name=\"twitter:data1\" content=\"Staff\" \/>\n\t<meta name=\"twitter:label2\" content=\"Tiempo de lectura\" \/>\n\t<meta name=\"twitter:data2\" content=\"1 minuto\" \/>\n<script type=\"application\/ld+json\" class=\"yoast-schema-graph\">{\"@context\":\"https:\\\/\\\/schema.org\",\"@graph\":[{\"@type\":\"Article\",\"@id\":\"https:\\\/\\\/www.bbmnoticias.com\\\/reconoce-viii-bienal-de-artes-graficas-shinzaburo-takeda-a-6-jovenes-grabadores-3-son-de-oaxaca\\\/#article\",\"isPartOf\":{\"@id\":\"https:\\\/\\\/www.bbmnoticias.com\\\/labravaradiofm\\\/2025\\\/11\\\/13\\\/reconoce-viii-bienal-de-artes-graficas-shinzaburo-takeda-a-6-jovenes-grabadores-3-son-de-oaxaca\\\/\"},\"author\":{\"name\":\"Staff\",\"@id\":\"https:\\\/\\\/www.bbmnoticias.com\\\/labravaradiofm\\\/#\\\/schema\\\/person\\\/34b139c617a70ea5bef5678bffe4dd7b\"},\"headline\":\"Reconoce VIII Bienal de Artes Gr\u00e1ficas \u201cShinzaburo Takeda\u201d a 6 j\u00f3venes grabadores, 3 son de Oaxaca\",\"datePublished\":\"2025-11-13T23:00:07+00:00\",\"dateModified\":\"2025-11-13T23:00:14+00:00\",\"mainEntityOfPage\":{\"@id\":\"https:\\\/\\\/www.bbmnoticias.com\\\/labravaradiofm\\\/2025\\\/11\\\/13\\\/reconoce-viii-bienal-de-artes-graficas-shinzaburo-takeda-a-6-jovenes-grabadores-3-son-de-oaxaca\\\/\"},\"wordCount\":305,\"image\":{\"@id\":\"https:\\\/\\\/www.bbmnoticias.com\\\/reconoce-viii-bienal-de-artes-graficas-shinzaburo-takeda-a-6-jovenes-grabadores-3-son-de-oaxaca\\\/#primaryimage\"},\"thumbnailUrl\":\"https:\\\/\\\/www.bbmnoticias.com\\\/labravaradiofm\\\/wp-content\\\/uploads\\\/sites\\\/5\\\/2025\\\/11\\\/thumbnail_PREMIACION-BIENAL-TAKEDA-1.jpg\",\"articleSection\":[\"LOCAL\"],\"inLanguage\":\"es\"},{\"@type\":\"WebPage\",\"@id\":\"https:\\\/\\\/www.bbmnoticias.com\\\/labravaradiofm\\\/2025\\\/11\\\/13\\\/reconoce-viii-bienal-de-artes-graficas-shinzaburo-takeda-a-6-jovenes-grabadores-3-son-de-oaxaca\\\/\",\"url\":\"https:\\\/\\\/www.bbmnoticias.com\\\/reconoce-viii-bienal-de-artes-graficas-shinzaburo-takeda-a-6-jovenes-grabadores-3-son-de-oaxaca\\\/\",\"name\":\"Reconoce VIII Bienal de Artes Gr\u00e1ficas \u201cShinzaburo Takeda\u201d a 6 j\u00f3venes grabadores, 3 son de Oaxaca - LA BRAVA RADIO\",\"isPartOf\":{\"@id\":\"https:\\\/\\\/www.bbmnoticias.com\\\/labravaradiofm\\\/#website\"},\"primaryImageOfPage\":{\"@id\":\"https:\\\/\\\/www.bbmnoticias.com\\\/reconoce-viii-bienal-de-artes-graficas-shinzaburo-takeda-a-6-jovenes-grabadores-3-son-de-oaxaca\\\/#primaryimage\"},\"image\":{\"@id\":\"https:\\\/\\\/www.bbmnoticias.com\\\/reconoce-viii-bienal-de-artes-graficas-shinzaburo-takeda-a-6-jovenes-grabadores-3-son-de-oaxaca\\\/#primaryimage\"},\"thumbnailUrl\":\"https:\\\/\\\/www.bbmnoticias.com\\\/labravaradiofm\\\/wp-content\\\/uploads\\\/sites\\\/5\\\/2025\\\/11\\\/thumbnail_PREMIACION-BIENAL-TAKEDA-1.jpg\",\"datePublished\":\"2025-11-13T23:00:07+00:00\",\"dateModified\":\"2025-11-13T23:00:14+00:00\",\"author\":{\"@id\":\"https:\\\/\\\/www.bbmnoticias.com\\\/labravaradiofm\\\/#\\\/schema\\\/person\\\/34b139c617a70ea5bef5678bffe4dd7b\"},\"breadcrumb\":{\"@id\":\"https:\\\/\\\/www.bbmnoticias.com\\\/reconoce-viii-bienal-de-artes-graficas-shinzaburo-takeda-a-6-jovenes-grabadores-3-son-de-oaxaca\\\/#breadcrumb\"},\"inLanguage\":\"es\",\"potentialAction\":[{\"@type\":\"ReadAction\",\"target\":[\"https:\\\/\\\/www.bbmnoticias.com\\\/reconoce-viii-bienal-de-artes-graficas-shinzaburo-takeda-a-6-jovenes-grabadores-3-son-de-oaxaca\\\/\"]}]},{\"@type\":\"ImageObject\",\"inLanguage\":\"es\",\"@id\":\"https:\\\/\\\/www.bbmnoticias.com\\\/reconoce-viii-bienal-de-artes-graficas-shinzaburo-takeda-a-6-jovenes-grabadores-3-son-de-oaxaca\\\/#primaryimage\",\"url\":\"https:\\\/\\\/www.bbmnoticias.com\\\/labravaradiofm\\\/wp-content\\\/uploads\\\/sites\\\/5\\\/2025\\\/11\\\/thumbnail_PREMIACION-BIENAL-TAKEDA-1.jpg\",\"contentUrl\":\"https:\\\/\\\/www.bbmnoticias.com\\\/labravaradiofm\\\/wp-content\\\/uploads\\\/sites\\\/5\\\/2025\\\/11\\\/thumbnail_PREMIACION-BIENAL-TAKEDA-1.jpg\",\"width\":750,\"height\":499},{\"@type\":\"BreadcrumbList\",\"@id\":\"https:\\\/\\\/www.bbmnoticias.com\\\/reconoce-viii-bienal-de-artes-graficas-shinzaburo-takeda-a-6-jovenes-grabadores-3-son-de-oaxaca\\\/#breadcrumb\",\"itemListElement\":[{\"@type\":\"ListItem\",\"position\":1,\"name\":\"Inicio\",\"item\":\"https:\\\/\\\/www.bbmnoticias.com\\\/labravaradiofm\\\/\"},{\"@type\":\"ListItem\",\"position\":2,\"name\":\"Reconoce VIII Bienal de Artes Gr\u00e1ficas \u201cShinzaburo Takeda\u201d a 6 j\u00f3venes grabadores, 3 son de Oaxaca\"}]},{\"@type\":\"WebSite\",\"@id\":\"https:\\\/\\\/www.bbmnoticias.com\\\/labravaradiofm\\\/#website\",\"url\":\"https:\\\/\\\/www.bbmnoticias.com\\\/labravaradiofm\\\/\",\"name\":\"LA BRAVA RADIO\",\"description\":\"Empresa productora de medios, Radiodifusi\u00f3n, Noticias, tendencias y todo lo que necesitas saber de la pol\u00edtica mexicana e internacional; entretenimiento, espect\u00e1culos, salud y mucho m\u00e1s.\",\"potentialAction\":[{\"@type\":\"SearchAction\",\"target\":{\"@type\":\"EntryPoint\",\"urlTemplate\":\"https:\\\/\\\/www.bbmnoticias.com\\\/labravaradiofm\\\/?s={search_term_string}\"},\"query-input\":{\"@type\":\"PropertyValueSpecification\",\"valueRequired\":true,\"valueName\":\"search_term_string\"}}],\"inLanguage\":\"es\"},{\"@type\":\"Person\",\"@id\":\"https:\\\/\\\/www.bbmnoticias.com\\\/labravaradiofm\\\/#\\\/schema\\\/person\\\/34b139c617a70ea5bef5678bffe4dd7b\",\"name\":\"Staff\",\"image\":{\"@type\":\"ImageObject\",\"inLanguage\":\"es\",\"@id\":\"https:\\\/\\\/secure.gravatar.com\\\/avatar\\\/fdd21ad66fd8b98c407f9dee5b5e588cfe7f0d8579ec20fa6527cd59bab7f0f0?s=96&d=mm&r=g\",\"url\":\"https:\\\/\\\/secure.gravatar.com\\\/avatar\\\/fdd21ad66fd8b98c407f9dee5b5e588cfe7f0d8579ec20fa6527cd59bab7f0f0?s=96&d=mm&r=g\",\"contentUrl\":\"https:\\\/\\\/secure.gravatar.com\\\/avatar\\\/fdd21ad66fd8b98c407f9dee5b5e588cfe7f0d8579ec20fa6527cd59bab7f0f0?s=96&d=mm&r=g\",\"caption\":\"Staff\"},\"url\":\"https:\\\/\\\/www.bbmnoticias.com\\\/labravaradiofm\\\/author\\\/redaccion\\\/\"}]}<\/script>\n<!-- \/ Yoast SEO plugin. -->","yoast_head_json":{"title":"Reconoce VIII Bienal de Artes Gr\u00e1ficas \u201cShinzaburo Takeda\u201d a 6 j\u00f3venes grabadores, 3 son de Oaxaca - LA BRAVA RADIO","robots":{"index":"index","follow":"follow","max-snippet":"max-snippet:-1","max-image-preview":"max-image-preview:large","max-video-preview":"max-video-preview:-1"},"canonical":"https:\/\/www.bbmnoticias.com\/reconoce-viii-bienal-de-artes-graficas-shinzaburo-takeda-a-6-jovenes-grabadores-3-son-de-oaxaca\/","og_locale":"es_MX","og_type":"article","og_title":"Reconoce VIII Bienal de Artes Gr\u00e1ficas \u201cShinzaburo Takeda\u201d a 6 j\u00f3venes grabadores, 3 son de Oaxaca - LA BRAVA RADIO","og_description":"Oaxaca de Ju\u00e1rez, Oax.- Los premios de la VIII Bienal de Artes Gr\u00e1ficas \u201cShinzaburo Takeda\u201d reconocieron a seis j\u00f3venes artistas provenientes de Oaxaca, Jalisco, Quer\u00e9taro y Morelos. Este encuentro de arte contempor\u00e1neo organizado por la Secretar\u00eda de las Culturas y Artes (Seculta), la Universidad Aut\u00f3noma \u201cBenito Ju\u00e1rez\u201d de Oaxaca (UABJO) y la Fundaci\u00f3n Takedart A.C., [&hellip;]","og_url":"https:\/\/www.bbmnoticias.com\/reconoce-viii-bienal-de-artes-graficas-shinzaburo-takeda-a-6-jovenes-grabadores-3-son-de-oaxaca\/","og_site_name":"LA BRAVA RADIO","article_published_time":"2025-11-13T23:00:07+00:00","article_modified_time":"2025-11-13T23:00:14+00:00","og_image":[{"width":750,"height":499,"url":"https:\/\/www.bbmnoticias.com\/labravaradiofm\/wp-content\/uploads\/sites\/5\/2025\/11\/thumbnail_PREMIACION-BIENAL-TAKEDA-1.jpg","type":"image\/jpeg"}],"author":"Staff","twitter_card":"summary_large_image","twitter_misc":{"Escrito por":"Staff","Tiempo de lectura":"1 minuto"},"schema":{"@context":"https:\/\/schema.org","@graph":[{"@type":"Article","@id":"https:\/\/www.bbmnoticias.com\/reconoce-viii-bienal-de-artes-graficas-shinzaburo-takeda-a-6-jovenes-grabadores-3-son-de-oaxaca\/#article","isPartOf":{"@id":"https:\/\/www.bbmnoticias.com\/labravaradiofm\/2025\/11\/13\/reconoce-viii-bienal-de-artes-graficas-shinzaburo-takeda-a-6-jovenes-grabadores-3-son-de-oaxaca\/"},"author":{"name":"Staff","@id":"https:\/\/www.bbmnoticias.com\/labravaradiofm\/#\/schema\/person\/34b139c617a70ea5bef5678bffe4dd7b"},"headline":"Reconoce VIII Bienal de Artes Gr\u00e1ficas \u201cShinzaburo Takeda\u201d a 6 j\u00f3venes grabadores, 3 son de Oaxaca","datePublished":"2025-11-13T23:00:07+00:00","dateModified":"2025-11-13T23:00:14+00:00","mainEntityOfPage":{"@id":"https:\/\/www.bbmnoticias.com\/labravaradiofm\/2025\/11\/13\/reconoce-viii-bienal-de-artes-graficas-shinzaburo-takeda-a-6-jovenes-grabadores-3-son-de-oaxaca\/"},"wordCount":305,"image":{"@id":"https:\/\/www.bbmnoticias.com\/reconoce-viii-bienal-de-artes-graficas-shinzaburo-takeda-a-6-jovenes-grabadores-3-son-de-oaxaca\/#primaryimage"},"thumbnailUrl":"https:\/\/www.bbmnoticias.com\/labravaradiofm\/wp-content\/uploads\/sites\/5\/2025\/11\/thumbnail_PREMIACION-BIENAL-TAKEDA-1.jpg","articleSection":["LOCAL"],"inLanguage":"es"},{"@type":"WebPage","@id":"https:\/\/www.bbmnoticias.com\/labravaradiofm\/2025\/11\/13\/reconoce-viii-bienal-de-artes-graficas-shinzaburo-takeda-a-6-jovenes-grabadores-3-son-de-oaxaca\/","url":"https:\/\/www.bbmnoticias.com\/reconoce-viii-bienal-de-artes-graficas-shinzaburo-takeda-a-6-jovenes-grabadores-3-son-de-oaxaca\/","name":"Reconoce VIII Bienal de Artes Gr\u00e1ficas \u201cShinzaburo Takeda\u201d a 6 j\u00f3venes grabadores, 3 son de Oaxaca - LA BRAVA RADIO","isPartOf":{"@id":"https:\/\/www.bbmnoticias.com\/labravaradiofm\/#website"},"primaryImageOfPage":{"@id":"https:\/\/www.bbmnoticias.com\/reconoce-viii-bienal-de-artes-graficas-shinzaburo-takeda-a-6-jovenes-grabadores-3-son-de-oaxaca\/#primaryimage"},"image":{"@id":"https:\/\/www.bbmnoticias.com\/reconoce-viii-bienal-de-artes-graficas-shinzaburo-takeda-a-6-jovenes-grabadores-3-son-de-oaxaca\/#primaryimage"},"thumbnailUrl":"https:\/\/www.bbmnoticias.com\/labravaradiofm\/wp-content\/uploads\/sites\/5\/2025\/11\/thumbnail_PREMIACION-BIENAL-TAKEDA-1.jpg","datePublished":"2025-11-13T23:00:07+00:00","dateModified":"2025-11-13T23:00:14+00:00","author":{"@id":"https:\/\/www.bbmnoticias.com\/labravaradiofm\/#\/schema\/person\/34b139c617a70ea5bef5678bffe4dd7b"},"breadcrumb":{"@id":"https:\/\/www.bbmnoticias.com\/reconoce-viii-bienal-de-artes-graficas-shinzaburo-takeda-a-6-jovenes-grabadores-3-son-de-oaxaca\/#breadcrumb"},"inLanguage":"es","potentialAction":[{"@type":"ReadAction","target":["https:\/\/www.bbmnoticias.com\/reconoce-viii-bienal-de-artes-graficas-shinzaburo-takeda-a-6-jovenes-grabadores-3-son-de-oaxaca\/"]}]},{"@type":"ImageObject","inLanguage":"es","@id":"https:\/\/www.bbmnoticias.com\/reconoce-viii-bienal-de-artes-graficas-shinzaburo-takeda-a-6-jovenes-grabadores-3-son-de-oaxaca\/#primaryimage","url":"https:\/\/www.bbmnoticias.com\/labravaradiofm\/wp-content\/uploads\/sites\/5\/2025\/11\/thumbnail_PREMIACION-BIENAL-TAKEDA-1.jpg","contentUrl":"https:\/\/www.bbmnoticias.com\/labravaradiofm\/wp-content\/uploads\/sites\/5\/2025\/11\/thumbnail_PREMIACION-BIENAL-TAKEDA-1.jpg","width":750,"height":499},{"@type":"BreadcrumbList","@id":"https:\/\/www.bbmnoticias.com\/reconoce-viii-bienal-de-artes-graficas-shinzaburo-takeda-a-6-jovenes-grabadores-3-son-de-oaxaca\/#breadcrumb","itemListElement":[{"@type":"ListItem","position":1,"name":"Inicio","item":"https:\/\/www.bbmnoticias.com\/labravaradiofm\/"},{"@type":"ListItem","position":2,"name":"Reconoce VIII Bienal de Artes Gr\u00e1ficas \u201cShinzaburo Takeda\u201d a 6 j\u00f3venes grabadores, 3 son de Oaxaca"}]},{"@type":"WebSite","@id":"https:\/\/www.bbmnoticias.com\/labravaradiofm\/#website","url":"https:\/\/www.bbmnoticias.com\/labravaradiofm\/","name":"LA BRAVA RADIO","description":"Empresa productora de medios, Radiodifusi\u00f3n, Noticias, tendencias y todo lo que necesitas saber de la pol\u00edtica mexicana e internacional; entretenimiento, espect\u00e1culos, salud y mucho m\u00e1s.","potentialAction":[{"@type":"SearchAction","target":{"@type":"EntryPoint","urlTemplate":"https:\/\/www.bbmnoticias.com\/labravaradiofm\/?s={search_term_string}"},"query-input":{"@type":"PropertyValueSpecification","valueRequired":true,"valueName":"search_term_string"}}],"inLanguage":"es"},{"@type":"Person","@id":"https:\/\/www.bbmnoticias.com\/labravaradiofm\/#\/schema\/person\/34b139c617a70ea5bef5678bffe4dd7b","name":"Staff","image":{"@type":"ImageObject","inLanguage":"es","@id":"https:\/\/secure.gravatar.com\/avatar\/fdd21ad66fd8b98c407f9dee5b5e588cfe7f0d8579ec20fa6527cd59bab7f0f0?s=96&d=mm&r=g","url":"https:\/\/secure.gravatar.com\/avatar\/fdd21ad66fd8b98c407f9dee5b5e588cfe7f0d8579ec20fa6527cd59bab7f0f0?s=96&d=mm&r=g","contentUrl":"https:\/\/secure.gravatar.com\/avatar\/fdd21ad66fd8b98c407f9dee5b5e588cfe7f0d8579ec20fa6527cd59bab7f0f0?s=96&d=mm&r=g","caption":"Staff"},"url":"https:\/\/www.bbmnoticias.com\/labravaradiofm\/author\/redaccion\/"}]}},"_links":{"self":[{"href":"https:\/\/www.bbmnoticias.com\/labravaradiofm\/wp-json\/wp\/v2\/posts\/69810","targetHints":{"allow":["GET"]}}],"collection":[{"href":"https:\/\/www.bbmnoticias.com\/labravaradiofm\/wp-json\/wp\/v2\/posts"}],"about":[{"href":"https:\/\/www.bbmnoticias.com\/labravaradiofm\/wp-json\/wp\/v2\/types\/post"}],"author":[{"embeddable":true,"href":"https:\/\/www.bbmnoticias.com\/labravaradiofm\/wp-json\/wp\/v2\/users\/2"}],"replies":[{"embeddable":true,"href":"https:\/\/www.bbmnoticias.com\/labravaradiofm\/wp-json\/wp\/v2\/comments?post=69810"}],"version-history":[{"count":0,"href":"https:\/\/www.bbmnoticias.com\/labravaradiofm\/wp-json\/wp\/v2\/posts\/69810\/revisions"}],"wp:featuredmedia":[{"embeddable":true,"href":"https:\/\/www.bbmnoticias.com\/labravaradiofm\/wp-json\/wp\/v2\/media\/69812"}],"wp:attachment":[{"href":"https:\/\/www.bbmnoticias.com\/labravaradiofm\/wp-json\/wp\/v2\/media?parent=69810"}],"wp:term":[{"taxonomy":"category","embeddable":true,"href":"https:\/\/www.bbmnoticias.com\/labravaradiofm\/wp-json\/wp\/v2\/categories?post=69810"},{"taxonomy":"post_tag","embeddable":true,"href":"https:\/\/www.bbmnoticias.com\/labravaradiofm\/wp-json\/wp\/v2\/tags?post=69810"}],"curies":[{"name":"wp","href":"https:\/\/api.w.org\/{rel}","templated":true}]}}