{"id":6981,"date":"2021-12-10T15:05:18","date_gmt":"2021-12-10T21:05:18","guid":{"rendered":"https:\/\/www.bbmnoticias.com\/labravaradiofm\/?p=6981"},"modified":"2021-12-10T15:05:19","modified_gmt":"2021-12-10T21:05:19","slug":"iberdrola-pierde-amparo-le-cobraran-mas-por-usar-las-lineas-de-la-cfe","status":"publish","type":"post","link":"https:\/\/www.bbmnoticias.com\/labravaradiofm\/2021\/12\/10\/iberdrola-pierde-amparo-le-cobraran-mas-por-usar-las-lineas-de-la-cfe\/","title":{"rendered":"Iberdrola pierde amparo; le cobrar\u00e1n m\u00e1s por usar las l\u00edneas de la CFE"},"content":{"rendered":"<div style=\"margin-top: 0px; margin-bottom: 0px;\" class=\"sharethis-inline-share-buttons\" ><\/div>\n<p><strong>Iberdrola <\/strong>pierde amparo; le cobrar\u00e1n m\u00e1s por usar las l\u00edneas de la CFE, determina el Poder Judicial de la Federaci\u00f3n.<\/p>\n\n\n\n<p>El juez segundo de distrito <strong>Juan Pablo G\u00f3mez Fierro<\/strong>, neg\u00f3 un amparo a la empresa espa\u00f1ola Iberdrola frente a la Comisi\u00f3n Federal de Electricidad (<strong>CFE<\/strong>).<\/p>\n\n\n\n<p>Dicho amparo debat\u00eda el incremento tarifario por el servicio de<strong> transmisi\u00f3n de energ\u00eda <\/strong>hacia empresas con permisos legados de auto abasto.<\/p>\n\n\n\n<p>Sin embargo, el Poder Judicial de la Federaci\u00f3n determin\u00f3 darle la raz\u00f3n a la CFE as\u00ed como a la posici\u00f3n del gobierno federal por cobrar m\u00e1s a las empresas que tienen un esquema de autoabastecimiento de energ\u00eda.<\/p>\n\n\n\n<h2 class=\"wp-block-heading\">CFE cobrar\u00e1 m\u00e1s a empresas por auto abasto de energ\u00eda<\/h2>\n\n\n\n<p>Desde el pasado 1 de julio, la CFE decidi\u00f3 cobrar m\u00e1s por la transmisi\u00f3n de electricidad renovable y de cogeneraci\u00f3n producida por empresas privadas para su auto abasto.<\/p>\n\n\n\n<p>Decisi\u00f3n que fue implementada por la empresa estatal al reconocer que el <strong>auto abasto <\/strong>el\u00e9ctrico generaba p\u00e9rdidas promedio por 7 mil 500 millones de pesos anuales.<\/p>\n\n\n\n<p>Cifra que se obten\u00eda ante los bajos cargos del denominado<strong> \u201cporteo estampilla\u201d<\/strong>, ya que el esquema de auto abasto permite obtener miles de socios de las centrales con solo un peso.<\/p>\n\n\n\n<h2 class=\"wp-block-heading\">\u00bfCu\u00e1les fueron los argumentos de la empresa Iberdrola contra la norma de la CFE?<\/h2>\n\n\n\n<p>Entre algunos de los argumentos de la empresa<strong> Iberdrola <\/strong>se\u00f1alados en el amparo contra la CFE, se encuentra que la aplicaci\u00f3n de la norma podr\u00eda tener implicaciones negativas a mediano y largo plazos, como:<\/p>\n\n\n\n<ul class=\"wp-block-list\"><li>P\u00e9rdida de las inversiones realizadas para la instalaci\u00f3n de centrales el\u00e9ctricas<\/li><li>Inviabilidad financiera para seguir operando las centrales, lo que podr\u00eda llevar a su cierre<\/li><li>Eliminaci\u00f3n de incentivos para seguir en el esquema de auto abasto<\/li><li>As\u00ed como desincentivar inversiones futuras.<\/li><\/ul>\n\n\n\n<p>Argumentos que fueron descalificados por el juez segundo de distrito <strong>Juan Pablo G\u00f3mez Fierro <\/strong>al considerar se sustentan en situaciones \u201chipot\u00e9ticas\u201d.<\/p>\n\n\n\n<p>La empresa Iberdrola tambi\u00e9n destac\u00f3 que con los cambios en las tarifas, sus empresas han enfrentado cargos por el servicio de transmisi\u00f3n con un incremento de entre 105 y 236 por ciento.<\/p>\n\n\n\n<p>Razonamiento que tambi\u00e9n fue desacreditado al se\u00f1alar que los cargos por servicios de transmisi\u00f3n no pueden mantenerse est\u00e1ticos, sino que var\u00edan a lo largo del tiempo en funci\u00f3n de la evaluaci\u00f3n del sistema.<\/p>\n","protected":false},"excerpt":{"rendered":"<p>Iberdrola pierde amparo; le cobrar\u00e1n m\u00e1s por usar las l\u00edneas de la CFE, determina el Poder Judicial de la Federaci\u00f3n. El juez segundo de distrito Juan Pablo G\u00f3mez Fierro, neg\u00f3 un amparo a la empresa espa\u00f1ola Iberdrola frente a la Comisi\u00f3n Federal de Electricidad (CFE). Dicho amparo debat\u00eda el incremento tarifario por el servicio de [&hellip;]<\/p>\n","protected":false},"author":12,"featured_media":6982,"comment_status":"closed","ping_status":"closed","sticky":false,"template":"","format":"standard","meta":{"footnotes":""},"categories":[19],"tags":[],"class_list":{"0":"post-6981","1":"post","2":"type-post","3":"status-publish","4":"format-standard","5":"has-post-thumbnail","7":"category-nacional"},"yoast_head":"<!-- This site is optimized with the Yoast SEO plugin v27.4 - https:\/\/yoast.com\/product\/yoast-seo-wordpress\/ -->\n<title>Iberdrola pierde amparo; le cobrar\u00e1n m\u00e1s por usar las l\u00edneas de la CFE - LA BRAVA RADIO<\/title>\n<meta name=\"robots\" content=\"index, follow, max-snippet:-1, max-image-preview:large, max-video-preview:-1\" \/>\n<link rel=\"canonical\" href=\"https:\/\/www.bbmnoticias.com\/labravaradiofm\/2021\/12\/10\/iberdrola-pierde-amparo-le-cobraran-mas-por-usar-las-lineas-de-la-cfe\/\" \/>\n<meta property=\"og:locale\" content=\"es_MX\" \/>\n<meta property=\"og:type\" content=\"article\" \/>\n<meta property=\"og:title\" content=\"Iberdrola pierde amparo; le cobrar\u00e1n m\u00e1s por usar las l\u00edneas de la CFE - LA BRAVA RADIO\" \/>\n<meta property=\"og:description\" content=\"Iberdrola pierde amparo; le cobrar\u00e1n m\u00e1s por usar las l\u00edneas de la CFE, determina el Poder Judicial de la Federaci\u00f3n. El juez segundo de distrito Juan Pablo G\u00f3mez Fierro, neg\u00f3 un amparo a la empresa espa\u00f1ola Iberdrola frente a la Comisi\u00f3n Federal de Electricidad (CFE). Dicho amparo debat\u00eda el incremento tarifario por el servicio de [&hellip;]\" \/>\n<meta property=\"og:url\" content=\"https:\/\/www.bbmnoticias.com\/labravaradiofm\/2021\/12\/10\/iberdrola-pierde-amparo-le-cobraran-mas-por-usar-las-lineas-de-la-cfe\/\" \/>\n<meta property=\"og:site_name\" content=\"LA BRAVA RADIO\" \/>\n<meta property=\"article:published_time\" content=\"2021-12-10T21:05:18+00:00\" \/>\n<meta property=\"article:modified_time\" content=\"2021-12-10T21:05:19+00:00\" \/>\n<meta property=\"og:image\" content=\"https:\/\/www.bbmnoticias.com\/labravaradiofm\/wp-content\/uploads\/sites\/5\/2021\/12\/iberdrola.jpg\" \/>\n\t<meta property=\"og:image:width\" content=\"640\" \/>\n\t<meta property=\"og:image:height\" content=\"360\" \/>\n\t<meta property=\"og:image:type\" content=\"image\/jpeg\" \/>\n<meta name=\"author\" content=\"SDPnoticias\" \/>\n<meta name=\"twitter:card\" content=\"summary_large_image\" \/>\n<meta name=\"twitter:label1\" content=\"Escrito por\" \/>\n\t<meta name=\"twitter:data1\" content=\"SDPnoticias\" \/>\n\t<meta name=\"twitter:label2\" content=\"Tiempo de lectura\" \/>\n\t<meta name=\"twitter:data2\" content=\"2 minutos\" \/>\n<script type=\"application\/ld+json\" class=\"yoast-schema-graph\">{\"@context\":\"https:\\\/\\\/schema.org\",\"@graph\":[{\"@type\":\"Article\",\"@id\":\"https:\\\/\\\/www.bbmnoticias.com\\\/labravaradiofm\\\/2021\\\/12\\\/10\\\/iberdrola-pierde-amparo-le-cobraran-mas-por-usar-las-lineas-de-la-cfe\\\/#article\",\"isPartOf\":{\"@id\":\"https:\\\/\\\/www.bbmnoticias.com\\\/labravaradiofm\\\/2021\\\/12\\\/10\\\/iberdrola-pierde-amparo-le-cobraran-mas-por-usar-las-lineas-de-la-cfe\\\/\"},\"author\":{\"name\":\"SDPnoticias\",\"@id\":\"https:\\\/\\\/www.bbmnoticias.com\\\/labravaradiofm\\\/#\\\/schema\\\/person\\\/baf240d77a345f5fbc3dc146f9161af9\"},\"headline\":\"Iberdrola pierde amparo; le cobrar\u00e1n m\u00e1s por usar las l\u00edneas de la CFE\",\"datePublished\":\"2021-12-10T21:05:18+00:00\",\"dateModified\":\"2021-12-10T21:05:19+00:00\",\"mainEntityOfPage\":{\"@id\":\"https:\\\/\\\/www.bbmnoticias.com\\\/labravaradiofm\\\/2021\\\/12\\\/10\\\/iberdrola-pierde-amparo-le-cobraran-mas-por-usar-las-lineas-de-la-cfe\\\/\"},\"wordCount\":428,\"image\":{\"@id\":\"https:\\\/\\\/www.bbmnoticias.com\\\/labravaradiofm\\\/2021\\\/12\\\/10\\\/iberdrola-pierde-amparo-le-cobraran-mas-por-usar-las-lineas-de-la-cfe\\\/#primaryimage\"},\"thumbnailUrl\":\"https:\\\/\\\/www.bbmnoticias.com\\\/labravaradiofm\\\/wp-content\\\/uploads\\\/sites\\\/5\\\/2021\\\/12\\\/iberdrola.jpg\",\"articleSection\":[\"NACIONAL\"],\"inLanguage\":\"es\"},{\"@type\":\"WebPage\",\"@id\":\"https:\\\/\\\/www.bbmnoticias.com\\\/labravaradiofm\\\/2021\\\/12\\\/10\\\/iberdrola-pierde-amparo-le-cobraran-mas-por-usar-las-lineas-de-la-cfe\\\/\",\"url\":\"https:\\\/\\\/www.bbmnoticias.com\\\/labravaradiofm\\\/2021\\\/12\\\/10\\\/iberdrola-pierde-amparo-le-cobraran-mas-por-usar-las-lineas-de-la-cfe\\\/\",\"name\":\"Iberdrola pierde amparo; le cobrar\u00e1n m\u00e1s por usar las l\u00edneas de la CFE - LA BRAVA RADIO\",\"isPartOf\":{\"@id\":\"https:\\\/\\\/www.bbmnoticias.com\\\/labravaradiofm\\\/#website\"},\"primaryImageOfPage\":{\"@id\":\"https:\\\/\\\/www.bbmnoticias.com\\\/labravaradiofm\\\/2021\\\/12\\\/10\\\/iberdrola-pierde-amparo-le-cobraran-mas-por-usar-las-lineas-de-la-cfe\\\/#primaryimage\"},\"image\":{\"@id\":\"https:\\\/\\\/www.bbmnoticias.com\\\/labravaradiofm\\\/2021\\\/12\\\/10\\\/iberdrola-pierde-amparo-le-cobraran-mas-por-usar-las-lineas-de-la-cfe\\\/#primaryimage\"},\"thumbnailUrl\":\"https:\\\/\\\/www.bbmnoticias.com\\\/labravaradiofm\\\/wp-content\\\/uploads\\\/sites\\\/5\\\/2021\\\/12\\\/iberdrola.jpg\",\"datePublished\":\"2021-12-10T21:05:18+00:00\",\"dateModified\":\"2021-12-10T21:05:19+00:00\",\"author\":{\"@id\":\"https:\\\/\\\/www.bbmnoticias.com\\\/labravaradiofm\\\/#\\\/schema\\\/person\\\/baf240d77a345f5fbc3dc146f9161af9\"},\"breadcrumb\":{\"@id\":\"https:\\\/\\\/www.bbmnoticias.com\\\/labravaradiofm\\\/2021\\\/12\\\/10\\\/iberdrola-pierde-amparo-le-cobraran-mas-por-usar-las-lineas-de-la-cfe\\\/#breadcrumb\"},\"inLanguage\":\"es\",\"potentialAction\":[{\"@type\":\"ReadAction\",\"target\":[\"https:\\\/\\\/www.bbmnoticias.com\\\/labravaradiofm\\\/2021\\\/12\\\/10\\\/iberdrola-pierde-amparo-le-cobraran-mas-por-usar-las-lineas-de-la-cfe\\\/\"]}]},{\"@type\":\"ImageObject\",\"inLanguage\":\"es\",\"@id\":\"https:\\\/\\\/www.bbmnoticias.com\\\/labravaradiofm\\\/2021\\\/12\\\/10\\\/iberdrola-pierde-amparo-le-cobraran-mas-por-usar-las-lineas-de-la-cfe\\\/#primaryimage\",\"url\":\"https:\\\/\\\/www.bbmnoticias.com\\\/labravaradiofm\\\/wp-content\\\/uploads\\\/sites\\\/5\\\/2021\\\/12\\\/iberdrola.jpg\",\"contentUrl\":\"https:\\\/\\\/www.bbmnoticias.com\\\/labravaradiofm\\\/wp-content\\\/uploads\\\/sites\\\/5\\\/2021\\\/12\\\/iberdrola.jpg\",\"width\":640,\"height\":360},{\"@type\":\"BreadcrumbList\",\"@id\":\"https:\\\/\\\/www.bbmnoticias.com\\\/labravaradiofm\\\/2021\\\/12\\\/10\\\/iberdrola-pierde-amparo-le-cobraran-mas-por-usar-las-lineas-de-la-cfe\\\/#breadcrumb\",\"itemListElement\":[{\"@type\":\"ListItem\",\"position\":1,\"name\":\"Inicio\",\"item\":\"https:\\\/\\\/www.bbmnoticias.com\\\/labravaradiofm\\\/\"},{\"@type\":\"ListItem\",\"position\":2,\"name\":\"Iberdrola pierde amparo; le cobrar\u00e1n m\u00e1s por usar las l\u00edneas de la CFE\"}]},{\"@type\":\"WebSite\",\"@id\":\"https:\\\/\\\/www.bbmnoticias.com\\\/labravaradiofm\\\/#website\",\"url\":\"https:\\\/\\\/www.bbmnoticias.com\\\/labravaradiofm\\\/\",\"name\":\"LA BRAVA RADIO\",\"description\":\"Empresa productora de medios, Radiodifusi\u00f3n, Noticias, tendencias y todo lo que necesitas saber de la pol\u00edtica mexicana e internacional; entretenimiento, espect\u00e1culos, salud y mucho m\u00e1s.\",\"potentialAction\":[{\"@type\":\"SearchAction\",\"target\":{\"@type\":\"EntryPoint\",\"urlTemplate\":\"https:\\\/\\\/www.bbmnoticias.com\\\/labravaradiofm\\\/?s={search_term_string}\"},\"query-input\":{\"@type\":\"PropertyValueSpecification\",\"valueRequired\":true,\"valueName\":\"search_term_string\"}}],\"inLanguage\":\"es\"},{\"@type\":\"Person\",\"@id\":\"https:\\\/\\\/www.bbmnoticias.com\\\/labravaradiofm\\\/#\\\/schema\\\/person\\\/baf240d77a345f5fbc3dc146f9161af9\",\"name\":\"SDPnoticias\",\"image\":{\"@type\":\"ImageObject\",\"inLanguage\":\"es\",\"@id\":\"https:\\\/\\\/secure.gravatar.com\\\/avatar\\\/015ede9175a06d999d8b2b09e108b48c9e008e4ee44a647956086b51bbce326c?s=96&d=mm&r=g\",\"url\":\"https:\\\/\\\/secure.gravatar.com\\\/avatar\\\/015ede9175a06d999d8b2b09e108b48c9e008e4ee44a647956086b51bbce326c?s=96&d=mm&r=g\",\"contentUrl\":\"https:\\\/\\\/secure.gravatar.com\\\/avatar\\\/015ede9175a06d999d8b2b09e108b48c9e008e4ee44a647956086b51bbce326c?s=96&d=mm&r=g\",\"caption\":\"SDPnoticias\"},\"url\":\"https:\\\/\\\/www.bbmnoticias.com\\\/labravaradiofm\\\/author\\\/sdpnoticias\\\/\"}]}<\/script>\n<!-- \/ Yoast SEO plugin. -->","yoast_head_json":{"title":"Iberdrola pierde amparo; le cobrar\u00e1n m\u00e1s por usar las l\u00edneas de la CFE - LA BRAVA RADIO","robots":{"index":"index","follow":"follow","max-snippet":"max-snippet:-1","max-image-preview":"max-image-preview:large","max-video-preview":"max-video-preview:-1"},"canonical":"https:\/\/www.bbmnoticias.com\/labravaradiofm\/2021\/12\/10\/iberdrola-pierde-amparo-le-cobraran-mas-por-usar-las-lineas-de-la-cfe\/","og_locale":"es_MX","og_type":"article","og_title":"Iberdrola pierde amparo; le cobrar\u00e1n m\u00e1s por usar las l\u00edneas de la CFE - LA BRAVA RADIO","og_description":"Iberdrola pierde amparo; le cobrar\u00e1n m\u00e1s por usar las l\u00edneas de la CFE, determina el Poder Judicial de la Federaci\u00f3n. El juez segundo de distrito Juan Pablo G\u00f3mez Fierro, neg\u00f3 un amparo a la empresa espa\u00f1ola Iberdrola frente a la Comisi\u00f3n Federal de Electricidad (CFE). Dicho amparo debat\u00eda el incremento tarifario por el servicio de [&hellip;]","og_url":"https:\/\/www.bbmnoticias.com\/labravaradiofm\/2021\/12\/10\/iberdrola-pierde-amparo-le-cobraran-mas-por-usar-las-lineas-de-la-cfe\/","og_site_name":"LA BRAVA RADIO","article_published_time":"2021-12-10T21:05:18+00:00","article_modified_time":"2021-12-10T21:05:19+00:00","og_image":[{"width":640,"height":360,"url":"https:\/\/www.bbmnoticias.com\/labravaradiofm\/wp-content\/uploads\/sites\/5\/2021\/12\/iberdrola.jpg","type":"image\/jpeg"}],"author":"SDPnoticias","twitter_card":"summary_large_image","twitter_misc":{"Escrito por":"SDPnoticias","Tiempo de lectura":"2 minutos"},"schema":{"@context":"https:\/\/schema.org","@graph":[{"@type":"Article","@id":"https:\/\/www.bbmnoticias.com\/labravaradiofm\/2021\/12\/10\/iberdrola-pierde-amparo-le-cobraran-mas-por-usar-las-lineas-de-la-cfe\/#article","isPartOf":{"@id":"https:\/\/www.bbmnoticias.com\/labravaradiofm\/2021\/12\/10\/iberdrola-pierde-amparo-le-cobraran-mas-por-usar-las-lineas-de-la-cfe\/"},"author":{"name":"SDPnoticias","@id":"https:\/\/www.bbmnoticias.com\/labravaradiofm\/#\/schema\/person\/baf240d77a345f5fbc3dc146f9161af9"},"headline":"Iberdrola pierde amparo; le cobrar\u00e1n m\u00e1s por usar las l\u00edneas de la CFE","datePublished":"2021-12-10T21:05:18+00:00","dateModified":"2021-12-10T21:05:19+00:00","mainEntityOfPage":{"@id":"https:\/\/www.bbmnoticias.com\/labravaradiofm\/2021\/12\/10\/iberdrola-pierde-amparo-le-cobraran-mas-por-usar-las-lineas-de-la-cfe\/"},"wordCount":428,"image":{"@id":"https:\/\/www.bbmnoticias.com\/labravaradiofm\/2021\/12\/10\/iberdrola-pierde-amparo-le-cobraran-mas-por-usar-las-lineas-de-la-cfe\/#primaryimage"},"thumbnailUrl":"https:\/\/www.bbmnoticias.com\/labravaradiofm\/wp-content\/uploads\/sites\/5\/2021\/12\/iberdrola.jpg","articleSection":["NACIONAL"],"inLanguage":"es"},{"@type":"WebPage","@id":"https:\/\/www.bbmnoticias.com\/labravaradiofm\/2021\/12\/10\/iberdrola-pierde-amparo-le-cobraran-mas-por-usar-las-lineas-de-la-cfe\/","url":"https:\/\/www.bbmnoticias.com\/labravaradiofm\/2021\/12\/10\/iberdrola-pierde-amparo-le-cobraran-mas-por-usar-las-lineas-de-la-cfe\/","name":"Iberdrola pierde amparo; le cobrar\u00e1n m\u00e1s por usar las l\u00edneas de la CFE - LA BRAVA RADIO","isPartOf":{"@id":"https:\/\/www.bbmnoticias.com\/labravaradiofm\/#website"},"primaryImageOfPage":{"@id":"https:\/\/www.bbmnoticias.com\/labravaradiofm\/2021\/12\/10\/iberdrola-pierde-amparo-le-cobraran-mas-por-usar-las-lineas-de-la-cfe\/#primaryimage"},"image":{"@id":"https:\/\/www.bbmnoticias.com\/labravaradiofm\/2021\/12\/10\/iberdrola-pierde-amparo-le-cobraran-mas-por-usar-las-lineas-de-la-cfe\/#primaryimage"},"thumbnailUrl":"https:\/\/www.bbmnoticias.com\/labravaradiofm\/wp-content\/uploads\/sites\/5\/2021\/12\/iberdrola.jpg","datePublished":"2021-12-10T21:05:18+00:00","dateModified":"2021-12-10T21:05:19+00:00","author":{"@id":"https:\/\/www.bbmnoticias.com\/labravaradiofm\/#\/schema\/person\/baf240d77a345f5fbc3dc146f9161af9"},"breadcrumb":{"@id":"https:\/\/www.bbmnoticias.com\/labravaradiofm\/2021\/12\/10\/iberdrola-pierde-amparo-le-cobraran-mas-por-usar-las-lineas-de-la-cfe\/#breadcrumb"},"inLanguage":"es","potentialAction":[{"@type":"ReadAction","target":["https:\/\/www.bbmnoticias.com\/labravaradiofm\/2021\/12\/10\/iberdrola-pierde-amparo-le-cobraran-mas-por-usar-las-lineas-de-la-cfe\/"]}]},{"@type":"ImageObject","inLanguage":"es","@id":"https:\/\/www.bbmnoticias.com\/labravaradiofm\/2021\/12\/10\/iberdrola-pierde-amparo-le-cobraran-mas-por-usar-las-lineas-de-la-cfe\/#primaryimage","url":"https:\/\/www.bbmnoticias.com\/labravaradiofm\/wp-content\/uploads\/sites\/5\/2021\/12\/iberdrola.jpg","contentUrl":"https:\/\/www.bbmnoticias.com\/labravaradiofm\/wp-content\/uploads\/sites\/5\/2021\/12\/iberdrola.jpg","width":640,"height":360},{"@type":"BreadcrumbList","@id":"https:\/\/www.bbmnoticias.com\/labravaradiofm\/2021\/12\/10\/iberdrola-pierde-amparo-le-cobraran-mas-por-usar-las-lineas-de-la-cfe\/#breadcrumb","itemListElement":[{"@type":"ListItem","position":1,"name":"Inicio","item":"https:\/\/www.bbmnoticias.com\/labravaradiofm\/"},{"@type":"ListItem","position":2,"name":"Iberdrola pierde amparo; le cobrar\u00e1n m\u00e1s por usar las l\u00edneas de la CFE"}]},{"@type":"WebSite","@id":"https:\/\/www.bbmnoticias.com\/labravaradiofm\/#website","url":"https:\/\/www.bbmnoticias.com\/labravaradiofm\/","name":"LA BRAVA RADIO","description":"Empresa productora de medios, Radiodifusi\u00f3n, Noticias, tendencias y todo lo que necesitas saber de la pol\u00edtica mexicana e internacional; entretenimiento, espect\u00e1culos, salud y mucho m\u00e1s.","potentialAction":[{"@type":"SearchAction","target":{"@type":"EntryPoint","urlTemplate":"https:\/\/www.bbmnoticias.com\/labravaradiofm\/?s={search_term_string}"},"query-input":{"@type":"PropertyValueSpecification","valueRequired":true,"valueName":"search_term_string"}}],"inLanguage":"es"},{"@type":"Person","@id":"https:\/\/www.bbmnoticias.com\/labravaradiofm\/#\/schema\/person\/baf240d77a345f5fbc3dc146f9161af9","name":"SDPnoticias","image":{"@type":"ImageObject","inLanguage":"es","@id":"https:\/\/secure.gravatar.com\/avatar\/015ede9175a06d999d8b2b09e108b48c9e008e4ee44a647956086b51bbce326c?s=96&d=mm&r=g","url":"https:\/\/secure.gravatar.com\/avatar\/015ede9175a06d999d8b2b09e108b48c9e008e4ee44a647956086b51bbce326c?s=96&d=mm&r=g","contentUrl":"https:\/\/secure.gravatar.com\/avatar\/015ede9175a06d999d8b2b09e108b48c9e008e4ee44a647956086b51bbce326c?s=96&d=mm&r=g","caption":"SDPnoticias"},"url":"https:\/\/www.bbmnoticias.com\/labravaradiofm\/author\/sdpnoticias\/"}]}},"_links":{"self":[{"href":"https:\/\/www.bbmnoticias.com\/labravaradiofm\/wp-json\/wp\/v2\/posts\/6981","targetHints":{"allow":["GET"]}}],"collection":[{"href":"https:\/\/www.bbmnoticias.com\/labravaradiofm\/wp-json\/wp\/v2\/posts"}],"about":[{"href":"https:\/\/www.bbmnoticias.com\/labravaradiofm\/wp-json\/wp\/v2\/types\/post"}],"author":[{"embeddable":true,"href":"https:\/\/www.bbmnoticias.com\/labravaradiofm\/wp-json\/wp\/v2\/users\/12"}],"replies":[{"embeddable":true,"href":"https:\/\/www.bbmnoticias.com\/labravaradiofm\/wp-json\/wp\/v2\/comments?post=6981"}],"version-history":[{"count":0,"href":"https:\/\/www.bbmnoticias.com\/labravaradiofm\/wp-json\/wp\/v2\/posts\/6981\/revisions"}],"wp:featuredmedia":[{"embeddable":true,"href":"https:\/\/www.bbmnoticias.com\/labravaradiofm\/wp-json\/wp\/v2\/media\/6982"}],"wp:attachment":[{"href":"https:\/\/www.bbmnoticias.com\/labravaradiofm\/wp-json\/wp\/v2\/media?parent=6981"}],"wp:term":[{"taxonomy":"category","embeddable":true,"href":"https:\/\/www.bbmnoticias.com\/labravaradiofm\/wp-json\/wp\/v2\/categories?post=6981"},{"taxonomy":"post_tag","embeddable":true,"href":"https:\/\/www.bbmnoticias.com\/labravaradiofm\/wp-json\/wp\/v2\/tags?post=6981"}],"curies":[{"name":"wp","href":"https:\/\/api.w.org\/{rel}","templated":true}]}}