{"id":69807,"date":"2025-11-13T16:58:14","date_gmt":"2025-11-13T22:58:14","guid":{"rendered":"https:\/\/www.bbmnoticias.com\/labravaradiofm\/2025\/11\/13\/detenido-por-agresion-con-arma-de-fuego-contra-motociclista-ocurrida-en-huajuapan-de-leon\/"},"modified":"2025-11-13T16:58:44","modified_gmt":"2025-11-13T22:58:44","slug":"detenido-por-agresion-con-arma-de-fuego-contra-motociclista-ocurrida-en-huajuapan-de-leon","status":"publish","type":"post","link":"https:\/\/www.bbmnoticias.com\/labravaradiofm\/2025\/11\/13\/detenido-por-agresion-con-arma-de-fuego-contra-motociclista-ocurrida-en-huajuapan-de-leon\/","title":{"rendered":"Detenido por agresi\u00f3n con arma de fuego contra motociclista ocurrida en Huajuapan de Le\u00f3n"},"content":{"rendered":"<div style=\"margin-top: 0px; margin-bottom: 0px;\" class=\"sharethis-inline-share-buttons\" ><\/div>\n<p><strong>Oaxaca de Ju\u00e1rez, Oax.- <\/strong>Las investigaciones ministeriales a cargo de la Fiscal\u00eda General del Estado de Oaxaca (FGEO) permitieron la ejecuci\u00f3n de una orden de aprehensi\u00f3n en contra de una persona del sexo masculino identificada como E.S.M., por el delito de homicidio calificado con ventaja en grado de tentativa, cometido en agravio de J.M.G.R., en hechos ocurridos en la regi\u00f3n de la Mixteca.<\/p>\n\n\n\n<p>De acuerdo con el expediente penal, los hechos ocurrieron el 22 de febrero de 2025, cuando la v\u00edctima se trasladaba a bordo de una motocicleta, en un camino de terracer\u00eda ubicado en el Cerro del Ticoco, en el municipio de Huajuapan de Le\u00f3n.<\/p>\n\n\n\n<p>Las investigaciones revelan que, en ese lugar, una persona del sexo masculino lo agredi\u00f3 con disparos de arma de fuego, infligiendo lesiones de gravedad, tras perpetrar el ataque, el responsable huy\u00f3 a bordo de una motocicleta.<\/p>\n\n\n\n<p>Tras tomar conocimiento del caso, la FGEO, a trav\u00e9s de la Vicefiscal\u00eda Regional de la Mixteca, llev\u00f3 a cabo una investigaci\u00f3n exhaustiva que permiti\u00f3 obtener una orden de aprehensi\u00f3n emitida por un Juez, la cual fue cumplimentada por elementos de la Agencia Estatal de Investigaciones (AEI) por el delito de homicidio calificado con ventaja en grado de tentativa contra E.S.M.<\/p>\n\n\n\n<p>Una vez detenido, el imputado fue puesto a disposici\u00f3n de la autoridad judicial que lo requiri\u00f3, para que se determine su situaci\u00f3n jur\u00eddica.<\/p>\n\n\n\n<p>La Fiscal\u00eda General del Estado de Oaxaca reitera su compromiso de realizar investigaciones profesionales y exhaustivas que permitan esclarecer los delitos, aplicando todo el rigor de la ley a quien o quienes resulten responsables.<\/p>\n","protected":false},"excerpt":{"rendered":"<p>Oaxaca de Ju\u00e1rez, Oax.- Las investigaciones ministeriales a cargo de la Fiscal\u00eda General del Estado de Oaxaca (FGEO) permitieron la ejecuci\u00f3n de una orden de aprehensi\u00f3n en contra de una persona del sexo masculino identificada como E.S.M., por el delito de homicidio calificado con ventaja en grado de tentativa, cometido en agravio de J.M.G.R., en [&hellip;]<\/p>\n","protected":false},"author":2,"featured_media":69809,"comment_status":"closed","ping_status":"","sticky":false,"template":"","format":"standard","meta":{"footnotes":""},"categories":[2,20],"tags":[],"class_list":{"0":"post-69807","1":"post","2":"type-post","3":"status-publish","4":"format-standard","5":"has-post-thumbnail","7":"category-oaxaca","8":"category-policiaca"},"yoast_head":"<!-- This site is optimized with the Yoast SEO plugin v27.4 - https:\/\/yoast.com\/product\/yoast-seo-wordpress\/ -->\n<title>Detenido por agresi\u00f3n con arma de fuego contra motociclista ocurrida en Huajuapan de Le\u00f3n - LA BRAVA RADIO<\/title>\n<meta name=\"robots\" content=\"index, follow, max-snippet:-1, max-image-preview:large, max-video-preview:-1\" \/>\n<link rel=\"canonical\" href=\"https:\/\/www.bbmnoticias.com\/detenido-por-agresion-con-arma-de-fuego-contra-motociclista-ocurrida-en-huajuapan-de-leon\/\" \/>\n<meta property=\"og:locale\" content=\"es_MX\" \/>\n<meta property=\"og:type\" content=\"article\" \/>\n<meta property=\"og:title\" content=\"Detenido por agresi\u00f3n con arma de fuego contra motociclista ocurrida en Huajuapan de Le\u00f3n - LA BRAVA RADIO\" \/>\n<meta property=\"og:description\" content=\"Oaxaca de Ju\u00e1rez, Oax.- Las investigaciones ministeriales a cargo de la Fiscal\u00eda General del Estado de Oaxaca (FGEO) permitieron la ejecuci\u00f3n de una orden de aprehensi\u00f3n en contra de una persona del sexo masculino identificada como E.S.M., por el delito de homicidio calificado con ventaja en grado de tentativa, cometido en agravio de J.M.G.R., en [&hellip;]\" \/>\n<meta property=\"og:url\" content=\"https:\/\/www.bbmnoticias.com\/detenido-por-agresion-con-arma-de-fuego-contra-motociclista-ocurrida-en-huajuapan-de-leon\/\" \/>\n<meta property=\"og:site_name\" content=\"LA BRAVA RADIO\" \/>\n<meta property=\"article:published_time\" content=\"2025-11-13T22:58:14+00:00\" \/>\n<meta property=\"article:modified_time\" content=\"2025-11-13T22:58:44+00:00\" \/>\n<meta property=\"og:image\" content=\"https:\/\/www.bbmnoticias.com\/labravaradiofm\/wp-content\/uploads\/sites\/5\/2025\/11\/656259.jpg\" \/>\n\t<meta property=\"og:image:width\" content=\"1009\" \/>\n\t<meta property=\"og:image:height\" content=\"722\" \/>\n\t<meta property=\"og:image:type\" content=\"image\/jpeg\" \/>\n<meta name=\"author\" content=\"Staff\" \/>\n<meta name=\"twitter:card\" content=\"summary_large_image\" \/>\n<meta name=\"twitter:label1\" content=\"Escrito por\" \/>\n\t<meta name=\"twitter:data1\" content=\"Staff\" \/>\n\t<meta name=\"twitter:label2\" content=\"Tiempo de lectura\" \/>\n\t<meta name=\"twitter:data2\" content=\"1 minuto\" \/>\n<script type=\"application\/ld+json\" class=\"yoast-schema-graph\">{\"@context\":\"https:\\\/\\\/schema.org\",\"@graph\":[{\"@type\":\"Article\",\"@id\":\"https:\\\/\\\/www.bbmnoticias.com\\\/detenido-por-agresion-con-arma-de-fuego-contra-motociclista-ocurrida-en-huajuapan-de-leon\\\/#article\",\"isPartOf\":{\"@id\":\"https:\\\/\\\/www.bbmnoticias.com\\\/labravaradiofm\\\/2025\\\/11\\\/13\\\/detenido-por-agresion-con-arma-de-fuego-contra-motociclista-ocurrida-en-huajuapan-de-leon\\\/\"},\"author\":{\"name\":\"Staff\",\"@id\":\"https:\\\/\\\/www.bbmnoticias.com\\\/labravaradiofm\\\/#\\\/schema\\\/person\\\/34b139c617a70ea5bef5678bffe4dd7b\"},\"headline\":\"Detenido por agresi\u00f3n con arma de fuego contra motociclista ocurrida en Huajuapan de Le\u00f3n\",\"datePublished\":\"2025-11-13T22:58:14+00:00\",\"dateModified\":\"2025-11-13T22:58:44+00:00\",\"mainEntityOfPage\":{\"@id\":\"https:\\\/\\\/www.bbmnoticias.com\\\/labravaradiofm\\\/2025\\\/11\\\/13\\\/detenido-por-agresion-con-arma-de-fuego-contra-motociclista-ocurrida-en-huajuapan-de-leon\\\/\"},\"wordCount\":297,\"image\":{\"@id\":\"https:\\\/\\\/www.bbmnoticias.com\\\/detenido-por-agresion-con-arma-de-fuego-contra-motociclista-ocurrida-en-huajuapan-de-leon\\\/#primaryimage\"},\"thumbnailUrl\":\"https:\\\/\\\/www.bbmnoticias.com\\\/labravaradiofm\\\/wp-content\\\/uploads\\\/sites\\\/5\\\/2025\\\/11\\\/656259.jpg\",\"articleSection\":[\"LOCAL\",\"POLICIACA\"],\"inLanguage\":\"es\"},{\"@type\":\"WebPage\",\"@id\":\"https:\\\/\\\/www.bbmnoticias.com\\\/labravaradiofm\\\/2025\\\/11\\\/13\\\/detenido-por-agresion-con-arma-de-fuego-contra-motociclista-ocurrida-en-huajuapan-de-leon\\\/\",\"url\":\"https:\\\/\\\/www.bbmnoticias.com\\\/detenido-por-agresion-con-arma-de-fuego-contra-motociclista-ocurrida-en-huajuapan-de-leon\\\/\",\"name\":\"Detenido por agresi\u00f3n con arma de fuego contra motociclista ocurrida en Huajuapan de Le\u00f3n - LA BRAVA RADIO\",\"isPartOf\":{\"@id\":\"https:\\\/\\\/www.bbmnoticias.com\\\/labravaradiofm\\\/#website\"},\"primaryImageOfPage\":{\"@id\":\"https:\\\/\\\/www.bbmnoticias.com\\\/detenido-por-agresion-con-arma-de-fuego-contra-motociclista-ocurrida-en-huajuapan-de-leon\\\/#primaryimage\"},\"image\":{\"@id\":\"https:\\\/\\\/www.bbmnoticias.com\\\/detenido-por-agresion-con-arma-de-fuego-contra-motociclista-ocurrida-en-huajuapan-de-leon\\\/#primaryimage\"},\"thumbnailUrl\":\"https:\\\/\\\/www.bbmnoticias.com\\\/labravaradiofm\\\/wp-content\\\/uploads\\\/sites\\\/5\\\/2025\\\/11\\\/656259.jpg\",\"datePublished\":\"2025-11-13T22:58:14+00:00\",\"dateModified\":\"2025-11-13T22:58:44+00:00\",\"author\":{\"@id\":\"https:\\\/\\\/www.bbmnoticias.com\\\/labravaradiofm\\\/#\\\/schema\\\/person\\\/34b139c617a70ea5bef5678bffe4dd7b\"},\"breadcrumb\":{\"@id\":\"https:\\\/\\\/www.bbmnoticias.com\\\/detenido-por-agresion-con-arma-de-fuego-contra-motociclista-ocurrida-en-huajuapan-de-leon\\\/#breadcrumb\"},\"inLanguage\":\"es\",\"potentialAction\":[{\"@type\":\"ReadAction\",\"target\":[\"https:\\\/\\\/www.bbmnoticias.com\\\/detenido-por-agresion-con-arma-de-fuego-contra-motociclista-ocurrida-en-huajuapan-de-leon\\\/\"]}]},{\"@type\":\"ImageObject\",\"inLanguage\":\"es\",\"@id\":\"https:\\\/\\\/www.bbmnoticias.com\\\/detenido-por-agresion-con-arma-de-fuego-contra-motociclista-ocurrida-en-huajuapan-de-leon\\\/#primaryimage\",\"url\":\"https:\\\/\\\/www.bbmnoticias.com\\\/labravaradiofm\\\/wp-content\\\/uploads\\\/sites\\\/5\\\/2025\\\/11\\\/656259.jpg\",\"contentUrl\":\"https:\\\/\\\/www.bbmnoticias.com\\\/labravaradiofm\\\/wp-content\\\/uploads\\\/sites\\\/5\\\/2025\\\/11\\\/656259.jpg\",\"width\":1009,\"height\":722},{\"@type\":\"BreadcrumbList\",\"@id\":\"https:\\\/\\\/www.bbmnoticias.com\\\/detenido-por-agresion-con-arma-de-fuego-contra-motociclista-ocurrida-en-huajuapan-de-leon\\\/#breadcrumb\",\"itemListElement\":[{\"@type\":\"ListItem\",\"position\":1,\"name\":\"Inicio\",\"item\":\"https:\\\/\\\/www.bbmnoticias.com\\\/labravaradiofm\\\/\"},{\"@type\":\"ListItem\",\"position\":2,\"name\":\"Detenido por agresi\u00f3n con arma de fuego contra motociclista ocurrida en Huajuapan de Le\u00f3n\"}]},{\"@type\":\"WebSite\",\"@id\":\"https:\\\/\\\/www.bbmnoticias.com\\\/labravaradiofm\\\/#website\",\"url\":\"https:\\\/\\\/www.bbmnoticias.com\\\/labravaradiofm\\\/\",\"name\":\"LA BRAVA RADIO\",\"description\":\"Empresa productora de medios, Radiodifusi\u00f3n, Noticias, tendencias y todo lo que necesitas saber de la pol\u00edtica mexicana e internacional; entretenimiento, espect\u00e1culos, salud y mucho m\u00e1s.\",\"potentialAction\":[{\"@type\":\"SearchAction\",\"target\":{\"@type\":\"EntryPoint\",\"urlTemplate\":\"https:\\\/\\\/www.bbmnoticias.com\\\/labravaradiofm\\\/?s={search_term_string}\"},\"query-input\":{\"@type\":\"PropertyValueSpecification\",\"valueRequired\":true,\"valueName\":\"search_term_string\"}}],\"inLanguage\":\"es\"},{\"@type\":\"Person\",\"@id\":\"https:\\\/\\\/www.bbmnoticias.com\\\/labravaradiofm\\\/#\\\/schema\\\/person\\\/34b139c617a70ea5bef5678bffe4dd7b\",\"name\":\"Staff\",\"image\":{\"@type\":\"ImageObject\",\"inLanguage\":\"es\",\"@id\":\"https:\\\/\\\/secure.gravatar.com\\\/avatar\\\/fdd21ad66fd8b98c407f9dee5b5e588cfe7f0d8579ec20fa6527cd59bab7f0f0?s=96&d=mm&r=g\",\"url\":\"https:\\\/\\\/secure.gravatar.com\\\/avatar\\\/fdd21ad66fd8b98c407f9dee5b5e588cfe7f0d8579ec20fa6527cd59bab7f0f0?s=96&d=mm&r=g\",\"contentUrl\":\"https:\\\/\\\/secure.gravatar.com\\\/avatar\\\/fdd21ad66fd8b98c407f9dee5b5e588cfe7f0d8579ec20fa6527cd59bab7f0f0?s=96&d=mm&r=g\",\"caption\":\"Staff\"},\"url\":\"https:\\\/\\\/www.bbmnoticias.com\\\/labravaradiofm\\\/author\\\/redaccion\\\/\"}]}<\/script>\n<!-- \/ Yoast SEO plugin. -->","yoast_head_json":{"title":"Detenido por agresi\u00f3n con arma de fuego contra motociclista ocurrida en Huajuapan de Le\u00f3n - LA BRAVA RADIO","robots":{"index":"index","follow":"follow","max-snippet":"max-snippet:-1","max-image-preview":"max-image-preview:large","max-video-preview":"max-video-preview:-1"},"canonical":"https:\/\/www.bbmnoticias.com\/detenido-por-agresion-con-arma-de-fuego-contra-motociclista-ocurrida-en-huajuapan-de-leon\/","og_locale":"es_MX","og_type":"article","og_title":"Detenido por agresi\u00f3n con arma de fuego contra motociclista ocurrida en Huajuapan de Le\u00f3n - LA BRAVA RADIO","og_description":"Oaxaca de Ju\u00e1rez, Oax.- Las investigaciones ministeriales a cargo de la Fiscal\u00eda General del Estado de Oaxaca (FGEO) permitieron la ejecuci\u00f3n de una orden de aprehensi\u00f3n en contra de una persona del sexo masculino identificada como E.S.M., por el delito de homicidio calificado con ventaja en grado de tentativa, cometido en agravio de J.M.G.R., en [&hellip;]","og_url":"https:\/\/www.bbmnoticias.com\/detenido-por-agresion-con-arma-de-fuego-contra-motociclista-ocurrida-en-huajuapan-de-leon\/","og_site_name":"LA BRAVA RADIO","article_published_time":"2025-11-13T22:58:14+00:00","article_modified_time":"2025-11-13T22:58:44+00:00","og_image":[{"width":1009,"height":722,"url":"https:\/\/www.bbmnoticias.com\/labravaradiofm\/wp-content\/uploads\/sites\/5\/2025\/11\/656259.jpg","type":"image\/jpeg"}],"author":"Staff","twitter_card":"summary_large_image","twitter_misc":{"Escrito por":"Staff","Tiempo de lectura":"1 minuto"},"schema":{"@context":"https:\/\/schema.org","@graph":[{"@type":"Article","@id":"https:\/\/www.bbmnoticias.com\/detenido-por-agresion-con-arma-de-fuego-contra-motociclista-ocurrida-en-huajuapan-de-leon\/#article","isPartOf":{"@id":"https:\/\/www.bbmnoticias.com\/labravaradiofm\/2025\/11\/13\/detenido-por-agresion-con-arma-de-fuego-contra-motociclista-ocurrida-en-huajuapan-de-leon\/"},"author":{"name":"Staff","@id":"https:\/\/www.bbmnoticias.com\/labravaradiofm\/#\/schema\/person\/34b139c617a70ea5bef5678bffe4dd7b"},"headline":"Detenido por agresi\u00f3n con arma de fuego contra motociclista ocurrida en Huajuapan de Le\u00f3n","datePublished":"2025-11-13T22:58:14+00:00","dateModified":"2025-11-13T22:58:44+00:00","mainEntityOfPage":{"@id":"https:\/\/www.bbmnoticias.com\/labravaradiofm\/2025\/11\/13\/detenido-por-agresion-con-arma-de-fuego-contra-motociclista-ocurrida-en-huajuapan-de-leon\/"},"wordCount":297,"image":{"@id":"https:\/\/www.bbmnoticias.com\/detenido-por-agresion-con-arma-de-fuego-contra-motociclista-ocurrida-en-huajuapan-de-leon\/#primaryimage"},"thumbnailUrl":"https:\/\/www.bbmnoticias.com\/labravaradiofm\/wp-content\/uploads\/sites\/5\/2025\/11\/656259.jpg","articleSection":["LOCAL","POLICIACA"],"inLanguage":"es"},{"@type":"WebPage","@id":"https:\/\/www.bbmnoticias.com\/labravaradiofm\/2025\/11\/13\/detenido-por-agresion-con-arma-de-fuego-contra-motociclista-ocurrida-en-huajuapan-de-leon\/","url":"https:\/\/www.bbmnoticias.com\/detenido-por-agresion-con-arma-de-fuego-contra-motociclista-ocurrida-en-huajuapan-de-leon\/","name":"Detenido por agresi\u00f3n con arma de fuego contra motociclista ocurrida en Huajuapan de Le\u00f3n - LA BRAVA RADIO","isPartOf":{"@id":"https:\/\/www.bbmnoticias.com\/labravaradiofm\/#website"},"primaryImageOfPage":{"@id":"https:\/\/www.bbmnoticias.com\/detenido-por-agresion-con-arma-de-fuego-contra-motociclista-ocurrida-en-huajuapan-de-leon\/#primaryimage"},"image":{"@id":"https:\/\/www.bbmnoticias.com\/detenido-por-agresion-con-arma-de-fuego-contra-motociclista-ocurrida-en-huajuapan-de-leon\/#primaryimage"},"thumbnailUrl":"https:\/\/www.bbmnoticias.com\/labravaradiofm\/wp-content\/uploads\/sites\/5\/2025\/11\/656259.jpg","datePublished":"2025-11-13T22:58:14+00:00","dateModified":"2025-11-13T22:58:44+00:00","author":{"@id":"https:\/\/www.bbmnoticias.com\/labravaradiofm\/#\/schema\/person\/34b139c617a70ea5bef5678bffe4dd7b"},"breadcrumb":{"@id":"https:\/\/www.bbmnoticias.com\/detenido-por-agresion-con-arma-de-fuego-contra-motociclista-ocurrida-en-huajuapan-de-leon\/#breadcrumb"},"inLanguage":"es","potentialAction":[{"@type":"ReadAction","target":["https:\/\/www.bbmnoticias.com\/detenido-por-agresion-con-arma-de-fuego-contra-motociclista-ocurrida-en-huajuapan-de-leon\/"]}]},{"@type":"ImageObject","inLanguage":"es","@id":"https:\/\/www.bbmnoticias.com\/detenido-por-agresion-con-arma-de-fuego-contra-motociclista-ocurrida-en-huajuapan-de-leon\/#primaryimage","url":"https:\/\/www.bbmnoticias.com\/labravaradiofm\/wp-content\/uploads\/sites\/5\/2025\/11\/656259.jpg","contentUrl":"https:\/\/www.bbmnoticias.com\/labravaradiofm\/wp-content\/uploads\/sites\/5\/2025\/11\/656259.jpg","width":1009,"height":722},{"@type":"BreadcrumbList","@id":"https:\/\/www.bbmnoticias.com\/detenido-por-agresion-con-arma-de-fuego-contra-motociclista-ocurrida-en-huajuapan-de-leon\/#breadcrumb","itemListElement":[{"@type":"ListItem","position":1,"name":"Inicio","item":"https:\/\/www.bbmnoticias.com\/labravaradiofm\/"},{"@type":"ListItem","position":2,"name":"Detenido por agresi\u00f3n con arma de fuego contra motociclista ocurrida en Huajuapan de Le\u00f3n"}]},{"@type":"WebSite","@id":"https:\/\/www.bbmnoticias.com\/labravaradiofm\/#website","url":"https:\/\/www.bbmnoticias.com\/labravaradiofm\/","name":"LA BRAVA RADIO","description":"Empresa productora de medios, Radiodifusi\u00f3n, Noticias, tendencias y todo lo que necesitas saber de la pol\u00edtica mexicana e internacional; entretenimiento, espect\u00e1culos, salud y mucho m\u00e1s.","potentialAction":[{"@type":"SearchAction","target":{"@type":"EntryPoint","urlTemplate":"https:\/\/www.bbmnoticias.com\/labravaradiofm\/?s={search_term_string}"},"query-input":{"@type":"PropertyValueSpecification","valueRequired":true,"valueName":"search_term_string"}}],"inLanguage":"es"},{"@type":"Person","@id":"https:\/\/www.bbmnoticias.com\/labravaradiofm\/#\/schema\/person\/34b139c617a70ea5bef5678bffe4dd7b","name":"Staff","image":{"@type":"ImageObject","inLanguage":"es","@id":"https:\/\/secure.gravatar.com\/avatar\/fdd21ad66fd8b98c407f9dee5b5e588cfe7f0d8579ec20fa6527cd59bab7f0f0?s=96&d=mm&r=g","url":"https:\/\/secure.gravatar.com\/avatar\/fdd21ad66fd8b98c407f9dee5b5e588cfe7f0d8579ec20fa6527cd59bab7f0f0?s=96&d=mm&r=g","contentUrl":"https:\/\/secure.gravatar.com\/avatar\/fdd21ad66fd8b98c407f9dee5b5e588cfe7f0d8579ec20fa6527cd59bab7f0f0?s=96&d=mm&r=g","caption":"Staff"},"url":"https:\/\/www.bbmnoticias.com\/labravaradiofm\/author\/redaccion\/"}]}},"_links":{"self":[{"href":"https:\/\/www.bbmnoticias.com\/labravaradiofm\/wp-json\/wp\/v2\/posts\/69807","targetHints":{"allow":["GET"]}}],"collection":[{"href":"https:\/\/www.bbmnoticias.com\/labravaradiofm\/wp-json\/wp\/v2\/posts"}],"about":[{"href":"https:\/\/www.bbmnoticias.com\/labravaradiofm\/wp-json\/wp\/v2\/types\/post"}],"author":[{"embeddable":true,"href":"https:\/\/www.bbmnoticias.com\/labravaradiofm\/wp-json\/wp\/v2\/users\/2"}],"replies":[{"embeddable":true,"href":"https:\/\/www.bbmnoticias.com\/labravaradiofm\/wp-json\/wp\/v2\/comments?post=69807"}],"version-history":[{"count":0,"href":"https:\/\/www.bbmnoticias.com\/labravaradiofm\/wp-json\/wp\/v2\/posts\/69807\/revisions"}],"wp:featuredmedia":[{"embeddable":true,"href":"https:\/\/www.bbmnoticias.com\/labravaradiofm\/wp-json\/wp\/v2\/media\/69809"}],"wp:attachment":[{"href":"https:\/\/www.bbmnoticias.com\/labravaradiofm\/wp-json\/wp\/v2\/media?parent=69807"}],"wp:term":[{"taxonomy":"category","embeddable":true,"href":"https:\/\/www.bbmnoticias.com\/labravaradiofm\/wp-json\/wp\/v2\/categories?post=69807"},{"taxonomy":"post_tag","embeddable":true,"href":"https:\/\/www.bbmnoticias.com\/labravaradiofm\/wp-json\/wp\/v2\/tags?post=69807"}],"curies":[{"name":"wp","href":"https:\/\/api.w.org\/{rel}","templated":true}]}}