{"id":69804,"date":"2025-11-13T15:39:31","date_gmt":"2025-11-13T21:39:31","guid":{"rendered":"https:\/\/www.bbmnoticias.com\/labravaradiofm\/2025\/11\/13\/oaxaca-seria-el-primer-estado-de-la-republica-en-llevar-a-cabo-la-consulta-de-revocacion-de-mandato-salomon-jara\/"},"modified":"2025-11-13T15:39:34","modified_gmt":"2025-11-13T21:39:34","slug":"oaxaca-seria-el-primer-estado-de-la-republica-en-llevar-a-cabo-la-consulta-de-revocacion-de-mandato-salomon-jara","status":"publish","type":"post","link":"https:\/\/www.bbmnoticias.com\/labravaradiofm\/2025\/11\/13\/oaxaca-seria-el-primer-estado-de-la-republica-en-llevar-a-cabo-la-consulta-de-revocacion-de-mandato-salomon-jara\/","title":{"rendered":"Oaxaca ser\u00eda el primer estado de la Rep\u00fablica en llevar a cabo la consulta de revocaci\u00f3n de mandato: Salom\u00f3n Jara"},"content":{"rendered":"<div style=\"margin-top: 0px; margin-bottom: 0px;\" class=\"sharethis-inline-share-buttons\" ><\/div>\n<p><strong>Salom\u00f3n Jara Cruz<\/strong>, <strong>Gobernador de Oaxaca<\/strong>, dio a conocer que la entidad se convertir\u00eda en la primera en toda la<strong> Rep\u00fablica Mexicana<\/strong> en donde se estar\u00eda llevando a cabo la <strong>consulta de&nbsp;revocaci\u00f3n de mandato <\/strong>de un gobernante.<\/p>\n\n\n\n<blockquote class=\"wp-block-quote is-layout-flow wp-block-quote-is-layout-flow\">\n<p>&#8220;Ser\u00edamos el primer estado de la Rep\u00fablica que llevar\u00e1 llevar\u00eda a cabo este proceso de consulta revocatoria del mandato de un gobernante y nos sentimos muy contentos de contribuir con la democracia en el pa\u00eds&#8221;, dijo&nbsp;Salom\u00f3n Jara.<\/p>\n<\/blockquote>\n\n\n\n<p>Se\u00f1al\u00f3 que el proceso se llevar\u00e1 a cabo en <strong>Oaxaca <\/strong>durante el mes de <strong>enero <\/strong>de 2026 luego de que cumpla tres a\u00f1os en el puesto de gobernador en diciembre. Explic\u00f3 que se&nbsp;deber\u00e1n de juntar <strong>350,000 firmas <\/strong>para la solicitud de&nbsp;revocaci\u00f3n es decir, lo equivalente al&nbsp;<strong>10% del padr\u00f3n electoral <\/strong>de la entidad.<\/p>\n\n\n\n<blockquote class=\"wp-block-quote is-layout-flow wp-block-quote-is-layout-flow\">\n<p>\u201cYa se est\u00e1n juntando las firmas en este periodo para la solicitud de la revocaci\u00f3n de mandato y la convocatoria ser\u00eda m\u00e1s o menos cuando ya el Instituto Electoral haya logrado tener las firmas, que aqu\u00ed en Oaxaca tendr\u00edan que ser 350,000 firmas para la solicitud\u201d, dijo&nbsp;Salom\u00f3n Jara.<\/p>\n<\/blockquote>\n\n\n\n<figure class=\"wp-block-image\"><img decoding=\"async\" src=\"https:\/\/heraldodemexico.com.mx\/u\/fotografias\/m\/2025\/11\/13\/f768x1-1209175_1209302_5050.png\" alt=\"\"\/><figcaption class=\"wp-element-caption\">Foto: El Heraldo de M\u00e9xico<\/figcaption><\/figure>\n\n\n\n<h2 class=\"wp-block-heading\">La convocatoria de revocaci\u00f3n de mandato ser\u00e1 lanzada en diciembre:&nbsp;Salom\u00f3n Jara<\/h2>\n\n\n\n<p>En entrevista con<strong>&nbsp;Lupita Ju\u00e1rez<\/strong>&nbsp;para &#8220;<strong>Heraldo Noticias<\/strong>&#8220;,&nbsp;de&nbsp;El Heraldo Televisi\u00f3n que se transmite mediante la se\u00f1al de&nbsp;El Heraldo Media Group, coment\u00f3 que se estima que la <strong>convocatoria <\/strong>de <strong>revocaci\u00f3n <\/strong>sea lanzada entre el 20 y el 24 de diciembre una vez que se hayan reunido y revisado las <strong>firmas<\/strong>, mientras que la <strong>jornada <\/strong>se estar\u00eda llevando a cabo un mes despu\u00e9s.<\/p>\n\n\n\n<blockquote class=\"wp-block-quote is-layout-flow wp-block-quote-is-layout-flow\">\n<p>&#8220;Una vez que se&nbsp;hayan revisado todas las firmas, inmediatamente se har\u00eda la convocatoria. Pensamos que tardar\u00edan unos 10, 15 d\u00edas despu\u00e9s de que se haya concluido la entrega de firmas y entonces la convocatoria ser\u00eda entre del 20 al 23, 24 de diciembre y a un mes inmediatamente se llevar\u00eda la jornada.&#8221;, explic\u00f3 Salom\u00f3n Jara.<\/p>\n<\/blockquote>\n","protected":false},"excerpt":{"rendered":"<p>Salom\u00f3n Jara Cruz, Gobernador de Oaxaca, dio a conocer que la entidad se convertir\u00eda en la primera en toda la Rep\u00fablica Mexicana en donde se estar\u00eda llevando a cabo la consulta de&nbsp;revocaci\u00f3n de mandato de un gobernante. &#8220;Ser\u00edamos el primer estado de la Rep\u00fablica que llevar\u00e1 llevar\u00eda a cabo este proceso de consulta revocatoria del [&hellip;]<\/p>\n","protected":false},"author":4,"featured_media":69806,"comment_status":"closed","ping_status":"","sticky":false,"template":"","format":"standard","meta":{"footnotes":""},"categories":[2],"tags":[],"class_list":{"0":"post-69804","1":"post","2":"type-post","3":"status-publish","4":"format-standard","5":"has-post-thumbnail","7":"category-oaxaca"},"yoast_head":"<!-- This site is optimized with the Yoast SEO plugin v27.4 - https:\/\/yoast.com\/product\/yoast-seo-wordpress\/ -->\n<title>Oaxaca ser\u00eda el primer estado de la Rep\u00fablica en llevar a cabo la consulta de revocaci\u00f3n de mandato: Salom\u00f3n Jara - LA BRAVA RADIO<\/title>\n<meta name=\"robots\" content=\"index, follow, max-snippet:-1, max-image-preview:large, max-video-preview:-1\" \/>\n<link rel=\"canonical\" href=\"https:\/\/www.bbmnoticias.com\/oaxaca-seria-el-primer-estado-de-la-republica-en-llevar-a-cabo-la-consulta-de-revocacion-de-mandato-salomon-jara\/\" \/>\n<meta property=\"og:locale\" content=\"es_MX\" \/>\n<meta property=\"og:type\" content=\"article\" \/>\n<meta property=\"og:title\" content=\"Oaxaca ser\u00eda el primer estado de la Rep\u00fablica en llevar a cabo la consulta de revocaci\u00f3n de mandato: Salom\u00f3n Jara - LA BRAVA RADIO\" \/>\n<meta property=\"og:description\" content=\"Salom\u00f3n Jara Cruz, Gobernador de Oaxaca, dio a conocer que la entidad se convertir\u00eda en la primera en toda la Rep\u00fablica Mexicana en donde se estar\u00eda llevando a cabo la consulta de&nbsp;revocaci\u00f3n de mandato de un gobernante. &#8220;Ser\u00edamos el primer estado de la Rep\u00fablica que llevar\u00e1 llevar\u00eda a cabo este proceso de consulta revocatoria del [&hellip;]\" \/>\n<meta property=\"og:url\" content=\"https:\/\/www.bbmnoticias.com\/oaxaca-seria-el-primer-estado-de-la-republica-en-llevar-a-cabo-la-consulta-de-revocacion-de-mandato-salomon-jara\/\" \/>\n<meta property=\"og:site_name\" content=\"LA BRAVA RADIO\" \/>\n<meta property=\"article:published_time\" content=\"2025-11-13T21:39:31+00:00\" \/>\n<meta property=\"article:modified_time\" content=\"2025-11-13T21:39:34+00:00\" \/>\n<meta property=\"og:image\" content=\"https:\/\/www.bbmnoticias.com\/labravaradiofm\/wp-content\/uploads\/sites\/5\/2025\/11\/sjc_revocacion.jpg\" \/>\n\t<meta property=\"og:image:width\" content=\"848\" \/>\n\t<meta property=\"og:image:height\" content=\"477\" \/>\n\t<meta property=\"og:image:type\" content=\"image\/jpeg\" \/>\n<meta name=\"author\" content=\"Agencias\" \/>\n<meta name=\"twitter:card\" content=\"summary_large_image\" \/>\n<meta name=\"twitter:label1\" content=\"Escrito por\" \/>\n\t<meta name=\"twitter:data1\" content=\"Agencias\" \/>\n\t<meta name=\"twitter:label2\" content=\"Tiempo de lectura\" \/>\n\t<meta name=\"twitter:data2\" content=\"2 minutos\" \/>\n<script type=\"application\/ld+json\" class=\"yoast-schema-graph\">{\"@context\":\"https:\\\/\\\/schema.org\",\"@graph\":[{\"@type\":\"Article\",\"@id\":\"https:\\\/\\\/www.bbmnoticias.com\\\/oaxaca-seria-el-primer-estado-de-la-republica-en-llevar-a-cabo-la-consulta-de-revocacion-de-mandato-salomon-jara\\\/#article\",\"isPartOf\":{\"@id\":\"https:\\\/\\\/www.bbmnoticias.com\\\/labravaradiofm\\\/2025\\\/11\\\/13\\\/oaxaca-seria-el-primer-estado-de-la-republica-en-llevar-a-cabo-la-consulta-de-revocacion-de-mandato-salomon-jara\\\/\"},\"author\":{\"name\":\"Agencias\",\"@id\":\"https:\\\/\\\/www.bbmnoticias.com\\\/labravaradiofm\\\/#\\\/schema\\\/person\\\/857a3daf5c8142f29919023f377fbfad\"},\"headline\":\"Oaxaca ser\u00eda el primer estado de la Rep\u00fablica en llevar a cabo la consulta de revocaci\u00f3n de mandato: Salom\u00f3n Jara\",\"datePublished\":\"2025-11-13T21:39:31+00:00\",\"dateModified\":\"2025-11-13T21:39:34+00:00\",\"mainEntityOfPage\":{\"@id\":\"https:\\\/\\\/www.bbmnoticias.com\\\/labravaradiofm\\\/2025\\\/11\\\/13\\\/oaxaca-seria-el-primer-estado-de-la-republica-en-llevar-a-cabo-la-consulta-de-revocacion-de-mandato-salomon-jara\\\/\"},\"wordCount\":380,\"image\":{\"@id\":\"https:\\\/\\\/www.bbmnoticias.com\\\/oaxaca-seria-el-primer-estado-de-la-republica-en-llevar-a-cabo-la-consulta-de-revocacion-de-mandato-salomon-jara\\\/#primaryimage\"},\"thumbnailUrl\":\"https:\\\/\\\/www.bbmnoticias.com\\\/labravaradiofm\\\/wp-content\\\/uploads\\\/sites\\\/5\\\/2025\\\/11\\\/sjc_revocacion.jpg\",\"articleSection\":[\"LOCAL\"],\"inLanguage\":\"es\"},{\"@type\":\"WebPage\",\"@id\":\"https:\\\/\\\/www.bbmnoticias.com\\\/labravaradiofm\\\/2025\\\/11\\\/13\\\/oaxaca-seria-el-primer-estado-de-la-republica-en-llevar-a-cabo-la-consulta-de-revocacion-de-mandato-salomon-jara\\\/\",\"url\":\"https:\\\/\\\/www.bbmnoticias.com\\\/oaxaca-seria-el-primer-estado-de-la-republica-en-llevar-a-cabo-la-consulta-de-revocacion-de-mandato-salomon-jara\\\/\",\"name\":\"Oaxaca ser\u00eda el primer estado de la Rep\u00fablica en llevar a cabo la consulta de revocaci\u00f3n de mandato: Salom\u00f3n Jara - LA BRAVA RADIO\",\"isPartOf\":{\"@id\":\"https:\\\/\\\/www.bbmnoticias.com\\\/labravaradiofm\\\/#website\"},\"primaryImageOfPage\":{\"@id\":\"https:\\\/\\\/www.bbmnoticias.com\\\/oaxaca-seria-el-primer-estado-de-la-republica-en-llevar-a-cabo-la-consulta-de-revocacion-de-mandato-salomon-jara\\\/#primaryimage\"},\"image\":{\"@id\":\"https:\\\/\\\/www.bbmnoticias.com\\\/oaxaca-seria-el-primer-estado-de-la-republica-en-llevar-a-cabo-la-consulta-de-revocacion-de-mandato-salomon-jara\\\/#primaryimage\"},\"thumbnailUrl\":\"https:\\\/\\\/www.bbmnoticias.com\\\/labravaradiofm\\\/wp-content\\\/uploads\\\/sites\\\/5\\\/2025\\\/11\\\/sjc_revocacion.jpg\",\"datePublished\":\"2025-11-13T21:39:31+00:00\",\"dateModified\":\"2025-11-13T21:39:34+00:00\",\"author\":{\"@id\":\"https:\\\/\\\/www.bbmnoticias.com\\\/labravaradiofm\\\/#\\\/schema\\\/person\\\/857a3daf5c8142f29919023f377fbfad\"},\"breadcrumb\":{\"@id\":\"https:\\\/\\\/www.bbmnoticias.com\\\/oaxaca-seria-el-primer-estado-de-la-republica-en-llevar-a-cabo-la-consulta-de-revocacion-de-mandato-salomon-jara\\\/#breadcrumb\"},\"inLanguage\":\"es\",\"potentialAction\":[{\"@type\":\"ReadAction\",\"target\":[\"https:\\\/\\\/www.bbmnoticias.com\\\/oaxaca-seria-el-primer-estado-de-la-republica-en-llevar-a-cabo-la-consulta-de-revocacion-de-mandato-salomon-jara\\\/\"]}]},{\"@type\":\"ImageObject\",\"inLanguage\":\"es\",\"@id\":\"https:\\\/\\\/www.bbmnoticias.com\\\/oaxaca-seria-el-primer-estado-de-la-republica-en-llevar-a-cabo-la-consulta-de-revocacion-de-mandato-salomon-jara\\\/#primaryimage\",\"url\":\"https:\\\/\\\/www.bbmnoticias.com\\\/labravaradiofm\\\/wp-content\\\/uploads\\\/sites\\\/5\\\/2025\\\/11\\\/sjc_revocacion.jpg\",\"contentUrl\":\"https:\\\/\\\/www.bbmnoticias.com\\\/labravaradiofm\\\/wp-content\\\/uploads\\\/sites\\\/5\\\/2025\\\/11\\\/sjc_revocacion.jpg\",\"width\":848,\"height\":477},{\"@type\":\"BreadcrumbList\",\"@id\":\"https:\\\/\\\/www.bbmnoticias.com\\\/oaxaca-seria-el-primer-estado-de-la-republica-en-llevar-a-cabo-la-consulta-de-revocacion-de-mandato-salomon-jara\\\/#breadcrumb\",\"itemListElement\":[{\"@type\":\"ListItem\",\"position\":1,\"name\":\"Inicio\",\"item\":\"https:\\\/\\\/www.bbmnoticias.com\\\/labravaradiofm\\\/\"},{\"@type\":\"ListItem\",\"position\":2,\"name\":\"Oaxaca ser\u00eda el primer estado de la Rep\u00fablica en llevar a cabo la consulta de revocaci\u00f3n de mandato: Salom\u00f3n Jara\"}]},{\"@type\":\"WebSite\",\"@id\":\"https:\\\/\\\/www.bbmnoticias.com\\\/labravaradiofm\\\/#website\",\"url\":\"https:\\\/\\\/www.bbmnoticias.com\\\/labravaradiofm\\\/\",\"name\":\"LA BRAVA RADIO\",\"description\":\"Empresa productora de medios, Radiodifusi\u00f3n, Noticias, tendencias y todo lo que necesitas saber de la pol\u00edtica mexicana e internacional; entretenimiento, espect\u00e1culos, salud y mucho m\u00e1s.\",\"potentialAction\":[{\"@type\":\"SearchAction\",\"target\":{\"@type\":\"EntryPoint\",\"urlTemplate\":\"https:\\\/\\\/www.bbmnoticias.com\\\/labravaradiofm\\\/?s={search_term_string}\"},\"query-input\":{\"@type\":\"PropertyValueSpecification\",\"valueRequired\":true,\"valueName\":\"search_term_string\"}}],\"inLanguage\":\"es\"},{\"@type\":\"Person\",\"@id\":\"https:\\\/\\\/www.bbmnoticias.com\\\/labravaradiofm\\\/#\\\/schema\\\/person\\\/857a3daf5c8142f29919023f377fbfad\",\"name\":\"Agencias\",\"image\":{\"@type\":\"ImageObject\",\"inLanguage\":\"es\",\"@id\":\"https:\\\/\\\/secure.gravatar.com\\\/avatar\\\/739e0b61adf9e398b425c36718c8752286da0e8cd90f20ce9a86678abc26aa0d?s=96&d=mm&r=g\",\"url\":\"https:\\\/\\\/secure.gravatar.com\\\/avatar\\\/739e0b61adf9e398b425c36718c8752286da0e8cd90f20ce9a86678abc26aa0d?s=96&d=mm&r=g\",\"contentUrl\":\"https:\\\/\\\/secure.gravatar.com\\\/avatar\\\/739e0b61adf9e398b425c36718c8752286da0e8cd90f20ce9a86678abc26aa0d?s=96&d=mm&r=g\",\"caption\":\"Agencias\"},\"url\":\"https:\\\/\\\/www.bbmnoticias.com\\\/labravaradiofm\\\/author\\\/agencias\\\/\"}]}<\/script>\n<!-- \/ Yoast SEO plugin. -->","yoast_head_json":{"title":"Oaxaca ser\u00eda el primer estado de la Rep\u00fablica en llevar a cabo la consulta de revocaci\u00f3n de mandato: Salom\u00f3n Jara - LA BRAVA RADIO","robots":{"index":"index","follow":"follow","max-snippet":"max-snippet:-1","max-image-preview":"max-image-preview:large","max-video-preview":"max-video-preview:-1"},"canonical":"https:\/\/www.bbmnoticias.com\/oaxaca-seria-el-primer-estado-de-la-republica-en-llevar-a-cabo-la-consulta-de-revocacion-de-mandato-salomon-jara\/","og_locale":"es_MX","og_type":"article","og_title":"Oaxaca ser\u00eda el primer estado de la Rep\u00fablica en llevar a cabo la consulta de revocaci\u00f3n de mandato: Salom\u00f3n Jara - LA BRAVA RADIO","og_description":"Salom\u00f3n Jara Cruz, Gobernador de Oaxaca, dio a conocer que la entidad se convertir\u00eda en la primera en toda la Rep\u00fablica Mexicana en donde se estar\u00eda llevando a cabo la consulta de&nbsp;revocaci\u00f3n de mandato de un gobernante. &#8220;Ser\u00edamos el primer estado de la Rep\u00fablica que llevar\u00e1 llevar\u00eda a cabo este proceso de consulta revocatoria del [&hellip;]","og_url":"https:\/\/www.bbmnoticias.com\/oaxaca-seria-el-primer-estado-de-la-republica-en-llevar-a-cabo-la-consulta-de-revocacion-de-mandato-salomon-jara\/","og_site_name":"LA BRAVA RADIO","article_published_time":"2025-11-13T21:39:31+00:00","article_modified_time":"2025-11-13T21:39:34+00:00","og_image":[{"width":848,"height":477,"url":"https:\/\/www.bbmnoticias.com\/labravaradiofm\/wp-content\/uploads\/sites\/5\/2025\/11\/sjc_revocacion.jpg","type":"image\/jpeg"}],"author":"Agencias","twitter_card":"summary_large_image","twitter_misc":{"Escrito por":"Agencias","Tiempo de lectura":"2 minutos"},"schema":{"@context":"https:\/\/schema.org","@graph":[{"@type":"Article","@id":"https:\/\/www.bbmnoticias.com\/oaxaca-seria-el-primer-estado-de-la-republica-en-llevar-a-cabo-la-consulta-de-revocacion-de-mandato-salomon-jara\/#article","isPartOf":{"@id":"https:\/\/www.bbmnoticias.com\/labravaradiofm\/2025\/11\/13\/oaxaca-seria-el-primer-estado-de-la-republica-en-llevar-a-cabo-la-consulta-de-revocacion-de-mandato-salomon-jara\/"},"author":{"name":"Agencias","@id":"https:\/\/www.bbmnoticias.com\/labravaradiofm\/#\/schema\/person\/857a3daf5c8142f29919023f377fbfad"},"headline":"Oaxaca ser\u00eda el primer estado de la Rep\u00fablica en llevar a cabo la consulta de revocaci\u00f3n de mandato: Salom\u00f3n Jara","datePublished":"2025-11-13T21:39:31+00:00","dateModified":"2025-11-13T21:39:34+00:00","mainEntityOfPage":{"@id":"https:\/\/www.bbmnoticias.com\/labravaradiofm\/2025\/11\/13\/oaxaca-seria-el-primer-estado-de-la-republica-en-llevar-a-cabo-la-consulta-de-revocacion-de-mandato-salomon-jara\/"},"wordCount":380,"image":{"@id":"https:\/\/www.bbmnoticias.com\/oaxaca-seria-el-primer-estado-de-la-republica-en-llevar-a-cabo-la-consulta-de-revocacion-de-mandato-salomon-jara\/#primaryimage"},"thumbnailUrl":"https:\/\/www.bbmnoticias.com\/labravaradiofm\/wp-content\/uploads\/sites\/5\/2025\/11\/sjc_revocacion.jpg","articleSection":["LOCAL"],"inLanguage":"es"},{"@type":"WebPage","@id":"https:\/\/www.bbmnoticias.com\/labravaradiofm\/2025\/11\/13\/oaxaca-seria-el-primer-estado-de-la-republica-en-llevar-a-cabo-la-consulta-de-revocacion-de-mandato-salomon-jara\/","url":"https:\/\/www.bbmnoticias.com\/oaxaca-seria-el-primer-estado-de-la-republica-en-llevar-a-cabo-la-consulta-de-revocacion-de-mandato-salomon-jara\/","name":"Oaxaca ser\u00eda el primer estado de la Rep\u00fablica en llevar a cabo la consulta de revocaci\u00f3n de mandato: Salom\u00f3n Jara - LA BRAVA RADIO","isPartOf":{"@id":"https:\/\/www.bbmnoticias.com\/labravaradiofm\/#website"},"primaryImageOfPage":{"@id":"https:\/\/www.bbmnoticias.com\/oaxaca-seria-el-primer-estado-de-la-republica-en-llevar-a-cabo-la-consulta-de-revocacion-de-mandato-salomon-jara\/#primaryimage"},"image":{"@id":"https:\/\/www.bbmnoticias.com\/oaxaca-seria-el-primer-estado-de-la-republica-en-llevar-a-cabo-la-consulta-de-revocacion-de-mandato-salomon-jara\/#primaryimage"},"thumbnailUrl":"https:\/\/www.bbmnoticias.com\/labravaradiofm\/wp-content\/uploads\/sites\/5\/2025\/11\/sjc_revocacion.jpg","datePublished":"2025-11-13T21:39:31+00:00","dateModified":"2025-11-13T21:39:34+00:00","author":{"@id":"https:\/\/www.bbmnoticias.com\/labravaradiofm\/#\/schema\/person\/857a3daf5c8142f29919023f377fbfad"},"breadcrumb":{"@id":"https:\/\/www.bbmnoticias.com\/oaxaca-seria-el-primer-estado-de-la-republica-en-llevar-a-cabo-la-consulta-de-revocacion-de-mandato-salomon-jara\/#breadcrumb"},"inLanguage":"es","potentialAction":[{"@type":"ReadAction","target":["https:\/\/www.bbmnoticias.com\/oaxaca-seria-el-primer-estado-de-la-republica-en-llevar-a-cabo-la-consulta-de-revocacion-de-mandato-salomon-jara\/"]}]},{"@type":"ImageObject","inLanguage":"es","@id":"https:\/\/www.bbmnoticias.com\/oaxaca-seria-el-primer-estado-de-la-republica-en-llevar-a-cabo-la-consulta-de-revocacion-de-mandato-salomon-jara\/#primaryimage","url":"https:\/\/www.bbmnoticias.com\/labravaradiofm\/wp-content\/uploads\/sites\/5\/2025\/11\/sjc_revocacion.jpg","contentUrl":"https:\/\/www.bbmnoticias.com\/labravaradiofm\/wp-content\/uploads\/sites\/5\/2025\/11\/sjc_revocacion.jpg","width":848,"height":477},{"@type":"BreadcrumbList","@id":"https:\/\/www.bbmnoticias.com\/oaxaca-seria-el-primer-estado-de-la-republica-en-llevar-a-cabo-la-consulta-de-revocacion-de-mandato-salomon-jara\/#breadcrumb","itemListElement":[{"@type":"ListItem","position":1,"name":"Inicio","item":"https:\/\/www.bbmnoticias.com\/labravaradiofm\/"},{"@type":"ListItem","position":2,"name":"Oaxaca ser\u00eda el primer estado de la Rep\u00fablica en llevar a cabo la consulta de revocaci\u00f3n de mandato: Salom\u00f3n Jara"}]},{"@type":"WebSite","@id":"https:\/\/www.bbmnoticias.com\/labravaradiofm\/#website","url":"https:\/\/www.bbmnoticias.com\/labravaradiofm\/","name":"LA BRAVA RADIO","description":"Empresa productora de medios, Radiodifusi\u00f3n, Noticias, tendencias y todo lo que necesitas saber de la pol\u00edtica mexicana e internacional; entretenimiento, espect\u00e1culos, salud y mucho m\u00e1s.","potentialAction":[{"@type":"SearchAction","target":{"@type":"EntryPoint","urlTemplate":"https:\/\/www.bbmnoticias.com\/labravaradiofm\/?s={search_term_string}"},"query-input":{"@type":"PropertyValueSpecification","valueRequired":true,"valueName":"search_term_string"}}],"inLanguage":"es"},{"@type":"Person","@id":"https:\/\/www.bbmnoticias.com\/labravaradiofm\/#\/schema\/person\/857a3daf5c8142f29919023f377fbfad","name":"Agencias","image":{"@type":"ImageObject","inLanguage":"es","@id":"https:\/\/secure.gravatar.com\/avatar\/739e0b61adf9e398b425c36718c8752286da0e8cd90f20ce9a86678abc26aa0d?s=96&d=mm&r=g","url":"https:\/\/secure.gravatar.com\/avatar\/739e0b61adf9e398b425c36718c8752286da0e8cd90f20ce9a86678abc26aa0d?s=96&d=mm&r=g","contentUrl":"https:\/\/secure.gravatar.com\/avatar\/739e0b61adf9e398b425c36718c8752286da0e8cd90f20ce9a86678abc26aa0d?s=96&d=mm&r=g","caption":"Agencias"},"url":"https:\/\/www.bbmnoticias.com\/labravaradiofm\/author\/agencias\/"}]}},"_links":{"self":[{"href":"https:\/\/www.bbmnoticias.com\/labravaradiofm\/wp-json\/wp\/v2\/posts\/69804","targetHints":{"allow":["GET"]}}],"collection":[{"href":"https:\/\/www.bbmnoticias.com\/labravaradiofm\/wp-json\/wp\/v2\/posts"}],"about":[{"href":"https:\/\/www.bbmnoticias.com\/labravaradiofm\/wp-json\/wp\/v2\/types\/post"}],"author":[{"embeddable":true,"href":"https:\/\/www.bbmnoticias.com\/labravaradiofm\/wp-json\/wp\/v2\/users\/4"}],"replies":[{"embeddable":true,"href":"https:\/\/www.bbmnoticias.com\/labravaradiofm\/wp-json\/wp\/v2\/comments?post=69804"}],"version-history":[{"count":0,"href":"https:\/\/www.bbmnoticias.com\/labravaradiofm\/wp-json\/wp\/v2\/posts\/69804\/revisions"}],"wp:featuredmedia":[{"embeddable":true,"href":"https:\/\/www.bbmnoticias.com\/labravaradiofm\/wp-json\/wp\/v2\/media\/69806"}],"wp:attachment":[{"href":"https:\/\/www.bbmnoticias.com\/labravaradiofm\/wp-json\/wp\/v2\/media?parent=69804"}],"wp:term":[{"taxonomy":"category","embeddable":true,"href":"https:\/\/www.bbmnoticias.com\/labravaradiofm\/wp-json\/wp\/v2\/categories?post=69804"},{"taxonomy":"post_tag","embeddable":true,"href":"https:\/\/www.bbmnoticias.com\/labravaradiofm\/wp-json\/wp\/v2\/tags?post=69804"}],"curies":[{"name":"wp","href":"https:\/\/api.w.org\/{rel}","templated":true}]}}