{"id":69798,"date":"2025-11-13T14:57:58","date_gmt":"2025-11-13T20:57:58","guid":{"rendered":"https:\/\/www.bbmnoticias.com\/labravaradiofm\/2025\/11\/13\/fiscalia-de-oaxaca-detiene-a-cinco-integrantes-de-una-familia-por-ejercer-violencia-contra-adolescente-en-ocotlan\/"},"modified":"2025-11-13T14:58:01","modified_gmt":"2025-11-13T20:58:01","slug":"fiscalia-de-oaxaca-detiene-a-cinco-integrantes-de-una-familia-por-ejercer-violencia-contra-adolescente-en-ocotlan","status":"publish","type":"post","link":"https:\/\/www.bbmnoticias.com\/labravaradiofm\/2025\/11\/13\/fiscalia-de-oaxaca-detiene-a-cinco-integrantes-de-una-familia-por-ejercer-violencia-contra-adolescente-en-ocotlan\/","title":{"rendered":"Fiscal\u00eda de Oaxaca detiene a cinco integrantes de una familia por ejercer violencia contra adolescente en Ocotl\u00e1n"},"content":{"rendered":"<div style=\"margin-top: 0px; margin-bottom: 0px;\" class=\"sharethis-inline-share-buttons\" ><\/div>\n<p><strong>Oaxaca de Ju\u00e1rez.-<\/strong> Como parte de la estrategia de cero tolerancia a delitos contra la mujer por raz\u00f3n de g\u00e9nero, la Fiscal\u00eda General del Estado de Oaxaca (FGEO) ejecut\u00f3 una serie de \u00f3rdenes de aprehensi\u00f3n en contra de cinco integrantes de una familia, tres mujeres y dos hombres, identificados como M.G.P.P., M.C.G., O.L.C.P., F.L.C.P., y J.A.C.P., por ejercer violencia familiar en agravio de una adolescente, hechos ocurridos en Ocotl\u00e1n de Morelos en la regi\u00f3n de los Valles Centrales.<\/p>\n\n\n\n<p>De acuerdo con la denuncia asentada en el expediente penal del caso, los hechos ocurrieron desde el seis de abril de 2023 hasta el cinco de octubre de 2024, en que la v\u00edctima (una adolescente cuya identidad est\u00e1 reservada por ley) que contaba con apenas 13 a\u00f1os de edad, sufr\u00eda maltratos verbales, f\u00edsicos y psicol\u00f3gicos por parte de su propia familia.<\/p>\n\n\n\n<p>La investigaci\u00f3n establece que la adolescente en el momento de los hechos, viv\u00eda en casa de su t\u00eda M.G.P.P., ubicada en la calle Los Pinos de la colonia Rancho Moreno perteneciente a Ocotl\u00e1n de Morelos, lugar donde tambi\u00e9n habitaban todos los detenidos, (primos de la v\u00edctima) quienes se dedican a criar y vender chivos y borregos.<\/p>\n\n\n\n<p>El informe ministerial revela que la v\u00edctima sufri\u00f3 agresiones f\u00edsicas como quemaduras con tizones de le\u00f1a, as\u00ed como golpes con diferentes objetos como castigo por no cuidar bien el reba\u00f1o o cuando el ganado da\u00f1aba la siembra.<\/p>\n\n\n\n<p>La investigaci\u00f3n revela que incluso la dejaban sin comer hasta dos d\u00edas consecutivos, situaci\u00f3n que ocasion\u00f3 en la v\u00edctima una desnutrici\u00f3n severa.<\/p>\n\n\n\n<p>Cuando la FGEO tom\u00f3 conocimiento del caso derivado de la denuncia interpuesta, inici\u00f3 las indagatorias a trav\u00e9s de la Fiscal\u00eda Especializada en Delitos contra la Mujer por Raz\u00f3n de G\u00e9nero, logrando obtener las respectivas \u00f3rdenes de aprehensi\u00f3n por el delito de violencia familiar.<\/p>\n\n\n\n<p>Una vez localizados, M.G.P.P., M.C.G., O.L.C.P., F.L.C.P., y J.A.C.P., fueron detenidos por Agentes Estatales de Investigaci\u00f3n (AEI) y quedaron a disposici\u00f3n del Ministerio P\u00fablico para su certificaci\u00f3n y tr\u00e1mites legales correspondientes.<\/p>\n","protected":false},"excerpt":{"rendered":"<p>Oaxaca de Ju\u00e1rez.- Como parte de la estrategia de cero tolerancia a delitos contra la mujer por raz\u00f3n de g\u00e9nero, la Fiscal\u00eda General del Estado de Oaxaca (FGEO) ejecut\u00f3 una serie de \u00f3rdenes de aprehensi\u00f3n en contra de cinco integrantes de una familia, tres mujeres y dos hombres, identificados como M.G.P.P., M.C.G., O.L.C.P., F.L.C.P., y [&hellip;]<\/p>\n","protected":false},"author":2,"featured_media":69800,"comment_status":"closed","ping_status":"","sticky":false,"template":"","format":"standard","meta":{"footnotes":""},"categories":[2,20],"tags":[],"class_list":{"0":"post-69798","1":"post","2":"type-post","3":"status-publish","4":"format-standard","5":"has-post-thumbnail","7":"category-oaxaca","8":"category-policiaca"},"yoast_head":"<!-- This site is optimized with the Yoast SEO plugin v27.4 - https:\/\/yoast.com\/product\/yoast-seo-wordpress\/ -->\n<title>Fiscal\u00eda de Oaxaca detiene a cinco integrantes de una familia por ejercer violencia contra adolescente en Ocotl\u00e1n - LA BRAVA RADIO<\/title>\n<meta name=\"robots\" content=\"index, follow, max-snippet:-1, max-image-preview:large, max-video-preview:-1\" \/>\n<link rel=\"canonical\" href=\"https:\/\/www.bbmnoticias.com\/fiscalia-de-oaxaca-detiene-a-cinco-integrantes-de-una-familia-por-ejercer-violencia-contra-adolescente-en-ocotlan\/\" \/>\n<meta property=\"og:locale\" content=\"es_MX\" \/>\n<meta property=\"og:type\" content=\"article\" \/>\n<meta property=\"og:title\" content=\"Fiscal\u00eda de Oaxaca detiene a cinco integrantes de una familia por ejercer violencia contra adolescente en Ocotl\u00e1n - LA BRAVA RADIO\" \/>\n<meta property=\"og:description\" content=\"Oaxaca de Ju\u00e1rez.- Como parte de la estrategia de cero tolerancia a delitos contra la mujer por raz\u00f3n de g\u00e9nero, la Fiscal\u00eda General del Estado de Oaxaca (FGEO) ejecut\u00f3 una serie de \u00f3rdenes de aprehensi\u00f3n en contra de cinco integrantes de una familia, tres mujeres y dos hombres, identificados como M.G.P.P., M.C.G., O.L.C.P., F.L.C.P., y [&hellip;]\" \/>\n<meta property=\"og:url\" content=\"https:\/\/www.bbmnoticias.com\/fiscalia-de-oaxaca-detiene-a-cinco-integrantes-de-una-familia-por-ejercer-violencia-contra-adolescente-en-ocotlan\/\" \/>\n<meta property=\"og:site_name\" content=\"LA BRAVA RADIO\" \/>\n<meta property=\"article:published_time\" content=\"2025-11-13T20:57:58+00:00\" \/>\n<meta property=\"article:modified_time\" content=\"2025-11-13T20:58:01+00:00\" \/>\n<meta property=\"og:image\" content=\"https:\/\/www.bbmnoticias.com\/labravaradiofm\/wp-content\/uploads\/sites\/5\/2025\/11\/detienen_familia.jpg\" \/>\n\t<meta property=\"og:image:width\" content=\"800\" \/>\n\t<meta property=\"og:image:height\" content=\"533\" \/>\n\t<meta property=\"og:image:type\" content=\"image\/jpeg\" \/>\n<meta name=\"author\" content=\"Staff\" \/>\n<meta name=\"twitter:card\" content=\"summary_large_image\" \/>\n<meta name=\"twitter:label1\" content=\"Escrito por\" \/>\n\t<meta name=\"twitter:data1\" content=\"Staff\" \/>\n\t<meta name=\"twitter:label2\" content=\"Tiempo de lectura\" \/>\n\t<meta name=\"twitter:data2\" content=\"2 minutos\" \/>\n<script type=\"application\/ld+json\" class=\"yoast-schema-graph\">{\"@context\":\"https:\\\/\\\/schema.org\",\"@graph\":[{\"@type\":\"Article\",\"@id\":\"https:\\\/\\\/www.bbmnoticias.com\\\/fiscalia-de-oaxaca-detiene-a-cinco-integrantes-de-una-familia-por-ejercer-violencia-contra-adolescente-en-ocotlan\\\/#article\",\"isPartOf\":{\"@id\":\"https:\\\/\\\/www.bbmnoticias.com\\\/labravaradiofm\\\/2025\\\/11\\\/13\\\/fiscalia-de-oaxaca-detiene-a-cinco-integrantes-de-una-familia-por-ejercer-violencia-contra-adolescente-en-ocotlan\\\/\"},\"author\":{\"name\":\"Staff\",\"@id\":\"https:\\\/\\\/www.bbmnoticias.com\\\/labravaradiofm\\\/#\\\/schema\\\/person\\\/34b139c617a70ea5bef5678bffe4dd7b\"},\"headline\":\"Fiscal\u00eda de Oaxaca detiene a cinco integrantes de una familia por ejercer violencia contra adolescente en Ocotl\u00e1n\",\"datePublished\":\"2025-11-13T20:57:58+00:00\",\"dateModified\":\"2025-11-13T20:58:01+00:00\",\"mainEntityOfPage\":{\"@id\":\"https:\\\/\\\/www.bbmnoticias.com\\\/labravaradiofm\\\/2025\\\/11\\\/13\\\/fiscalia-de-oaxaca-detiene-a-cinco-integrantes-de-una-familia-por-ejercer-violencia-contra-adolescente-en-ocotlan\\\/\"},\"wordCount\":414,\"image\":{\"@id\":\"https:\\\/\\\/www.bbmnoticias.com\\\/fiscalia-de-oaxaca-detiene-a-cinco-integrantes-de-una-familia-por-ejercer-violencia-contra-adolescente-en-ocotlan\\\/#primaryimage\"},\"thumbnailUrl\":\"https:\\\/\\\/www.bbmnoticias.com\\\/labravaradiofm\\\/wp-content\\\/uploads\\\/sites\\\/5\\\/2025\\\/11\\\/detienen_familia.jpg\",\"articleSection\":[\"LOCAL\",\"POLICIACA\"],\"inLanguage\":\"es\"},{\"@type\":\"WebPage\",\"@id\":\"https:\\\/\\\/www.bbmnoticias.com\\\/labravaradiofm\\\/2025\\\/11\\\/13\\\/fiscalia-de-oaxaca-detiene-a-cinco-integrantes-de-una-familia-por-ejercer-violencia-contra-adolescente-en-ocotlan\\\/\",\"url\":\"https:\\\/\\\/www.bbmnoticias.com\\\/fiscalia-de-oaxaca-detiene-a-cinco-integrantes-de-una-familia-por-ejercer-violencia-contra-adolescente-en-ocotlan\\\/\",\"name\":\"Fiscal\u00eda de Oaxaca detiene a cinco integrantes de una familia por ejercer violencia contra adolescente en Ocotl\u00e1n - LA BRAVA RADIO\",\"isPartOf\":{\"@id\":\"https:\\\/\\\/www.bbmnoticias.com\\\/labravaradiofm\\\/#website\"},\"primaryImageOfPage\":{\"@id\":\"https:\\\/\\\/www.bbmnoticias.com\\\/fiscalia-de-oaxaca-detiene-a-cinco-integrantes-de-una-familia-por-ejercer-violencia-contra-adolescente-en-ocotlan\\\/#primaryimage\"},\"image\":{\"@id\":\"https:\\\/\\\/www.bbmnoticias.com\\\/fiscalia-de-oaxaca-detiene-a-cinco-integrantes-de-una-familia-por-ejercer-violencia-contra-adolescente-en-ocotlan\\\/#primaryimage\"},\"thumbnailUrl\":\"https:\\\/\\\/www.bbmnoticias.com\\\/labravaradiofm\\\/wp-content\\\/uploads\\\/sites\\\/5\\\/2025\\\/11\\\/detienen_familia.jpg\",\"datePublished\":\"2025-11-13T20:57:58+00:00\",\"dateModified\":\"2025-11-13T20:58:01+00:00\",\"author\":{\"@id\":\"https:\\\/\\\/www.bbmnoticias.com\\\/labravaradiofm\\\/#\\\/schema\\\/person\\\/34b139c617a70ea5bef5678bffe4dd7b\"},\"breadcrumb\":{\"@id\":\"https:\\\/\\\/www.bbmnoticias.com\\\/fiscalia-de-oaxaca-detiene-a-cinco-integrantes-de-una-familia-por-ejercer-violencia-contra-adolescente-en-ocotlan\\\/#breadcrumb\"},\"inLanguage\":\"es\",\"potentialAction\":[{\"@type\":\"ReadAction\",\"target\":[\"https:\\\/\\\/www.bbmnoticias.com\\\/fiscalia-de-oaxaca-detiene-a-cinco-integrantes-de-una-familia-por-ejercer-violencia-contra-adolescente-en-ocotlan\\\/\"]}]},{\"@type\":\"ImageObject\",\"inLanguage\":\"es\",\"@id\":\"https:\\\/\\\/www.bbmnoticias.com\\\/fiscalia-de-oaxaca-detiene-a-cinco-integrantes-de-una-familia-por-ejercer-violencia-contra-adolescente-en-ocotlan\\\/#primaryimage\",\"url\":\"https:\\\/\\\/www.bbmnoticias.com\\\/labravaradiofm\\\/wp-content\\\/uploads\\\/sites\\\/5\\\/2025\\\/11\\\/detienen_familia.jpg\",\"contentUrl\":\"https:\\\/\\\/www.bbmnoticias.com\\\/labravaradiofm\\\/wp-content\\\/uploads\\\/sites\\\/5\\\/2025\\\/11\\\/detienen_familia.jpg\",\"width\":800,\"height\":533},{\"@type\":\"BreadcrumbList\",\"@id\":\"https:\\\/\\\/www.bbmnoticias.com\\\/fiscalia-de-oaxaca-detiene-a-cinco-integrantes-de-una-familia-por-ejercer-violencia-contra-adolescente-en-ocotlan\\\/#breadcrumb\",\"itemListElement\":[{\"@type\":\"ListItem\",\"position\":1,\"name\":\"Inicio\",\"item\":\"https:\\\/\\\/www.bbmnoticias.com\\\/labravaradiofm\\\/\"},{\"@type\":\"ListItem\",\"position\":2,\"name\":\"Fiscal\u00eda de Oaxaca detiene a cinco integrantes de una familia por ejercer violencia contra adolescente en Ocotl\u00e1n\"}]},{\"@type\":\"WebSite\",\"@id\":\"https:\\\/\\\/www.bbmnoticias.com\\\/labravaradiofm\\\/#website\",\"url\":\"https:\\\/\\\/www.bbmnoticias.com\\\/labravaradiofm\\\/\",\"name\":\"LA BRAVA RADIO\",\"description\":\"Empresa productora de medios, Radiodifusi\u00f3n, Noticias, tendencias y todo lo que necesitas saber de la pol\u00edtica mexicana e internacional; entretenimiento, espect\u00e1culos, salud y mucho m\u00e1s.\",\"potentialAction\":[{\"@type\":\"SearchAction\",\"target\":{\"@type\":\"EntryPoint\",\"urlTemplate\":\"https:\\\/\\\/www.bbmnoticias.com\\\/labravaradiofm\\\/?s={search_term_string}\"},\"query-input\":{\"@type\":\"PropertyValueSpecification\",\"valueRequired\":true,\"valueName\":\"search_term_string\"}}],\"inLanguage\":\"es\"},{\"@type\":\"Person\",\"@id\":\"https:\\\/\\\/www.bbmnoticias.com\\\/labravaradiofm\\\/#\\\/schema\\\/person\\\/34b139c617a70ea5bef5678bffe4dd7b\",\"name\":\"Staff\",\"image\":{\"@type\":\"ImageObject\",\"inLanguage\":\"es\",\"@id\":\"https:\\\/\\\/secure.gravatar.com\\\/avatar\\\/fdd21ad66fd8b98c407f9dee5b5e588cfe7f0d8579ec20fa6527cd59bab7f0f0?s=96&d=mm&r=g\",\"url\":\"https:\\\/\\\/secure.gravatar.com\\\/avatar\\\/fdd21ad66fd8b98c407f9dee5b5e588cfe7f0d8579ec20fa6527cd59bab7f0f0?s=96&d=mm&r=g\",\"contentUrl\":\"https:\\\/\\\/secure.gravatar.com\\\/avatar\\\/fdd21ad66fd8b98c407f9dee5b5e588cfe7f0d8579ec20fa6527cd59bab7f0f0?s=96&d=mm&r=g\",\"caption\":\"Staff\"},\"url\":\"https:\\\/\\\/www.bbmnoticias.com\\\/labravaradiofm\\\/author\\\/redaccion\\\/\"}]}<\/script>\n<!-- \/ Yoast SEO plugin. -->","yoast_head_json":{"title":"Fiscal\u00eda de Oaxaca detiene a cinco integrantes de una familia por ejercer violencia contra adolescente en Ocotl\u00e1n - LA BRAVA RADIO","robots":{"index":"index","follow":"follow","max-snippet":"max-snippet:-1","max-image-preview":"max-image-preview:large","max-video-preview":"max-video-preview:-1"},"canonical":"https:\/\/www.bbmnoticias.com\/fiscalia-de-oaxaca-detiene-a-cinco-integrantes-de-una-familia-por-ejercer-violencia-contra-adolescente-en-ocotlan\/","og_locale":"es_MX","og_type":"article","og_title":"Fiscal\u00eda de Oaxaca detiene a cinco integrantes de una familia por ejercer violencia contra adolescente en Ocotl\u00e1n - LA BRAVA RADIO","og_description":"Oaxaca de Ju\u00e1rez.- Como parte de la estrategia de cero tolerancia a delitos contra la mujer por raz\u00f3n de g\u00e9nero, la Fiscal\u00eda General del Estado de Oaxaca (FGEO) ejecut\u00f3 una serie de \u00f3rdenes de aprehensi\u00f3n en contra de cinco integrantes de una familia, tres mujeres y dos hombres, identificados como M.G.P.P., M.C.G., O.L.C.P., F.L.C.P., y [&hellip;]","og_url":"https:\/\/www.bbmnoticias.com\/fiscalia-de-oaxaca-detiene-a-cinco-integrantes-de-una-familia-por-ejercer-violencia-contra-adolescente-en-ocotlan\/","og_site_name":"LA BRAVA RADIO","article_published_time":"2025-11-13T20:57:58+00:00","article_modified_time":"2025-11-13T20:58:01+00:00","og_image":[{"width":800,"height":533,"url":"https:\/\/www.bbmnoticias.com\/labravaradiofm\/wp-content\/uploads\/sites\/5\/2025\/11\/detienen_familia.jpg","type":"image\/jpeg"}],"author":"Staff","twitter_card":"summary_large_image","twitter_misc":{"Escrito por":"Staff","Tiempo de lectura":"2 minutos"},"schema":{"@context":"https:\/\/schema.org","@graph":[{"@type":"Article","@id":"https:\/\/www.bbmnoticias.com\/fiscalia-de-oaxaca-detiene-a-cinco-integrantes-de-una-familia-por-ejercer-violencia-contra-adolescente-en-ocotlan\/#article","isPartOf":{"@id":"https:\/\/www.bbmnoticias.com\/labravaradiofm\/2025\/11\/13\/fiscalia-de-oaxaca-detiene-a-cinco-integrantes-de-una-familia-por-ejercer-violencia-contra-adolescente-en-ocotlan\/"},"author":{"name":"Staff","@id":"https:\/\/www.bbmnoticias.com\/labravaradiofm\/#\/schema\/person\/34b139c617a70ea5bef5678bffe4dd7b"},"headline":"Fiscal\u00eda de Oaxaca detiene a cinco integrantes de una familia por ejercer violencia contra adolescente en Ocotl\u00e1n","datePublished":"2025-11-13T20:57:58+00:00","dateModified":"2025-11-13T20:58:01+00:00","mainEntityOfPage":{"@id":"https:\/\/www.bbmnoticias.com\/labravaradiofm\/2025\/11\/13\/fiscalia-de-oaxaca-detiene-a-cinco-integrantes-de-una-familia-por-ejercer-violencia-contra-adolescente-en-ocotlan\/"},"wordCount":414,"image":{"@id":"https:\/\/www.bbmnoticias.com\/fiscalia-de-oaxaca-detiene-a-cinco-integrantes-de-una-familia-por-ejercer-violencia-contra-adolescente-en-ocotlan\/#primaryimage"},"thumbnailUrl":"https:\/\/www.bbmnoticias.com\/labravaradiofm\/wp-content\/uploads\/sites\/5\/2025\/11\/detienen_familia.jpg","articleSection":["LOCAL","POLICIACA"],"inLanguage":"es"},{"@type":"WebPage","@id":"https:\/\/www.bbmnoticias.com\/labravaradiofm\/2025\/11\/13\/fiscalia-de-oaxaca-detiene-a-cinco-integrantes-de-una-familia-por-ejercer-violencia-contra-adolescente-en-ocotlan\/","url":"https:\/\/www.bbmnoticias.com\/fiscalia-de-oaxaca-detiene-a-cinco-integrantes-de-una-familia-por-ejercer-violencia-contra-adolescente-en-ocotlan\/","name":"Fiscal\u00eda de Oaxaca detiene a cinco integrantes de una familia por ejercer violencia contra adolescente en Ocotl\u00e1n - LA BRAVA RADIO","isPartOf":{"@id":"https:\/\/www.bbmnoticias.com\/labravaradiofm\/#website"},"primaryImageOfPage":{"@id":"https:\/\/www.bbmnoticias.com\/fiscalia-de-oaxaca-detiene-a-cinco-integrantes-de-una-familia-por-ejercer-violencia-contra-adolescente-en-ocotlan\/#primaryimage"},"image":{"@id":"https:\/\/www.bbmnoticias.com\/fiscalia-de-oaxaca-detiene-a-cinco-integrantes-de-una-familia-por-ejercer-violencia-contra-adolescente-en-ocotlan\/#primaryimage"},"thumbnailUrl":"https:\/\/www.bbmnoticias.com\/labravaradiofm\/wp-content\/uploads\/sites\/5\/2025\/11\/detienen_familia.jpg","datePublished":"2025-11-13T20:57:58+00:00","dateModified":"2025-11-13T20:58:01+00:00","author":{"@id":"https:\/\/www.bbmnoticias.com\/labravaradiofm\/#\/schema\/person\/34b139c617a70ea5bef5678bffe4dd7b"},"breadcrumb":{"@id":"https:\/\/www.bbmnoticias.com\/fiscalia-de-oaxaca-detiene-a-cinco-integrantes-de-una-familia-por-ejercer-violencia-contra-adolescente-en-ocotlan\/#breadcrumb"},"inLanguage":"es","potentialAction":[{"@type":"ReadAction","target":["https:\/\/www.bbmnoticias.com\/fiscalia-de-oaxaca-detiene-a-cinco-integrantes-de-una-familia-por-ejercer-violencia-contra-adolescente-en-ocotlan\/"]}]},{"@type":"ImageObject","inLanguage":"es","@id":"https:\/\/www.bbmnoticias.com\/fiscalia-de-oaxaca-detiene-a-cinco-integrantes-de-una-familia-por-ejercer-violencia-contra-adolescente-en-ocotlan\/#primaryimage","url":"https:\/\/www.bbmnoticias.com\/labravaradiofm\/wp-content\/uploads\/sites\/5\/2025\/11\/detienen_familia.jpg","contentUrl":"https:\/\/www.bbmnoticias.com\/labravaradiofm\/wp-content\/uploads\/sites\/5\/2025\/11\/detienen_familia.jpg","width":800,"height":533},{"@type":"BreadcrumbList","@id":"https:\/\/www.bbmnoticias.com\/fiscalia-de-oaxaca-detiene-a-cinco-integrantes-de-una-familia-por-ejercer-violencia-contra-adolescente-en-ocotlan\/#breadcrumb","itemListElement":[{"@type":"ListItem","position":1,"name":"Inicio","item":"https:\/\/www.bbmnoticias.com\/labravaradiofm\/"},{"@type":"ListItem","position":2,"name":"Fiscal\u00eda de Oaxaca detiene a cinco integrantes de una familia por ejercer violencia contra adolescente en Ocotl\u00e1n"}]},{"@type":"WebSite","@id":"https:\/\/www.bbmnoticias.com\/labravaradiofm\/#website","url":"https:\/\/www.bbmnoticias.com\/labravaradiofm\/","name":"LA BRAVA RADIO","description":"Empresa productora de medios, Radiodifusi\u00f3n, Noticias, tendencias y todo lo que necesitas saber de la pol\u00edtica mexicana e internacional; entretenimiento, espect\u00e1culos, salud y mucho m\u00e1s.","potentialAction":[{"@type":"SearchAction","target":{"@type":"EntryPoint","urlTemplate":"https:\/\/www.bbmnoticias.com\/labravaradiofm\/?s={search_term_string}"},"query-input":{"@type":"PropertyValueSpecification","valueRequired":true,"valueName":"search_term_string"}}],"inLanguage":"es"},{"@type":"Person","@id":"https:\/\/www.bbmnoticias.com\/labravaradiofm\/#\/schema\/person\/34b139c617a70ea5bef5678bffe4dd7b","name":"Staff","image":{"@type":"ImageObject","inLanguage":"es","@id":"https:\/\/secure.gravatar.com\/avatar\/fdd21ad66fd8b98c407f9dee5b5e588cfe7f0d8579ec20fa6527cd59bab7f0f0?s=96&d=mm&r=g","url":"https:\/\/secure.gravatar.com\/avatar\/fdd21ad66fd8b98c407f9dee5b5e588cfe7f0d8579ec20fa6527cd59bab7f0f0?s=96&d=mm&r=g","contentUrl":"https:\/\/secure.gravatar.com\/avatar\/fdd21ad66fd8b98c407f9dee5b5e588cfe7f0d8579ec20fa6527cd59bab7f0f0?s=96&d=mm&r=g","caption":"Staff"},"url":"https:\/\/www.bbmnoticias.com\/labravaradiofm\/author\/redaccion\/"}]}},"_links":{"self":[{"href":"https:\/\/www.bbmnoticias.com\/labravaradiofm\/wp-json\/wp\/v2\/posts\/69798","targetHints":{"allow":["GET"]}}],"collection":[{"href":"https:\/\/www.bbmnoticias.com\/labravaradiofm\/wp-json\/wp\/v2\/posts"}],"about":[{"href":"https:\/\/www.bbmnoticias.com\/labravaradiofm\/wp-json\/wp\/v2\/types\/post"}],"author":[{"embeddable":true,"href":"https:\/\/www.bbmnoticias.com\/labravaradiofm\/wp-json\/wp\/v2\/users\/2"}],"replies":[{"embeddable":true,"href":"https:\/\/www.bbmnoticias.com\/labravaradiofm\/wp-json\/wp\/v2\/comments?post=69798"}],"version-history":[{"count":0,"href":"https:\/\/www.bbmnoticias.com\/labravaradiofm\/wp-json\/wp\/v2\/posts\/69798\/revisions"}],"wp:featuredmedia":[{"embeddable":true,"href":"https:\/\/www.bbmnoticias.com\/labravaradiofm\/wp-json\/wp\/v2\/media\/69800"}],"wp:attachment":[{"href":"https:\/\/www.bbmnoticias.com\/labravaradiofm\/wp-json\/wp\/v2\/media?parent=69798"}],"wp:term":[{"taxonomy":"category","embeddable":true,"href":"https:\/\/www.bbmnoticias.com\/labravaradiofm\/wp-json\/wp\/v2\/categories?post=69798"},{"taxonomy":"post_tag","embeddable":true,"href":"https:\/\/www.bbmnoticias.com\/labravaradiofm\/wp-json\/wp\/v2\/tags?post=69798"}],"curies":[{"name":"wp","href":"https:\/\/api.w.org\/{rel}","templated":true}]}}