{"id":69792,"date":"2025-11-13T13:14:47","date_gmt":"2025-11-13T19:14:47","guid":{"rendered":"https:\/\/www.bbmnoticias.com\/labravaradiofm\/2025\/11\/13\/identifican-un-acervo-de-47-especies-de-mariposas-en-el-parque-estatal-cerro-del-fortin\/"},"modified":"2025-11-13T13:14:51","modified_gmt":"2025-11-13T19:14:51","slug":"identifican-un-acervo-de-47-especies-de-mariposas-en-el-parque-estatal-cerro-del-fortin","status":"publish","type":"post","link":"https:\/\/www.bbmnoticias.com\/labravaradiofm\/2025\/11\/13\/identifican-un-acervo-de-47-especies-de-mariposas-en-el-parque-estatal-cerro-del-fortin\/","title":{"rendered":"Identifican un acervo de 47 especies de mariposas en el Parque Estatal \u201cCerro del Fort\u00edn\u201d"},"content":{"rendered":"<div style=\"margin-top: 0px; margin-bottom: 0px;\" class=\"sharethis-inline-share-buttons\" ><\/div>\n<p>Oaxaca de Ju\u00e1rez, Oax.- En el marco de las acciones de conservaci\u00f3n y manejo de las \u00c1reas Naturales Protegidas (ANP) de car\u00e1cter estatal, la Secretar\u00eda de Medio Ambiente, Biodiversidad, Energ\u00edas y Sostenibilidad dio a conocer que se tienen identificadas taxon\u00f3micamente 47 especies de mariposas diurnas en el Parque Estatal \u201cCerro del Fort\u00edn\u201d.<\/p>\n\n\n\n<p>Este trabajo fue realizado en colaboraci\u00f3n con el Instituto Tecnol\u00f3gico del Valle de Oaxaca, que, en el a\u00f1o 2024 permiti\u00f3 el estudio de residencia profesional \u201cListado de lepid\u00f3pteras diurnas en el Cerro del Fort\u00edn, Oaxaca\u201d, a cargo de Katia Stela Contreras Vicente y Jazibe Herrera Castillo, estudiantes de la carrera de Biolog\u00eda.<\/p>\n\n\n\n<p>De este trabajo destaca el registro de las especies Cometa Quexqu\u00e9metl (Papilio garamas), de los Naranjos (Papilio thoas) y Cometa Xochiqu\u00e9tzal (Pterourus multicaudata).<\/p>\n\n\n\n<p>El listado de lepid\u00f3pteros, nombre cient\u00edfico de estos organismos encontrados en el parque, ser\u00e1 presentado a trav\u00e9s de un cartel que fungir\u00e1 como material did\u00e1ctico y estar\u00e1 disponible en las redes sociales y portal oficial de la dependencia.<\/p>\n","protected":false},"excerpt":{"rendered":"<p>Oaxaca de Ju\u00e1rez, Oax.- En el marco de las acciones de conservaci\u00f3n y manejo de las \u00c1reas Naturales Protegidas (ANP) de car\u00e1cter estatal, la Secretar\u00eda de Medio Ambiente, Biodiversidad, Energ\u00edas y Sostenibilidad dio a conocer que se tienen identificadas taxon\u00f3micamente 47 especies de mariposas diurnas en el Parque Estatal \u201cCerro del Fort\u00edn\u201d. Este trabajo fue [&hellip;]<\/p>\n","protected":false},"author":2,"featured_media":69794,"comment_status":"closed","ping_status":"","sticky":false,"template":"","format":"standard","meta":{"footnotes":""},"categories":[2],"tags":[],"class_list":{"0":"post-69792","1":"post","2":"type-post","3":"status-publish","4":"format-standard","5":"has-post-thumbnail","7":"category-oaxaca"},"yoast_head":"<!-- This site is optimized with the Yoast SEO plugin v27.4 - https:\/\/yoast.com\/product\/yoast-seo-wordpress\/ -->\n<title>Identifican un acervo de 47 especies de mariposas en el Parque Estatal \u201cCerro del Fort\u00edn\u201d - LA BRAVA RADIO<\/title>\n<meta name=\"robots\" content=\"index, follow, max-snippet:-1, max-image-preview:large, max-video-preview:-1\" \/>\n<link rel=\"canonical\" href=\"https:\/\/www.bbmnoticias.com\/identifican-un-acervo-de-47-especies-de-mariposas-en-el-parque-estatal-cerro-del-fortin\/\" \/>\n<meta property=\"og:locale\" content=\"es_MX\" \/>\n<meta property=\"og:type\" content=\"article\" \/>\n<meta property=\"og:title\" content=\"Identifican un acervo de 47 especies de mariposas en el Parque Estatal \u201cCerro del Fort\u00edn\u201d - LA BRAVA RADIO\" \/>\n<meta property=\"og:description\" content=\"Oaxaca de Ju\u00e1rez, Oax.- En el marco de las acciones de conservaci\u00f3n y manejo de las \u00c1reas Naturales Protegidas (ANP) de car\u00e1cter estatal, la Secretar\u00eda de Medio Ambiente, Biodiversidad, Energ\u00edas y Sostenibilidad dio a conocer que se tienen identificadas taxon\u00f3micamente 47 especies de mariposas diurnas en el Parque Estatal \u201cCerro del Fort\u00edn\u201d. Este trabajo fue [&hellip;]\" \/>\n<meta property=\"og:url\" content=\"https:\/\/www.bbmnoticias.com\/identifican-un-acervo-de-47-especies-de-mariposas-en-el-parque-estatal-cerro-del-fortin\/\" \/>\n<meta property=\"og:site_name\" content=\"LA BRAVA RADIO\" \/>\n<meta property=\"article:published_time\" content=\"2025-11-13T19:14:47+00:00\" \/>\n<meta property=\"article:modified_time\" content=\"2025-11-13T19:14:51+00:00\" \/>\n<meta property=\"og:image\" content=\"https:\/\/www.bbmnoticias.com\/labravaradiofm\/wp-content\/uploads\/sites\/5\/2025\/11\/mariposas_oaxaca.jpg\" \/>\n\t<meta property=\"og:image:width\" content=\"800\" \/>\n\t<meta property=\"og:image:height\" content=\"600\" \/>\n\t<meta property=\"og:image:type\" content=\"image\/jpeg\" \/>\n<meta name=\"author\" content=\"Staff\" \/>\n<meta name=\"twitter:card\" content=\"summary_large_image\" \/>\n<meta name=\"twitter:label1\" content=\"Escrito por\" \/>\n\t<meta name=\"twitter:data1\" content=\"Staff\" \/>\n\t<meta name=\"twitter:label2\" content=\"Tiempo de lectura\" \/>\n\t<meta name=\"twitter:data2\" content=\"1 minuto\" \/>\n<script type=\"application\/ld+json\" class=\"yoast-schema-graph\">{\"@context\":\"https:\\\/\\\/schema.org\",\"@graph\":[{\"@type\":\"Article\",\"@id\":\"https:\\\/\\\/www.bbmnoticias.com\\\/identifican-un-acervo-de-47-especies-de-mariposas-en-el-parque-estatal-cerro-del-fortin\\\/#article\",\"isPartOf\":{\"@id\":\"https:\\\/\\\/www.bbmnoticias.com\\\/labravaradiofm\\\/2025\\\/11\\\/13\\\/identifican-un-acervo-de-47-especies-de-mariposas-en-el-parque-estatal-cerro-del-fortin\\\/\"},\"author\":{\"name\":\"Staff\",\"@id\":\"https:\\\/\\\/www.bbmnoticias.com\\\/labravaradiofm\\\/#\\\/schema\\\/person\\\/34b139c617a70ea5bef5678bffe4dd7b\"},\"headline\":\"Identifican un acervo de 47 especies de mariposas en el Parque Estatal \u201cCerro del Fort\u00edn\u201d\",\"datePublished\":\"2025-11-13T19:14:47+00:00\",\"dateModified\":\"2025-11-13T19:14:51+00:00\",\"mainEntityOfPage\":{\"@id\":\"https:\\\/\\\/www.bbmnoticias.com\\\/labravaradiofm\\\/2025\\\/11\\\/13\\\/identifican-un-acervo-de-47-especies-de-mariposas-en-el-parque-estatal-cerro-del-fortin\\\/\"},\"wordCount\":198,\"image\":{\"@id\":\"https:\\\/\\\/www.bbmnoticias.com\\\/identifican-un-acervo-de-47-especies-de-mariposas-en-el-parque-estatal-cerro-del-fortin\\\/#primaryimage\"},\"thumbnailUrl\":\"https:\\\/\\\/www.bbmnoticias.com\\\/labravaradiofm\\\/wp-content\\\/uploads\\\/sites\\\/5\\\/2025\\\/11\\\/mariposas_oaxaca.jpg\",\"articleSection\":[\"LOCAL\"],\"inLanguage\":\"es\"},{\"@type\":\"WebPage\",\"@id\":\"https:\\\/\\\/www.bbmnoticias.com\\\/labravaradiofm\\\/2025\\\/11\\\/13\\\/identifican-un-acervo-de-47-especies-de-mariposas-en-el-parque-estatal-cerro-del-fortin\\\/\",\"url\":\"https:\\\/\\\/www.bbmnoticias.com\\\/identifican-un-acervo-de-47-especies-de-mariposas-en-el-parque-estatal-cerro-del-fortin\\\/\",\"name\":\"Identifican un acervo de 47 especies de mariposas en el Parque Estatal \u201cCerro del Fort\u00edn\u201d - LA BRAVA RADIO\",\"isPartOf\":{\"@id\":\"https:\\\/\\\/www.bbmnoticias.com\\\/labravaradiofm\\\/#website\"},\"primaryImageOfPage\":{\"@id\":\"https:\\\/\\\/www.bbmnoticias.com\\\/identifican-un-acervo-de-47-especies-de-mariposas-en-el-parque-estatal-cerro-del-fortin\\\/#primaryimage\"},\"image\":{\"@id\":\"https:\\\/\\\/www.bbmnoticias.com\\\/identifican-un-acervo-de-47-especies-de-mariposas-en-el-parque-estatal-cerro-del-fortin\\\/#primaryimage\"},\"thumbnailUrl\":\"https:\\\/\\\/www.bbmnoticias.com\\\/labravaradiofm\\\/wp-content\\\/uploads\\\/sites\\\/5\\\/2025\\\/11\\\/mariposas_oaxaca.jpg\",\"datePublished\":\"2025-11-13T19:14:47+00:00\",\"dateModified\":\"2025-11-13T19:14:51+00:00\",\"author\":{\"@id\":\"https:\\\/\\\/www.bbmnoticias.com\\\/labravaradiofm\\\/#\\\/schema\\\/person\\\/34b139c617a70ea5bef5678bffe4dd7b\"},\"breadcrumb\":{\"@id\":\"https:\\\/\\\/www.bbmnoticias.com\\\/identifican-un-acervo-de-47-especies-de-mariposas-en-el-parque-estatal-cerro-del-fortin\\\/#breadcrumb\"},\"inLanguage\":\"es\",\"potentialAction\":[{\"@type\":\"ReadAction\",\"target\":[\"https:\\\/\\\/www.bbmnoticias.com\\\/identifican-un-acervo-de-47-especies-de-mariposas-en-el-parque-estatal-cerro-del-fortin\\\/\"]}]},{\"@type\":\"ImageObject\",\"inLanguage\":\"es\",\"@id\":\"https:\\\/\\\/www.bbmnoticias.com\\\/identifican-un-acervo-de-47-especies-de-mariposas-en-el-parque-estatal-cerro-del-fortin\\\/#primaryimage\",\"url\":\"https:\\\/\\\/www.bbmnoticias.com\\\/labravaradiofm\\\/wp-content\\\/uploads\\\/sites\\\/5\\\/2025\\\/11\\\/mariposas_oaxaca.jpg\",\"contentUrl\":\"https:\\\/\\\/www.bbmnoticias.com\\\/labravaradiofm\\\/wp-content\\\/uploads\\\/sites\\\/5\\\/2025\\\/11\\\/mariposas_oaxaca.jpg\",\"width\":800,\"height\":600},{\"@type\":\"BreadcrumbList\",\"@id\":\"https:\\\/\\\/www.bbmnoticias.com\\\/identifican-un-acervo-de-47-especies-de-mariposas-en-el-parque-estatal-cerro-del-fortin\\\/#breadcrumb\",\"itemListElement\":[{\"@type\":\"ListItem\",\"position\":1,\"name\":\"Inicio\",\"item\":\"https:\\\/\\\/www.bbmnoticias.com\\\/labravaradiofm\\\/\"},{\"@type\":\"ListItem\",\"position\":2,\"name\":\"Identifican un acervo de 47 especies de mariposas en el Parque Estatal \u201cCerro del Fort\u00edn\u201d\"}]},{\"@type\":\"WebSite\",\"@id\":\"https:\\\/\\\/www.bbmnoticias.com\\\/labravaradiofm\\\/#website\",\"url\":\"https:\\\/\\\/www.bbmnoticias.com\\\/labravaradiofm\\\/\",\"name\":\"LA BRAVA RADIO\",\"description\":\"Empresa productora de medios, Radiodifusi\u00f3n, Noticias, tendencias y todo lo que necesitas saber de la pol\u00edtica mexicana e internacional; entretenimiento, espect\u00e1culos, salud y mucho m\u00e1s.\",\"potentialAction\":[{\"@type\":\"SearchAction\",\"target\":{\"@type\":\"EntryPoint\",\"urlTemplate\":\"https:\\\/\\\/www.bbmnoticias.com\\\/labravaradiofm\\\/?s={search_term_string}\"},\"query-input\":{\"@type\":\"PropertyValueSpecification\",\"valueRequired\":true,\"valueName\":\"search_term_string\"}}],\"inLanguage\":\"es\"},{\"@type\":\"Person\",\"@id\":\"https:\\\/\\\/www.bbmnoticias.com\\\/labravaradiofm\\\/#\\\/schema\\\/person\\\/34b139c617a70ea5bef5678bffe4dd7b\",\"name\":\"Staff\",\"image\":{\"@type\":\"ImageObject\",\"inLanguage\":\"es\",\"@id\":\"https:\\\/\\\/secure.gravatar.com\\\/avatar\\\/fdd21ad66fd8b98c407f9dee5b5e588cfe7f0d8579ec20fa6527cd59bab7f0f0?s=96&d=mm&r=g\",\"url\":\"https:\\\/\\\/secure.gravatar.com\\\/avatar\\\/fdd21ad66fd8b98c407f9dee5b5e588cfe7f0d8579ec20fa6527cd59bab7f0f0?s=96&d=mm&r=g\",\"contentUrl\":\"https:\\\/\\\/secure.gravatar.com\\\/avatar\\\/fdd21ad66fd8b98c407f9dee5b5e588cfe7f0d8579ec20fa6527cd59bab7f0f0?s=96&d=mm&r=g\",\"caption\":\"Staff\"},\"url\":\"https:\\\/\\\/www.bbmnoticias.com\\\/labravaradiofm\\\/author\\\/redaccion\\\/\"}]}<\/script>\n<!-- \/ Yoast SEO plugin. -->","yoast_head_json":{"title":"Identifican un acervo de 47 especies de mariposas en el Parque Estatal \u201cCerro del Fort\u00edn\u201d - LA BRAVA RADIO","robots":{"index":"index","follow":"follow","max-snippet":"max-snippet:-1","max-image-preview":"max-image-preview:large","max-video-preview":"max-video-preview:-1"},"canonical":"https:\/\/www.bbmnoticias.com\/identifican-un-acervo-de-47-especies-de-mariposas-en-el-parque-estatal-cerro-del-fortin\/","og_locale":"es_MX","og_type":"article","og_title":"Identifican un acervo de 47 especies de mariposas en el Parque Estatal \u201cCerro del Fort\u00edn\u201d - LA BRAVA RADIO","og_description":"Oaxaca de Ju\u00e1rez, Oax.- En el marco de las acciones de conservaci\u00f3n y manejo de las \u00c1reas Naturales Protegidas (ANP) de car\u00e1cter estatal, la Secretar\u00eda de Medio Ambiente, Biodiversidad, Energ\u00edas y Sostenibilidad dio a conocer que se tienen identificadas taxon\u00f3micamente 47 especies de mariposas diurnas en el Parque Estatal \u201cCerro del Fort\u00edn\u201d. Este trabajo fue [&hellip;]","og_url":"https:\/\/www.bbmnoticias.com\/identifican-un-acervo-de-47-especies-de-mariposas-en-el-parque-estatal-cerro-del-fortin\/","og_site_name":"LA BRAVA RADIO","article_published_time":"2025-11-13T19:14:47+00:00","article_modified_time":"2025-11-13T19:14:51+00:00","og_image":[{"width":800,"height":600,"url":"https:\/\/www.bbmnoticias.com\/labravaradiofm\/wp-content\/uploads\/sites\/5\/2025\/11\/mariposas_oaxaca.jpg","type":"image\/jpeg"}],"author":"Staff","twitter_card":"summary_large_image","twitter_misc":{"Escrito por":"Staff","Tiempo de lectura":"1 minuto"},"schema":{"@context":"https:\/\/schema.org","@graph":[{"@type":"Article","@id":"https:\/\/www.bbmnoticias.com\/identifican-un-acervo-de-47-especies-de-mariposas-en-el-parque-estatal-cerro-del-fortin\/#article","isPartOf":{"@id":"https:\/\/www.bbmnoticias.com\/labravaradiofm\/2025\/11\/13\/identifican-un-acervo-de-47-especies-de-mariposas-en-el-parque-estatal-cerro-del-fortin\/"},"author":{"name":"Staff","@id":"https:\/\/www.bbmnoticias.com\/labravaradiofm\/#\/schema\/person\/34b139c617a70ea5bef5678bffe4dd7b"},"headline":"Identifican un acervo de 47 especies de mariposas en el Parque Estatal \u201cCerro del Fort\u00edn\u201d","datePublished":"2025-11-13T19:14:47+00:00","dateModified":"2025-11-13T19:14:51+00:00","mainEntityOfPage":{"@id":"https:\/\/www.bbmnoticias.com\/labravaradiofm\/2025\/11\/13\/identifican-un-acervo-de-47-especies-de-mariposas-en-el-parque-estatal-cerro-del-fortin\/"},"wordCount":198,"image":{"@id":"https:\/\/www.bbmnoticias.com\/identifican-un-acervo-de-47-especies-de-mariposas-en-el-parque-estatal-cerro-del-fortin\/#primaryimage"},"thumbnailUrl":"https:\/\/www.bbmnoticias.com\/labravaradiofm\/wp-content\/uploads\/sites\/5\/2025\/11\/mariposas_oaxaca.jpg","articleSection":["LOCAL"],"inLanguage":"es"},{"@type":"WebPage","@id":"https:\/\/www.bbmnoticias.com\/labravaradiofm\/2025\/11\/13\/identifican-un-acervo-de-47-especies-de-mariposas-en-el-parque-estatal-cerro-del-fortin\/","url":"https:\/\/www.bbmnoticias.com\/identifican-un-acervo-de-47-especies-de-mariposas-en-el-parque-estatal-cerro-del-fortin\/","name":"Identifican un acervo de 47 especies de mariposas en el Parque Estatal \u201cCerro del Fort\u00edn\u201d - LA BRAVA RADIO","isPartOf":{"@id":"https:\/\/www.bbmnoticias.com\/labravaradiofm\/#website"},"primaryImageOfPage":{"@id":"https:\/\/www.bbmnoticias.com\/identifican-un-acervo-de-47-especies-de-mariposas-en-el-parque-estatal-cerro-del-fortin\/#primaryimage"},"image":{"@id":"https:\/\/www.bbmnoticias.com\/identifican-un-acervo-de-47-especies-de-mariposas-en-el-parque-estatal-cerro-del-fortin\/#primaryimage"},"thumbnailUrl":"https:\/\/www.bbmnoticias.com\/labravaradiofm\/wp-content\/uploads\/sites\/5\/2025\/11\/mariposas_oaxaca.jpg","datePublished":"2025-11-13T19:14:47+00:00","dateModified":"2025-11-13T19:14:51+00:00","author":{"@id":"https:\/\/www.bbmnoticias.com\/labravaradiofm\/#\/schema\/person\/34b139c617a70ea5bef5678bffe4dd7b"},"breadcrumb":{"@id":"https:\/\/www.bbmnoticias.com\/identifican-un-acervo-de-47-especies-de-mariposas-en-el-parque-estatal-cerro-del-fortin\/#breadcrumb"},"inLanguage":"es","potentialAction":[{"@type":"ReadAction","target":["https:\/\/www.bbmnoticias.com\/identifican-un-acervo-de-47-especies-de-mariposas-en-el-parque-estatal-cerro-del-fortin\/"]}]},{"@type":"ImageObject","inLanguage":"es","@id":"https:\/\/www.bbmnoticias.com\/identifican-un-acervo-de-47-especies-de-mariposas-en-el-parque-estatal-cerro-del-fortin\/#primaryimage","url":"https:\/\/www.bbmnoticias.com\/labravaradiofm\/wp-content\/uploads\/sites\/5\/2025\/11\/mariposas_oaxaca.jpg","contentUrl":"https:\/\/www.bbmnoticias.com\/labravaradiofm\/wp-content\/uploads\/sites\/5\/2025\/11\/mariposas_oaxaca.jpg","width":800,"height":600},{"@type":"BreadcrumbList","@id":"https:\/\/www.bbmnoticias.com\/identifican-un-acervo-de-47-especies-de-mariposas-en-el-parque-estatal-cerro-del-fortin\/#breadcrumb","itemListElement":[{"@type":"ListItem","position":1,"name":"Inicio","item":"https:\/\/www.bbmnoticias.com\/labravaradiofm\/"},{"@type":"ListItem","position":2,"name":"Identifican un acervo de 47 especies de mariposas en el Parque Estatal \u201cCerro del Fort\u00edn\u201d"}]},{"@type":"WebSite","@id":"https:\/\/www.bbmnoticias.com\/labravaradiofm\/#website","url":"https:\/\/www.bbmnoticias.com\/labravaradiofm\/","name":"LA BRAVA RADIO","description":"Empresa productora de medios, Radiodifusi\u00f3n, Noticias, tendencias y todo lo que necesitas saber de la pol\u00edtica mexicana e internacional; entretenimiento, espect\u00e1culos, salud y mucho m\u00e1s.","potentialAction":[{"@type":"SearchAction","target":{"@type":"EntryPoint","urlTemplate":"https:\/\/www.bbmnoticias.com\/labravaradiofm\/?s={search_term_string}"},"query-input":{"@type":"PropertyValueSpecification","valueRequired":true,"valueName":"search_term_string"}}],"inLanguage":"es"},{"@type":"Person","@id":"https:\/\/www.bbmnoticias.com\/labravaradiofm\/#\/schema\/person\/34b139c617a70ea5bef5678bffe4dd7b","name":"Staff","image":{"@type":"ImageObject","inLanguage":"es","@id":"https:\/\/secure.gravatar.com\/avatar\/fdd21ad66fd8b98c407f9dee5b5e588cfe7f0d8579ec20fa6527cd59bab7f0f0?s=96&d=mm&r=g","url":"https:\/\/secure.gravatar.com\/avatar\/fdd21ad66fd8b98c407f9dee5b5e588cfe7f0d8579ec20fa6527cd59bab7f0f0?s=96&d=mm&r=g","contentUrl":"https:\/\/secure.gravatar.com\/avatar\/fdd21ad66fd8b98c407f9dee5b5e588cfe7f0d8579ec20fa6527cd59bab7f0f0?s=96&d=mm&r=g","caption":"Staff"},"url":"https:\/\/www.bbmnoticias.com\/labravaradiofm\/author\/redaccion\/"}]}},"_links":{"self":[{"href":"https:\/\/www.bbmnoticias.com\/labravaradiofm\/wp-json\/wp\/v2\/posts\/69792","targetHints":{"allow":["GET"]}}],"collection":[{"href":"https:\/\/www.bbmnoticias.com\/labravaradiofm\/wp-json\/wp\/v2\/posts"}],"about":[{"href":"https:\/\/www.bbmnoticias.com\/labravaradiofm\/wp-json\/wp\/v2\/types\/post"}],"author":[{"embeddable":true,"href":"https:\/\/www.bbmnoticias.com\/labravaradiofm\/wp-json\/wp\/v2\/users\/2"}],"replies":[{"embeddable":true,"href":"https:\/\/www.bbmnoticias.com\/labravaradiofm\/wp-json\/wp\/v2\/comments?post=69792"}],"version-history":[{"count":0,"href":"https:\/\/www.bbmnoticias.com\/labravaradiofm\/wp-json\/wp\/v2\/posts\/69792\/revisions"}],"wp:featuredmedia":[{"embeddable":true,"href":"https:\/\/www.bbmnoticias.com\/labravaradiofm\/wp-json\/wp\/v2\/media\/69794"}],"wp:attachment":[{"href":"https:\/\/www.bbmnoticias.com\/labravaradiofm\/wp-json\/wp\/v2\/media?parent=69792"}],"wp:term":[{"taxonomy":"category","embeddable":true,"href":"https:\/\/www.bbmnoticias.com\/labravaradiofm\/wp-json\/wp\/v2\/categories?post=69792"},{"taxonomy":"post_tag","embeddable":true,"href":"https:\/\/www.bbmnoticias.com\/labravaradiofm\/wp-json\/wp\/v2\/tags?post=69792"}],"curies":[{"name":"wp","href":"https:\/\/api.w.org\/{rel}","templated":true}]}}