{"id":69789,"date":"2025-11-13T12:53:30","date_gmt":"2025-11-13T18:53:30","guid":{"rendered":"https:\/\/www.bbmnoticias.com\/labravaradiofm\/2025\/11\/13\/vinculan-a-o-l-p-r-alias-la-serranita-o-capibara-por-robo-con-violencia-operaba-afuera-de-bancos-en-el-centro-de-la-ciudad-de-oaxaca\/"},"modified":"2025-11-13T12:53:41","modified_gmt":"2025-11-13T18:53:41","slug":"vinculan-a-o-l-p-r-alias-la-serranita-o-capibara-por-robo-con-violencia-operaba-afuera-de-bancos-en-el-centro-de-la-ciudad-de-oaxaca","status":"publish","type":"post","link":"https:\/\/www.bbmnoticias.com\/labravaradiofm\/2025\/11\/13\/vinculan-a-o-l-p-r-alias-la-serranita-o-capibara-por-robo-con-violencia-operaba-afuera-de-bancos-en-el-centro-de-la-ciudad-de-oaxaca\/","title":{"rendered":"Vinculan a O.L.P.R., alias &#8220;La Serranita&#8221; o \u201cCapibara\u201d, por robo con violencia, operaba afuera de bancos en el Centro de la ciudad de Oaxaca"},"content":{"rendered":"<div style=\"margin-top: 0px; margin-bottom: 0px;\" class=\"sharethis-inline-share-buttons\" ><\/div>\n<p><strong>Oaxaca de Ju\u00e1rez, Oax.- <\/strong>En acciones coordinadas contra los delitos patrimoniales, la Fiscal\u00eda General del Estado de Oaxaca (FGEO) obtuvo una vinculaci\u00f3n a proceso y prisi\u00f3n contra una mujer identificada como O.L.P.R., alias &#8220;La Serranita&#8221; o \u201cCapibara\u201d, imputada por el delito de Robo con Violencia Moral a las Personas, que operaba en sucursales bancarias o tiendas departamentales de la ciudad de Oaxaca.<\/p>\n\n\n\n<p>De acuerdo con el expediente penal del caso, el modus operandi de la imputada consist\u00eda en vigilar a sus v\u00edctimas que acud\u00edan a sucursales bancarias o tiendas departamentales a retirar dinero, una vez que se ganaban su confianza, esperaban que salieran de la tienda, las segu\u00edan para luego despojarlas con violencia de sus bienes.<\/p>\n\n\n\n<p>Uno de los casos por la que O.L.P.R., alias &#8220;La Serranita&#8221; o \u201cCapibara\u201d, fue aprehendida y procesada penalmente, ocurri\u00f3 el 12 de julio de 2025, cuando la v\u00edctima identificada como J.J.G., hab\u00eda acudido a la tienda departamental Coppel ubicada sobre la calle Hidalgo esquina con 20 de Noviembre del municipio de Oaxaca de Ju\u00e1rez para retirar dinero en efectivo en el \u00e1rea bancaria.<\/p>\n\n\n\n<p>De acuerdo con el expediente penal, la imputada junto con otra persona se acerc\u00f3 a ella, le hicieron pl\u00e1tica y la dejaron que saliera de la tienda para despu\u00e9s seguirla en su trayecto, sin embargo, la v\u00edctima entr\u00f3 a otra tienda en el centro de la ciudad.<\/p>\n\n\n\n<p>La investigaci\u00f3n establece que a ese lugar tambi\u00e9n entr\u00f3 la imputada junto con su acompa\u00f1ante y, al percatarse que la v\u00edctima hab\u00eda retirado otra cantidad de dinero, la esperaron afuera para darle alcance.<\/p>\n\n\n\n<p>Cuando la v\u00edctima sali\u00f3 de la tienda, camin\u00f3 unos metros y fue interceptada por la imputada y su acompa\u00f1ante quien la abraz\u00f3, la someti\u00f3 y bajo amenazas le quit\u00f3 el dinero que llevaba en una mochila, para despu\u00e9s huir del lugar.<\/p>\n\n\n\n<p>Tras estos hechos y la denuncia interpuesta, la Fiscal\u00eda de Oaxaca a trav\u00e9s de la Vicefiscal\u00eda Regional de Valles Centrales inici\u00f3 las investigaciones ministeriales correspondientes, las cuales permitieron obtener una orden de aprehensi\u00f3n en contra de O.L.P.R., alias &#8220;La Serranita&#8221; o \u201cCapibara\u201d, quien fue puesta a disposici\u00f3n del ministerio p\u00fablico para posteriormente ser presentada ante el juez quien le comunic\u00f3 imputaci\u00f3n.<\/p>\n\n\n\n<p>En audiencia y tras el desahogo de pruebas aportadas por la FGEO, el Juez que atiende causa vincul\u00f3 a proceso a O.L.P.R., alias &#8220;La Serranita&#8221; o \u201cCapibara\u201d, por el delito de Robo Calificado con Violencia Moral a las Personas impuso la medida cautelar respectiva y autoriz\u00f3 el plazo de dos meses para la investigaci\u00f3n complementaria.<\/p>\n","protected":false},"excerpt":{"rendered":"<p>Oaxaca de Ju\u00e1rez, Oax.- En acciones coordinadas contra los delitos patrimoniales, la Fiscal\u00eda General del Estado de Oaxaca (FGEO) obtuvo una vinculaci\u00f3n a proceso y prisi\u00f3n contra una mujer identificada como O.L.P.R., alias &#8220;La Serranita&#8221; o \u201cCapibara\u201d, imputada por el delito de Robo con Violencia Moral a las Personas, que operaba en sucursales bancarias o [&hellip;]<\/p>\n","protected":false},"author":2,"featured_media":69791,"comment_status":"closed","ping_status":"","sticky":false,"template":"","format":"standard","meta":{"footnotes":""},"categories":[2,20],"tags":[],"class_list":{"0":"post-69789","1":"post","2":"type-post","3":"status-publish","4":"format-standard","5":"has-post-thumbnail","7":"category-oaxaca","8":"category-policiaca"},"yoast_head":"<!-- This site is optimized with the Yoast SEO plugin v27.4 - https:\/\/yoast.com\/product\/yoast-seo-wordpress\/ -->\n<title>Vinculan a O.L.P.R., alias &quot;La Serranita&quot; o \u201cCapibara\u201d, por robo con violencia, operaba afuera de bancos en el Centro de la ciudad de Oaxaca - LA BRAVA RADIO<\/title>\n<meta name=\"robots\" content=\"index, follow, max-snippet:-1, max-image-preview:large, max-video-preview:-1\" \/>\n<link rel=\"canonical\" href=\"https:\/\/www.bbmnoticias.com\/vinculan-a-o-l-p-r-alias-la-serranita-o-capibara-por-robo-con-violencia-operaba-afuera-de-bancos-en-el-centro-de-la-ciudad-de-oaxaca\/\" \/>\n<meta property=\"og:locale\" content=\"es_MX\" \/>\n<meta property=\"og:type\" content=\"article\" \/>\n<meta property=\"og:title\" content=\"Vinculan a O.L.P.R., alias &quot;La Serranita&quot; o \u201cCapibara\u201d, por robo con violencia, operaba afuera de bancos en el Centro de la ciudad de Oaxaca - LA BRAVA RADIO\" \/>\n<meta property=\"og:description\" content=\"Oaxaca de Ju\u00e1rez, Oax.- En acciones coordinadas contra los delitos patrimoniales, la Fiscal\u00eda General del Estado de Oaxaca (FGEO) obtuvo una vinculaci\u00f3n a proceso y prisi\u00f3n contra una mujer identificada como O.L.P.R., alias &#8220;La Serranita&#8221; o \u201cCapibara\u201d, imputada por el delito de Robo con Violencia Moral a las Personas, que operaba en sucursales bancarias o [&hellip;]\" \/>\n<meta property=\"og:url\" content=\"https:\/\/www.bbmnoticias.com\/vinculan-a-o-l-p-r-alias-la-serranita-o-capibara-por-robo-con-violencia-operaba-afuera-de-bancos-en-el-centro-de-la-ciudad-de-oaxaca\/\" \/>\n<meta property=\"og:site_name\" content=\"LA BRAVA RADIO\" \/>\n<meta property=\"article:published_time\" content=\"2025-11-13T18:53:30+00:00\" \/>\n<meta property=\"article:modified_time\" content=\"2025-11-13T18:53:41+00:00\" \/>\n<meta property=\"og:image\" content=\"https:\/\/www.bbmnoticias.com\/labravaradiofm\/wp-content\/uploads\/sites\/5\/2025\/11\/capibara_vinculado.jpg\" \/>\n\t<meta property=\"og:image:width\" content=\"800\" \/>\n\t<meta property=\"og:image:height\" content=\"450\" \/>\n\t<meta property=\"og:image:type\" content=\"image\/jpeg\" \/>\n<meta name=\"author\" content=\"Staff\" \/>\n<meta name=\"twitter:card\" content=\"summary_large_image\" \/>\n<meta name=\"twitter:label1\" content=\"Escrito por\" \/>\n\t<meta name=\"twitter:data1\" content=\"Staff\" \/>\n\t<meta name=\"twitter:label2\" content=\"Tiempo de lectura\" \/>\n\t<meta name=\"twitter:data2\" content=\"2 minutos\" \/>\n<script type=\"application\/ld+json\" class=\"yoast-schema-graph\">{\"@context\":\"https:\\\/\\\/schema.org\",\"@graph\":[{\"@type\":\"Article\",\"@id\":\"https:\\\/\\\/www.bbmnoticias.com\\\/vinculan-a-o-l-p-r-alias-la-serranita-o-capibara-por-robo-con-violencia-operaba-afuera-de-bancos-en-el-centro-de-la-ciudad-de-oaxaca\\\/#article\",\"isPartOf\":{\"@id\":\"https:\\\/\\\/www.bbmnoticias.com\\\/labravaradiofm\\\/2025\\\/11\\\/13\\\/vinculan-a-o-l-p-r-alias-la-serranita-o-capibara-por-robo-con-violencia-operaba-afuera-de-bancos-en-el-centro-de-la-ciudad-de-oaxaca\\\/\"},\"author\":{\"name\":\"Staff\",\"@id\":\"https:\\\/\\\/www.bbmnoticias.com\\\/labravaradiofm\\\/#\\\/schema\\\/person\\\/34b139c617a70ea5bef5678bffe4dd7b\"},\"headline\":\"Vinculan a O.L.P.R., alias &#8220;La Serranita&#8221; o \u201cCapibara\u201d, por robo con violencia, operaba afuera de bancos en el Centro de la ciudad de Oaxaca\",\"datePublished\":\"2025-11-13T18:53:30+00:00\",\"dateModified\":\"2025-11-13T18:53:41+00:00\",\"mainEntityOfPage\":{\"@id\":\"https:\\\/\\\/www.bbmnoticias.com\\\/labravaradiofm\\\/2025\\\/11\\\/13\\\/vinculan-a-o-l-p-r-alias-la-serranita-o-capibara-por-robo-con-violencia-operaba-afuera-de-bancos-en-el-centro-de-la-ciudad-de-oaxaca\\\/\"},\"wordCount\":485,\"image\":{\"@id\":\"https:\\\/\\\/www.bbmnoticias.com\\\/vinculan-a-o-l-p-r-alias-la-serranita-o-capibara-por-robo-con-violencia-operaba-afuera-de-bancos-en-el-centro-de-la-ciudad-de-oaxaca\\\/#primaryimage\"},\"thumbnailUrl\":\"https:\\\/\\\/www.bbmnoticias.com\\\/labravaradiofm\\\/wp-content\\\/uploads\\\/sites\\\/5\\\/2025\\\/11\\\/capibara_vinculado.jpg\",\"articleSection\":[\"LOCAL\",\"POLICIACA\"],\"inLanguage\":\"es\"},{\"@type\":\"WebPage\",\"@id\":\"https:\\\/\\\/www.bbmnoticias.com\\\/labravaradiofm\\\/2025\\\/11\\\/13\\\/vinculan-a-o-l-p-r-alias-la-serranita-o-capibara-por-robo-con-violencia-operaba-afuera-de-bancos-en-el-centro-de-la-ciudad-de-oaxaca\\\/\",\"url\":\"https:\\\/\\\/www.bbmnoticias.com\\\/vinculan-a-o-l-p-r-alias-la-serranita-o-capibara-por-robo-con-violencia-operaba-afuera-de-bancos-en-el-centro-de-la-ciudad-de-oaxaca\\\/\",\"name\":\"Vinculan a O.L.P.R., alias \\\"La Serranita\\\" o \u201cCapibara\u201d, por robo con violencia, operaba afuera de bancos en el Centro de la ciudad de Oaxaca - LA BRAVA RADIO\",\"isPartOf\":{\"@id\":\"https:\\\/\\\/www.bbmnoticias.com\\\/labravaradiofm\\\/#website\"},\"primaryImageOfPage\":{\"@id\":\"https:\\\/\\\/www.bbmnoticias.com\\\/vinculan-a-o-l-p-r-alias-la-serranita-o-capibara-por-robo-con-violencia-operaba-afuera-de-bancos-en-el-centro-de-la-ciudad-de-oaxaca\\\/#primaryimage\"},\"image\":{\"@id\":\"https:\\\/\\\/www.bbmnoticias.com\\\/vinculan-a-o-l-p-r-alias-la-serranita-o-capibara-por-robo-con-violencia-operaba-afuera-de-bancos-en-el-centro-de-la-ciudad-de-oaxaca\\\/#primaryimage\"},\"thumbnailUrl\":\"https:\\\/\\\/www.bbmnoticias.com\\\/labravaradiofm\\\/wp-content\\\/uploads\\\/sites\\\/5\\\/2025\\\/11\\\/capibara_vinculado.jpg\",\"datePublished\":\"2025-11-13T18:53:30+00:00\",\"dateModified\":\"2025-11-13T18:53:41+00:00\",\"author\":{\"@id\":\"https:\\\/\\\/www.bbmnoticias.com\\\/labravaradiofm\\\/#\\\/schema\\\/person\\\/34b139c617a70ea5bef5678bffe4dd7b\"},\"breadcrumb\":{\"@id\":\"https:\\\/\\\/www.bbmnoticias.com\\\/vinculan-a-o-l-p-r-alias-la-serranita-o-capibara-por-robo-con-violencia-operaba-afuera-de-bancos-en-el-centro-de-la-ciudad-de-oaxaca\\\/#breadcrumb\"},\"inLanguage\":\"es\",\"potentialAction\":[{\"@type\":\"ReadAction\",\"target\":[\"https:\\\/\\\/www.bbmnoticias.com\\\/vinculan-a-o-l-p-r-alias-la-serranita-o-capibara-por-robo-con-violencia-operaba-afuera-de-bancos-en-el-centro-de-la-ciudad-de-oaxaca\\\/\"]}]},{\"@type\":\"ImageObject\",\"inLanguage\":\"es\",\"@id\":\"https:\\\/\\\/www.bbmnoticias.com\\\/vinculan-a-o-l-p-r-alias-la-serranita-o-capibara-por-robo-con-violencia-operaba-afuera-de-bancos-en-el-centro-de-la-ciudad-de-oaxaca\\\/#primaryimage\",\"url\":\"https:\\\/\\\/www.bbmnoticias.com\\\/labravaradiofm\\\/wp-content\\\/uploads\\\/sites\\\/5\\\/2025\\\/11\\\/capibara_vinculado.jpg\",\"contentUrl\":\"https:\\\/\\\/www.bbmnoticias.com\\\/labravaradiofm\\\/wp-content\\\/uploads\\\/sites\\\/5\\\/2025\\\/11\\\/capibara_vinculado.jpg\",\"width\":800,\"height\":450},{\"@type\":\"BreadcrumbList\",\"@id\":\"https:\\\/\\\/www.bbmnoticias.com\\\/vinculan-a-o-l-p-r-alias-la-serranita-o-capibara-por-robo-con-violencia-operaba-afuera-de-bancos-en-el-centro-de-la-ciudad-de-oaxaca\\\/#breadcrumb\",\"itemListElement\":[{\"@type\":\"ListItem\",\"position\":1,\"name\":\"Inicio\",\"item\":\"https:\\\/\\\/www.bbmnoticias.com\\\/labravaradiofm\\\/\"},{\"@type\":\"ListItem\",\"position\":2,\"name\":\"Vinculan a O.L.P.R., alias &#8220;La Serranita&#8221; o \u201cCapibara\u201d, por robo con violencia, operaba afuera de bancos en el Centro de la ciudad de Oaxaca\"}]},{\"@type\":\"WebSite\",\"@id\":\"https:\\\/\\\/www.bbmnoticias.com\\\/labravaradiofm\\\/#website\",\"url\":\"https:\\\/\\\/www.bbmnoticias.com\\\/labravaradiofm\\\/\",\"name\":\"LA BRAVA RADIO\",\"description\":\"Empresa productora de medios, Radiodifusi\u00f3n, Noticias, tendencias y todo lo que necesitas saber de la pol\u00edtica mexicana e internacional; entretenimiento, espect\u00e1culos, salud y mucho m\u00e1s.\",\"potentialAction\":[{\"@type\":\"SearchAction\",\"target\":{\"@type\":\"EntryPoint\",\"urlTemplate\":\"https:\\\/\\\/www.bbmnoticias.com\\\/labravaradiofm\\\/?s={search_term_string}\"},\"query-input\":{\"@type\":\"PropertyValueSpecification\",\"valueRequired\":true,\"valueName\":\"search_term_string\"}}],\"inLanguage\":\"es\"},{\"@type\":\"Person\",\"@id\":\"https:\\\/\\\/www.bbmnoticias.com\\\/labravaradiofm\\\/#\\\/schema\\\/person\\\/34b139c617a70ea5bef5678bffe4dd7b\",\"name\":\"Staff\",\"image\":{\"@type\":\"ImageObject\",\"inLanguage\":\"es\",\"@id\":\"https:\\\/\\\/secure.gravatar.com\\\/avatar\\\/fdd21ad66fd8b98c407f9dee5b5e588cfe7f0d8579ec20fa6527cd59bab7f0f0?s=96&d=mm&r=g\",\"url\":\"https:\\\/\\\/secure.gravatar.com\\\/avatar\\\/fdd21ad66fd8b98c407f9dee5b5e588cfe7f0d8579ec20fa6527cd59bab7f0f0?s=96&d=mm&r=g\",\"contentUrl\":\"https:\\\/\\\/secure.gravatar.com\\\/avatar\\\/fdd21ad66fd8b98c407f9dee5b5e588cfe7f0d8579ec20fa6527cd59bab7f0f0?s=96&d=mm&r=g\",\"caption\":\"Staff\"},\"url\":\"https:\\\/\\\/www.bbmnoticias.com\\\/labravaradiofm\\\/author\\\/redaccion\\\/\"}]}<\/script>\n<!-- \/ Yoast SEO plugin. -->","yoast_head_json":{"title":"Vinculan a O.L.P.R., alias \"La Serranita\" o \u201cCapibara\u201d, por robo con violencia, operaba afuera de bancos en el Centro de la ciudad de Oaxaca - LA BRAVA RADIO","robots":{"index":"index","follow":"follow","max-snippet":"max-snippet:-1","max-image-preview":"max-image-preview:large","max-video-preview":"max-video-preview:-1"},"canonical":"https:\/\/www.bbmnoticias.com\/vinculan-a-o-l-p-r-alias-la-serranita-o-capibara-por-robo-con-violencia-operaba-afuera-de-bancos-en-el-centro-de-la-ciudad-de-oaxaca\/","og_locale":"es_MX","og_type":"article","og_title":"Vinculan a O.L.P.R., alias \"La Serranita\" o \u201cCapibara\u201d, por robo con violencia, operaba afuera de bancos en el Centro de la ciudad de Oaxaca - LA BRAVA RADIO","og_description":"Oaxaca de Ju\u00e1rez, Oax.- En acciones coordinadas contra los delitos patrimoniales, la Fiscal\u00eda General del Estado de Oaxaca (FGEO) obtuvo una vinculaci\u00f3n a proceso y prisi\u00f3n contra una mujer identificada como O.L.P.R., alias &#8220;La Serranita&#8221; o \u201cCapibara\u201d, imputada por el delito de Robo con Violencia Moral a las Personas, que operaba en sucursales bancarias o [&hellip;]","og_url":"https:\/\/www.bbmnoticias.com\/vinculan-a-o-l-p-r-alias-la-serranita-o-capibara-por-robo-con-violencia-operaba-afuera-de-bancos-en-el-centro-de-la-ciudad-de-oaxaca\/","og_site_name":"LA BRAVA RADIO","article_published_time":"2025-11-13T18:53:30+00:00","article_modified_time":"2025-11-13T18:53:41+00:00","og_image":[{"width":800,"height":450,"url":"https:\/\/www.bbmnoticias.com\/labravaradiofm\/wp-content\/uploads\/sites\/5\/2025\/11\/capibara_vinculado.jpg","type":"image\/jpeg"}],"author":"Staff","twitter_card":"summary_large_image","twitter_misc":{"Escrito por":"Staff","Tiempo de lectura":"2 minutos"},"schema":{"@context":"https:\/\/schema.org","@graph":[{"@type":"Article","@id":"https:\/\/www.bbmnoticias.com\/vinculan-a-o-l-p-r-alias-la-serranita-o-capibara-por-robo-con-violencia-operaba-afuera-de-bancos-en-el-centro-de-la-ciudad-de-oaxaca\/#article","isPartOf":{"@id":"https:\/\/www.bbmnoticias.com\/labravaradiofm\/2025\/11\/13\/vinculan-a-o-l-p-r-alias-la-serranita-o-capibara-por-robo-con-violencia-operaba-afuera-de-bancos-en-el-centro-de-la-ciudad-de-oaxaca\/"},"author":{"name":"Staff","@id":"https:\/\/www.bbmnoticias.com\/labravaradiofm\/#\/schema\/person\/34b139c617a70ea5bef5678bffe4dd7b"},"headline":"Vinculan a O.L.P.R., alias &#8220;La Serranita&#8221; o \u201cCapibara\u201d, por robo con violencia, operaba afuera de bancos en el Centro de la ciudad de Oaxaca","datePublished":"2025-11-13T18:53:30+00:00","dateModified":"2025-11-13T18:53:41+00:00","mainEntityOfPage":{"@id":"https:\/\/www.bbmnoticias.com\/labravaradiofm\/2025\/11\/13\/vinculan-a-o-l-p-r-alias-la-serranita-o-capibara-por-robo-con-violencia-operaba-afuera-de-bancos-en-el-centro-de-la-ciudad-de-oaxaca\/"},"wordCount":485,"image":{"@id":"https:\/\/www.bbmnoticias.com\/vinculan-a-o-l-p-r-alias-la-serranita-o-capibara-por-robo-con-violencia-operaba-afuera-de-bancos-en-el-centro-de-la-ciudad-de-oaxaca\/#primaryimage"},"thumbnailUrl":"https:\/\/www.bbmnoticias.com\/labravaradiofm\/wp-content\/uploads\/sites\/5\/2025\/11\/capibara_vinculado.jpg","articleSection":["LOCAL","POLICIACA"],"inLanguage":"es"},{"@type":"WebPage","@id":"https:\/\/www.bbmnoticias.com\/labravaradiofm\/2025\/11\/13\/vinculan-a-o-l-p-r-alias-la-serranita-o-capibara-por-robo-con-violencia-operaba-afuera-de-bancos-en-el-centro-de-la-ciudad-de-oaxaca\/","url":"https:\/\/www.bbmnoticias.com\/vinculan-a-o-l-p-r-alias-la-serranita-o-capibara-por-robo-con-violencia-operaba-afuera-de-bancos-en-el-centro-de-la-ciudad-de-oaxaca\/","name":"Vinculan a O.L.P.R., alias \"La Serranita\" o \u201cCapibara\u201d, por robo con violencia, operaba afuera de bancos en el Centro de la ciudad de Oaxaca - LA BRAVA RADIO","isPartOf":{"@id":"https:\/\/www.bbmnoticias.com\/labravaradiofm\/#website"},"primaryImageOfPage":{"@id":"https:\/\/www.bbmnoticias.com\/vinculan-a-o-l-p-r-alias-la-serranita-o-capibara-por-robo-con-violencia-operaba-afuera-de-bancos-en-el-centro-de-la-ciudad-de-oaxaca\/#primaryimage"},"image":{"@id":"https:\/\/www.bbmnoticias.com\/vinculan-a-o-l-p-r-alias-la-serranita-o-capibara-por-robo-con-violencia-operaba-afuera-de-bancos-en-el-centro-de-la-ciudad-de-oaxaca\/#primaryimage"},"thumbnailUrl":"https:\/\/www.bbmnoticias.com\/labravaradiofm\/wp-content\/uploads\/sites\/5\/2025\/11\/capibara_vinculado.jpg","datePublished":"2025-11-13T18:53:30+00:00","dateModified":"2025-11-13T18:53:41+00:00","author":{"@id":"https:\/\/www.bbmnoticias.com\/labravaradiofm\/#\/schema\/person\/34b139c617a70ea5bef5678bffe4dd7b"},"breadcrumb":{"@id":"https:\/\/www.bbmnoticias.com\/vinculan-a-o-l-p-r-alias-la-serranita-o-capibara-por-robo-con-violencia-operaba-afuera-de-bancos-en-el-centro-de-la-ciudad-de-oaxaca\/#breadcrumb"},"inLanguage":"es","potentialAction":[{"@type":"ReadAction","target":["https:\/\/www.bbmnoticias.com\/vinculan-a-o-l-p-r-alias-la-serranita-o-capibara-por-robo-con-violencia-operaba-afuera-de-bancos-en-el-centro-de-la-ciudad-de-oaxaca\/"]}]},{"@type":"ImageObject","inLanguage":"es","@id":"https:\/\/www.bbmnoticias.com\/vinculan-a-o-l-p-r-alias-la-serranita-o-capibara-por-robo-con-violencia-operaba-afuera-de-bancos-en-el-centro-de-la-ciudad-de-oaxaca\/#primaryimage","url":"https:\/\/www.bbmnoticias.com\/labravaradiofm\/wp-content\/uploads\/sites\/5\/2025\/11\/capibara_vinculado.jpg","contentUrl":"https:\/\/www.bbmnoticias.com\/labravaradiofm\/wp-content\/uploads\/sites\/5\/2025\/11\/capibara_vinculado.jpg","width":800,"height":450},{"@type":"BreadcrumbList","@id":"https:\/\/www.bbmnoticias.com\/vinculan-a-o-l-p-r-alias-la-serranita-o-capibara-por-robo-con-violencia-operaba-afuera-de-bancos-en-el-centro-de-la-ciudad-de-oaxaca\/#breadcrumb","itemListElement":[{"@type":"ListItem","position":1,"name":"Inicio","item":"https:\/\/www.bbmnoticias.com\/labravaradiofm\/"},{"@type":"ListItem","position":2,"name":"Vinculan a O.L.P.R., alias &#8220;La Serranita&#8221; o \u201cCapibara\u201d, por robo con violencia, operaba afuera de bancos en el Centro de la ciudad de Oaxaca"}]},{"@type":"WebSite","@id":"https:\/\/www.bbmnoticias.com\/labravaradiofm\/#website","url":"https:\/\/www.bbmnoticias.com\/labravaradiofm\/","name":"LA BRAVA RADIO","description":"Empresa productora de medios, Radiodifusi\u00f3n, Noticias, tendencias y todo lo que necesitas saber de la pol\u00edtica mexicana e internacional; entretenimiento, espect\u00e1culos, salud y mucho m\u00e1s.","potentialAction":[{"@type":"SearchAction","target":{"@type":"EntryPoint","urlTemplate":"https:\/\/www.bbmnoticias.com\/labravaradiofm\/?s={search_term_string}"},"query-input":{"@type":"PropertyValueSpecification","valueRequired":true,"valueName":"search_term_string"}}],"inLanguage":"es"},{"@type":"Person","@id":"https:\/\/www.bbmnoticias.com\/labravaradiofm\/#\/schema\/person\/34b139c617a70ea5bef5678bffe4dd7b","name":"Staff","image":{"@type":"ImageObject","inLanguage":"es","@id":"https:\/\/secure.gravatar.com\/avatar\/fdd21ad66fd8b98c407f9dee5b5e588cfe7f0d8579ec20fa6527cd59bab7f0f0?s=96&d=mm&r=g","url":"https:\/\/secure.gravatar.com\/avatar\/fdd21ad66fd8b98c407f9dee5b5e588cfe7f0d8579ec20fa6527cd59bab7f0f0?s=96&d=mm&r=g","contentUrl":"https:\/\/secure.gravatar.com\/avatar\/fdd21ad66fd8b98c407f9dee5b5e588cfe7f0d8579ec20fa6527cd59bab7f0f0?s=96&d=mm&r=g","caption":"Staff"},"url":"https:\/\/www.bbmnoticias.com\/labravaradiofm\/author\/redaccion\/"}]}},"_links":{"self":[{"href":"https:\/\/www.bbmnoticias.com\/labravaradiofm\/wp-json\/wp\/v2\/posts\/69789","targetHints":{"allow":["GET"]}}],"collection":[{"href":"https:\/\/www.bbmnoticias.com\/labravaradiofm\/wp-json\/wp\/v2\/posts"}],"about":[{"href":"https:\/\/www.bbmnoticias.com\/labravaradiofm\/wp-json\/wp\/v2\/types\/post"}],"author":[{"embeddable":true,"href":"https:\/\/www.bbmnoticias.com\/labravaradiofm\/wp-json\/wp\/v2\/users\/2"}],"replies":[{"embeddable":true,"href":"https:\/\/www.bbmnoticias.com\/labravaradiofm\/wp-json\/wp\/v2\/comments?post=69789"}],"version-history":[{"count":0,"href":"https:\/\/www.bbmnoticias.com\/labravaradiofm\/wp-json\/wp\/v2\/posts\/69789\/revisions"}],"wp:featuredmedia":[{"embeddable":true,"href":"https:\/\/www.bbmnoticias.com\/labravaradiofm\/wp-json\/wp\/v2\/media\/69791"}],"wp:attachment":[{"href":"https:\/\/www.bbmnoticias.com\/labravaradiofm\/wp-json\/wp\/v2\/media?parent=69789"}],"wp:term":[{"taxonomy":"category","embeddable":true,"href":"https:\/\/www.bbmnoticias.com\/labravaradiofm\/wp-json\/wp\/v2\/categories?post=69789"},{"taxonomy":"post_tag","embeddable":true,"href":"https:\/\/www.bbmnoticias.com\/labravaradiofm\/wp-json\/wp\/v2\/tags?post=69789"}],"curies":[{"name":"wp","href":"https:\/\/api.w.org\/{rel}","templated":true}]}}