{"id":69783,"date":"2025-11-13T12:25:55","date_gmt":"2025-11-13T18:25:55","guid":{"rendered":"https:\/\/www.bbmnoticias.com\/labravaradiofm\/2025\/11\/13\/localizan-en-oaxaca-con-vida-a-tabasqueno-reportado-como-desaparecido-desde-2019\/"},"modified":"2025-11-13T12:26:26","modified_gmt":"2025-11-13T18:26:26","slug":"localizan-en-oaxaca-con-vida-a-tabasqueno-reportado-como-desaparecido-desde-2019","status":"publish","type":"post","link":"https:\/\/www.bbmnoticias.com\/labravaradiofm\/2025\/11\/13\/localizan-en-oaxaca-con-vida-a-tabasqueno-reportado-como-desaparecido-desde-2019\/","title":{"rendered":"Localizan en Oaxaca con vida a tabasque\u00f1o reportado como desaparecido desde 2019"},"content":{"rendered":"<div style=\"margin-top: 0px; margin-bottom: 0px;\" class=\"sharethis-inline-share-buttons\" ><\/div>\n<p>Oaxaca de Ju\u00e1rez, Oax.- La Comisi\u00f3n Estatal de B\u00fasqueda de Personas Desaparecidas para el Estado de Oaxaca (CLB) informa la localizaci\u00f3n con vida de Julio Dom\u00ednguez Garc\u00eda, reportado como desaparecido desde el a\u00f1o 2019 en Tabasco.<\/p>\n\n\n\n<p>Esto fue posible a partir de un reporte ciudadano difundido en redes sociales, que alert\u00f3 sobre la presencia de una persona en situaci\u00f3n de calle en la carretera a Huitzo, a la altura de la localidad de Santa Cruz Lachixolana, Santiago Suchilquitongo.<\/p>\n\n\n\n<p>Derivado de esta informaci\u00f3n, el masculino fue resguardado en la caseta de peaje de Huitzo y personal de la CLB Oaxaca inici\u00f3 el protocolo de identificaci\u00f3n y b\u00fasqueda de familiares. Tras realizar la confronta con los registros nacionales, se confirm\u00f3 que se trataba de Julio Dom\u00ednguez Garc\u00eda.&nbsp;<\/p>\n\n\n\n<p>La dependencia brind\u00f3 acompa\u00f1amiento integral y atenci\u00f3n humanitaria a la persona, garantizando en todo momento su dignidad y el respeto a sus derechos humanos.<\/p>\n\n\n\n<p>Cabe se\u00f1alar que la Fiscal\u00eda General del Estado de Tabasco continuar\u00e1 con el proceso de reintegraci\u00f3n familiar.<\/p>\n","protected":false},"excerpt":{"rendered":"<p>Oaxaca de Ju\u00e1rez, Oax.- La Comisi\u00f3n Estatal de B\u00fasqueda de Personas Desaparecidas para el Estado de Oaxaca (CLB) informa la localizaci\u00f3n con vida de Julio Dom\u00ednguez Garc\u00eda, reportado como desaparecido desde el a\u00f1o 2019 en Tabasco. Esto fue posible a partir de un reporte ciudadano difundido en redes sociales, que alert\u00f3 sobre la presencia de [&hellip;]<\/p>\n","protected":false},"author":2,"featured_media":69785,"comment_status":"closed","ping_status":"","sticky":false,"template":"","format":"standard","meta":{"footnotes":""},"categories":[2],"tags":[],"class_list":{"0":"post-69783","1":"post","2":"type-post","3":"status-publish","4":"format-standard","5":"has-post-thumbnail","7":"category-oaxaca"},"yoast_head":"<!-- This site is optimized with the Yoast SEO plugin v27.4 - https:\/\/yoast.com\/product\/yoast-seo-wordpress\/ -->\n<title>Localizan en Oaxaca con vida a tabasque\u00f1o reportado como desaparecido desde 2019 - LA BRAVA RADIO<\/title>\n<meta name=\"robots\" content=\"index, follow, max-snippet:-1, max-image-preview:large, max-video-preview:-1\" \/>\n<link rel=\"canonical\" href=\"https:\/\/www.bbmnoticias.com\/localizan-en-oaxaca-con-vida-a-tabasqueno-reportado-como-desaparecido-desde-2019\/\" \/>\n<meta property=\"og:locale\" content=\"es_MX\" \/>\n<meta property=\"og:type\" content=\"article\" \/>\n<meta property=\"og:title\" content=\"Localizan en Oaxaca con vida a tabasque\u00f1o reportado como desaparecido desde 2019 - LA BRAVA RADIO\" \/>\n<meta property=\"og:description\" content=\"Oaxaca de Ju\u00e1rez, Oax.- La Comisi\u00f3n Estatal de B\u00fasqueda de Personas Desaparecidas para el Estado de Oaxaca (CLB) informa la localizaci\u00f3n con vida de Julio Dom\u00ednguez Garc\u00eda, reportado como desaparecido desde el a\u00f1o 2019 en Tabasco. Esto fue posible a partir de un reporte ciudadano difundido en redes sociales, que alert\u00f3 sobre la presencia de [&hellip;]\" \/>\n<meta property=\"og:url\" content=\"https:\/\/www.bbmnoticias.com\/localizan-en-oaxaca-con-vida-a-tabasqueno-reportado-como-desaparecido-desde-2019\/\" \/>\n<meta property=\"og:site_name\" content=\"LA BRAVA RADIO\" \/>\n<meta property=\"article:published_time\" content=\"2025-11-13T18:25:55+00:00\" \/>\n<meta property=\"article:modified_time\" content=\"2025-11-13T18:26:26+00:00\" \/>\n<meta property=\"og:image\" content=\"https:\/\/www.bbmnoticias.com\/labravaradiofm\/wp-content\/uploads\/sites\/5\/2025\/11\/persona_tabasco.jpg\" \/>\n\t<meta property=\"og:image:width\" content=\"800\" \/>\n\t<meta property=\"og:image:height\" content=\"600\" \/>\n\t<meta property=\"og:image:type\" content=\"image\/jpeg\" \/>\n<meta name=\"author\" content=\"Staff\" \/>\n<meta name=\"twitter:card\" content=\"summary_large_image\" \/>\n<meta name=\"twitter:label1\" content=\"Escrito por\" \/>\n\t<meta name=\"twitter:data1\" content=\"Staff\" \/>\n\t<meta name=\"twitter:label2\" content=\"Tiempo de lectura\" \/>\n\t<meta name=\"twitter:data2\" content=\"1 minuto\" \/>\n<script type=\"application\/ld+json\" class=\"yoast-schema-graph\">{\"@context\":\"https:\\\/\\\/schema.org\",\"@graph\":[{\"@type\":\"Article\",\"@id\":\"https:\\\/\\\/www.bbmnoticias.com\\\/localizan-en-oaxaca-con-vida-a-tabasqueno-reportado-como-desaparecido-desde-2019\\\/#article\",\"isPartOf\":{\"@id\":\"https:\\\/\\\/www.bbmnoticias.com\\\/labravaradiofm\\\/2025\\\/11\\\/13\\\/localizan-en-oaxaca-con-vida-a-tabasqueno-reportado-como-desaparecido-desde-2019\\\/\"},\"author\":{\"name\":\"Staff\",\"@id\":\"https:\\\/\\\/www.bbmnoticias.com\\\/labravaradiofm\\\/#\\\/schema\\\/person\\\/34b139c617a70ea5bef5678bffe4dd7b\"},\"headline\":\"Localizan en Oaxaca con vida a tabasque\u00f1o reportado como desaparecido desde 2019\",\"datePublished\":\"2025-11-13T18:25:55+00:00\",\"dateModified\":\"2025-11-13T18:26:26+00:00\",\"mainEntityOfPage\":{\"@id\":\"https:\\\/\\\/www.bbmnoticias.com\\\/labravaradiofm\\\/2025\\\/11\\\/13\\\/localizan-en-oaxaca-con-vida-a-tabasqueno-reportado-como-desaparecido-desde-2019\\\/\"},\"wordCount\":197,\"image\":{\"@id\":\"https:\\\/\\\/www.bbmnoticias.com\\\/localizan-en-oaxaca-con-vida-a-tabasqueno-reportado-como-desaparecido-desde-2019\\\/#primaryimage\"},\"thumbnailUrl\":\"https:\\\/\\\/www.bbmnoticias.com\\\/labravaradiofm\\\/wp-content\\\/uploads\\\/sites\\\/5\\\/2025\\\/11\\\/persona_tabasco.jpg\",\"articleSection\":[\"LOCAL\"],\"inLanguage\":\"es\"},{\"@type\":\"WebPage\",\"@id\":\"https:\\\/\\\/www.bbmnoticias.com\\\/labravaradiofm\\\/2025\\\/11\\\/13\\\/localizan-en-oaxaca-con-vida-a-tabasqueno-reportado-como-desaparecido-desde-2019\\\/\",\"url\":\"https:\\\/\\\/www.bbmnoticias.com\\\/localizan-en-oaxaca-con-vida-a-tabasqueno-reportado-como-desaparecido-desde-2019\\\/\",\"name\":\"Localizan en Oaxaca con vida a tabasque\u00f1o reportado como desaparecido desde 2019 - LA BRAVA RADIO\",\"isPartOf\":{\"@id\":\"https:\\\/\\\/www.bbmnoticias.com\\\/labravaradiofm\\\/#website\"},\"primaryImageOfPage\":{\"@id\":\"https:\\\/\\\/www.bbmnoticias.com\\\/localizan-en-oaxaca-con-vida-a-tabasqueno-reportado-como-desaparecido-desde-2019\\\/#primaryimage\"},\"image\":{\"@id\":\"https:\\\/\\\/www.bbmnoticias.com\\\/localizan-en-oaxaca-con-vida-a-tabasqueno-reportado-como-desaparecido-desde-2019\\\/#primaryimage\"},\"thumbnailUrl\":\"https:\\\/\\\/www.bbmnoticias.com\\\/labravaradiofm\\\/wp-content\\\/uploads\\\/sites\\\/5\\\/2025\\\/11\\\/persona_tabasco.jpg\",\"datePublished\":\"2025-11-13T18:25:55+00:00\",\"dateModified\":\"2025-11-13T18:26:26+00:00\",\"author\":{\"@id\":\"https:\\\/\\\/www.bbmnoticias.com\\\/labravaradiofm\\\/#\\\/schema\\\/person\\\/34b139c617a70ea5bef5678bffe4dd7b\"},\"breadcrumb\":{\"@id\":\"https:\\\/\\\/www.bbmnoticias.com\\\/localizan-en-oaxaca-con-vida-a-tabasqueno-reportado-como-desaparecido-desde-2019\\\/#breadcrumb\"},\"inLanguage\":\"es\",\"potentialAction\":[{\"@type\":\"ReadAction\",\"target\":[\"https:\\\/\\\/www.bbmnoticias.com\\\/localizan-en-oaxaca-con-vida-a-tabasqueno-reportado-como-desaparecido-desde-2019\\\/\"]}]},{\"@type\":\"ImageObject\",\"inLanguage\":\"es\",\"@id\":\"https:\\\/\\\/www.bbmnoticias.com\\\/localizan-en-oaxaca-con-vida-a-tabasqueno-reportado-como-desaparecido-desde-2019\\\/#primaryimage\",\"url\":\"https:\\\/\\\/www.bbmnoticias.com\\\/labravaradiofm\\\/wp-content\\\/uploads\\\/sites\\\/5\\\/2025\\\/11\\\/persona_tabasco.jpg\",\"contentUrl\":\"https:\\\/\\\/www.bbmnoticias.com\\\/labravaradiofm\\\/wp-content\\\/uploads\\\/sites\\\/5\\\/2025\\\/11\\\/persona_tabasco.jpg\",\"width\":800,\"height\":600},{\"@type\":\"BreadcrumbList\",\"@id\":\"https:\\\/\\\/www.bbmnoticias.com\\\/localizan-en-oaxaca-con-vida-a-tabasqueno-reportado-como-desaparecido-desde-2019\\\/#breadcrumb\",\"itemListElement\":[{\"@type\":\"ListItem\",\"position\":1,\"name\":\"Inicio\",\"item\":\"https:\\\/\\\/www.bbmnoticias.com\\\/labravaradiofm\\\/\"},{\"@type\":\"ListItem\",\"position\":2,\"name\":\"Localizan en Oaxaca con vida a tabasque\u00f1o reportado como desaparecido desde 2019\"}]},{\"@type\":\"WebSite\",\"@id\":\"https:\\\/\\\/www.bbmnoticias.com\\\/labravaradiofm\\\/#website\",\"url\":\"https:\\\/\\\/www.bbmnoticias.com\\\/labravaradiofm\\\/\",\"name\":\"LA BRAVA RADIO\",\"description\":\"Empresa productora de medios, Radiodifusi\u00f3n, Noticias, tendencias y todo lo que necesitas saber de la pol\u00edtica mexicana e internacional; entretenimiento, espect\u00e1culos, salud y mucho m\u00e1s.\",\"potentialAction\":[{\"@type\":\"SearchAction\",\"target\":{\"@type\":\"EntryPoint\",\"urlTemplate\":\"https:\\\/\\\/www.bbmnoticias.com\\\/labravaradiofm\\\/?s={search_term_string}\"},\"query-input\":{\"@type\":\"PropertyValueSpecification\",\"valueRequired\":true,\"valueName\":\"search_term_string\"}}],\"inLanguage\":\"es\"},{\"@type\":\"Person\",\"@id\":\"https:\\\/\\\/www.bbmnoticias.com\\\/labravaradiofm\\\/#\\\/schema\\\/person\\\/34b139c617a70ea5bef5678bffe4dd7b\",\"name\":\"Staff\",\"image\":{\"@type\":\"ImageObject\",\"inLanguage\":\"es\",\"@id\":\"https:\\\/\\\/secure.gravatar.com\\\/avatar\\\/fdd21ad66fd8b98c407f9dee5b5e588cfe7f0d8579ec20fa6527cd59bab7f0f0?s=96&d=mm&r=g\",\"url\":\"https:\\\/\\\/secure.gravatar.com\\\/avatar\\\/fdd21ad66fd8b98c407f9dee5b5e588cfe7f0d8579ec20fa6527cd59bab7f0f0?s=96&d=mm&r=g\",\"contentUrl\":\"https:\\\/\\\/secure.gravatar.com\\\/avatar\\\/fdd21ad66fd8b98c407f9dee5b5e588cfe7f0d8579ec20fa6527cd59bab7f0f0?s=96&d=mm&r=g\",\"caption\":\"Staff\"},\"url\":\"https:\\\/\\\/www.bbmnoticias.com\\\/labravaradiofm\\\/author\\\/redaccion\\\/\"}]}<\/script>\n<!-- \/ Yoast SEO plugin. -->","yoast_head_json":{"title":"Localizan en Oaxaca con vida a tabasque\u00f1o reportado como desaparecido desde 2019 - LA BRAVA RADIO","robots":{"index":"index","follow":"follow","max-snippet":"max-snippet:-1","max-image-preview":"max-image-preview:large","max-video-preview":"max-video-preview:-1"},"canonical":"https:\/\/www.bbmnoticias.com\/localizan-en-oaxaca-con-vida-a-tabasqueno-reportado-como-desaparecido-desde-2019\/","og_locale":"es_MX","og_type":"article","og_title":"Localizan en Oaxaca con vida a tabasque\u00f1o reportado como desaparecido desde 2019 - LA BRAVA RADIO","og_description":"Oaxaca de Ju\u00e1rez, Oax.- La Comisi\u00f3n Estatal de B\u00fasqueda de Personas Desaparecidas para el Estado de Oaxaca (CLB) informa la localizaci\u00f3n con vida de Julio Dom\u00ednguez Garc\u00eda, reportado como desaparecido desde el a\u00f1o 2019 en Tabasco. Esto fue posible a partir de un reporte ciudadano difundido en redes sociales, que alert\u00f3 sobre la presencia de [&hellip;]","og_url":"https:\/\/www.bbmnoticias.com\/localizan-en-oaxaca-con-vida-a-tabasqueno-reportado-como-desaparecido-desde-2019\/","og_site_name":"LA BRAVA RADIO","article_published_time":"2025-11-13T18:25:55+00:00","article_modified_time":"2025-11-13T18:26:26+00:00","og_image":[{"width":800,"height":600,"url":"https:\/\/www.bbmnoticias.com\/labravaradiofm\/wp-content\/uploads\/sites\/5\/2025\/11\/persona_tabasco.jpg","type":"image\/jpeg"}],"author":"Staff","twitter_card":"summary_large_image","twitter_misc":{"Escrito por":"Staff","Tiempo de lectura":"1 minuto"},"schema":{"@context":"https:\/\/schema.org","@graph":[{"@type":"Article","@id":"https:\/\/www.bbmnoticias.com\/localizan-en-oaxaca-con-vida-a-tabasqueno-reportado-como-desaparecido-desde-2019\/#article","isPartOf":{"@id":"https:\/\/www.bbmnoticias.com\/labravaradiofm\/2025\/11\/13\/localizan-en-oaxaca-con-vida-a-tabasqueno-reportado-como-desaparecido-desde-2019\/"},"author":{"name":"Staff","@id":"https:\/\/www.bbmnoticias.com\/labravaradiofm\/#\/schema\/person\/34b139c617a70ea5bef5678bffe4dd7b"},"headline":"Localizan en Oaxaca con vida a tabasque\u00f1o reportado como desaparecido desde 2019","datePublished":"2025-11-13T18:25:55+00:00","dateModified":"2025-11-13T18:26:26+00:00","mainEntityOfPage":{"@id":"https:\/\/www.bbmnoticias.com\/labravaradiofm\/2025\/11\/13\/localizan-en-oaxaca-con-vida-a-tabasqueno-reportado-como-desaparecido-desde-2019\/"},"wordCount":197,"image":{"@id":"https:\/\/www.bbmnoticias.com\/localizan-en-oaxaca-con-vida-a-tabasqueno-reportado-como-desaparecido-desde-2019\/#primaryimage"},"thumbnailUrl":"https:\/\/www.bbmnoticias.com\/labravaradiofm\/wp-content\/uploads\/sites\/5\/2025\/11\/persona_tabasco.jpg","articleSection":["LOCAL"],"inLanguage":"es"},{"@type":"WebPage","@id":"https:\/\/www.bbmnoticias.com\/labravaradiofm\/2025\/11\/13\/localizan-en-oaxaca-con-vida-a-tabasqueno-reportado-como-desaparecido-desde-2019\/","url":"https:\/\/www.bbmnoticias.com\/localizan-en-oaxaca-con-vida-a-tabasqueno-reportado-como-desaparecido-desde-2019\/","name":"Localizan en Oaxaca con vida a tabasque\u00f1o reportado como desaparecido desde 2019 - LA BRAVA RADIO","isPartOf":{"@id":"https:\/\/www.bbmnoticias.com\/labravaradiofm\/#website"},"primaryImageOfPage":{"@id":"https:\/\/www.bbmnoticias.com\/localizan-en-oaxaca-con-vida-a-tabasqueno-reportado-como-desaparecido-desde-2019\/#primaryimage"},"image":{"@id":"https:\/\/www.bbmnoticias.com\/localizan-en-oaxaca-con-vida-a-tabasqueno-reportado-como-desaparecido-desde-2019\/#primaryimage"},"thumbnailUrl":"https:\/\/www.bbmnoticias.com\/labravaradiofm\/wp-content\/uploads\/sites\/5\/2025\/11\/persona_tabasco.jpg","datePublished":"2025-11-13T18:25:55+00:00","dateModified":"2025-11-13T18:26:26+00:00","author":{"@id":"https:\/\/www.bbmnoticias.com\/labravaradiofm\/#\/schema\/person\/34b139c617a70ea5bef5678bffe4dd7b"},"breadcrumb":{"@id":"https:\/\/www.bbmnoticias.com\/localizan-en-oaxaca-con-vida-a-tabasqueno-reportado-como-desaparecido-desde-2019\/#breadcrumb"},"inLanguage":"es","potentialAction":[{"@type":"ReadAction","target":["https:\/\/www.bbmnoticias.com\/localizan-en-oaxaca-con-vida-a-tabasqueno-reportado-como-desaparecido-desde-2019\/"]}]},{"@type":"ImageObject","inLanguage":"es","@id":"https:\/\/www.bbmnoticias.com\/localizan-en-oaxaca-con-vida-a-tabasqueno-reportado-como-desaparecido-desde-2019\/#primaryimage","url":"https:\/\/www.bbmnoticias.com\/labravaradiofm\/wp-content\/uploads\/sites\/5\/2025\/11\/persona_tabasco.jpg","contentUrl":"https:\/\/www.bbmnoticias.com\/labravaradiofm\/wp-content\/uploads\/sites\/5\/2025\/11\/persona_tabasco.jpg","width":800,"height":600},{"@type":"BreadcrumbList","@id":"https:\/\/www.bbmnoticias.com\/localizan-en-oaxaca-con-vida-a-tabasqueno-reportado-como-desaparecido-desde-2019\/#breadcrumb","itemListElement":[{"@type":"ListItem","position":1,"name":"Inicio","item":"https:\/\/www.bbmnoticias.com\/labravaradiofm\/"},{"@type":"ListItem","position":2,"name":"Localizan en Oaxaca con vida a tabasque\u00f1o reportado como desaparecido desde 2019"}]},{"@type":"WebSite","@id":"https:\/\/www.bbmnoticias.com\/labravaradiofm\/#website","url":"https:\/\/www.bbmnoticias.com\/labravaradiofm\/","name":"LA BRAVA RADIO","description":"Empresa productora de medios, Radiodifusi\u00f3n, Noticias, tendencias y todo lo que necesitas saber de la pol\u00edtica mexicana e internacional; entretenimiento, espect\u00e1culos, salud y mucho m\u00e1s.","potentialAction":[{"@type":"SearchAction","target":{"@type":"EntryPoint","urlTemplate":"https:\/\/www.bbmnoticias.com\/labravaradiofm\/?s={search_term_string}"},"query-input":{"@type":"PropertyValueSpecification","valueRequired":true,"valueName":"search_term_string"}}],"inLanguage":"es"},{"@type":"Person","@id":"https:\/\/www.bbmnoticias.com\/labravaradiofm\/#\/schema\/person\/34b139c617a70ea5bef5678bffe4dd7b","name":"Staff","image":{"@type":"ImageObject","inLanguage":"es","@id":"https:\/\/secure.gravatar.com\/avatar\/fdd21ad66fd8b98c407f9dee5b5e588cfe7f0d8579ec20fa6527cd59bab7f0f0?s=96&d=mm&r=g","url":"https:\/\/secure.gravatar.com\/avatar\/fdd21ad66fd8b98c407f9dee5b5e588cfe7f0d8579ec20fa6527cd59bab7f0f0?s=96&d=mm&r=g","contentUrl":"https:\/\/secure.gravatar.com\/avatar\/fdd21ad66fd8b98c407f9dee5b5e588cfe7f0d8579ec20fa6527cd59bab7f0f0?s=96&d=mm&r=g","caption":"Staff"},"url":"https:\/\/www.bbmnoticias.com\/labravaradiofm\/author\/redaccion\/"}]}},"_links":{"self":[{"href":"https:\/\/www.bbmnoticias.com\/labravaradiofm\/wp-json\/wp\/v2\/posts\/69783","targetHints":{"allow":["GET"]}}],"collection":[{"href":"https:\/\/www.bbmnoticias.com\/labravaradiofm\/wp-json\/wp\/v2\/posts"}],"about":[{"href":"https:\/\/www.bbmnoticias.com\/labravaradiofm\/wp-json\/wp\/v2\/types\/post"}],"author":[{"embeddable":true,"href":"https:\/\/www.bbmnoticias.com\/labravaradiofm\/wp-json\/wp\/v2\/users\/2"}],"replies":[{"embeddable":true,"href":"https:\/\/www.bbmnoticias.com\/labravaradiofm\/wp-json\/wp\/v2\/comments?post=69783"}],"version-history":[{"count":0,"href":"https:\/\/www.bbmnoticias.com\/labravaradiofm\/wp-json\/wp\/v2\/posts\/69783\/revisions"}],"wp:featuredmedia":[{"embeddable":true,"href":"https:\/\/www.bbmnoticias.com\/labravaradiofm\/wp-json\/wp\/v2\/media\/69785"}],"wp:attachment":[{"href":"https:\/\/www.bbmnoticias.com\/labravaradiofm\/wp-json\/wp\/v2\/media?parent=69783"}],"wp:term":[{"taxonomy":"category","embeddable":true,"href":"https:\/\/www.bbmnoticias.com\/labravaradiofm\/wp-json\/wp\/v2\/categories?post=69783"},{"taxonomy":"post_tag","embeddable":true,"href":"https:\/\/www.bbmnoticias.com\/labravaradiofm\/wp-json\/wp\/v2\/tags?post=69783"}],"curies":[{"name":"wp","href":"https:\/\/api.w.org\/{rel}","templated":true}]}}