{"id":69780,"date":"2025-11-13T10:29:32","date_gmt":"2025-11-13T16:29:32","guid":{"rendered":"https:\/\/www.bbmnoticias.com\/labravaradiofm\/2025\/11\/13\/nina-noelia-reconocio-a-asesinas-y-por-eso-la-mataron-fiscal-de-oaxaca\/"},"modified":"2025-11-13T10:29:51","modified_gmt":"2025-11-13T16:29:51","slug":"nina-noelia-reconocio-a-asesinas-y-por-eso-la-mataron-fiscal-de-oaxaca","status":"publish","type":"post","link":"https:\/\/www.bbmnoticias.com\/labravaradiofm\/2025\/11\/13\/nina-noelia-reconocio-a-asesinas-y-por-eso-la-mataron-fiscal-de-oaxaca\/","title":{"rendered":"Ni\u00f1a Noelia reconoci\u00f3 a asesinas y por eso la mataron: Fiscal de Oaxaca"},"content":{"rendered":"<div style=\"margin-top: 0px; margin-bottom: 0px;\" class=\"sharethis-inline-share-buttons\" ><\/div>\n<p>El pasado 10 de noviembre, dos mujeres, un hombre fueron asesinados\u00a0por un grupo delictivo en el municipio de Juchit\u00e1n, en Oaxaca. Una de las mujeres <strong>era Adilene, madre de la ni\u00f1a de 4 a\u00f1os Noelia Dailet, <\/strong>cuyo cuerpo fue encontrado sin vida, pero durante algunas horas no se supo sobre el paradero de la menor de edad.<\/p>\n\n\n\n<p>La Fiscal\u00eda General del Estado de Oaxaca (FGEO) localiz\u00f3<strong> el cuerpo sin vida de la ni\u00f1a Noelia\u00a0<\/strong>al interior de un domicilio particular en la Colonia La Planta de Juchit\u00e1n de Zaragoza, intervenci\u00f3n inmediata que permiti\u00f3<strong> la detenci\u00f3n de tres personas en el lugar.<\/strong> Que han sido identificadas como:<\/p>\n\n\n\n<ul class=\"wp-block-list\">\n<li>R.E.B.N., originaria del estado de M\u00e9xico<\/li>\n\n\n\n<li>M.G.S.P. y R.I.P.G., originarias del estado de Chiapas<\/li>\n<\/ul>\n\n\n\n<p>El despliegue operativo fue encabezado por la FGEO a trav\u00e9s de la Vicefiscal\u00eda Regional del Istmo, con la participaci\u00f3n coordinada de Secretar\u00eda de la Marina (SEMAR), Secretar\u00eda de la Defensa Nacional (DEFENSA), Guardia Nacional, Polic\u00eda Estatal, Agencia Estatal de Investigaciones (AEI) y Polic\u00eda Municipal, articulando acciones que permitieron la ubicaci\u00f3n y aseguramiento de las <strong>tres personas detenidas.<\/strong><\/p>\n\n\n\n<p>Las 3 personas se encuentran vinculadas con la desaparici\u00f3n <strong>y fallecimiento de la ni\u00f1a Noelia Dailet, de 4 a\u00f1os de edad, <\/strong>quien tras estar sin localizar fue reportada como no localizada por su abuela y t\u00eda. Ambas mujeres emprendieron una<strong> campa\u00f1a en redes sociales para dar con el paradero de la peque\u00f1a.&nbsp;<\/strong><\/p>\n\n\n\n<p>Incluso compartieron videos en redes sociales en donde suplicaban porque regresaran a la ni\u00f1a de 4 a\u00f1os con bien.<\/p>\n\n\n\n<p>A trav\u00e9s de varios comunicados es que la Fiscal\u00eda inform\u00f3 que derivado de estos actos de investigaci\u00f3n, se obtuvieron datos de prueba que permitieron la detenci\u00f3n de las tres personas, adem\u00e1s de establecer hip\u00f3tesis preliminares que apuntan a que el crimen podr\u00eda estar vinculado con <strong>una c\u00e9lula delictiva con presencia en la regi\u00f3n del Istmo.<\/strong><\/p>\n\n\n\n<p>Esta l\u00ednea de investigaci\u00f3n fue reiterada por el fiscal de Oaxaca,&nbsp;Jos\u00e9 Bernardo Rodr\u00edguez Alamilla, precis\u00f3 que el hombre que fue asesinado junto con la madre de Noelia y otra mujer est\u00e1 identificado como miembro de<strong> una c\u00e9lula de narcomenudeo, por lo que era el objetivo del ataque.<\/strong><\/p>\n\n\n\n<blockquote class=\"wp-block-quote is-layout-flow wp-block-quote-is-layout-flow\">\n<p>&#8220;En el caso del hombre tenemos plenamente identificado que pertenec\u00eda una c\u00e9lula de narcomenudeo y que precisamente esta c\u00e9lula hubo una escisi\u00f3n al interior de la misma, se separa esta persona a la que ultiman y que justamente tiene que ver con un tema d<strong>e pelea por un asunto de narcomenudeo&#8221;, <\/strong>revel\u00f3 para el periodista Ignacio Lozano.<\/p>\n<\/blockquote>\n\n\n\n<p>El fiscal de Oaxaca tambi\u00e9n dijo que se investiga si la madre de Noelia Dailet estaba en el lugar equivocado. &#8220;Estamos tratando de identificar si las dos mujeres<strong> ten\u00edan algo que ver en ese sentido o m\u00e1s bien eran personas que estaban en un momento equivocado&#8221;.<\/strong><\/p>\n\n\n\n<p>Las investigaciones apuntan a que <strong>la peque\u00f1a de 4 a\u00f1os &#8220;pudo haber reconocido a alguna de las personas&#8221;,<\/strong> raz\u00f3n por la que presuntamente habr\u00eda sido asesinada<strong> mediante &#8220;asfixia&#8221;.<\/strong><\/p>\n","protected":false},"excerpt":{"rendered":"<p>El pasado 10 de noviembre, dos mujeres, un hombre fueron asesinados\u00a0por un grupo delictivo en el municipio de Juchit\u00e1n, en Oaxaca. Una de las mujeres era Adilene, madre de la ni\u00f1a de 4 a\u00f1os Noelia Dailet, cuyo cuerpo fue encontrado sin vida, pero durante algunas horas no se supo sobre el paradero de la menor [&hellip;]<\/p>\n","protected":false},"author":4,"featured_media":69782,"comment_status":"closed","ping_status":"","sticky":false,"template":"","format":"standard","meta":{"footnotes":""},"categories":[2,20],"tags":[],"class_list":{"0":"post-69780","1":"post","2":"type-post","3":"status-publish","4":"format-standard","5":"has-post-thumbnail","7":"category-oaxaca","8":"category-policiaca"},"yoast_head":"<!-- This site is optimized with the Yoast SEO plugin v27.4 - https:\/\/yoast.com\/product\/yoast-seo-wordpress\/ -->\n<title>Ni\u00f1a Noelia reconoci\u00f3 a asesinas y por eso la mataron: Fiscal de Oaxaca - LA BRAVA RADIO<\/title>\n<meta name=\"robots\" content=\"index, follow, max-snippet:-1, max-image-preview:large, max-video-preview:-1\" \/>\n<link rel=\"canonical\" href=\"https:\/\/www.bbmnoticias.com\/nina-noelia-reconocio-a-asesinas-y-por-eso-la-mataron-fiscal-de-oaxaca\/\" \/>\n<meta property=\"og:locale\" content=\"es_MX\" \/>\n<meta property=\"og:type\" content=\"article\" \/>\n<meta property=\"og:title\" content=\"Ni\u00f1a Noelia reconoci\u00f3 a asesinas y por eso la mataron: Fiscal de Oaxaca - LA BRAVA RADIO\" \/>\n<meta property=\"og:description\" content=\"El pasado 10 de noviembre, dos mujeres, un hombre fueron asesinados\u00a0por un grupo delictivo en el municipio de Juchit\u00e1n, en Oaxaca. Una de las mujeres era Adilene, madre de la ni\u00f1a de 4 a\u00f1os Noelia Dailet, cuyo cuerpo fue encontrado sin vida, pero durante algunas horas no se supo sobre el paradero de la menor [&hellip;]\" \/>\n<meta property=\"og:url\" content=\"https:\/\/www.bbmnoticias.com\/nina-noelia-reconocio-a-asesinas-y-por-eso-la-mataron-fiscal-de-oaxaca\/\" \/>\n<meta property=\"og:site_name\" content=\"LA BRAVA RADIO\" \/>\n<meta property=\"article:published_time\" content=\"2025-11-13T16:29:32+00:00\" \/>\n<meta property=\"article:modified_time\" content=\"2025-11-13T16:29:51+00:00\" \/>\n<meta property=\"og:image\" content=\"https:\/\/www.bbmnoticias.com\/labravaradiofm\/wp-content\/uploads\/sites\/5\/2025\/11\/noelia_dailet.jpg\" \/>\n\t<meta property=\"og:image:width\" content=\"848\" \/>\n\t<meta property=\"og:image:height\" content=\"477\" \/>\n\t<meta property=\"og:image:type\" content=\"image\/jpeg\" \/>\n<meta name=\"author\" content=\"Agencias\" \/>\n<meta name=\"twitter:card\" content=\"summary_large_image\" \/>\n<meta name=\"twitter:label1\" content=\"Escrito por\" \/>\n\t<meta name=\"twitter:data1\" content=\"Agencias\" \/>\n\t<meta name=\"twitter:label2\" content=\"Tiempo de lectura\" \/>\n\t<meta name=\"twitter:data2\" content=\"3 minutos\" \/>\n<script type=\"application\/ld+json\" class=\"yoast-schema-graph\">{\"@context\":\"https:\\\/\\\/schema.org\",\"@graph\":[{\"@type\":\"Article\",\"@id\":\"https:\\\/\\\/www.bbmnoticias.com\\\/nina-noelia-reconocio-a-asesinas-y-por-eso-la-mataron-fiscal-de-oaxaca\\\/#article\",\"isPartOf\":{\"@id\":\"https:\\\/\\\/www.bbmnoticias.com\\\/labravaradiofm\\\/2025\\\/11\\\/13\\\/nina-noelia-reconocio-a-asesinas-y-por-eso-la-mataron-fiscal-de-oaxaca\\\/\"},\"author\":{\"name\":\"Agencias\",\"@id\":\"https:\\\/\\\/www.bbmnoticias.com\\\/labravaradiofm\\\/#\\\/schema\\\/person\\\/857a3daf5c8142f29919023f377fbfad\"},\"headline\":\"Ni\u00f1a Noelia reconoci\u00f3 a asesinas y por eso la mataron: Fiscal de Oaxaca\",\"datePublished\":\"2025-11-13T16:29:32+00:00\",\"dateModified\":\"2025-11-13T16:29:51+00:00\",\"mainEntityOfPage\":{\"@id\":\"https:\\\/\\\/www.bbmnoticias.com\\\/labravaradiofm\\\/2025\\\/11\\\/13\\\/nina-noelia-reconocio-a-asesinas-y-por-eso-la-mataron-fiscal-de-oaxaca\\\/\"},\"wordCount\":551,\"image\":{\"@id\":\"https:\\\/\\\/www.bbmnoticias.com\\\/nina-noelia-reconocio-a-asesinas-y-por-eso-la-mataron-fiscal-de-oaxaca\\\/#primaryimage\"},\"thumbnailUrl\":\"https:\\\/\\\/www.bbmnoticias.com\\\/labravaradiofm\\\/wp-content\\\/uploads\\\/sites\\\/5\\\/2025\\\/11\\\/noelia_dailet.jpg\",\"articleSection\":[\"LOCAL\",\"POLICIACA\"],\"inLanguage\":\"es\"},{\"@type\":\"WebPage\",\"@id\":\"https:\\\/\\\/www.bbmnoticias.com\\\/labravaradiofm\\\/2025\\\/11\\\/13\\\/nina-noelia-reconocio-a-asesinas-y-por-eso-la-mataron-fiscal-de-oaxaca\\\/\",\"url\":\"https:\\\/\\\/www.bbmnoticias.com\\\/nina-noelia-reconocio-a-asesinas-y-por-eso-la-mataron-fiscal-de-oaxaca\\\/\",\"name\":\"Ni\u00f1a Noelia reconoci\u00f3 a asesinas y por eso la mataron: Fiscal de Oaxaca - LA BRAVA RADIO\",\"isPartOf\":{\"@id\":\"https:\\\/\\\/www.bbmnoticias.com\\\/labravaradiofm\\\/#website\"},\"primaryImageOfPage\":{\"@id\":\"https:\\\/\\\/www.bbmnoticias.com\\\/nina-noelia-reconocio-a-asesinas-y-por-eso-la-mataron-fiscal-de-oaxaca\\\/#primaryimage\"},\"image\":{\"@id\":\"https:\\\/\\\/www.bbmnoticias.com\\\/nina-noelia-reconocio-a-asesinas-y-por-eso-la-mataron-fiscal-de-oaxaca\\\/#primaryimage\"},\"thumbnailUrl\":\"https:\\\/\\\/www.bbmnoticias.com\\\/labravaradiofm\\\/wp-content\\\/uploads\\\/sites\\\/5\\\/2025\\\/11\\\/noelia_dailet.jpg\",\"datePublished\":\"2025-11-13T16:29:32+00:00\",\"dateModified\":\"2025-11-13T16:29:51+00:00\",\"author\":{\"@id\":\"https:\\\/\\\/www.bbmnoticias.com\\\/labravaradiofm\\\/#\\\/schema\\\/person\\\/857a3daf5c8142f29919023f377fbfad\"},\"breadcrumb\":{\"@id\":\"https:\\\/\\\/www.bbmnoticias.com\\\/nina-noelia-reconocio-a-asesinas-y-por-eso-la-mataron-fiscal-de-oaxaca\\\/#breadcrumb\"},\"inLanguage\":\"es\",\"potentialAction\":[{\"@type\":\"ReadAction\",\"target\":[\"https:\\\/\\\/www.bbmnoticias.com\\\/nina-noelia-reconocio-a-asesinas-y-por-eso-la-mataron-fiscal-de-oaxaca\\\/\"]}]},{\"@type\":\"ImageObject\",\"inLanguage\":\"es\",\"@id\":\"https:\\\/\\\/www.bbmnoticias.com\\\/nina-noelia-reconocio-a-asesinas-y-por-eso-la-mataron-fiscal-de-oaxaca\\\/#primaryimage\",\"url\":\"https:\\\/\\\/www.bbmnoticias.com\\\/labravaradiofm\\\/wp-content\\\/uploads\\\/sites\\\/5\\\/2025\\\/11\\\/noelia_dailet.jpg\",\"contentUrl\":\"https:\\\/\\\/www.bbmnoticias.com\\\/labravaradiofm\\\/wp-content\\\/uploads\\\/sites\\\/5\\\/2025\\\/11\\\/noelia_dailet.jpg\",\"width\":848,\"height\":477},{\"@type\":\"BreadcrumbList\",\"@id\":\"https:\\\/\\\/www.bbmnoticias.com\\\/nina-noelia-reconocio-a-asesinas-y-por-eso-la-mataron-fiscal-de-oaxaca\\\/#breadcrumb\",\"itemListElement\":[{\"@type\":\"ListItem\",\"position\":1,\"name\":\"Inicio\",\"item\":\"https:\\\/\\\/www.bbmnoticias.com\\\/labravaradiofm\\\/\"},{\"@type\":\"ListItem\",\"position\":2,\"name\":\"Ni\u00f1a Noelia reconoci\u00f3 a asesinas y por eso la mataron: Fiscal de Oaxaca\"}]},{\"@type\":\"WebSite\",\"@id\":\"https:\\\/\\\/www.bbmnoticias.com\\\/labravaradiofm\\\/#website\",\"url\":\"https:\\\/\\\/www.bbmnoticias.com\\\/labravaradiofm\\\/\",\"name\":\"LA BRAVA RADIO\",\"description\":\"Empresa productora de medios, Radiodifusi\u00f3n, Noticias, tendencias y todo lo que necesitas saber de la pol\u00edtica mexicana e internacional; entretenimiento, espect\u00e1culos, salud y mucho m\u00e1s.\",\"potentialAction\":[{\"@type\":\"SearchAction\",\"target\":{\"@type\":\"EntryPoint\",\"urlTemplate\":\"https:\\\/\\\/www.bbmnoticias.com\\\/labravaradiofm\\\/?s={search_term_string}\"},\"query-input\":{\"@type\":\"PropertyValueSpecification\",\"valueRequired\":true,\"valueName\":\"search_term_string\"}}],\"inLanguage\":\"es\"},{\"@type\":\"Person\",\"@id\":\"https:\\\/\\\/www.bbmnoticias.com\\\/labravaradiofm\\\/#\\\/schema\\\/person\\\/857a3daf5c8142f29919023f377fbfad\",\"name\":\"Agencias\",\"image\":{\"@type\":\"ImageObject\",\"inLanguage\":\"es\",\"@id\":\"https:\\\/\\\/secure.gravatar.com\\\/avatar\\\/739e0b61adf9e398b425c36718c8752286da0e8cd90f20ce9a86678abc26aa0d?s=96&d=mm&r=g\",\"url\":\"https:\\\/\\\/secure.gravatar.com\\\/avatar\\\/739e0b61adf9e398b425c36718c8752286da0e8cd90f20ce9a86678abc26aa0d?s=96&d=mm&r=g\",\"contentUrl\":\"https:\\\/\\\/secure.gravatar.com\\\/avatar\\\/739e0b61adf9e398b425c36718c8752286da0e8cd90f20ce9a86678abc26aa0d?s=96&d=mm&r=g\",\"caption\":\"Agencias\"},\"url\":\"https:\\\/\\\/www.bbmnoticias.com\\\/labravaradiofm\\\/author\\\/agencias\\\/\"}]}<\/script>\n<!-- \/ Yoast SEO plugin. -->","yoast_head_json":{"title":"Ni\u00f1a Noelia reconoci\u00f3 a asesinas y por eso la mataron: Fiscal de Oaxaca - LA BRAVA RADIO","robots":{"index":"index","follow":"follow","max-snippet":"max-snippet:-1","max-image-preview":"max-image-preview:large","max-video-preview":"max-video-preview:-1"},"canonical":"https:\/\/www.bbmnoticias.com\/nina-noelia-reconocio-a-asesinas-y-por-eso-la-mataron-fiscal-de-oaxaca\/","og_locale":"es_MX","og_type":"article","og_title":"Ni\u00f1a Noelia reconoci\u00f3 a asesinas y por eso la mataron: Fiscal de Oaxaca - LA BRAVA RADIO","og_description":"El pasado 10 de noviembre, dos mujeres, un hombre fueron asesinados\u00a0por un grupo delictivo en el municipio de Juchit\u00e1n, en Oaxaca. Una de las mujeres era Adilene, madre de la ni\u00f1a de 4 a\u00f1os Noelia Dailet, cuyo cuerpo fue encontrado sin vida, pero durante algunas horas no se supo sobre el paradero de la menor [&hellip;]","og_url":"https:\/\/www.bbmnoticias.com\/nina-noelia-reconocio-a-asesinas-y-por-eso-la-mataron-fiscal-de-oaxaca\/","og_site_name":"LA BRAVA RADIO","article_published_time":"2025-11-13T16:29:32+00:00","article_modified_time":"2025-11-13T16:29:51+00:00","og_image":[{"width":848,"height":477,"url":"https:\/\/www.bbmnoticias.com\/labravaradiofm\/wp-content\/uploads\/sites\/5\/2025\/11\/noelia_dailet.jpg","type":"image\/jpeg"}],"author":"Agencias","twitter_card":"summary_large_image","twitter_misc":{"Escrito por":"Agencias","Tiempo de lectura":"3 minutos"},"schema":{"@context":"https:\/\/schema.org","@graph":[{"@type":"Article","@id":"https:\/\/www.bbmnoticias.com\/nina-noelia-reconocio-a-asesinas-y-por-eso-la-mataron-fiscal-de-oaxaca\/#article","isPartOf":{"@id":"https:\/\/www.bbmnoticias.com\/labravaradiofm\/2025\/11\/13\/nina-noelia-reconocio-a-asesinas-y-por-eso-la-mataron-fiscal-de-oaxaca\/"},"author":{"name":"Agencias","@id":"https:\/\/www.bbmnoticias.com\/labravaradiofm\/#\/schema\/person\/857a3daf5c8142f29919023f377fbfad"},"headline":"Ni\u00f1a Noelia reconoci\u00f3 a asesinas y por eso la mataron: Fiscal de Oaxaca","datePublished":"2025-11-13T16:29:32+00:00","dateModified":"2025-11-13T16:29:51+00:00","mainEntityOfPage":{"@id":"https:\/\/www.bbmnoticias.com\/labravaradiofm\/2025\/11\/13\/nina-noelia-reconocio-a-asesinas-y-por-eso-la-mataron-fiscal-de-oaxaca\/"},"wordCount":551,"image":{"@id":"https:\/\/www.bbmnoticias.com\/nina-noelia-reconocio-a-asesinas-y-por-eso-la-mataron-fiscal-de-oaxaca\/#primaryimage"},"thumbnailUrl":"https:\/\/www.bbmnoticias.com\/labravaradiofm\/wp-content\/uploads\/sites\/5\/2025\/11\/noelia_dailet.jpg","articleSection":["LOCAL","POLICIACA"],"inLanguage":"es"},{"@type":"WebPage","@id":"https:\/\/www.bbmnoticias.com\/labravaradiofm\/2025\/11\/13\/nina-noelia-reconocio-a-asesinas-y-por-eso-la-mataron-fiscal-de-oaxaca\/","url":"https:\/\/www.bbmnoticias.com\/nina-noelia-reconocio-a-asesinas-y-por-eso-la-mataron-fiscal-de-oaxaca\/","name":"Ni\u00f1a Noelia reconoci\u00f3 a asesinas y por eso la mataron: Fiscal de Oaxaca - LA BRAVA RADIO","isPartOf":{"@id":"https:\/\/www.bbmnoticias.com\/labravaradiofm\/#website"},"primaryImageOfPage":{"@id":"https:\/\/www.bbmnoticias.com\/nina-noelia-reconocio-a-asesinas-y-por-eso-la-mataron-fiscal-de-oaxaca\/#primaryimage"},"image":{"@id":"https:\/\/www.bbmnoticias.com\/nina-noelia-reconocio-a-asesinas-y-por-eso-la-mataron-fiscal-de-oaxaca\/#primaryimage"},"thumbnailUrl":"https:\/\/www.bbmnoticias.com\/labravaradiofm\/wp-content\/uploads\/sites\/5\/2025\/11\/noelia_dailet.jpg","datePublished":"2025-11-13T16:29:32+00:00","dateModified":"2025-11-13T16:29:51+00:00","author":{"@id":"https:\/\/www.bbmnoticias.com\/labravaradiofm\/#\/schema\/person\/857a3daf5c8142f29919023f377fbfad"},"breadcrumb":{"@id":"https:\/\/www.bbmnoticias.com\/nina-noelia-reconocio-a-asesinas-y-por-eso-la-mataron-fiscal-de-oaxaca\/#breadcrumb"},"inLanguage":"es","potentialAction":[{"@type":"ReadAction","target":["https:\/\/www.bbmnoticias.com\/nina-noelia-reconocio-a-asesinas-y-por-eso-la-mataron-fiscal-de-oaxaca\/"]}]},{"@type":"ImageObject","inLanguage":"es","@id":"https:\/\/www.bbmnoticias.com\/nina-noelia-reconocio-a-asesinas-y-por-eso-la-mataron-fiscal-de-oaxaca\/#primaryimage","url":"https:\/\/www.bbmnoticias.com\/labravaradiofm\/wp-content\/uploads\/sites\/5\/2025\/11\/noelia_dailet.jpg","contentUrl":"https:\/\/www.bbmnoticias.com\/labravaradiofm\/wp-content\/uploads\/sites\/5\/2025\/11\/noelia_dailet.jpg","width":848,"height":477},{"@type":"BreadcrumbList","@id":"https:\/\/www.bbmnoticias.com\/nina-noelia-reconocio-a-asesinas-y-por-eso-la-mataron-fiscal-de-oaxaca\/#breadcrumb","itemListElement":[{"@type":"ListItem","position":1,"name":"Inicio","item":"https:\/\/www.bbmnoticias.com\/labravaradiofm\/"},{"@type":"ListItem","position":2,"name":"Ni\u00f1a Noelia reconoci\u00f3 a asesinas y por eso la mataron: Fiscal de Oaxaca"}]},{"@type":"WebSite","@id":"https:\/\/www.bbmnoticias.com\/labravaradiofm\/#website","url":"https:\/\/www.bbmnoticias.com\/labravaradiofm\/","name":"LA BRAVA RADIO","description":"Empresa productora de medios, Radiodifusi\u00f3n, Noticias, tendencias y todo lo que necesitas saber de la pol\u00edtica mexicana e internacional; entretenimiento, espect\u00e1culos, salud y mucho m\u00e1s.","potentialAction":[{"@type":"SearchAction","target":{"@type":"EntryPoint","urlTemplate":"https:\/\/www.bbmnoticias.com\/labravaradiofm\/?s={search_term_string}"},"query-input":{"@type":"PropertyValueSpecification","valueRequired":true,"valueName":"search_term_string"}}],"inLanguage":"es"},{"@type":"Person","@id":"https:\/\/www.bbmnoticias.com\/labravaradiofm\/#\/schema\/person\/857a3daf5c8142f29919023f377fbfad","name":"Agencias","image":{"@type":"ImageObject","inLanguage":"es","@id":"https:\/\/secure.gravatar.com\/avatar\/739e0b61adf9e398b425c36718c8752286da0e8cd90f20ce9a86678abc26aa0d?s=96&d=mm&r=g","url":"https:\/\/secure.gravatar.com\/avatar\/739e0b61adf9e398b425c36718c8752286da0e8cd90f20ce9a86678abc26aa0d?s=96&d=mm&r=g","contentUrl":"https:\/\/secure.gravatar.com\/avatar\/739e0b61adf9e398b425c36718c8752286da0e8cd90f20ce9a86678abc26aa0d?s=96&d=mm&r=g","caption":"Agencias"},"url":"https:\/\/www.bbmnoticias.com\/labravaradiofm\/author\/agencias\/"}]}},"_links":{"self":[{"href":"https:\/\/www.bbmnoticias.com\/labravaradiofm\/wp-json\/wp\/v2\/posts\/69780","targetHints":{"allow":["GET"]}}],"collection":[{"href":"https:\/\/www.bbmnoticias.com\/labravaradiofm\/wp-json\/wp\/v2\/posts"}],"about":[{"href":"https:\/\/www.bbmnoticias.com\/labravaradiofm\/wp-json\/wp\/v2\/types\/post"}],"author":[{"embeddable":true,"href":"https:\/\/www.bbmnoticias.com\/labravaradiofm\/wp-json\/wp\/v2\/users\/4"}],"replies":[{"embeddable":true,"href":"https:\/\/www.bbmnoticias.com\/labravaradiofm\/wp-json\/wp\/v2\/comments?post=69780"}],"version-history":[{"count":0,"href":"https:\/\/www.bbmnoticias.com\/labravaradiofm\/wp-json\/wp\/v2\/posts\/69780\/revisions"}],"wp:featuredmedia":[{"embeddable":true,"href":"https:\/\/www.bbmnoticias.com\/labravaradiofm\/wp-json\/wp\/v2\/media\/69782"}],"wp:attachment":[{"href":"https:\/\/www.bbmnoticias.com\/labravaradiofm\/wp-json\/wp\/v2\/media?parent=69780"}],"wp:term":[{"taxonomy":"category","embeddable":true,"href":"https:\/\/www.bbmnoticias.com\/labravaradiofm\/wp-json\/wp\/v2\/categories?post=69780"},{"taxonomy":"post_tag","embeddable":true,"href":"https:\/\/www.bbmnoticias.com\/labravaradiofm\/wp-json\/wp\/v2\/tags?post=69780"}],"curies":[{"name":"wp","href":"https:\/\/api.w.org\/{rel}","templated":true}]}}