{"id":69777,"date":"2025-11-13T09:01:54","date_gmt":"2025-11-13T15:01:54","guid":{"rendered":"https:\/\/www.bbmnoticias.com\/labravaradiofm\/2025\/11\/13\/matan-a-balazos-a-dos-personas-en-san-pedro-totolapam\/"},"modified":"2025-11-13T09:01:58","modified_gmt":"2025-11-13T15:01:58","slug":"matan-a-balazos-a-dos-personas-en-san-pedro-totolapam","status":"publish","type":"post","link":"https:\/\/www.bbmnoticias.com\/labravaradiofm\/2025\/11\/13\/matan-a-balazos-a-dos-personas-en-san-pedro-totolapam\/","title":{"rendered":"Matan a balazos a dos personas en San Pedro Totol\u00e1pam"},"content":{"rendered":"<div style=\"margin-top: 0px; margin-bottom: 0px;\" class=\"sharethis-inline-share-buttons\" ><\/div>\n<p>Oaxaca, Oax.- Dos personas del sexo masculino fueron asesinadas ayer mi\u00e9rcoles en San Pedro Totol\u00e1pam, municipio de la regi\u00f3n Valles Centrales de Oaxaca.<\/p>\n\n\n\n<p>De acuerdo con reportes policiacos, los cuerpos de dos j\u00f3venes fueron localizados en la carretera local a Santa Mar\u00eda Zoquitl\u00e1n y presentaban m\u00faltiples impactos de arma de fuego.<\/p>\n\n\n\n<p>Las v\u00edctimas no han sido identificadas hasta el momento pero de acuerdo con la autoridad municipal, no son originarios de Totol\u00e1pam.<\/p>\n\n\n\n<p>Fueron hallados en inmediaciones del paraje \u201cLa Soledad\u201d y los cuerpos estaban separados por unos 200 metros; tienen apariencias de entre 25 y 30 a\u00f1os de edad.<\/p>\n\n\n\n<p>Peritos y agentes de investigaci\u00f3n de la Fiscal\u00eda General del Estado de Oaxaca arribaron al sitio para iniciar las indagatorias correspondientes; de manera preliminar se inform\u00f3 que se hallaron m\u00faltiples casquillos percutidos calibre .22 y .9 mil\u00edmetros.<\/p>\n\n\n\n<p>Con informaci\u00f3n de Zona Roja<\/p>\n","protected":false},"excerpt":{"rendered":"<p>Oaxaca, Oax.- Dos personas del sexo masculino fueron asesinadas ayer mi\u00e9rcoles en San Pedro Totol\u00e1pam, municipio de la regi\u00f3n Valles Centrales de Oaxaca. De acuerdo con reportes policiacos, los cuerpos de dos j\u00f3venes fueron localizados en la carretera local a Santa Mar\u00eda Zoquitl\u00e1n y presentaban m\u00faltiples impactos de arma de fuego. Las v\u00edctimas no han [&hellip;]<\/p>\n","protected":false},"author":4,"featured_media":69779,"comment_status":"closed","ping_status":"","sticky":false,"template":"","format":"standard","meta":{"footnotes":""},"categories":[2,20],"tags":[],"class_list":{"0":"post-69777","1":"post","2":"type-post","3":"status-publish","4":"format-standard","5":"has-post-thumbnail","7":"category-oaxaca","8":"category-policiaca"},"yoast_head":"<!-- This site is optimized with the Yoast SEO plugin v27.4 - https:\/\/yoast.com\/product\/yoast-seo-wordpress\/ -->\n<title>Matan a balazos a dos personas en San Pedro Totol\u00e1pam - LA BRAVA RADIO<\/title>\n<meta name=\"robots\" content=\"index, follow, max-snippet:-1, max-image-preview:large, max-video-preview:-1\" \/>\n<link rel=\"canonical\" href=\"https:\/\/www.bbmnoticias.com\/matan-a-balazos-a-dos-personas-en-san-pedro-totolapam\/\" \/>\n<meta property=\"og:locale\" content=\"es_MX\" \/>\n<meta property=\"og:type\" content=\"article\" \/>\n<meta property=\"og:title\" content=\"Matan a balazos a dos personas en San Pedro Totol\u00e1pam - LA BRAVA RADIO\" \/>\n<meta property=\"og:description\" content=\"Oaxaca, Oax.- Dos personas del sexo masculino fueron asesinadas ayer mi\u00e9rcoles en San Pedro Totol\u00e1pam, municipio de la regi\u00f3n Valles Centrales de Oaxaca. De acuerdo con reportes policiacos, los cuerpos de dos j\u00f3venes fueron localizados en la carretera local a Santa Mar\u00eda Zoquitl\u00e1n y presentaban m\u00faltiples impactos de arma de fuego. Las v\u00edctimas no han [&hellip;]\" \/>\n<meta property=\"og:url\" content=\"https:\/\/www.bbmnoticias.com\/matan-a-balazos-a-dos-personas-en-san-pedro-totolapam\/\" \/>\n<meta property=\"og:site_name\" content=\"LA BRAVA RADIO\" \/>\n<meta property=\"article:published_time\" content=\"2025-11-13T15:01:54+00:00\" \/>\n<meta property=\"article:modified_time\" content=\"2025-11-13T15:01:58+00:00\" \/>\n<meta property=\"og:image\" content=\"https:\/\/www.bbmnoticias.com\/labravaradiofm\/wp-content\/uploads\/sites\/5\/2025\/11\/Dos-asesinados-San-Pedro-Totolapam.jpg\" \/>\n\t<meta property=\"og:image:width\" content=\"800\" \/>\n\t<meta property=\"og:image:height\" content=\"464\" \/>\n\t<meta property=\"og:image:type\" content=\"image\/jpeg\" \/>\n<meta name=\"author\" content=\"Agencias\" \/>\n<meta name=\"twitter:card\" content=\"summary_large_image\" \/>\n<meta name=\"twitter:label1\" content=\"Escrito por\" \/>\n\t<meta name=\"twitter:data1\" content=\"Agencias\" \/>\n\t<meta name=\"twitter:label2\" content=\"Tiempo de lectura\" \/>\n\t<meta name=\"twitter:data2\" content=\"1 minuto\" \/>\n<script type=\"application\/ld+json\" class=\"yoast-schema-graph\">{\"@context\":\"https:\\\/\\\/schema.org\",\"@graph\":[{\"@type\":\"Article\",\"@id\":\"https:\\\/\\\/www.bbmnoticias.com\\\/matan-a-balazos-a-dos-personas-en-san-pedro-totolapam\\\/#article\",\"isPartOf\":{\"@id\":\"https:\\\/\\\/www.bbmnoticias.com\\\/labravaradiofm\\\/2025\\\/11\\\/13\\\/matan-a-balazos-a-dos-personas-en-san-pedro-totolapam\\\/\"},\"author\":{\"name\":\"Agencias\",\"@id\":\"https:\\\/\\\/www.bbmnoticias.com\\\/labravaradiofm\\\/#\\\/schema\\\/person\\\/857a3daf5c8142f29919023f377fbfad\"},\"headline\":\"Matan a balazos a dos personas en San Pedro Totol\u00e1pam\",\"datePublished\":\"2025-11-13T15:01:54+00:00\",\"dateModified\":\"2025-11-13T15:01:58+00:00\",\"mainEntityOfPage\":{\"@id\":\"https:\\\/\\\/www.bbmnoticias.com\\\/labravaradiofm\\\/2025\\\/11\\\/13\\\/matan-a-balazos-a-dos-personas-en-san-pedro-totolapam\\\/\"},\"wordCount\":163,\"image\":{\"@id\":\"https:\\\/\\\/www.bbmnoticias.com\\\/matan-a-balazos-a-dos-personas-en-san-pedro-totolapam\\\/#primaryimage\"},\"thumbnailUrl\":\"https:\\\/\\\/www.bbmnoticias.com\\\/labravaradiofm\\\/wp-content\\\/uploads\\\/sites\\\/5\\\/2025\\\/11\\\/Dos-asesinados-San-Pedro-Totolapam.jpg\",\"articleSection\":[\"LOCAL\",\"POLICIACA\"],\"inLanguage\":\"es\"},{\"@type\":\"WebPage\",\"@id\":\"https:\\\/\\\/www.bbmnoticias.com\\\/labravaradiofm\\\/2025\\\/11\\\/13\\\/matan-a-balazos-a-dos-personas-en-san-pedro-totolapam\\\/\",\"url\":\"https:\\\/\\\/www.bbmnoticias.com\\\/matan-a-balazos-a-dos-personas-en-san-pedro-totolapam\\\/\",\"name\":\"Matan a balazos a dos personas en San Pedro Totol\u00e1pam - LA BRAVA RADIO\",\"isPartOf\":{\"@id\":\"https:\\\/\\\/www.bbmnoticias.com\\\/labravaradiofm\\\/#website\"},\"primaryImageOfPage\":{\"@id\":\"https:\\\/\\\/www.bbmnoticias.com\\\/matan-a-balazos-a-dos-personas-en-san-pedro-totolapam\\\/#primaryimage\"},\"image\":{\"@id\":\"https:\\\/\\\/www.bbmnoticias.com\\\/matan-a-balazos-a-dos-personas-en-san-pedro-totolapam\\\/#primaryimage\"},\"thumbnailUrl\":\"https:\\\/\\\/www.bbmnoticias.com\\\/labravaradiofm\\\/wp-content\\\/uploads\\\/sites\\\/5\\\/2025\\\/11\\\/Dos-asesinados-San-Pedro-Totolapam.jpg\",\"datePublished\":\"2025-11-13T15:01:54+00:00\",\"dateModified\":\"2025-11-13T15:01:58+00:00\",\"author\":{\"@id\":\"https:\\\/\\\/www.bbmnoticias.com\\\/labravaradiofm\\\/#\\\/schema\\\/person\\\/857a3daf5c8142f29919023f377fbfad\"},\"breadcrumb\":{\"@id\":\"https:\\\/\\\/www.bbmnoticias.com\\\/matan-a-balazos-a-dos-personas-en-san-pedro-totolapam\\\/#breadcrumb\"},\"inLanguage\":\"es\",\"potentialAction\":[{\"@type\":\"ReadAction\",\"target\":[\"https:\\\/\\\/www.bbmnoticias.com\\\/matan-a-balazos-a-dos-personas-en-san-pedro-totolapam\\\/\"]}]},{\"@type\":\"ImageObject\",\"inLanguage\":\"es\",\"@id\":\"https:\\\/\\\/www.bbmnoticias.com\\\/matan-a-balazos-a-dos-personas-en-san-pedro-totolapam\\\/#primaryimage\",\"url\":\"https:\\\/\\\/www.bbmnoticias.com\\\/labravaradiofm\\\/wp-content\\\/uploads\\\/sites\\\/5\\\/2025\\\/11\\\/Dos-asesinados-San-Pedro-Totolapam.jpg\",\"contentUrl\":\"https:\\\/\\\/www.bbmnoticias.com\\\/labravaradiofm\\\/wp-content\\\/uploads\\\/sites\\\/5\\\/2025\\\/11\\\/Dos-asesinados-San-Pedro-Totolapam.jpg\",\"width\":800,\"height\":464},{\"@type\":\"BreadcrumbList\",\"@id\":\"https:\\\/\\\/www.bbmnoticias.com\\\/matan-a-balazos-a-dos-personas-en-san-pedro-totolapam\\\/#breadcrumb\",\"itemListElement\":[{\"@type\":\"ListItem\",\"position\":1,\"name\":\"Inicio\",\"item\":\"https:\\\/\\\/www.bbmnoticias.com\\\/labravaradiofm\\\/\"},{\"@type\":\"ListItem\",\"position\":2,\"name\":\"Matan a balazos a dos personas en San Pedro Totol\u00e1pam\"}]},{\"@type\":\"WebSite\",\"@id\":\"https:\\\/\\\/www.bbmnoticias.com\\\/labravaradiofm\\\/#website\",\"url\":\"https:\\\/\\\/www.bbmnoticias.com\\\/labravaradiofm\\\/\",\"name\":\"LA BRAVA RADIO\",\"description\":\"Empresa productora de medios, Radiodifusi\u00f3n, Noticias, tendencias y todo lo que necesitas saber de la pol\u00edtica mexicana e internacional; entretenimiento, espect\u00e1culos, salud y mucho m\u00e1s.\",\"potentialAction\":[{\"@type\":\"SearchAction\",\"target\":{\"@type\":\"EntryPoint\",\"urlTemplate\":\"https:\\\/\\\/www.bbmnoticias.com\\\/labravaradiofm\\\/?s={search_term_string}\"},\"query-input\":{\"@type\":\"PropertyValueSpecification\",\"valueRequired\":true,\"valueName\":\"search_term_string\"}}],\"inLanguage\":\"es\"},{\"@type\":\"Person\",\"@id\":\"https:\\\/\\\/www.bbmnoticias.com\\\/labravaradiofm\\\/#\\\/schema\\\/person\\\/857a3daf5c8142f29919023f377fbfad\",\"name\":\"Agencias\",\"image\":{\"@type\":\"ImageObject\",\"inLanguage\":\"es\",\"@id\":\"https:\\\/\\\/secure.gravatar.com\\\/avatar\\\/739e0b61adf9e398b425c36718c8752286da0e8cd90f20ce9a86678abc26aa0d?s=96&d=mm&r=g\",\"url\":\"https:\\\/\\\/secure.gravatar.com\\\/avatar\\\/739e0b61adf9e398b425c36718c8752286da0e8cd90f20ce9a86678abc26aa0d?s=96&d=mm&r=g\",\"contentUrl\":\"https:\\\/\\\/secure.gravatar.com\\\/avatar\\\/739e0b61adf9e398b425c36718c8752286da0e8cd90f20ce9a86678abc26aa0d?s=96&d=mm&r=g\",\"caption\":\"Agencias\"},\"url\":\"https:\\\/\\\/www.bbmnoticias.com\\\/labravaradiofm\\\/author\\\/agencias\\\/\"}]}<\/script>\n<!-- \/ Yoast SEO plugin. -->","yoast_head_json":{"title":"Matan a balazos a dos personas en San Pedro Totol\u00e1pam - LA BRAVA RADIO","robots":{"index":"index","follow":"follow","max-snippet":"max-snippet:-1","max-image-preview":"max-image-preview:large","max-video-preview":"max-video-preview:-1"},"canonical":"https:\/\/www.bbmnoticias.com\/matan-a-balazos-a-dos-personas-en-san-pedro-totolapam\/","og_locale":"es_MX","og_type":"article","og_title":"Matan a balazos a dos personas en San Pedro Totol\u00e1pam - LA BRAVA RADIO","og_description":"Oaxaca, Oax.- Dos personas del sexo masculino fueron asesinadas ayer mi\u00e9rcoles en San Pedro Totol\u00e1pam, municipio de la regi\u00f3n Valles Centrales de Oaxaca. De acuerdo con reportes policiacos, los cuerpos de dos j\u00f3venes fueron localizados en la carretera local a Santa Mar\u00eda Zoquitl\u00e1n y presentaban m\u00faltiples impactos de arma de fuego. Las v\u00edctimas no han [&hellip;]","og_url":"https:\/\/www.bbmnoticias.com\/matan-a-balazos-a-dos-personas-en-san-pedro-totolapam\/","og_site_name":"LA BRAVA RADIO","article_published_time":"2025-11-13T15:01:54+00:00","article_modified_time":"2025-11-13T15:01:58+00:00","og_image":[{"width":800,"height":464,"url":"https:\/\/www.bbmnoticias.com\/labravaradiofm\/wp-content\/uploads\/sites\/5\/2025\/11\/Dos-asesinados-San-Pedro-Totolapam.jpg","type":"image\/jpeg"}],"author":"Agencias","twitter_card":"summary_large_image","twitter_misc":{"Escrito por":"Agencias","Tiempo de lectura":"1 minuto"},"schema":{"@context":"https:\/\/schema.org","@graph":[{"@type":"Article","@id":"https:\/\/www.bbmnoticias.com\/matan-a-balazos-a-dos-personas-en-san-pedro-totolapam\/#article","isPartOf":{"@id":"https:\/\/www.bbmnoticias.com\/labravaradiofm\/2025\/11\/13\/matan-a-balazos-a-dos-personas-en-san-pedro-totolapam\/"},"author":{"name":"Agencias","@id":"https:\/\/www.bbmnoticias.com\/labravaradiofm\/#\/schema\/person\/857a3daf5c8142f29919023f377fbfad"},"headline":"Matan a balazos a dos personas en San Pedro Totol\u00e1pam","datePublished":"2025-11-13T15:01:54+00:00","dateModified":"2025-11-13T15:01:58+00:00","mainEntityOfPage":{"@id":"https:\/\/www.bbmnoticias.com\/labravaradiofm\/2025\/11\/13\/matan-a-balazos-a-dos-personas-en-san-pedro-totolapam\/"},"wordCount":163,"image":{"@id":"https:\/\/www.bbmnoticias.com\/matan-a-balazos-a-dos-personas-en-san-pedro-totolapam\/#primaryimage"},"thumbnailUrl":"https:\/\/www.bbmnoticias.com\/labravaradiofm\/wp-content\/uploads\/sites\/5\/2025\/11\/Dos-asesinados-San-Pedro-Totolapam.jpg","articleSection":["LOCAL","POLICIACA"],"inLanguage":"es"},{"@type":"WebPage","@id":"https:\/\/www.bbmnoticias.com\/labravaradiofm\/2025\/11\/13\/matan-a-balazos-a-dos-personas-en-san-pedro-totolapam\/","url":"https:\/\/www.bbmnoticias.com\/matan-a-balazos-a-dos-personas-en-san-pedro-totolapam\/","name":"Matan a balazos a dos personas en San Pedro Totol\u00e1pam - LA BRAVA RADIO","isPartOf":{"@id":"https:\/\/www.bbmnoticias.com\/labravaradiofm\/#website"},"primaryImageOfPage":{"@id":"https:\/\/www.bbmnoticias.com\/matan-a-balazos-a-dos-personas-en-san-pedro-totolapam\/#primaryimage"},"image":{"@id":"https:\/\/www.bbmnoticias.com\/matan-a-balazos-a-dos-personas-en-san-pedro-totolapam\/#primaryimage"},"thumbnailUrl":"https:\/\/www.bbmnoticias.com\/labravaradiofm\/wp-content\/uploads\/sites\/5\/2025\/11\/Dos-asesinados-San-Pedro-Totolapam.jpg","datePublished":"2025-11-13T15:01:54+00:00","dateModified":"2025-11-13T15:01:58+00:00","author":{"@id":"https:\/\/www.bbmnoticias.com\/labravaradiofm\/#\/schema\/person\/857a3daf5c8142f29919023f377fbfad"},"breadcrumb":{"@id":"https:\/\/www.bbmnoticias.com\/matan-a-balazos-a-dos-personas-en-san-pedro-totolapam\/#breadcrumb"},"inLanguage":"es","potentialAction":[{"@type":"ReadAction","target":["https:\/\/www.bbmnoticias.com\/matan-a-balazos-a-dos-personas-en-san-pedro-totolapam\/"]}]},{"@type":"ImageObject","inLanguage":"es","@id":"https:\/\/www.bbmnoticias.com\/matan-a-balazos-a-dos-personas-en-san-pedro-totolapam\/#primaryimage","url":"https:\/\/www.bbmnoticias.com\/labravaradiofm\/wp-content\/uploads\/sites\/5\/2025\/11\/Dos-asesinados-San-Pedro-Totolapam.jpg","contentUrl":"https:\/\/www.bbmnoticias.com\/labravaradiofm\/wp-content\/uploads\/sites\/5\/2025\/11\/Dos-asesinados-San-Pedro-Totolapam.jpg","width":800,"height":464},{"@type":"BreadcrumbList","@id":"https:\/\/www.bbmnoticias.com\/matan-a-balazos-a-dos-personas-en-san-pedro-totolapam\/#breadcrumb","itemListElement":[{"@type":"ListItem","position":1,"name":"Inicio","item":"https:\/\/www.bbmnoticias.com\/labravaradiofm\/"},{"@type":"ListItem","position":2,"name":"Matan a balazos a dos personas en San Pedro Totol\u00e1pam"}]},{"@type":"WebSite","@id":"https:\/\/www.bbmnoticias.com\/labravaradiofm\/#website","url":"https:\/\/www.bbmnoticias.com\/labravaradiofm\/","name":"LA BRAVA RADIO","description":"Empresa productora de medios, Radiodifusi\u00f3n, Noticias, tendencias y todo lo que necesitas saber de la pol\u00edtica mexicana e internacional; entretenimiento, espect\u00e1culos, salud y mucho m\u00e1s.","potentialAction":[{"@type":"SearchAction","target":{"@type":"EntryPoint","urlTemplate":"https:\/\/www.bbmnoticias.com\/labravaradiofm\/?s={search_term_string}"},"query-input":{"@type":"PropertyValueSpecification","valueRequired":true,"valueName":"search_term_string"}}],"inLanguage":"es"},{"@type":"Person","@id":"https:\/\/www.bbmnoticias.com\/labravaradiofm\/#\/schema\/person\/857a3daf5c8142f29919023f377fbfad","name":"Agencias","image":{"@type":"ImageObject","inLanguage":"es","@id":"https:\/\/secure.gravatar.com\/avatar\/739e0b61adf9e398b425c36718c8752286da0e8cd90f20ce9a86678abc26aa0d?s=96&d=mm&r=g","url":"https:\/\/secure.gravatar.com\/avatar\/739e0b61adf9e398b425c36718c8752286da0e8cd90f20ce9a86678abc26aa0d?s=96&d=mm&r=g","contentUrl":"https:\/\/secure.gravatar.com\/avatar\/739e0b61adf9e398b425c36718c8752286da0e8cd90f20ce9a86678abc26aa0d?s=96&d=mm&r=g","caption":"Agencias"},"url":"https:\/\/www.bbmnoticias.com\/labravaradiofm\/author\/agencias\/"}]}},"_links":{"self":[{"href":"https:\/\/www.bbmnoticias.com\/labravaradiofm\/wp-json\/wp\/v2\/posts\/69777","targetHints":{"allow":["GET"]}}],"collection":[{"href":"https:\/\/www.bbmnoticias.com\/labravaradiofm\/wp-json\/wp\/v2\/posts"}],"about":[{"href":"https:\/\/www.bbmnoticias.com\/labravaradiofm\/wp-json\/wp\/v2\/types\/post"}],"author":[{"embeddable":true,"href":"https:\/\/www.bbmnoticias.com\/labravaradiofm\/wp-json\/wp\/v2\/users\/4"}],"replies":[{"embeddable":true,"href":"https:\/\/www.bbmnoticias.com\/labravaradiofm\/wp-json\/wp\/v2\/comments?post=69777"}],"version-history":[{"count":0,"href":"https:\/\/www.bbmnoticias.com\/labravaradiofm\/wp-json\/wp\/v2\/posts\/69777\/revisions"}],"wp:featuredmedia":[{"embeddable":true,"href":"https:\/\/www.bbmnoticias.com\/labravaradiofm\/wp-json\/wp\/v2\/media\/69779"}],"wp:attachment":[{"href":"https:\/\/www.bbmnoticias.com\/labravaradiofm\/wp-json\/wp\/v2\/media?parent=69777"}],"wp:term":[{"taxonomy":"category","embeddable":true,"href":"https:\/\/www.bbmnoticias.com\/labravaradiofm\/wp-json\/wp\/v2\/categories?post=69777"},{"taxonomy":"post_tag","embeddable":true,"href":"https:\/\/www.bbmnoticias.com\/labravaradiofm\/wp-json\/wp\/v2\/tags?post=69777"}],"curies":[{"name":"wp","href":"https:\/\/api.w.org\/{rel}","templated":true}]}}