{"id":69774,"date":"2025-11-13T08:40:11","date_gmt":"2025-11-13T14:40:11","guid":{"rendered":"https:\/\/www.bbmnoticias.com\/labravaradiofm\/2025\/11\/13\/destinan-7-mil-426-millones-de-pesos-a-la-emergencia-por-lluvias\/"},"modified":"2025-11-13T08:40:38","modified_gmt":"2025-11-13T14:40:38","slug":"destinan-7-mil-426-millones-de-pesos-a-la-emergencia-por-lluvias","status":"publish","type":"post","link":"https:\/\/www.bbmnoticias.com\/labravaradiofm\/2025\/11\/13\/destinan-7-mil-426-millones-de-pesos-a-la-emergencia-por-lluvias\/","title":{"rendered":"Destinan 7 mil 426 millones de pesos a la emergencia por lluvias"},"content":{"rendered":"<div style=\"margin-top: 0px; margin-bottom: 0px;\" class=\"sharethis-inline-share-buttons\" ><\/div>\n<p>Para atender la <strong>emergencia<\/strong> por las lluvias extraordinarias, ocurridas entre el 6 y 9 de <strong>octubre<\/strong>, el Gobierno federal destin\u00f3 7 mil 426 millones de pesos. En la Ma\u00f1anera de este 13 de octubre, la Presidenta Claudia Sheinbaum asegur\u00f3 que la atenci\u00f3n fue impresionante.<\/p>\n\n\n\n<p>\u201cPara todos aquellos que no hab\u00eda <strong>Fonden<\/strong>, que no iba a haber apoyos, que el <strong>gobierno<\/strong> federal no estaba atendiendo (&#8230;) ya todas las <strong>comunidades<\/strong> han regresado a su vida normal.<\/p>\n\n\n\n<h2 class=\"wp-block-heading\">Familias reciben apoyo tras precipitaciones<\/h2>\n\n\n\n<p>\u201cHa sido un ejercicio muy impresionante, pr\u00e1cticamente en un mes, desde las <strong>lluvias<\/strong> al d\u00eda de hoy, quedaron limpias todas las comunidades, el domingo terminamos con los segundos apoyos, queda para las viviendas m\u00e1s da\u00f1adas los enseres, y en dos semanas vamos a iniciar el proceso de reconstrucci\u00f3n\u201d, explic\u00f3.<\/p>\n\n\n\n<p>Incluso, desde el Sal\u00f3n Tesorer\u00eda de <strong>Palacio Nacional<\/strong>, la mandataria asegur\u00f3 que ha sido uno de los <strong>fen\u00f3menos<\/strong> naturales con m\u00e1s da\u00f1os.<\/p>\n\n\n\n<blockquote class=\"wp-block-quote is-layout-flow wp-block-quote-is-layout-flow\">\n<p>\u201cHa sido uno de los fen\u00f3menos naturales con m\u00e1s impactos en la historia, son cerca de 100 mil viviendas afectadas (&#8230;) es extraordinaria la labor de las fuerzas armadas, cinco gobernadores, un trabajo muy importante de todas y de todos, hay escuelas que se est\u00e1n reconstruyendo, el seguro del gobierno entr\u00f3 de inmediato\u201d, afirm\u00f3.<\/p>\n<\/blockquote>\n\n\n\n<h2 class=\"wp-block-heading\">Censan m\u00e1s de 100 mil viviendas<\/h2>\n\n\n\n<p>La <strong>Secretaria de Bienestar<\/strong>, Ariadna Montiel, inform\u00f3 que un total de 104 mil 417 <strong>viviendas<\/strong> fueron censadas.<br>Por lo que la inversi\u00f3n social fue de 7 mil 426 millones de pesos, siendo el mayor presupuesto para la atenci\u00f3n de los da\u00f1os en la vivienda y la limpieza. Tambi\u00e9n inform\u00f3 que 18 mil viviendas causaron p\u00e9rdida total.&nbsp;<\/p>\n\n\n\n<p>Veracruz, Puebla, Quer\u00e9taro, San Luis Potos\u00ed e Hidalgo fueron las entidades afectadas. A distancia, el Gobernador de Puebla, Alejandro Armenta, agradeci\u00f3 el apoyo. Tambi\u00e9n hicieron lo mismo los Ejecutivos estatales de Veracruz y Quer\u00e9taro.<\/p>\n","protected":false},"excerpt":{"rendered":"<p>Para atender la emergencia por las lluvias extraordinarias, ocurridas entre el 6 y 9 de octubre, el Gobierno federal destin\u00f3 7 mil 426 millones de pesos. En la Ma\u00f1anera de este 13 de octubre, la Presidenta Claudia Sheinbaum asegur\u00f3 que la atenci\u00f3n fue impresionante. \u201cPara todos aquellos que no hab\u00eda Fonden, que no iba a [&hellip;]<\/p>\n","protected":false},"author":4,"featured_media":69776,"comment_status":"closed","ping_status":"","sticky":false,"template":"","format":"standard","meta":{"footnotes":""},"categories":[2],"tags":[],"class_list":{"0":"post-69774","1":"post","2":"type-post","3":"status-publish","4":"format-standard","5":"has-post-thumbnail","7":"category-oaxaca"},"yoast_head":"<!-- This site is optimized with the Yoast SEO plugin v27.4 - https:\/\/yoast.com\/product\/yoast-seo-wordpress\/ -->\n<title>Destinan 7 mil 426 millones de pesos a la emergencia por lluvias - LA BRAVA RADIO<\/title>\n<meta name=\"robots\" content=\"index, follow, max-snippet:-1, max-image-preview:large, max-video-preview:-1\" \/>\n<link rel=\"canonical\" href=\"https:\/\/www.bbmnoticias.com\/destinan-7-mil-426-millones-de-pesos-a-la-emergencia-por-lluvias\/\" \/>\n<meta property=\"og:locale\" content=\"es_MX\" \/>\n<meta property=\"og:type\" content=\"article\" \/>\n<meta property=\"og:title\" content=\"Destinan 7 mil 426 millones de pesos a la emergencia por lluvias - LA BRAVA RADIO\" \/>\n<meta property=\"og:description\" content=\"Para atender la emergencia por las lluvias extraordinarias, ocurridas entre el 6 y 9 de octubre, el Gobierno federal destin\u00f3 7 mil 426 millones de pesos. En la Ma\u00f1anera de este 13 de octubre, la Presidenta Claudia Sheinbaum asegur\u00f3 que la atenci\u00f3n fue impresionante. \u201cPara todos aquellos que no hab\u00eda Fonden, que no iba a [&hellip;]\" \/>\n<meta property=\"og:url\" content=\"https:\/\/www.bbmnoticias.com\/destinan-7-mil-426-millones-de-pesos-a-la-emergencia-por-lluvias\/\" \/>\n<meta property=\"og:site_name\" content=\"LA BRAVA RADIO\" \/>\n<meta property=\"article:published_time\" content=\"2025-11-13T14:40:11+00:00\" \/>\n<meta property=\"article:modified_time\" content=\"2025-11-13T14:40:38+00:00\" \/>\n<meta property=\"og:image\" content=\"https:\/\/www.bbmnoticias.com\/labravaradiofm\/wp-content\/uploads\/sites\/5\/2025\/11\/destinan_millones_lluvias.jpg\" \/>\n\t<meta property=\"og:image:width\" content=\"848\" \/>\n\t<meta property=\"og:image:height\" content=\"477\" \/>\n\t<meta property=\"og:image:type\" content=\"image\/jpeg\" \/>\n<meta name=\"author\" content=\"Agencias\" \/>\n<meta name=\"twitter:card\" content=\"summary_large_image\" \/>\n<meta name=\"twitter:label1\" content=\"Escrito por\" \/>\n\t<meta name=\"twitter:data1\" content=\"Agencias\" \/>\n\t<meta name=\"twitter:label2\" content=\"Tiempo de lectura\" \/>\n\t<meta name=\"twitter:data2\" content=\"2 minutos\" \/>\n<script type=\"application\/ld+json\" class=\"yoast-schema-graph\">{\"@context\":\"https:\\\/\\\/schema.org\",\"@graph\":[{\"@type\":\"Article\",\"@id\":\"https:\\\/\\\/www.bbmnoticias.com\\\/destinan-7-mil-426-millones-de-pesos-a-la-emergencia-por-lluvias\\\/#article\",\"isPartOf\":{\"@id\":\"https:\\\/\\\/www.bbmnoticias.com\\\/labravaradiofm\\\/2025\\\/11\\\/13\\\/destinan-7-mil-426-millones-de-pesos-a-la-emergencia-por-lluvias\\\/\"},\"author\":{\"name\":\"Agencias\",\"@id\":\"https:\\\/\\\/www.bbmnoticias.com\\\/labravaradiofm\\\/#\\\/schema\\\/person\\\/857a3daf5c8142f29919023f377fbfad\"},\"headline\":\"Destinan 7 mil 426 millones de pesos a la emergencia por lluvias\",\"datePublished\":\"2025-11-13T14:40:11+00:00\",\"dateModified\":\"2025-11-13T14:40:38+00:00\",\"mainEntityOfPage\":{\"@id\":\"https:\\\/\\\/www.bbmnoticias.com\\\/labravaradiofm\\\/2025\\\/11\\\/13\\\/destinan-7-mil-426-millones-de-pesos-a-la-emergencia-por-lluvias\\\/\"},\"wordCount\":323,\"image\":{\"@id\":\"https:\\\/\\\/www.bbmnoticias.com\\\/destinan-7-mil-426-millones-de-pesos-a-la-emergencia-por-lluvias\\\/#primaryimage\"},\"thumbnailUrl\":\"https:\\\/\\\/www.bbmnoticias.com\\\/labravaradiofm\\\/wp-content\\\/uploads\\\/sites\\\/5\\\/2025\\\/11\\\/destinan_millones_lluvias.jpg\",\"articleSection\":[\"LOCAL\"],\"inLanguage\":\"es\"},{\"@type\":\"WebPage\",\"@id\":\"https:\\\/\\\/www.bbmnoticias.com\\\/labravaradiofm\\\/2025\\\/11\\\/13\\\/destinan-7-mil-426-millones-de-pesos-a-la-emergencia-por-lluvias\\\/\",\"url\":\"https:\\\/\\\/www.bbmnoticias.com\\\/destinan-7-mil-426-millones-de-pesos-a-la-emergencia-por-lluvias\\\/\",\"name\":\"Destinan 7 mil 426 millones de pesos a la emergencia por lluvias - LA BRAVA RADIO\",\"isPartOf\":{\"@id\":\"https:\\\/\\\/www.bbmnoticias.com\\\/labravaradiofm\\\/#website\"},\"primaryImageOfPage\":{\"@id\":\"https:\\\/\\\/www.bbmnoticias.com\\\/destinan-7-mil-426-millones-de-pesos-a-la-emergencia-por-lluvias\\\/#primaryimage\"},\"image\":{\"@id\":\"https:\\\/\\\/www.bbmnoticias.com\\\/destinan-7-mil-426-millones-de-pesos-a-la-emergencia-por-lluvias\\\/#primaryimage\"},\"thumbnailUrl\":\"https:\\\/\\\/www.bbmnoticias.com\\\/labravaradiofm\\\/wp-content\\\/uploads\\\/sites\\\/5\\\/2025\\\/11\\\/destinan_millones_lluvias.jpg\",\"datePublished\":\"2025-11-13T14:40:11+00:00\",\"dateModified\":\"2025-11-13T14:40:38+00:00\",\"author\":{\"@id\":\"https:\\\/\\\/www.bbmnoticias.com\\\/labravaradiofm\\\/#\\\/schema\\\/person\\\/857a3daf5c8142f29919023f377fbfad\"},\"breadcrumb\":{\"@id\":\"https:\\\/\\\/www.bbmnoticias.com\\\/destinan-7-mil-426-millones-de-pesos-a-la-emergencia-por-lluvias\\\/#breadcrumb\"},\"inLanguage\":\"es\",\"potentialAction\":[{\"@type\":\"ReadAction\",\"target\":[\"https:\\\/\\\/www.bbmnoticias.com\\\/destinan-7-mil-426-millones-de-pesos-a-la-emergencia-por-lluvias\\\/\"]}]},{\"@type\":\"ImageObject\",\"inLanguage\":\"es\",\"@id\":\"https:\\\/\\\/www.bbmnoticias.com\\\/destinan-7-mil-426-millones-de-pesos-a-la-emergencia-por-lluvias\\\/#primaryimage\",\"url\":\"https:\\\/\\\/www.bbmnoticias.com\\\/labravaradiofm\\\/wp-content\\\/uploads\\\/sites\\\/5\\\/2025\\\/11\\\/destinan_millones_lluvias.jpg\",\"contentUrl\":\"https:\\\/\\\/www.bbmnoticias.com\\\/labravaradiofm\\\/wp-content\\\/uploads\\\/sites\\\/5\\\/2025\\\/11\\\/destinan_millones_lluvias.jpg\",\"width\":848,\"height\":477},{\"@type\":\"BreadcrumbList\",\"@id\":\"https:\\\/\\\/www.bbmnoticias.com\\\/destinan-7-mil-426-millones-de-pesos-a-la-emergencia-por-lluvias\\\/#breadcrumb\",\"itemListElement\":[{\"@type\":\"ListItem\",\"position\":1,\"name\":\"Inicio\",\"item\":\"https:\\\/\\\/www.bbmnoticias.com\\\/labravaradiofm\\\/\"},{\"@type\":\"ListItem\",\"position\":2,\"name\":\"Destinan 7 mil 426 millones de pesos a la emergencia por lluvias\"}]},{\"@type\":\"WebSite\",\"@id\":\"https:\\\/\\\/www.bbmnoticias.com\\\/labravaradiofm\\\/#website\",\"url\":\"https:\\\/\\\/www.bbmnoticias.com\\\/labravaradiofm\\\/\",\"name\":\"LA BRAVA RADIO\",\"description\":\"Empresa productora de medios, Radiodifusi\u00f3n, Noticias, tendencias y todo lo que necesitas saber de la pol\u00edtica mexicana e internacional; entretenimiento, espect\u00e1culos, salud y mucho m\u00e1s.\",\"potentialAction\":[{\"@type\":\"SearchAction\",\"target\":{\"@type\":\"EntryPoint\",\"urlTemplate\":\"https:\\\/\\\/www.bbmnoticias.com\\\/labravaradiofm\\\/?s={search_term_string}\"},\"query-input\":{\"@type\":\"PropertyValueSpecification\",\"valueRequired\":true,\"valueName\":\"search_term_string\"}}],\"inLanguage\":\"es\"},{\"@type\":\"Person\",\"@id\":\"https:\\\/\\\/www.bbmnoticias.com\\\/labravaradiofm\\\/#\\\/schema\\\/person\\\/857a3daf5c8142f29919023f377fbfad\",\"name\":\"Agencias\",\"image\":{\"@type\":\"ImageObject\",\"inLanguage\":\"es\",\"@id\":\"https:\\\/\\\/secure.gravatar.com\\\/avatar\\\/739e0b61adf9e398b425c36718c8752286da0e8cd90f20ce9a86678abc26aa0d?s=96&d=mm&r=g\",\"url\":\"https:\\\/\\\/secure.gravatar.com\\\/avatar\\\/739e0b61adf9e398b425c36718c8752286da0e8cd90f20ce9a86678abc26aa0d?s=96&d=mm&r=g\",\"contentUrl\":\"https:\\\/\\\/secure.gravatar.com\\\/avatar\\\/739e0b61adf9e398b425c36718c8752286da0e8cd90f20ce9a86678abc26aa0d?s=96&d=mm&r=g\",\"caption\":\"Agencias\"},\"url\":\"https:\\\/\\\/www.bbmnoticias.com\\\/labravaradiofm\\\/author\\\/agencias\\\/\"}]}<\/script>\n<!-- \/ Yoast SEO plugin. -->","yoast_head_json":{"title":"Destinan 7 mil 426 millones de pesos a la emergencia por lluvias - LA BRAVA RADIO","robots":{"index":"index","follow":"follow","max-snippet":"max-snippet:-1","max-image-preview":"max-image-preview:large","max-video-preview":"max-video-preview:-1"},"canonical":"https:\/\/www.bbmnoticias.com\/destinan-7-mil-426-millones-de-pesos-a-la-emergencia-por-lluvias\/","og_locale":"es_MX","og_type":"article","og_title":"Destinan 7 mil 426 millones de pesos a la emergencia por lluvias - LA BRAVA RADIO","og_description":"Para atender la emergencia por las lluvias extraordinarias, ocurridas entre el 6 y 9 de octubre, el Gobierno federal destin\u00f3 7 mil 426 millones de pesos. En la Ma\u00f1anera de este 13 de octubre, la Presidenta Claudia Sheinbaum asegur\u00f3 que la atenci\u00f3n fue impresionante. \u201cPara todos aquellos que no hab\u00eda Fonden, que no iba a [&hellip;]","og_url":"https:\/\/www.bbmnoticias.com\/destinan-7-mil-426-millones-de-pesos-a-la-emergencia-por-lluvias\/","og_site_name":"LA BRAVA RADIO","article_published_time":"2025-11-13T14:40:11+00:00","article_modified_time":"2025-11-13T14:40:38+00:00","og_image":[{"width":848,"height":477,"url":"https:\/\/www.bbmnoticias.com\/labravaradiofm\/wp-content\/uploads\/sites\/5\/2025\/11\/destinan_millones_lluvias.jpg","type":"image\/jpeg"}],"author":"Agencias","twitter_card":"summary_large_image","twitter_misc":{"Escrito por":"Agencias","Tiempo de lectura":"2 minutos"},"schema":{"@context":"https:\/\/schema.org","@graph":[{"@type":"Article","@id":"https:\/\/www.bbmnoticias.com\/destinan-7-mil-426-millones-de-pesos-a-la-emergencia-por-lluvias\/#article","isPartOf":{"@id":"https:\/\/www.bbmnoticias.com\/labravaradiofm\/2025\/11\/13\/destinan-7-mil-426-millones-de-pesos-a-la-emergencia-por-lluvias\/"},"author":{"name":"Agencias","@id":"https:\/\/www.bbmnoticias.com\/labravaradiofm\/#\/schema\/person\/857a3daf5c8142f29919023f377fbfad"},"headline":"Destinan 7 mil 426 millones de pesos a la emergencia por lluvias","datePublished":"2025-11-13T14:40:11+00:00","dateModified":"2025-11-13T14:40:38+00:00","mainEntityOfPage":{"@id":"https:\/\/www.bbmnoticias.com\/labravaradiofm\/2025\/11\/13\/destinan-7-mil-426-millones-de-pesos-a-la-emergencia-por-lluvias\/"},"wordCount":323,"image":{"@id":"https:\/\/www.bbmnoticias.com\/destinan-7-mil-426-millones-de-pesos-a-la-emergencia-por-lluvias\/#primaryimage"},"thumbnailUrl":"https:\/\/www.bbmnoticias.com\/labravaradiofm\/wp-content\/uploads\/sites\/5\/2025\/11\/destinan_millones_lluvias.jpg","articleSection":["LOCAL"],"inLanguage":"es"},{"@type":"WebPage","@id":"https:\/\/www.bbmnoticias.com\/labravaradiofm\/2025\/11\/13\/destinan-7-mil-426-millones-de-pesos-a-la-emergencia-por-lluvias\/","url":"https:\/\/www.bbmnoticias.com\/destinan-7-mil-426-millones-de-pesos-a-la-emergencia-por-lluvias\/","name":"Destinan 7 mil 426 millones de pesos a la emergencia por lluvias - LA BRAVA RADIO","isPartOf":{"@id":"https:\/\/www.bbmnoticias.com\/labravaradiofm\/#website"},"primaryImageOfPage":{"@id":"https:\/\/www.bbmnoticias.com\/destinan-7-mil-426-millones-de-pesos-a-la-emergencia-por-lluvias\/#primaryimage"},"image":{"@id":"https:\/\/www.bbmnoticias.com\/destinan-7-mil-426-millones-de-pesos-a-la-emergencia-por-lluvias\/#primaryimage"},"thumbnailUrl":"https:\/\/www.bbmnoticias.com\/labravaradiofm\/wp-content\/uploads\/sites\/5\/2025\/11\/destinan_millones_lluvias.jpg","datePublished":"2025-11-13T14:40:11+00:00","dateModified":"2025-11-13T14:40:38+00:00","author":{"@id":"https:\/\/www.bbmnoticias.com\/labravaradiofm\/#\/schema\/person\/857a3daf5c8142f29919023f377fbfad"},"breadcrumb":{"@id":"https:\/\/www.bbmnoticias.com\/destinan-7-mil-426-millones-de-pesos-a-la-emergencia-por-lluvias\/#breadcrumb"},"inLanguage":"es","potentialAction":[{"@type":"ReadAction","target":["https:\/\/www.bbmnoticias.com\/destinan-7-mil-426-millones-de-pesos-a-la-emergencia-por-lluvias\/"]}]},{"@type":"ImageObject","inLanguage":"es","@id":"https:\/\/www.bbmnoticias.com\/destinan-7-mil-426-millones-de-pesos-a-la-emergencia-por-lluvias\/#primaryimage","url":"https:\/\/www.bbmnoticias.com\/labravaradiofm\/wp-content\/uploads\/sites\/5\/2025\/11\/destinan_millones_lluvias.jpg","contentUrl":"https:\/\/www.bbmnoticias.com\/labravaradiofm\/wp-content\/uploads\/sites\/5\/2025\/11\/destinan_millones_lluvias.jpg","width":848,"height":477},{"@type":"BreadcrumbList","@id":"https:\/\/www.bbmnoticias.com\/destinan-7-mil-426-millones-de-pesos-a-la-emergencia-por-lluvias\/#breadcrumb","itemListElement":[{"@type":"ListItem","position":1,"name":"Inicio","item":"https:\/\/www.bbmnoticias.com\/labravaradiofm\/"},{"@type":"ListItem","position":2,"name":"Destinan 7 mil 426 millones de pesos a la emergencia por lluvias"}]},{"@type":"WebSite","@id":"https:\/\/www.bbmnoticias.com\/labravaradiofm\/#website","url":"https:\/\/www.bbmnoticias.com\/labravaradiofm\/","name":"LA BRAVA RADIO","description":"Empresa productora de medios, Radiodifusi\u00f3n, Noticias, tendencias y todo lo que necesitas saber de la pol\u00edtica mexicana e internacional; entretenimiento, espect\u00e1culos, salud y mucho m\u00e1s.","potentialAction":[{"@type":"SearchAction","target":{"@type":"EntryPoint","urlTemplate":"https:\/\/www.bbmnoticias.com\/labravaradiofm\/?s={search_term_string}"},"query-input":{"@type":"PropertyValueSpecification","valueRequired":true,"valueName":"search_term_string"}}],"inLanguage":"es"},{"@type":"Person","@id":"https:\/\/www.bbmnoticias.com\/labravaradiofm\/#\/schema\/person\/857a3daf5c8142f29919023f377fbfad","name":"Agencias","image":{"@type":"ImageObject","inLanguage":"es","@id":"https:\/\/secure.gravatar.com\/avatar\/739e0b61adf9e398b425c36718c8752286da0e8cd90f20ce9a86678abc26aa0d?s=96&d=mm&r=g","url":"https:\/\/secure.gravatar.com\/avatar\/739e0b61adf9e398b425c36718c8752286da0e8cd90f20ce9a86678abc26aa0d?s=96&d=mm&r=g","contentUrl":"https:\/\/secure.gravatar.com\/avatar\/739e0b61adf9e398b425c36718c8752286da0e8cd90f20ce9a86678abc26aa0d?s=96&d=mm&r=g","caption":"Agencias"},"url":"https:\/\/www.bbmnoticias.com\/labravaradiofm\/author\/agencias\/"}]}},"_links":{"self":[{"href":"https:\/\/www.bbmnoticias.com\/labravaradiofm\/wp-json\/wp\/v2\/posts\/69774","targetHints":{"allow":["GET"]}}],"collection":[{"href":"https:\/\/www.bbmnoticias.com\/labravaradiofm\/wp-json\/wp\/v2\/posts"}],"about":[{"href":"https:\/\/www.bbmnoticias.com\/labravaradiofm\/wp-json\/wp\/v2\/types\/post"}],"author":[{"embeddable":true,"href":"https:\/\/www.bbmnoticias.com\/labravaradiofm\/wp-json\/wp\/v2\/users\/4"}],"replies":[{"embeddable":true,"href":"https:\/\/www.bbmnoticias.com\/labravaradiofm\/wp-json\/wp\/v2\/comments?post=69774"}],"version-history":[{"count":0,"href":"https:\/\/www.bbmnoticias.com\/labravaradiofm\/wp-json\/wp\/v2\/posts\/69774\/revisions"}],"wp:featuredmedia":[{"embeddable":true,"href":"https:\/\/www.bbmnoticias.com\/labravaradiofm\/wp-json\/wp\/v2\/media\/69776"}],"wp:attachment":[{"href":"https:\/\/www.bbmnoticias.com\/labravaradiofm\/wp-json\/wp\/v2\/media?parent=69774"}],"wp:term":[{"taxonomy":"category","embeddable":true,"href":"https:\/\/www.bbmnoticias.com\/labravaradiofm\/wp-json\/wp\/v2\/categories?post=69774"},{"taxonomy":"post_tag","embeddable":true,"href":"https:\/\/www.bbmnoticias.com\/labravaradiofm\/wp-json\/wp\/v2\/tags?post=69774"}],"curies":[{"name":"wp","href":"https:\/\/api.w.org\/{rel}","templated":true}]}}