{"id":69758,"date":"2025-11-12T18:36:26","date_gmt":"2025-11-13T00:36:26","guid":{"rendered":"https:\/\/www.bbmnoticias.com\/labravaradiofm\/2025\/11\/12\/se-consolida-proteccion-del-quesillo-de-reyes-etla-con-acreditacion-del-itve-como-instancia-certificadora-sedeco\/"},"modified":"2025-11-12T18:36:31","modified_gmt":"2025-11-13T00:36:31","slug":"se-consolida-proteccion-del-quesillo-de-reyes-etla-con-acreditacion-del-itve-como-instancia-certificadora-sedeco","status":"publish","type":"post","link":"https:\/\/www.bbmnoticias.com\/labravaradiofm\/2025\/11\/12\/se-consolida-proteccion-del-quesillo-de-reyes-etla-con-acreditacion-del-itve-como-instancia-certificadora-sedeco\/","title":{"rendered":"Se consolida protecci\u00f3n del quesillo de Reyes Etla con acreditaci\u00f3n del ITVE como instancia certificadora: Sedeco"},"content":{"rendered":"<div style=\"margin-top: 0px; margin-bottom: 0px;\" class=\"sharethis-inline-share-buttons\" ><\/div>\n<p><strong>Oaxaca de Ju\u00e1rez, Oax.-<\/strong> El Instituto Mexicano de la Propiedad Industrial (IMPI) acredit\u00f3 al Instituto Tecnol\u00f3gico del Valle de Etla (ITVE), como la instancia responsable de certificar las reglas de uso de la Indicaci\u00f3n Geogr\u00e1fica Protegida (IGP) \u201cQuesillo de Reyes Etla\u201d; inform\u00f3 la Secretar\u00eda de Desarrollo Econ\u00f3mico (Sedeco).<\/p>\n\n\n\n<p>Este logro es resultado del trabajo conjunto entre la autoridad municipal, personas productoras de este alimento del estado y el Gobierno de Oaxaca, quienes desde el 2023 iniciaron el proceso para reconocer y proteger este emblema de la gastronom\u00eda oaxaque\u00f1a.<\/p>\n\n\n\n<p>El acompa\u00f1amiento t\u00e9cnico e institucional de la Sedeco permiti\u00f3 que, en abril de 2025, el IMPI otorgara esta IGP que reconoce el origen, calidad y reputaci\u00f3n del quesillo.<\/p>\n\n\n\n<p>Con el prop\u00f3sito de que la certificaci\u00f3n fuese accesible, confiable y realizada por una entidad p\u00fablica cercana a la comunidad, se seleccion\u00f3 al ITVE para legitimar el cumplimiento de las reglas de uso establecidas en la Ley Federal de Protecci\u00f3n a la Propiedad Industrial.<\/p>\n\n\n\n<p>El Gobierno del Estado consolida al quesillo del municipio Reyes Etla como un producto con valor agregado y de reconocimiento nacional, que permitir\u00e1 fortalecer la econom\u00eda local, preservar su autenticidad y proyectar la identidad cultural de Oaxaca ante M\u00e9xico y el mundo.<\/p>\n","protected":false},"excerpt":{"rendered":"<p>Oaxaca de Ju\u00e1rez, Oax.- El Instituto Mexicano de la Propiedad Industrial (IMPI) acredit\u00f3 al Instituto Tecnol\u00f3gico del Valle de Etla (ITVE), como la instancia responsable de certificar las reglas de uso de la Indicaci\u00f3n Geogr\u00e1fica Protegida (IGP) \u201cQuesillo de Reyes Etla\u201d; inform\u00f3 la Secretar\u00eda de Desarrollo Econ\u00f3mico (Sedeco). Este logro es resultado del trabajo conjunto [&hellip;]<\/p>\n","protected":false},"author":2,"featured_media":69760,"comment_status":"closed","ping_status":"","sticky":false,"template":"","format":"standard","meta":{"footnotes":""},"categories":[2],"tags":[],"class_list":{"0":"post-69758","1":"post","2":"type-post","3":"status-publish","4":"format-standard","5":"has-post-thumbnail","7":"category-oaxaca"},"yoast_head":"<!-- This site is optimized with the Yoast SEO plugin v27.4 - https:\/\/yoast.com\/product\/yoast-seo-wordpress\/ -->\n<title>Se consolida protecci\u00f3n del quesillo de Reyes Etla con acreditaci\u00f3n del ITVE como instancia certificadora: Sedeco - LA BRAVA RADIO<\/title>\n<meta name=\"robots\" content=\"index, follow, max-snippet:-1, max-image-preview:large, max-video-preview:-1\" \/>\n<link rel=\"canonical\" href=\"https:\/\/www.bbmnoticias.com\/se-consolida-proteccion-del-quesillo-de-reyes-etla-con-acreditacion-del-itve-como-instancia-certificadora-sedeco\/\" \/>\n<meta property=\"og:locale\" content=\"es_MX\" \/>\n<meta property=\"og:type\" content=\"article\" \/>\n<meta property=\"og:title\" content=\"Se consolida protecci\u00f3n del quesillo de Reyes Etla con acreditaci\u00f3n del ITVE como instancia certificadora: Sedeco - LA BRAVA RADIO\" \/>\n<meta property=\"og:description\" content=\"Oaxaca de Ju\u00e1rez, Oax.- El Instituto Mexicano de la Propiedad Industrial (IMPI) acredit\u00f3 al Instituto Tecnol\u00f3gico del Valle de Etla (ITVE), como la instancia responsable de certificar las reglas de uso de la Indicaci\u00f3n Geogr\u00e1fica Protegida (IGP) \u201cQuesillo de Reyes Etla\u201d; inform\u00f3 la Secretar\u00eda de Desarrollo Econ\u00f3mico (Sedeco). Este logro es resultado del trabajo conjunto [&hellip;]\" \/>\n<meta property=\"og:url\" content=\"https:\/\/www.bbmnoticias.com\/se-consolida-proteccion-del-quesillo-de-reyes-etla-con-acreditacion-del-itve-como-instancia-certificadora-sedeco\/\" \/>\n<meta property=\"og:site_name\" content=\"LA BRAVA RADIO\" \/>\n<meta property=\"article:published_time\" content=\"2025-11-13T00:36:26+00:00\" \/>\n<meta property=\"article:modified_time\" content=\"2025-11-13T00:36:31+00:00\" \/>\n<meta property=\"og:image\" content=\"https:\/\/www.bbmnoticias.com\/labravaradiofm\/wp-content\/uploads\/sites\/5\/2025\/11\/thumbnail_Se-consolida-proteccion-del-quesillo-de-Reyes-Etla-con-acreditacion-del-ITVE-como-instancia-certificadora-Sedeco-1.jpg\" \/>\n\t<meta property=\"og:image:width\" content=\"800\" \/>\n\t<meta property=\"og:image:height\" content=\"555\" \/>\n\t<meta property=\"og:image:type\" content=\"image\/jpeg\" \/>\n<meta name=\"author\" content=\"Staff\" \/>\n<meta name=\"twitter:card\" content=\"summary_large_image\" \/>\n<meta name=\"twitter:label1\" content=\"Escrito por\" \/>\n\t<meta name=\"twitter:data1\" content=\"Staff\" \/>\n\t<meta name=\"twitter:label2\" content=\"Tiempo de lectura\" \/>\n\t<meta name=\"twitter:data2\" content=\"1 minuto\" \/>\n<script type=\"application\/ld+json\" class=\"yoast-schema-graph\">{\"@context\":\"https:\\\/\\\/schema.org\",\"@graph\":[{\"@type\":\"Article\",\"@id\":\"https:\\\/\\\/www.bbmnoticias.com\\\/se-consolida-proteccion-del-quesillo-de-reyes-etla-con-acreditacion-del-itve-como-instancia-certificadora-sedeco\\\/#article\",\"isPartOf\":{\"@id\":\"https:\\\/\\\/www.bbmnoticias.com\\\/labravaradiofm\\\/2025\\\/11\\\/12\\\/se-consolida-proteccion-del-quesillo-de-reyes-etla-con-acreditacion-del-itve-como-instancia-certificadora-sedeco\\\/\"},\"author\":{\"name\":\"Staff\",\"@id\":\"https:\\\/\\\/www.bbmnoticias.com\\\/labravaradiofm\\\/#\\\/schema\\\/person\\\/34b139c617a70ea5bef5678bffe4dd7b\"},\"headline\":\"Se consolida protecci\u00f3n del quesillo de Reyes Etla con acreditaci\u00f3n del ITVE como instancia certificadora: Sedeco\",\"datePublished\":\"2025-11-13T00:36:26+00:00\",\"dateModified\":\"2025-11-13T00:36:31+00:00\",\"mainEntityOfPage\":{\"@id\":\"https:\\\/\\\/www.bbmnoticias.com\\\/labravaradiofm\\\/2025\\\/11\\\/12\\\/se-consolida-proteccion-del-quesillo-de-reyes-etla-con-acreditacion-del-itve-como-instancia-certificadora-sedeco\\\/\"},\"wordCount\":236,\"image\":{\"@id\":\"https:\\\/\\\/www.bbmnoticias.com\\\/se-consolida-proteccion-del-quesillo-de-reyes-etla-con-acreditacion-del-itve-como-instancia-certificadora-sedeco\\\/#primaryimage\"},\"thumbnailUrl\":\"https:\\\/\\\/www.bbmnoticias.com\\\/labravaradiofm\\\/wp-content\\\/uploads\\\/sites\\\/5\\\/2025\\\/11\\\/thumbnail_Se-consolida-proteccion-del-quesillo-de-Reyes-Etla-con-acreditacion-del-ITVE-como-instancia-certificadora-Sedeco-1.jpg\",\"articleSection\":[\"LOCAL\"],\"inLanguage\":\"es\"},{\"@type\":\"WebPage\",\"@id\":\"https:\\\/\\\/www.bbmnoticias.com\\\/labravaradiofm\\\/2025\\\/11\\\/12\\\/se-consolida-proteccion-del-quesillo-de-reyes-etla-con-acreditacion-del-itve-como-instancia-certificadora-sedeco\\\/\",\"url\":\"https:\\\/\\\/www.bbmnoticias.com\\\/se-consolida-proteccion-del-quesillo-de-reyes-etla-con-acreditacion-del-itve-como-instancia-certificadora-sedeco\\\/\",\"name\":\"Se consolida protecci\u00f3n del quesillo de Reyes Etla con acreditaci\u00f3n del ITVE como instancia certificadora: Sedeco - LA BRAVA RADIO\",\"isPartOf\":{\"@id\":\"https:\\\/\\\/www.bbmnoticias.com\\\/labravaradiofm\\\/#website\"},\"primaryImageOfPage\":{\"@id\":\"https:\\\/\\\/www.bbmnoticias.com\\\/se-consolida-proteccion-del-quesillo-de-reyes-etla-con-acreditacion-del-itve-como-instancia-certificadora-sedeco\\\/#primaryimage\"},\"image\":{\"@id\":\"https:\\\/\\\/www.bbmnoticias.com\\\/se-consolida-proteccion-del-quesillo-de-reyes-etla-con-acreditacion-del-itve-como-instancia-certificadora-sedeco\\\/#primaryimage\"},\"thumbnailUrl\":\"https:\\\/\\\/www.bbmnoticias.com\\\/labravaradiofm\\\/wp-content\\\/uploads\\\/sites\\\/5\\\/2025\\\/11\\\/thumbnail_Se-consolida-proteccion-del-quesillo-de-Reyes-Etla-con-acreditacion-del-ITVE-como-instancia-certificadora-Sedeco-1.jpg\",\"datePublished\":\"2025-11-13T00:36:26+00:00\",\"dateModified\":\"2025-11-13T00:36:31+00:00\",\"author\":{\"@id\":\"https:\\\/\\\/www.bbmnoticias.com\\\/labravaradiofm\\\/#\\\/schema\\\/person\\\/34b139c617a70ea5bef5678bffe4dd7b\"},\"breadcrumb\":{\"@id\":\"https:\\\/\\\/www.bbmnoticias.com\\\/se-consolida-proteccion-del-quesillo-de-reyes-etla-con-acreditacion-del-itve-como-instancia-certificadora-sedeco\\\/#breadcrumb\"},\"inLanguage\":\"es\",\"potentialAction\":[{\"@type\":\"ReadAction\",\"target\":[\"https:\\\/\\\/www.bbmnoticias.com\\\/se-consolida-proteccion-del-quesillo-de-reyes-etla-con-acreditacion-del-itve-como-instancia-certificadora-sedeco\\\/\"]}]},{\"@type\":\"ImageObject\",\"inLanguage\":\"es\",\"@id\":\"https:\\\/\\\/www.bbmnoticias.com\\\/se-consolida-proteccion-del-quesillo-de-reyes-etla-con-acreditacion-del-itve-como-instancia-certificadora-sedeco\\\/#primaryimage\",\"url\":\"https:\\\/\\\/www.bbmnoticias.com\\\/labravaradiofm\\\/wp-content\\\/uploads\\\/sites\\\/5\\\/2025\\\/11\\\/thumbnail_Se-consolida-proteccion-del-quesillo-de-Reyes-Etla-con-acreditacion-del-ITVE-como-instancia-certificadora-Sedeco-1.jpg\",\"contentUrl\":\"https:\\\/\\\/www.bbmnoticias.com\\\/labravaradiofm\\\/wp-content\\\/uploads\\\/sites\\\/5\\\/2025\\\/11\\\/thumbnail_Se-consolida-proteccion-del-quesillo-de-Reyes-Etla-con-acreditacion-del-ITVE-como-instancia-certificadora-Sedeco-1.jpg\",\"width\":800,\"height\":555},{\"@type\":\"BreadcrumbList\",\"@id\":\"https:\\\/\\\/www.bbmnoticias.com\\\/se-consolida-proteccion-del-quesillo-de-reyes-etla-con-acreditacion-del-itve-como-instancia-certificadora-sedeco\\\/#breadcrumb\",\"itemListElement\":[{\"@type\":\"ListItem\",\"position\":1,\"name\":\"Inicio\",\"item\":\"https:\\\/\\\/www.bbmnoticias.com\\\/labravaradiofm\\\/\"},{\"@type\":\"ListItem\",\"position\":2,\"name\":\"Se consolida protecci\u00f3n del quesillo de Reyes Etla con acreditaci\u00f3n del ITVE como instancia certificadora: Sedeco\"}]},{\"@type\":\"WebSite\",\"@id\":\"https:\\\/\\\/www.bbmnoticias.com\\\/labravaradiofm\\\/#website\",\"url\":\"https:\\\/\\\/www.bbmnoticias.com\\\/labravaradiofm\\\/\",\"name\":\"LA BRAVA RADIO\",\"description\":\"Empresa productora de medios, Radiodifusi\u00f3n, Noticias, tendencias y todo lo que necesitas saber de la pol\u00edtica mexicana e internacional; entretenimiento, espect\u00e1culos, salud y mucho m\u00e1s.\",\"potentialAction\":[{\"@type\":\"SearchAction\",\"target\":{\"@type\":\"EntryPoint\",\"urlTemplate\":\"https:\\\/\\\/www.bbmnoticias.com\\\/labravaradiofm\\\/?s={search_term_string}\"},\"query-input\":{\"@type\":\"PropertyValueSpecification\",\"valueRequired\":true,\"valueName\":\"search_term_string\"}}],\"inLanguage\":\"es\"},{\"@type\":\"Person\",\"@id\":\"https:\\\/\\\/www.bbmnoticias.com\\\/labravaradiofm\\\/#\\\/schema\\\/person\\\/34b139c617a70ea5bef5678bffe4dd7b\",\"name\":\"Staff\",\"image\":{\"@type\":\"ImageObject\",\"inLanguage\":\"es\",\"@id\":\"https:\\\/\\\/secure.gravatar.com\\\/avatar\\\/fdd21ad66fd8b98c407f9dee5b5e588cfe7f0d8579ec20fa6527cd59bab7f0f0?s=96&d=mm&r=g\",\"url\":\"https:\\\/\\\/secure.gravatar.com\\\/avatar\\\/fdd21ad66fd8b98c407f9dee5b5e588cfe7f0d8579ec20fa6527cd59bab7f0f0?s=96&d=mm&r=g\",\"contentUrl\":\"https:\\\/\\\/secure.gravatar.com\\\/avatar\\\/fdd21ad66fd8b98c407f9dee5b5e588cfe7f0d8579ec20fa6527cd59bab7f0f0?s=96&d=mm&r=g\",\"caption\":\"Staff\"},\"url\":\"https:\\\/\\\/www.bbmnoticias.com\\\/labravaradiofm\\\/author\\\/redaccion\\\/\"}]}<\/script>\n<!-- \/ Yoast SEO plugin. -->","yoast_head_json":{"title":"Se consolida protecci\u00f3n del quesillo de Reyes Etla con acreditaci\u00f3n del ITVE como instancia certificadora: Sedeco - LA BRAVA RADIO","robots":{"index":"index","follow":"follow","max-snippet":"max-snippet:-1","max-image-preview":"max-image-preview:large","max-video-preview":"max-video-preview:-1"},"canonical":"https:\/\/www.bbmnoticias.com\/se-consolida-proteccion-del-quesillo-de-reyes-etla-con-acreditacion-del-itve-como-instancia-certificadora-sedeco\/","og_locale":"es_MX","og_type":"article","og_title":"Se consolida protecci\u00f3n del quesillo de Reyes Etla con acreditaci\u00f3n del ITVE como instancia certificadora: Sedeco - LA BRAVA RADIO","og_description":"Oaxaca de Ju\u00e1rez, Oax.- El Instituto Mexicano de la Propiedad Industrial (IMPI) acredit\u00f3 al Instituto Tecnol\u00f3gico del Valle de Etla (ITVE), como la instancia responsable de certificar las reglas de uso de la Indicaci\u00f3n Geogr\u00e1fica Protegida (IGP) \u201cQuesillo de Reyes Etla\u201d; inform\u00f3 la Secretar\u00eda de Desarrollo Econ\u00f3mico (Sedeco). Este logro es resultado del trabajo conjunto [&hellip;]","og_url":"https:\/\/www.bbmnoticias.com\/se-consolida-proteccion-del-quesillo-de-reyes-etla-con-acreditacion-del-itve-como-instancia-certificadora-sedeco\/","og_site_name":"LA BRAVA RADIO","article_published_time":"2025-11-13T00:36:26+00:00","article_modified_time":"2025-11-13T00:36:31+00:00","og_image":[{"width":800,"height":555,"url":"https:\/\/www.bbmnoticias.com\/labravaradiofm\/wp-content\/uploads\/sites\/5\/2025\/11\/thumbnail_Se-consolida-proteccion-del-quesillo-de-Reyes-Etla-con-acreditacion-del-ITVE-como-instancia-certificadora-Sedeco-1.jpg","type":"image\/jpeg"}],"author":"Staff","twitter_card":"summary_large_image","twitter_misc":{"Escrito por":"Staff","Tiempo de lectura":"1 minuto"},"schema":{"@context":"https:\/\/schema.org","@graph":[{"@type":"Article","@id":"https:\/\/www.bbmnoticias.com\/se-consolida-proteccion-del-quesillo-de-reyes-etla-con-acreditacion-del-itve-como-instancia-certificadora-sedeco\/#article","isPartOf":{"@id":"https:\/\/www.bbmnoticias.com\/labravaradiofm\/2025\/11\/12\/se-consolida-proteccion-del-quesillo-de-reyes-etla-con-acreditacion-del-itve-como-instancia-certificadora-sedeco\/"},"author":{"name":"Staff","@id":"https:\/\/www.bbmnoticias.com\/labravaradiofm\/#\/schema\/person\/34b139c617a70ea5bef5678bffe4dd7b"},"headline":"Se consolida protecci\u00f3n del quesillo de Reyes Etla con acreditaci\u00f3n del ITVE como instancia certificadora: Sedeco","datePublished":"2025-11-13T00:36:26+00:00","dateModified":"2025-11-13T00:36:31+00:00","mainEntityOfPage":{"@id":"https:\/\/www.bbmnoticias.com\/labravaradiofm\/2025\/11\/12\/se-consolida-proteccion-del-quesillo-de-reyes-etla-con-acreditacion-del-itve-como-instancia-certificadora-sedeco\/"},"wordCount":236,"image":{"@id":"https:\/\/www.bbmnoticias.com\/se-consolida-proteccion-del-quesillo-de-reyes-etla-con-acreditacion-del-itve-como-instancia-certificadora-sedeco\/#primaryimage"},"thumbnailUrl":"https:\/\/www.bbmnoticias.com\/labravaradiofm\/wp-content\/uploads\/sites\/5\/2025\/11\/thumbnail_Se-consolida-proteccion-del-quesillo-de-Reyes-Etla-con-acreditacion-del-ITVE-como-instancia-certificadora-Sedeco-1.jpg","articleSection":["LOCAL"],"inLanguage":"es"},{"@type":"WebPage","@id":"https:\/\/www.bbmnoticias.com\/labravaradiofm\/2025\/11\/12\/se-consolida-proteccion-del-quesillo-de-reyes-etla-con-acreditacion-del-itve-como-instancia-certificadora-sedeco\/","url":"https:\/\/www.bbmnoticias.com\/se-consolida-proteccion-del-quesillo-de-reyes-etla-con-acreditacion-del-itve-como-instancia-certificadora-sedeco\/","name":"Se consolida protecci\u00f3n del quesillo de Reyes Etla con acreditaci\u00f3n del ITVE como instancia certificadora: Sedeco - LA BRAVA RADIO","isPartOf":{"@id":"https:\/\/www.bbmnoticias.com\/labravaradiofm\/#website"},"primaryImageOfPage":{"@id":"https:\/\/www.bbmnoticias.com\/se-consolida-proteccion-del-quesillo-de-reyes-etla-con-acreditacion-del-itve-como-instancia-certificadora-sedeco\/#primaryimage"},"image":{"@id":"https:\/\/www.bbmnoticias.com\/se-consolida-proteccion-del-quesillo-de-reyes-etla-con-acreditacion-del-itve-como-instancia-certificadora-sedeco\/#primaryimage"},"thumbnailUrl":"https:\/\/www.bbmnoticias.com\/labravaradiofm\/wp-content\/uploads\/sites\/5\/2025\/11\/thumbnail_Se-consolida-proteccion-del-quesillo-de-Reyes-Etla-con-acreditacion-del-ITVE-como-instancia-certificadora-Sedeco-1.jpg","datePublished":"2025-11-13T00:36:26+00:00","dateModified":"2025-11-13T00:36:31+00:00","author":{"@id":"https:\/\/www.bbmnoticias.com\/labravaradiofm\/#\/schema\/person\/34b139c617a70ea5bef5678bffe4dd7b"},"breadcrumb":{"@id":"https:\/\/www.bbmnoticias.com\/se-consolida-proteccion-del-quesillo-de-reyes-etla-con-acreditacion-del-itve-como-instancia-certificadora-sedeco\/#breadcrumb"},"inLanguage":"es","potentialAction":[{"@type":"ReadAction","target":["https:\/\/www.bbmnoticias.com\/se-consolida-proteccion-del-quesillo-de-reyes-etla-con-acreditacion-del-itve-como-instancia-certificadora-sedeco\/"]}]},{"@type":"ImageObject","inLanguage":"es","@id":"https:\/\/www.bbmnoticias.com\/se-consolida-proteccion-del-quesillo-de-reyes-etla-con-acreditacion-del-itve-como-instancia-certificadora-sedeco\/#primaryimage","url":"https:\/\/www.bbmnoticias.com\/labravaradiofm\/wp-content\/uploads\/sites\/5\/2025\/11\/thumbnail_Se-consolida-proteccion-del-quesillo-de-Reyes-Etla-con-acreditacion-del-ITVE-como-instancia-certificadora-Sedeco-1.jpg","contentUrl":"https:\/\/www.bbmnoticias.com\/labravaradiofm\/wp-content\/uploads\/sites\/5\/2025\/11\/thumbnail_Se-consolida-proteccion-del-quesillo-de-Reyes-Etla-con-acreditacion-del-ITVE-como-instancia-certificadora-Sedeco-1.jpg","width":800,"height":555},{"@type":"BreadcrumbList","@id":"https:\/\/www.bbmnoticias.com\/se-consolida-proteccion-del-quesillo-de-reyes-etla-con-acreditacion-del-itve-como-instancia-certificadora-sedeco\/#breadcrumb","itemListElement":[{"@type":"ListItem","position":1,"name":"Inicio","item":"https:\/\/www.bbmnoticias.com\/labravaradiofm\/"},{"@type":"ListItem","position":2,"name":"Se consolida protecci\u00f3n del quesillo de Reyes Etla con acreditaci\u00f3n del ITVE como instancia certificadora: Sedeco"}]},{"@type":"WebSite","@id":"https:\/\/www.bbmnoticias.com\/labravaradiofm\/#website","url":"https:\/\/www.bbmnoticias.com\/labravaradiofm\/","name":"LA BRAVA RADIO","description":"Empresa productora de medios, Radiodifusi\u00f3n, Noticias, tendencias y todo lo que necesitas saber de la pol\u00edtica mexicana e internacional; entretenimiento, espect\u00e1culos, salud y mucho m\u00e1s.","potentialAction":[{"@type":"SearchAction","target":{"@type":"EntryPoint","urlTemplate":"https:\/\/www.bbmnoticias.com\/labravaradiofm\/?s={search_term_string}"},"query-input":{"@type":"PropertyValueSpecification","valueRequired":true,"valueName":"search_term_string"}}],"inLanguage":"es"},{"@type":"Person","@id":"https:\/\/www.bbmnoticias.com\/labravaradiofm\/#\/schema\/person\/34b139c617a70ea5bef5678bffe4dd7b","name":"Staff","image":{"@type":"ImageObject","inLanguage":"es","@id":"https:\/\/secure.gravatar.com\/avatar\/fdd21ad66fd8b98c407f9dee5b5e588cfe7f0d8579ec20fa6527cd59bab7f0f0?s=96&d=mm&r=g","url":"https:\/\/secure.gravatar.com\/avatar\/fdd21ad66fd8b98c407f9dee5b5e588cfe7f0d8579ec20fa6527cd59bab7f0f0?s=96&d=mm&r=g","contentUrl":"https:\/\/secure.gravatar.com\/avatar\/fdd21ad66fd8b98c407f9dee5b5e588cfe7f0d8579ec20fa6527cd59bab7f0f0?s=96&d=mm&r=g","caption":"Staff"},"url":"https:\/\/www.bbmnoticias.com\/labravaradiofm\/author\/redaccion\/"}]}},"_links":{"self":[{"href":"https:\/\/www.bbmnoticias.com\/labravaradiofm\/wp-json\/wp\/v2\/posts\/69758","targetHints":{"allow":["GET"]}}],"collection":[{"href":"https:\/\/www.bbmnoticias.com\/labravaradiofm\/wp-json\/wp\/v2\/posts"}],"about":[{"href":"https:\/\/www.bbmnoticias.com\/labravaradiofm\/wp-json\/wp\/v2\/types\/post"}],"author":[{"embeddable":true,"href":"https:\/\/www.bbmnoticias.com\/labravaradiofm\/wp-json\/wp\/v2\/users\/2"}],"replies":[{"embeddable":true,"href":"https:\/\/www.bbmnoticias.com\/labravaradiofm\/wp-json\/wp\/v2\/comments?post=69758"}],"version-history":[{"count":0,"href":"https:\/\/www.bbmnoticias.com\/labravaradiofm\/wp-json\/wp\/v2\/posts\/69758\/revisions"}],"wp:featuredmedia":[{"embeddable":true,"href":"https:\/\/www.bbmnoticias.com\/labravaradiofm\/wp-json\/wp\/v2\/media\/69760"}],"wp:attachment":[{"href":"https:\/\/www.bbmnoticias.com\/labravaradiofm\/wp-json\/wp\/v2\/media?parent=69758"}],"wp:term":[{"taxonomy":"category","embeddable":true,"href":"https:\/\/www.bbmnoticias.com\/labravaradiofm\/wp-json\/wp\/v2\/categories?post=69758"},{"taxonomy":"post_tag","embeddable":true,"href":"https:\/\/www.bbmnoticias.com\/labravaradiofm\/wp-json\/wp\/v2\/tags?post=69758"}],"curies":[{"name":"wp","href":"https:\/\/api.w.org\/{rel}","templated":true}]}}