{"id":69752,"date":"2025-11-12T18:13:56","date_gmt":"2025-11-13T00:13:56","guid":{"rendered":"https:\/\/www.bbmnoticias.com\/labravaradiofm\/2025\/11\/12\/fiscalia-de-oaxaca-ejecuta-orden-de-aprehension-y-detiene-a-una-persona-por-violacion-agravada-contra-su-hija-cometido-en-la-region-del-istmo\/"},"modified":"2025-11-12T18:14:16","modified_gmt":"2025-11-13T00:14:16","slug":"fiscalia-de-oaxaca-ejecuta-orden-de-aprehension-y-detiene-a-una-persona-por-violacion-agravada-contra-su-hija-cometido-en-la-region-del-istmo","status":"publish","type":"post","link":"https:\/\/www.bbmnoticias.com\/labravaradiofm\/2025\/11\/12\/fiscalia-de-oaxaca-ejecuta-orden-de-aprehension-y-detiene-a-una-persona-por-violacion-agravada-contra-su-hija-cometido-en-la-region-del-istmo\/","title":{"rendered":"Fiscal\u00eda de Oaxaca ejecuta orden de aprehensi\u00f3n y detiene a una persona por violaci\u00f3n agravada contra su hija, cometido en la regi\u00f3n del Istmo"},"content":{"rendered":"<div style=\"margin-top: 0px; margin-bottom: 0px;\" class=\"sharethis-inline-share-buttons\" ><\/div>\n<p><strong>Oaxaca de Ju\u00e1rez<\/strong>.- \u00a0La Fiscal\u00eda General del Estado de Oaxaca dio cumplimiento a una orden de aprehensi\u00f3n que permiti\u00f3 la detenci\u00f3n de una persona del sexo masculino identificado como F.M.G., por el delito de violaci\u00f3n agravada en perjuicio de una menor de edad (su hija), en hechos cometidos en la regi\u00f3n del Istmo.<\/p>\n\n\n\n<p>De acuerdo con el expediente penal del caso, la v\u00edctima (cuya identidad est\u00e1 reservada por ley) fue agredida de manera sexual desde que ten\u00eda 12 a\u00f1os de edad, hechos que ocurrieron en repetidas ocasiones y en diferentes lugares de la poblaci\u00f3n de Santa Mar\u00eda Nizaviguiti, municipio de San Carlos Yautepec.<\/p>\n\n\n\n<p>La investigaci\u00f3n del caso revela que, derivado de estos hechos, la v\u00edctima qued\u00f3 embarazada en diciembre de 2012, momento en que su familia tuvo conocimiento de los hechos, para enseguida interponer una denuncia penal contra su agresor.<\/p>\n\n\n\n<p>Luego que la FGEO tom\u00f3 conocimiento del caso, inici\u00f3 las investigaciones con perspectiva de g\u00e9nero e infancia a trav\u00e9s del \u00e1rea Especializada para la Atenci\u00f3n a Delitos Contra la Mujer por Raz\u00f3n de G\u00e9nero, as\u00ed como de la Vicefiscal\u00eda Regional del Istmo, que reuni\u00f3 las pruebas periciales necesarias las cuales permitieron obtener una orden de aprehensi\u00f3n contra F.M.G.<\/p>\n\n\n\n<p>Una vez localizado en calles de la poblaci\u00f3n de San Carlos Yautepec, F.M.G., fue detenido por elementos de la Agencia Estatal de Investigaciones (AEI) y llevado al Ministerio P\u00fablico para su certificaci\u00f3n m\u00e9dica y con ello, iniciar los tr\u00e1mites correspondientes para su debido proceso legal.<\/p>\n","protected":false},"excerpt":{"rendered":"<p>Oaxaca de Ju\u00e1rez.- \u00a0La Fiscal\u00eda General del Estado de Oaxaca dio cumplimiento a una orden de aprehensi\u00f3n que permiti\u00f3 la detenci\u00f3n de una persona del sexo masculino identificado como F.M.G., por el delito de violaci\u00f3n agravada en perjuicio de una menor de edad (su hija), en hechos cometidos en la regi\u00f3n del Istmo. De acuerdo [&hellip;]<\/p>\n","protected":false},"author":2,"featured_media":69754,"comment_status":"closed","ping_status":"","sticky":false,"template":"","format":"standard","meta":{"footnotes":""},"categories":[2,20],"tags":[],"class_list":{"0":"post-69752","1":"post","2":"type-post","3":"status-publish","4":"format-standard","5":"has-post-thumbnail","7":"category-oaxaca","8":"category-policiaca"},"yoast_head":"<!-- This site is optimized with the Yoast SEO plugin v27.4 - https:\/\/yoast.com\/product\/yoast-seo-wordpress\/ -->\n<title>Fiscal\u00eda de Oaxaca ejecuta orden de aprehensi\u00f3n y detiene a una persona por violaci\u00f3n agravada contra su hija, cometido en la regi\u00f3n del Istmo - LA BRAVA RADIO<\/title>\n<meta name=\"robots\" content=\"index, follow, max-snippet:-1, max-image-preview:large, max-video-preview:-1\" \/>\n<link rel=\"canonical\" href=\"https:\/\/www.bbmnoticias.com\/fiscalia-de-oaxaca-ejecuta-orden-de-aprehension-y-detiene-a-una-persona-por-violacion-agravada-contra-su-hija-cometido-en-la-region-del-istmo\/\" \/>\n<meta property=\"og:locale\" content=\"es_MX\" \/>\n<meta property=\"og:type\" content=\"article\" \/>\n<meta property=\"og:title\" content=\"Fiscal\u00eda de Oaxaca ejecuta orden de aprehensi\u00f3n y detiene a una persona por violaci\u00f3n agravada contra su hija, cometido en la regi\u00f3n del Istmo - LA BRAVA RADIO\" \/>\n<meta property=\"og:description\" content=\"Oaxaca de Ju\u00e1rez.- \u00a0La Fiscal\u00eda General del Estado de Oaxaca dio cumplimiento a una orden de aprehensi\u00f3n que permiti\u00f3 la detenci\u00f3n de una persona del sexo masculino identificado como F.M.G., por el delito de violaci\u00f3n agravada en perjuicio de una menor de edad (su hija), en hechos cometidos en la regi\u00f3n del Istmo. De acuerdo [&hellip;]\" \/>\n<meta property=\"og:url\" content=\"https:\/\/www.bbmnoticias.com\/fiscalia-de-oaxaca-ejecuta-orden-de-aprehension-y-detiene-a-una-persona-por-violacion-agravada-contra-su-hija-cometido-en-la-region-del-istmo\/\" \/>\n<meta property=\"og:site_name\" content=\"LA BRAVA RADIO\" \/>\n<meta property=\"article:published_time\" content=\"2025-11-13T00:13:56+00:00\" \/>\n<meta property=\"article:modified_time\" content=\"2025-11-13T00:14:16+00:00\" \/>\n<meta property=\"og:image\" content=\"https:\/\/www.bbmnoticias.com\/labravaradiofm\/wp-content\/uploads\/sites\/5\/2025\/11\/presunto_violador.jpg\" \/>\n\t<meta property=\"og:image:width\" content=\"800\" \/>\n\t<meta property=\"og:image:height\" content=\"450\" \/>\n\t<meta property=\"og:image:type\" content=\"image\/jpeg\" \/>\n<meta name=\"author\" content=\"Staff\" \/>\n<meta name=\"twitter:card\" content=\"summary_large_image\" \/>\n<meta name=\"twitter:label1\" content=\"Escrito por\" \/>\n\t<meta name=\"twitter:data1\" content=\"Staff\" \/>\n\t<meta name=\"twitter:label2\" content=\"Tiempo de lectura\" \/>\n\t<meta name=\"twitter:data2\" content=\"1 minuto\" \/>\n<script type=\"application\/ld+json\" class=\"yoast-schema-graph\">{\"@context\":\"https:\\\/\\\/schema.org\",\"@graph\":[{\"@type\":\"Article\",\"@id\":\"https:\\\/\\\/www.bbmnoticias.com\\\/fiscalia-de-oaxaca-ejecuta-orden-de-aprehension-y-detiene-a-una-persona-por-violacion-agravada-contra-su-hija-cometido-en-la-region-del-istmo\\\/#article\",\"isPartOf\":{\"@id\":\"https:\\\/\\\/www.bbmnoticias.com\\\/labravaradiofm\\\/2025\\\/11\\\/12\\\/fiscalia-de-oaxaca-ejecuta-orden-de-aprehension-y-detiene-a-una-persona-por-violacion-agravada-contra-su-hija-cometido-en-la-region-del-istmo\\\/\"},\"author\":{\"name\":\"Staff\",\"@id\":\"https:\\\/\\\/www.bbmnoticias.com\\\/labravaradiofm\\\/#\\\/schema\\\/person\\\/34b139c617a70ea5bef5678bffe4dd7b\"},\"headline\":\"Fiscal\u00eda de Oaxaca ejecuta orden de aprehensi\u00f3n y detiene a una persona por violaci\u00f3n agravada contra su hija, cometido en la regi\u00f3n del Istmo\",\"datePublished\":\"2025-11-13T00:13:56+00:00\",\"dateModified\":\"2025-11-13T00:14:16+00:00\",\"mainEntityOfPage\":{\"@id\":\"https:\\\/\\\/www.bbmnoticias.com\\\/labravaradiofm\\\/2025\\\/11\\\/12\\\/fiscalia-de-oaxaca-ejecuta-orden-de-aprehension-y-detiene-a-una-persona-por-violacion-agravada-contra-su-hija-cometido-en-la-region-del-istmo\\\/\"},\"wordCount\":301,\"image\":{\"@id\":\"https:\\\/\\\/www.bbmnoticias.com\\\/fiscalia-de-oaxaca-ejecuta-orden-de-aprehension-y-detiene-a-una-persona-por-violacion-agravada-contra-su-hija-cometido-en-la-region-del-istmo\\\/#primaryimage\"},\"thumbnailUrl\":\"https:\\\/\\\/www.bbmnoticias.com\\\/labravaradiofm\\\/wp-content\\\/uploads\\\/sites\\\/5\\\/2025\\\/11\\\/presunto_violador.jpg\",\"articleSection\":[\"LOCAL\",\"POLICIACA\"],\"inLanguage\":\"es\"},{\"@type\":\"WebPage\",\"@id\":\"https:\\\/\\\/www.bbmnoticias.com\\\/labravaradiofm\\\/2025\\\/11\\\/12\\\/fiscalia-de-oaxaca-ejecuta-orden-de-aprehension-y-detiene-a-una-persona-por-violacion-agravada-contra-su-hija-cometido-en-la-region-del-istmo\\\/\",\"url\":\"https:\\\/\\\/www.bbmnoticias.com\\\/fiscalia-de-oaxaca-ejecuta-orden-de-aprehension-y-detiene-a-una-persona-por-violacion-agravada-contra-su-hija-cometido-en-la-region-del-istmo\\\/\",\"name\":\"Fiscal\u00eda de Oaxaca ejecuta orden de aprehensi\u00f3n y detiene a una persona por violaci\u00f3n agravada contra su hija, cometido en la regi\u00f3n del Istmo - LA BRAVA RADIO\",\"isPartOf\":{\"@id\":\"https:\\\/\\\/www.bbmnoticias.com\\\/labravaradiofm\\\/#website\"},\"primaryImageOfPage\":{\"@id\":\"https:\\\/\\\/www.bbmnoticias.com\\\/fiscalia-de-oaxaca-ejecuta-orden-de-aprehension-y-detiene-a-una-persona-por-violacion-agravada-contra-su-hija-cometido-en-la-region-del-istmo\\\/#primaryimage\"},\"image\":{\"@id\":\"https:\\\/\\\/www.bbmnoticias.com\\\/fiscalia-de-oaxaca-ejecuta-orden-de-aprehension-y-detiene-a-una-persona-por-violacion-agravada-contra-su-hija-cometido-en-la-region-del-istmo\\\/#primaryimage\"},\"thumbnailUrl\":\"https:\\\/\\\/www.bbmnoticias.com\\\/labravaradiofm\\\/wp-content\\\/uploads\\\/sites\\\/5\\\/2025\\\/11\\\/presunto_violador.jpg\",\"datePublished\":\"2025-11-13T00:13:56+00:00\",\"dateModified\":\"2025-11-13T00:14:16+00:00\",\"author\":{\"@id\":\"https:\\\/\\\/www.bbmnoticias.com\\\/labravaradiofm\\\/#\\\/schema\\\/person\\\/34b139c617a70ea5bef5678bffe4dd7b\"},\"breadcrumb\":{\"@id\":\"https:\\\/\\\/www.bbmnoticias.com\\\/fiscalia-de-oaxaca-ejecuta-orden-de-aprehension-y-detiene-a-una-persona-por-violacion-agravada-contra-su-hija-cometido-en-la-region-del-istmo\\\/#breadcrumb\"},\"inLanguage\":\"es\",\"potentialAction\":[{\"@type\":\"ReadAction\",\"target\":[\"https:\\\/\\\/www.bbmnoticias.com\\\/fiscalia-de-oaxaca-ejecuta-orden-de-aprehension-y-detiene-a-una-persona-por-violacion-agravada-contra-su-hija-cometido-en-la-region-del-istmo\\\/\"]}]},{\"@type\":\"ImageObject\",\"inLanguage\":\"es\",\"@id\":\"https:\\\/\\\/www.bbmnoticias.com\\\/fiscalia-de-oaxaca-ejecuta-orden-de-aprehension-y-detiene-a-una-persona-por-violacion-agravada-contra-su-hija-cometido-en-la-region-del-istmo\\\/#primaryimage\",\"url\":\"https:\\\/\\\/www.bbmnoticias.com\\\/labravaradiofm\\\/wp-content\\\/uploads\\\/sites\\\/5\\\/2025\\\/11\\\/presunto_violador.jpg\",\"contentUrl\":\"https:\\\/\\\/www.bbmnoticias.com\\\/labravaradiofm\\\/wp-content\\\/uploads\\\/sites\\\/5\\\/2025\\\/11\\\/presunto_violador.jpg\",\"width\":800,\"height\":450},{\"@type\":\"BreadcrumbList\",\"@id\":\"https:\\\/\\\/www.bbmnoticias.com\\\/fiscalia-de-oaxaca-ejecuta-orden-de-aprehension-y-detiene-a-una-persona-por-violacion-agravada-contra-su-hija-cometido-en-la-region-del-istmo\\\/#breadcrumb\",\"itemListElement\":[{\"@type\":\"ListItem\",\"position\":1,\"name\":\"Inicio\",\"item\":\"https:\\\/\\\/www.bbmnoticias.com\\\/labravaradiofm\\\/\"},{\"@type\":\"ListItem\",\"position\":2,\"name\":\"Fiscal\u00eda de Oaxaca ejecuta orden de aprehensi\u00f3n y detiene a una persona por violaci\u00f3n agravada contra su hija, cometido en la regi\u00f3n del Istmo\"}]},{\"@type\":\"WebSite\",\"@id\":\"https:\\\/\\\/www.bbmnoticias.com\\\/labravaradiofm\\\/#website\",\"url\":\"https:\\\/\\\/www.bbmnoticias.com\\\/labravaradiofm\\\/\",\"name\":\"LA BRAVA RADIO\",\"description\":\"Empresa productora de medios, Radiodifusi\u00f3n, Noticias, tendencias y todo lo que necesitas saber de la pol\u00edtica mexicana e internacional; entretenimiento, espect\u00e1culos, salud y mucho m\u00e1s.\",\"potentialAction\":[{\"@type\":\"SearchAction\",\"target\":{\"@type\":\"EntryPoint\",\"urlTemplate\":\"https:\\\/\\\/www.bbmnoticias.com\\\/labravaradiofm\\\/?s={search_term_string}\"},\"query-input\":{\"@type\":\"PropertyValueSpecification\",\"valueRequired\":true,\"valueName\":\"search_term_string\"}}],\"inLanguage\":\"es\"},{\"@type\":\"Person\",\"@id\":\"https:\\\/\\\/www.bbmnoticias.com\\\/labravaradiofm\\\/#\\\/schema\\\/person\\\/34b139c617a70ea5bef5678bffe4dd7b\",\"name\":\"Staff\",\"image\":{\"@type\":\"ImageObject\",\"inLanguage\":\"es\",\"@id\":\"https:\\\/\\\/secure.gravatar.com\\\/avatar\\\/fdd21ad66fd8b98c407f9dee5b5e588cfe7f0d8579ec20fa6527cd59bab7f0f0?s=96&d=mm&r=g\",\"url\":\"https:\\\/\\\/secure.gravatar.com\\\/avatar\\\/fdd21ad66fd8b98c407f9dee5b5e588cfe7f0d8579ec20fa6527cd59bab7f0f0?s=96&d=mm&r=g\",\"contentUrl\":\"https:\\\/\\\/secure.gravatar.com\\\/avatar\\\/fdd21ad66fd8b98c407f9dee5b5e588cfe7f0d8579ec20fa6527cd59bab7f0f0?s=96&d=mm&r=g\",\"caption\":\"Staff\"},\"url\":\"https:\\\/\\\/www.bbmnoticias.com\\\/labravaradiofm\\\/author\\\/redaccion\\\/\"}]}<\/script>\n<!-- \/ Yoast SEO plugin. -->","yoast_head_json":{"title":"Fiscal\u00eda de Oaxaca ejecuta orden de aprehensi\u00f3n y detiene a una persona por violaci\u00f3n agravada contra su hija, cometido en la regi\u00f3n del Istmo - LA BRAVA RADIO","robots":{"index":"index","follow":"follow","max-snippet":"max-snippet:-1","max-image-preview":"max-image-preview:large","max-video-preview":"max-video-preview:-1"},"canonical":"https:\/\/www.bbmnoticias.com\/fiscalia-de-oaxaca-ejecuta-orden-de-aprehension-y-detiene-a-una-persona-por-violacion-agravada-contra-su-hija-cometido-en-la-region-del-istmo\/","og_locale":"es_MX","og_type":"article","og_title":"Fiscal\u00eda de Oaxaca ejecuta orden de aprehensi\u00f3n y detiene a una persona por violaci\u00f3n agravada contra su hija, cometido en la regi\u00f3n del Istmo - LA BRAVA RADIO","og_description":"Oaxaca de Ju\u00e1rez.- \u00a0La Fiscal\u00eda General del Estado de Oaxaca dio cumplimiento a una orden de aprehensi\u00f3n que permiti\u00f3 la detenci\u00f3n de una persona del sexo masculino identificado como F.M.G., por el delito de violaci\u00f3n agravada en perjuicio de una menor de edad (su hija), en hechos cometidos en la regi\u00f3n del Istmo. De acuerdo [&hellip;]","og_url":"https:\/\/www.bbmnoticias.com\/fiscalia-de-oaxaca-ejecuta-orden-de-aprehension-y-detiene-a-una-persona-por-violacion-agravada-contra-su-hija-cometido-en-la-region-del-istmo\/","og_site_name":"LA BRAVA RADIO","article_published_time":"2025-11-13T00:13:56+00:00","article_modified_time":"2025-11-13T00:14:16+00:00","og_image":[{"width":800,"height":450,"url":"https:\/\/www.bbmnoticias.com\/labravaradiofm\/wp-content\/uploads\/sites\/5\/2025\/11\/presunto_violador.jpg","type":"image\/jpeg"}],"author":"Staff","twitter_card":"summary_large_image","twitter_misc":{"Escrito por":"Staff","Tiempo de lectura":"1 minuto"},"schema":{"@context":"https:\/\/schema.org","@graph":[{"@type":"Article","@id":"https:\/\/www.bbmnoticias.com\/fiscalia-de-oaxaca-ejecuta-orden-de-aprehension-y-detiene-a-una-persona-por-violacion-agravada-contra-su-hija-cometido-en-la-region-del-istmo\/#article","isPartOf":{"@id":"https:\/\/www.bbmnoticias.com\/labravaradiofm\/2025\/11\/12\/fiscalia-de-oaxaca-ejecuta-orden-de-aprehension-y-detiene-a-una-persona-por-violacion-agravada-contra-su-hija-cometido-en-la-region-del-istmo\/"},"author":{"name":"Staff","@id":"https:\/\/www.bbmnoticias.com\/labravaradiofm\/#\/schema\/person\/34b139c617a70ea5bef5678bffe4dd7b"},"headline":"Fiscal\u00eda de Oaxaca ejecuta orden de aprehensi\u00f3n y detiene a una persona por violaci\u00f3n agravada contra su hija, cometido en la regi\u00f3n del Istmo","datePublished":"2025-11-13T00:13:56+00:00","dateModified":"2025-11-13T00:14:16+00:00","mainEntityOfPage":{"@id":"https:\/\/www.bbmnoticias.com\/labravaradiofm\/2025\/11\/12\/fiscalia-de-oaxaca-ejecuta-orden-de-aprehension-y-detiene-a-una-persona-por-violacion-agravada-contra-su-hija-cometido-en-la-region-del-istmo\/"},"wordCount":301,"image":{"@id":"https:\/\/www.bbmnoticias.com\/fiscalia-de-oaxaca-ejecuta-orden-de-aprehension-y-detiene-a-una-persona-por-violacion-agravada-contra-su-hija-cometido-en-la-region-del-istmo\/#primaryimage"},"thumbnailUrl":"https:\/\/www.bbmnoticias.com\/labravaradiofm\/wp-content\/uploads\/sites\/5\/2025\/11\/presunto_violador.jpg","articleSection":["LOCAL","POLICIACA"],"inLanguage":"es"},{"@type":"WebPage","@id":"https:\/\/www.bbmnoticias.com\/labravaradiofm\/2025\/11\/12\/fiscalia-de-oaxaca-ejecuta-orden-de-aprehension-y-detiene-a-una-persona-por-violacion-agravada-contra-su-hija-cometido-en-la-region-del-istmo\/","url":"https:\/\/www.bbmnoticias.com\/fiscalia-de-oaxaca-ejecuta-orden-de-aprehension-y-detiene-a-una-persona-por-violacion-agravada-contra-su-hija-cometido-en-la-region-del-istmo\/","name":"Fiscal\u00eda de Oaxaca ejecuta orden de aprehensi\u00f3n y detiene a una persona por violaci\u00f3n agravada contra su hija, cometido en la regi\u00f3n del Istmo - LA BRAVA RADIO","isPartOf":{"@id":"https:\/\/www.bbmnoticias.com\/labravaradiofm\/#website"},"primaryImageOfPage":{"@id":"https:\/\/www.bbmnoticias.com\/fiscalia-de-oaxaca-ejecuta-orden-de-aprehension-y-detiene-a-una-persona-por-violacion-agravada-contra-su-hija-cometido-en-la-region-del-istmo\/#primaryimage"},"image":{"@id":"https:\/\/www.bbmnoticias.com\/fiscalia-de-oaxaca-ejecuta-orden-de-aprehension-y-detiene-a-una-persona-por-violacion-agravada-contra-su-hija-cometido-en-la-region-del-istmo\/#primaryimage"},"thumbnailUrl":"https:\/\/www.bbmnoticias.com\/labravaradiofm\/wp-content\/uploads\/sites\/5\/2025\/11\/presunto_violador.jpg","datePublished":"2025-11-13T00:13:56+00:00","dateModified":"2025-11-13T00:14:16+00:00","author":{"@id":"https:\/\/www.bbmnoticias.com\/labravaradiofm\/#\/schema\/person\/34b139c617a70ea5bef5678bffe4dd7b"},"breadcrumb":{"@id":"https:\/\/www.bbmnoticias.com\/fiscalia-de-oaxaca-ejecuta-orden-de-aprehension-y-detiene-a-una-persona-por-violacion-agravada-contra-su-hija-cometido-en-la-region-del-istmo\/#breadcrumb"},"inLanguage":"es","potentialAction":[{"@type":"ReadAction","target":["https:\/\/www.bbmnoticias.com\/fiscalia-de-oaxaca-ejecuta-orden-de-aprehension-y-detiene-a-una-persona-por-violacion-agravada-contra-su-hija-cometido-en-la-region-del-istmo\/"]}]},{"@type":"ImageObject","inLanguage":"es","@id":"https:\/\/www.bbmnoticias.com\/fiscalia-de-oaxaca-ejecuta-orden-de-aprehension-y-detiene-a-una-persona-por-violacion-agravada-contra-su-hija-cometido-en-la-region-del-istmo\/#primaryimage","url":"https:\/\/www.bbmnoticias.com\/labravaradiofm\/wp-content\/uploads\/sites\/5\/2025\/11\/presunto_violador.jpg","contentUrl":"https:\/\/www.bbmnoticias.com\/labravaradiofm\/wp-content\/uploads\/sites\/5\/2025\/11\/presunto_violador.jpg","width":800,"height":450},{"@type":"BreadcrumbList","@id":"https:\/\/www.bbmnoticias.com\/fiscalia-de-oaxaca-ejecuta-orden-de-aprehension-y-detiene-a-una-persona-por-violacion-agravada-contra-su-hija-cometido-en-la-region-del-istmo\/#breadcrumb","itemListElement":[{"@type":"ListItem","position":1,"name":"Inicio","item":"https:\/\/www.bbmnoticias.com\/labravaradiofm\/"},{"@type":"ListItem","position":2,"name":"Fiscal\u00eda de Oaxaca ejecuta orden de aprehensi\u00f3n y detiene a una persona por violaci\u00f3n agravada contra su hija, cometido en la regi\u00f3n del Istmo"}]},{"@type":"WebSite","@id":"https:\/\/www.bbmnoticias.com\/labravaradiofm\/#website","url":"https:\/\/www.bbmnoticias.com\/labravaradiofm\/","name":"LA BRAVA RADIO","description":"Empresa productora de medios, Radiodifusi\u00f3n, Noticias, tendencias y todo lo que necesitas saber de la pol\u00edtica mexicana e internacional; entretenimiento, espect\u00e1culos, salud y mucho m\u00e1s.","potentialAction":[{"@type":"SearchAction","target":{"@type":"EntryPoint","urlTemplate":"https:\/\/www.bbmnoticias.com\/labravaradiofm\/?s={search_term_string}"},"query-input":{"@type":"PropertyValueSpecification","valueRequired":true,"valueName":"search_term_string"}}],"inLanguage":"es"},{"@type":"Person","@id":"https:\/\/www.bbmnoticias.com\/labravaradiofm\/#\/schema\/person\/34b139c617a70ea5bef5678bffe4dd7b","name":"Staff","image":{"@type":"ImageObject","inLanguage":"es","@id":"https:\/\/secure.gravatar.com\/avatar\/fdd21ad66fd8b98c407f9dee5b5e588cfe7f0d8579ec20fa6527cd59bab7f0f0?s=96&d=mm&r=g","url":"https:\/\/secure.gravatar.com\/avatar\/fdd21ad66fd8b98c407f9dee5b5e588cfe7f0d8579ec20fa6527cd59bab7f0f0?s=96&d=mm&r=g","contentUrl":"https:\/\/secure.gravatar.com\/avatar\/fdd21ad66fd8b98c407f9dee5b5e588cfe7f0d8579ec20fa6527cd59bab7f0f0?s=96&d=mm&r=g","caption":"Staff"},"url":"https:\/\/www.bbmnoticias.com\/labravaradiofm\/author\/redaccion\/"}]}},"_links":{"self":[{"href":"https:\/\/www.bbmnoticias.com\/labravaradiofm\/wp-json\/wp\/v2\/posts\/69752","targetHints":{"allow":["GET"]}}],"collection":[{"href":"https:\/\/www.bbmnoticias.com\/labravaradiofm\/wp-json\/wp\/v2\/posts"}],"about":[{"href":"https:\/\/www.bbmnoticias.com\/labravaradiofm\/wp-json\/wp\/v2\/types\/post"}],"author":[{"embeddable":true,"href":"https:\/\/www.bbmnoticias.com\/labravaradiofm\/wp-json\/wp\/v2\/users\/2"}],"replies":[{"embeddable":true,"href":"https:\/\/www.bbmnoticias.com\/labravaradiofm\/wp-json\/wp\/v2\/comments?post=69752"}],"version-history":[{"count":0,"href":"https:\/\/www.bbmnoticias.com\/labravaradiofm\/wp-json\/wp\/v2\/posts\/69752\/revisions"}],"wp:featuredmedia":[{"embeddable":true,"href":"https:\/\/www.bbmnoticias.com\/labravaradiofm\/wp-json\/wp\/v2\/media\/69754"}],"wp:attachment":[{"href":"https:\/\/www.bbmnoticias.com\/labravaradiofm\/wp-json\/wp\/v2\/media?parent=69752"}],"wp:term":[{"taxonomy":"category","embeddable":true,"href":"https:\/\/www.bbmnoticias.com\/labravaradiofm\/wp-json\/wp\/v2\/categories?post=69752"},{"taxonomy":"post_tag","embeddable":true,"href":"https:\/\/www.bbmnoticias.com\/labravaradiofm\/wp-json\/wp\/v2\/tags?post=69752"}],"curies":[{"name":"wp","href":"https:\/\/api.w.org\/{rel}","templated":true}]}}