{"id":69734,"date":"2025-11-12T15:02:15","date_gmt":"2025-11-12T21:02:15","guid":{"rendered":"https:\/\/www.bbmnoticias.com\/labravaradiofm\/2025\/11\/12\/sheinbaum-propone-discusion-sobre-tiempos-oficiales-en-medios\/"},"modified":"2025-11-12T15:02:19","modified_gmt":"2025-11-12T21:02:19","slug":"sheinbaum-propone-discusion-sobre-tiempos-oficiales-en-medios","status":"publish","type":"post","link":"https:\/\/www.bbmnoticias.com\/labravaradiofm\/2025\/11\/12\/sheinbaum-propone-discusion-sobre-tiempos-oficiales-en-medios\/","title":{"rendered":"Sheinbaum propone discusi\u00f3n sobre tiempos oficiales en medios"},"content":{"rendered":"<div style=\"margin-top: 0px; margin-bottom: 0px;\" class=\"sharethis-inline-share-buttons\" ><\/div>\n<p>En el marco de la <strong>reforma electoral<\/strong>, la <strong>presidenta Claudia Sheinbaum Pardo<\/strong> propuso a la industria de la radio y la televisi\u00f3n la discusi\u00f3n sobre los <strong>tiempos oficiales<\/strong>. En la Convenci\u00f3n Anual de Radio y Televisi\u00f3n, la mandataria plante\u00f3 a los empresarios reunirse con el titular de la <strong>Comisi\u00f3n Presidencial de la Reforma Electoral, Pablo G\u00f3mez<\/strong>.<\/p>\n\n\n\n<blockquote class=\"wp-block-quote is-layout-flow wp-block-quote-is-layout-flow\">\n<p>&#8220;Les invito a que tengan una reuni\u00f3n con esta Comisi\u00f3n para que hablemos de los tiempos que tanto les importan a ustedes, los tiempos de los partidos pol\u00edticos en la \u00e9poca de elecciones, los tiempos, la repetici\u00f3n de los mensajes de 20 segundos por muchas ocasiones.<\/p>\n<\/blockquote>\n\n\n\n<blockquote class=\"wp-block-quote is-layout-flow wp-block-quote-is-layout-flow\">\n<p>&#8220;Lo que significa para los propios medios, para la audiencia, para los electores y tambi\u00e9n quien busca ser reconocido en la sociedad a trav\u00e9s de un modelo democr\u00e1tico electoral&#8221;, asegur\u00f3 en un hotel de Polanco, en la Ciudad de M\u00e9xico.&nbsp;<\/p>\n<\/blockquote>\n\n\n\n<p>Ante representantes de los <strong>medios de comunicaci\u00f3n<\/strong>, la mandataria reflexion\u00f3 sobre <strong>democracia<\/strong>, <strong>inteligencia artificial<\/strong> y la <strong>libertad de expresi\u00f3n<\/strong>.&nbsp;<\/p>\n\n\n\n<p>&#8220;Quiero hacer tres reflexiones con ustedes en este marco, la primera: los medios, la libertad y la democracia, a la luz de la nueva ley de radio y televisi\u00f3n, que agradezco su participaci\u00f3n; segundo, las redes, la inteligencia artificial, que nos estamos enfrentando actualmente; y tercero, hacerles una invitaci\u00f3n de la discusi\u00f3n que estamos haciendo frente a la Reforma electoral.<\/p>\n\n\n\n<h2 class=\"wp-block-heading\">Buscan trabajar de manera coordinada<\/h2>\n\n\n\n<p>El presidente del Consejo Directivo de la C\u00e1mara Nacional de la Industria de Radio y Televisi\u00f3n (CIRT) es Jos\u00e9 Antonio Garc\u00eda Herrera, ofreci\u00f3 trabajar de manera coordinada.&nbsp;<\/p>\n\n\n\n<p>&#8220;Me permit\u00ed elaborar Presidenta para entregarle una carta con las consideraciones que pondr\u00edan a la radio y la televisi\u00f3n mexicana en mejores condiciones para continuar con el servicio p\u00fablico gratuito que los mexicanos requieren.<\/p>\n\n\n\n<p>&#8220;Por nuestra parte ofrecemos trabajar coordinadamente con los tres niveles de gobierno para lo que queremos usted y nosotros: un mejor M\u00e9xico para todos los mexicanos&#8221;, asegur\u00f3.&nbsp;<\/p>\n\n\n\n<p>En el pres\u00eddium estuvo presente el Presidente del Consejo de Administraci\u00f3n de Heraldo Media Group, \u00c1ngel Mieres Zimmermann.<\/p>\n\n\n\n<p>Tambi\u00e9n acudieron la vicepresidenta de Relaciones Institucionales de Heraldo Media Group, Mar\u00eda Cristina Mieres Zimmermann; \u00c1ngel Mieres Olivares, director general de Grupo Andrade.<\/p>\n","protected":false},"excerpt":{"rendered":"<p>En el marco de la reforma electoral, la presidenta Claudia Sheinbaum Pardo propuso a la industria de la radio y la televisi\u00f3n la discusi\u00f3n sobre los tiempos oficiales. En la Convenci\u00f3n Anual de Radio y Televisi\u00f3n, la mandataria plante\u00f3 a los empresarios reunirse con el titular de la Comisi\u00f3n Presidencial de la Reforma Electoral, Pablo [&hellip;]<\/p>\n","protected":false},"author":4,"featured_media":69736,"comment_status":"closed","ping_status":"","sticky":false,"template":"","format":"standard","meta":{"footnotes":""},"categories":[2,19],"tags":[],"class_list":{"0":"post-69734","1":"post","2":"type-post","3":"status-publish","4":"format-standard","5":"has-post-thumbnail","7":"category-oaxaca","8":"category-nacional"},"yoast_head":"<!-- This site is optimized with the Yoast SEO plugin v27.4 - https:\/\/yoast.com\/product\/yoast-seo-wordpress\/ -->\n<title>Sheinbaum propone discusi\u00f3n sobre tiempos oficiales en medios - LA BRAVA RADIO<\/title>\n<meta name=\"robots\" content=\"index, follow, max-snippet:-1, max-image-preview:large, max-video-preview:-1\" \/>\n<link rel=\"canonical\" href=\"https:\/\/www.bbmnoticias.com\/sheinbaum-propone-discusion-sobre-tiempos-oficiales-en-medios\/\" \/>\n<meta property=\"og:locale\" content=\"es_MX\" \/>\n<meta property=\"og:type\" content=\"article\" \/>\n<meta property=\"og:title\" content=\"Sheinbaum propone discusi\u00f3n sobre tiempos oficiales en medios - LA BRAVA RADIO\" \/>\n<meta property=\"og:description\" content=\"En el marco de la reforma electoral, la presidenta Claudia Sheinbaum Pardo propuso a la industria de la radio y la televisi\u00f3n la discusi\u00f3n sobre los tiempos oficiales. En la Convenci\u00f3n Anual de Radio y Televisi\u00f3n, la mandataria plante\u00f3 a los empresarios reunirse con el titular de la Comisi\u00f3n Presidencial de la Reforma Electoral, Pablo [&hellip;]\" \/>\n<meta property=\"og:url\" content=\"https:\/\/www.bbmnoticias.com\/sheinbaum-propone-discusion-sobre-tiempos-oficiales-en-medios\/\" \/>\n<meta property=\"og:site_name\" content=\"LA BRAVA RADIO\" \/>\n<meta property=\"article:published_time\" content=\"2025-11-12T21:02:15+00:00\" \/>\n<meta property=\"article:modified_time\" content=\"2025-11-12T21:02:19+00:00\" \/>\n<meta property=\"og:image\" content=\"https:\/\/www.bbmnoticias.com\/labravaradiofm\/wp-content\/uploads\/sites\/5\/2025\/11\/sheinbaum_tiempos_oficiales.jpg\" \/>\n\t<meta property=\"og:image:width\" content=\"848\" \/>\n\t<meta property=\"og:image:height\" content=\"477\" \/>\n\t<meta property=\"og:image:type\" content=\"image\/jpeg\" \/>\n<meta name=\"author\" content=\"Agencias\" \/>\n<meta name=\"twitter:card\" content=\"summary_large_image\" \/>\n<meta name=\"twitter:label1\" content=\"Escrito por\" \/>\n\t<meta name=\"twitter:data1\" content=\"Agencias\" \/>\n\t<meta name=\"twitter:label2\" content=\"Tiempo de lectura\" \/>\n\t<meta name=\"twitter:data2\" content=\"2 minutos\" \/>\n<script type=\"application\/ld+json\" class=\"yoast-schema-graph\">{\"@context\":\"https:\\\/\\\/schema.org\",\"@graph\":[{\"@type\":\"Article\",\"@id\":\"https:\\\/\\\/www.bbmnoticias.com\\\/sheinbaum-propone-discusion-sobre-tiempos-oficiales-en-medios\\\/#article\",\"isPartOf\":{\"@id\":\"https:\\\/\\\/www.bbmnoticias.com\\\/labravaradiofm\\\/2025\\\/11\\\/12\\\/sheinbaum-propone-discusion-sobre-tiempos-oficiales-en-medios\\\/\"},\"author\":{\"name\":\"Agencias\",\"@id\":\"https:\\\/\\\/www.bbmnoticias.com\\\/labravaradiofm\\\/#\\\/schema\\\/person\\\/857a3daf5c8142f29919023f377fbfad\"},\"headline\":\"Sheinbaum propone discusi\u00f3n sobre tiempos oficiales en medios\",\"datePublished\":\"2025-11-12T21:02:15+00:00\",\"dateModified\":\"2025-11-12T21:02:19+00:00\",\"mainEntityOfPage\":{\"@id\":\"https:\\\/\\\/www.bbmnoticias.com\\\/labravaradiofm\\\/2025\\\/11\\\/12\\\/sheinbaum-propone-discusion-sobre-tiempos-oficiales-en-medios\\\/\"},\"wordCount\":398,\"image\":{\"@id\":\"https:\\\/\\\/www.bbmnoticias.com\\\/sheinbaum-propone-discusion-sobre-tiempos-oficiales-en-medios\\\/#primaryimage\"},\"thumbnailUrl\":\"https:\\\/\\\/www.bbmnoticias.com\\\/labravaradiofm\\\/wp-content\\\/uploads\\\/sites\\\/5\\\/2025\\\/11\\\/sheinbaum_tiempos_oficiales.jpg\",\"articleSection\":[\"LOCAL\",\"NACIONAL\"],\"inLanguage\":\"es\"},{\"@type\":\"WebPage\",\"@id\":\"https:\\\/\\\/www.bbmnoticias.com\\\/labravaradiofm\\\/2025\\\/11\\\/12\\\/sheinbaum-propone-discusion-sobre-tiempos-oficiales-en-medios\\\/\",\"url\":\"https:\\\/\\\/www.bbmnoticias.com\\\/sheinbaum-propone-discusion-sobre-tiempos-oficiales-en-medios\\\/\",\"name\":\"Sheinbaum propone discusi\u00f3n sobre tiempos oficiales en medios - LA BRAVA RADIO\",\"isPartOf\":{\"@id\":\"https:\\\/\\\/www.bbmnoticias.com\\\/labravaradiofm\\\/#website\"},\"primaryImageOfPage\":{\"@id\":\"https:\\\/\\\/www.bbmnoticias.com\\\/sheinbaum-propone-discusion-sobre-tiempos-oficiales-en-medios\\\/#primaryimage\"},\"image\":{\"@id\":\"https:\\\/\\\/www.bbmnoticias.com\\\/sheinbaum-propone-discusion-sobre-tiempos-oficiales-en-medios\\\/#primaryimage\"},\"thumbnailUrl\":\"https:\\\/\\\/www.bbmnoticias.com\\\/labravaradiofm\\\/wp-content\\\/uploads\\\/sites\\\/5\\\/2025\\\/11\\\/sheinbaum_tiempos_oficiales.jpg\",\"datePublished\":\"2025-11-12T21:02:15+00:00\",\"dateModified\":\"2025-11-12T21:02:19+00:00\",\"author\":{\"@id\":\"https:\\\/\\\/www.bbmnoticias.com\\\/labravaradiofm\\\/#\\\/schema\\\/person\\\/857a3daf5c8142f29919023f377fbfad\"},\"breadcrumb\":{\"@id\":\"https:\\\/\\\/www.bbmnoticias.com\\\/sheinbaum-propone-discusion-sobre-tiempos-oficiales-en-medios\\\/#breadcrumb\"},\"inLanguage\":\"es\",\"potentialAction\":[{\"@type\":\"ReadAction\",\"target\":[\"https:\\\/\\\/www.bbmnoticias.com\\\/sheinbaum-propone-discusion-sobre-tiempos-oficiales-en-medios\\\/\"]}]},{\"@type\":\"ImageObject\",\"inLanguage\":\"es\",\"@id\":\"https:\\\/\\\/www.bbmnoticias.com\\\/sheinbaum-propone-discusion-sobre-tiempos-oficiales-en-medios\\\/#primaryimage\",\"url\":\"https:\\\/\\\/www.bbmnoticias.com\\\/labravaradiofm\\\/wp-content\\\/uploads\\\/sites\\\/5\\\/2025\\\/11\\\/sheinbaum_tiempos_oficiales.jpg\",\"contentUrl\":\"https:\\\/\\\/www.bbmnoticias.com\\\/labravaradiofm\\\/wp-content\\\/uploads\\\/sites\\\/5\\\/2025\\\/11\\\/sheinbaum_tiempos_oficiales.jpg\",\"width\":848,\"height\":477},{\"@type\":\"BreadcrumbList\",\"@id\":\"https:\\\/\\\/www.bbmnoticias.com\\\/sheinbaum-propone-discusion-sobre-tiempos-oficiales-en-medios\\\/#breadcrumb\",\"itemListElement\":[{\"@type\":\"ListItem\",\"position\":1,\"name\":\"Inicio\",\"item\":\"https:\\\/\\\/www.bbmnoticias.com\\\/labravaradiofm\\\/\"},{\"@type\":\"ListItem\",\"position\":2,\"name\":\"Sheinbaum propone discusi\u00f3n sobre tiempos oficiales en medios\"}]},{\"@type\":\"WebSite\",\"@id\":\"https:\\\/\\\/www.bbmnoticias.com\\\/labravaradiofm\\\/#website\",\"url\":\"https:\\\/\\\/www.bbmnoticias.com\\\/labravaradiofm\\\/\",\"name\":\"LA BRAVA RADIO\",\"description\":\"Empresa productora de medios, Radiodifusi\u00f3n, Noticias, tendencias y todo lo que necesitas saber de la pol\u00edtica mexicana e internacional; entretenimiento, espect\u00e1culos, salud y mucho m\u00e1s.\",\"potentialAction\":[{\"@type\":\"SearchAction\",\"target\":{\"@type\":\"EntryPoint\",\"urlTemplate\":\"https:\\\/\\\/www.bbmnoticias.com\\\/labravaradiofm\\\/?s={search_term_string}\"},\"query-input\":{\"@type\":\"PropertyValueSpecification\",\"valueRequired\":true,\"valueName\":\"search_term_string\"}}],\"inLanguage\":\"es\"},{\"@type\":\"Person\",\"@id\":\"https:\\\/\\\/www.bbmnoticias.com\\\/labravaradiofm\\\/#\\\/schema\\\/person\\\/857a3daf5c8142f29919023f377fbfad\",\"name\":\"Agencias\",\"image\":{\"@type\":\"ImageObject\",\"inLanguage\":\"es\",\"@id\":\"https:\\\/\\\/secure.gravatar.com\\\/avatar\\\/739e0b61adf9e398b425c36718c8752286da0e8cd90f20ce9a86678abc26aa0d?s=96&d=mm&r=g\",\"url\":\"https:\\\/\\\/secure.gravatar.com\\\/avatar\\\/739e0b61adf9e398b425c36718c8752286da0e8cd90f20ce9a86678abc26aa0d?s=96&d=mm&r=g\",\"contentUrl\":\"https:\\\/\\\/secure.gravatar.com\\\/avatar\\\/739e0b61adf9e398b425c36718c8752286da0e8cd90f20ce9a86678abc26aa0d?s=96&d=mm&r=g\",\"caption\":\"Agencias\"},\"url\":\"https:\\\/\\\/www.bbmnoticias.com\\\/labravaradiofm\\\/author\\\/agencias\\\/\"}]}<\/script>\n<!-- \/ Yoast SEO plugin. -->","yoast_head_json":{"title":"Sheinbaum propone discusi\u00f3n sobre tiempos oficiales en medios - LA BRAVA RADIO","robots":{"index":"index","follow":"follow","max-snippet":"max-snippet:-1","max-image-preview":"max-image-preview:large","max-video-preview":"max-video-preview:-1"},"canonical":"https:\/\/www.bbmnoticias.com\/sheinbaum-propone-discusion-sobre-tiempos-oficiales-en-medios\/","og_locale":"es_MX","og_type":"article","og_title":"Sheinbaum propone discusi\u00f3n sobre tiempos oficiales en medios - LA BRAVA RADIO","og_description":"En el marco de la reforma electoral, la presidenta Claudia Sheinbaum Pardo propuso a la industria de la radio y la televisi\u00f3n la discusi\u00f3n sobre los tiempos oficiales. En la Convenci\u00f3n Anual de Radio y Televisi\u00f3n, la mandataria plante\u00f3 a los empresarios reunirse con el titular de la Comisi\u00f3n Presidencial de la Reforma Electoral, Pablo [&hellip;]","og_url":"https:\/\/www.bbmnoticias.com\/sheinbaum-propone-discusion-sobre-tiempos-oficiales-en-medios\/","og_site_name":"LA BRAVA RADIO","article_published_time":"2025-11-12T21:02:15+00:00","article_modified_time":"2025-11-12T21:02:19+00:00","og_image":[{"width":848,"height":477,"url":"https:\/\/www.bbmnoticias.com\/labravaradiofm\/wp-content\/uploads\/sites\/5\/2025\/11\/sheinbaum_tiempos_oficiales.jpg","type":"image\/jpeg"}],"author":"Agencias","twitter_card":"summary_large_image","twitter_misc":{"Escrito por":"Agencias","Tiempo de lectura":"2 minutos"},"schema":{"@context":"https:\/\/schema.org","@graph":[{"@type":"Article","@id":"https:\/\/www.bbmnoticias.com\/sheinbaum-propone-discusion-sobre-tiempos-oficiales-en-medios\/#article","isPartOf":{"@id":"https:\/\/www.bbmnoticias.com\/labravaradiofm\/2025\/11\/12\/sheinbaum-propone-discusion-sobre-tiempos-oficiales-en-medios\/"},"author":{"name":"Agencias","@id":"https:\/\/www.bbmnoticias.com\/labravaradiofm\/#\/schema\/person\/857a3daf5c8142f29919023f377fbfad"},"headline":"Sheinbaum propone discusi\u00f3n sobre tiempos oficiales en medios","datePublished":"2025-11-12T21:02:15+00:00","dateModified":"2025-11-12T21:02:19+00:00","mainEntityOfPage":{"@id":"https:\/\/www.bbmnoticias.com\/labravaradiofm\/2025\/11\/12\/sheinbaum-propone-discusion-sobre-tiempos-oficiales-en-medios\/"},"wordCount":398,"image":{"@id":"https:\/\/www.bbmnoticias.com\/sheinbaum-propone-discusion-sobre-tiempos-oficiales-en-medios\/#primaryimage"},"thumbnailUrl":"https:\/\/www.bbmnoticias.com\/labravaradiofm\/wp-content\/uploads\/sites\/5\/2025\/11\/sheinbaum_tiempos_oficiales.jpg","articleSection":["LOCAL","NACIONAL"],"inLanguage":"es"},{"@type":"WebPage","@id":"https:\/\/www.bbmnoticias.com\/labravaradiofm\/2025\/11\/12\/sheinbaum-propone-discusion-sobre-tiempos-oficiales-en-medios\/","url":"https:\/\/www.bbmnoticias.com\/sheinbaum-propone-discusion-sobre-tiempos-oficiales-en-medios\/","name":"Sheinbaum propone discusi\u00f3n sobre tiempos oficiales en medios - LA BRAVA RADIO","isPartOf":{"@id":"https:\/\/www.bbmnoticias.com\/labravaradiofm\/#website"},"primaryImageOfPage":{"@id":"https:\/\/www.bbmnoticias.com\/sheinbaum-propone-discusion-sobre-tiempos-oficiales-en-medios\/#primaryimage"},"image":{"@id":"https:\/\/www.bbmnoticias.com\/sheinbaum-propone-discusion-sobre-tiempos-oficiales-en-medios\/#primaryimage"},"thumbnailUrl":"https:\/\/www.bbmnoticias.com\/labravaradiofm\/wp-content\/uploads\/sites\/5\/2025\/11\/sheinbaum_tiempos_oficiales.jpg","datePublished":"2025-11-12T21:02:15+00:00","dateModified":"2025-11-12T21:02:19+00:00","author":{"@id":"https:\/\/www.bbmnoticias.com\/labravaradiofm\/#\/schema\/person\/857a3daf5c8142f29919023f377fbfad"},"breadcrumb":{"@id":"https:\/\/www.bbmnoticias.com\/sheinbaum-propone-discusion-sobre-tiempos-oficiales-en-medios\/#breadcrumb"},"inLanguage":"es","potentialAction":[{"@type":"ReadAction","target":["https:\/\/www.bbmnoticias.com\/sheinbaum-propone-discusion-sobre-tiempos-oficiales-en-medios\/"]}]},{"@type":"ImageObject","inLanguage":"es","@id":"https:\/\/www.bbmnoticias.com\/sheinbaum-propone-discusion-sobre-tiempos-oficiales-en-medios\/#primaryimage","url":"https:\/\/www.bbmnoticias.com\/labravaradiofm\/wp-content\/uploads\/sites\/5\/2025\/11\/sheinbaum_tiempos_oficiales.jpg","contentUrl":"https:\/\/www.bbmnoticias.com\/labravaradiofm\/wp-content\/uploads\/sites\/5\/2025\/11\/sheinbaum_tiempos_oficiales.jpg","width":848,"height":477},{"@type":"BreadcrumbList","@id":"https:\/\/www.bbmnoticias.com\/sheinbaum-propone-discusion-sobre-tiempos-oficiales-en-medios\/#breadcrumb","itemListElement":[{"@type":"ListItem","position":1,"name":"Inicio","item":"https:\/\/www.bbmnoticias.com\/labravaradiofm\/"},{"@type":"ListItem","position":2,"name":"Sheinbaum propone discusi\u00f3n sobre tiempos oficiales en medios"}]},{"@type":"WebSite","@id":"https:\/\/www.bbmnoticias.com\/labravaradiofm\/#website","url":"https:\/\/www.bbmnoticias.com\/labravaradiofm\/","name":"LA BRAVA RADIO","description":"Empresa productora de medios, Radiodifusi\u00f3n, Noticias, tendencias y todo lo que necesitas saber de la pol\u00edtica mexicana e internacional; entretenimiento, espect\u00e1culos, salud y mucho m\u00e1s.","potentialAction":[{"@type":"SearchAction","target":{"@type":"EntryPoint","urlTemplate":"https:\/\/www.bbmnoticias.com\/labravaradiofm\/?s={search_term_string}"},"query-input":{"@type":"PropertyValueSpecification","valueRequired":true,"valueName":"search_term_string"}}],"inLanguage":"es"},{"@type":"Person","@id":"https:\/\/www.bbmnoticias.com\/labravaradiofm\/#\/schema\/person\/857a3daf5c8142f29919023f377fbfad","name":"Agencias","image":{"@type":"ImageObject","inLanguage":"es","@id":"https:\/\/secure.gravatar.com\/avatar\/739e0b61adf9e398b425c36718c8752286da0e8cd90f20ce9a86678abc26aa0d?s=96&d=mm&r=g","url":"https:\/\/secure.gravatar.com\/avatar\/739e0b61adf9e398b425c36718c8752286da0e8cd90f20ce9a86678abc26aa0d?s=96&d=mm&r=g","contentUrl":"https:\/\/secure.gravatar.com\/avatar\/739e0b61adf9e398b425c36718c8752286da0e8cd90f20ce9a86678abc26aa0d?s=96&d=mm&r=g","caption":"Agencias"},"url":"https:\/\/www.bbmnoticias.com\/labravaradiofm\/author\/agencias\/"}]}},"_links":{"self":[{"href":"https:\/\/www.bbmnoticias.com\/labravaradiofm\/wp-json\/wp\/v2\/posts\/69734","targetHints":{"allow":["GET"]}}],"collection":[{"href":"https:\/\/www.bbmnoticias.com\/labravaradiofm\/wp-json\/wp\/v2\/posts"}],"about":[{"href":"https:\/\/www.bbmnoticias.com\/labravaradiofm\/wp-json\/wp\/v2\/types\/post"}],"author":[{"embeddable":true,"href":"https:\/\/www.bbmnoticias.com\/labravaradiofm\/wp-json\/wp\/v2\/users\/4"}],"replies":[{"embeddable":true,"href":"https:\/\/www.bbmnoticias.com\/labravaradiofm\/wp-json\/wp\/v2\/comments?post=69734"}],"version-history":[{"count":0,"href":"https:\/\/www.bbmnoticias.com\/labravaradiofm\/wp-json\/wp\/v2\/posts\/69734\/revisions"}],"wp:featuredmedia":[{"embeddable":true,"href":"https:\/\/www.bbmnoticias.com\/labravaradiofm\/wp-json\/wp\/v2\/media\/69736"}],"wp:attachment":[{"href":"https:\/\/www.bbmnoticias.com\/labravaradiofm\/wp-json\/wp\/v2\/media?parent=69734"}],"wp:term":[{"taxonomy":"category","embeddable":true,"href":"https:\/\/www.bbmnoticias.com\/labravaradiofm\/wp-json\/wp\/v2\/categories?post=69734"},{"taxonomy":"post_tag","embeddable":true,"href":"https:\/\/www.bbmnoticias.com\/labravaradiofm\/wp-json\/wp\/v2\/tags?post=69734"}],"curies":[{"name":"wp","href":"https:\/\/api.w.org\/{rel}","templated":true}]}}