{"id":69722,"date":"2025-11-12T11:55:01","date_gmt":"2025-11-12T17:55:01","guid":{"rendered":"https:\/\/www.bbmnoticias.com\/labravaradiofm\/2025\/11\/12\/queda-integrada-la-unidad-interna-de-proteccion-civil-en-la-secretaria-de-seguridad-vecinal\/"},"modified":"2025-11-12T11:55:08","modified_gmt":"2025-11-12T17:55:08","slug":"queda-integrada-la-unidad-interna-de-proteccion-civil-en-la-secretaria-de-seguridad-vecinal","status":"publish","type":"post","link":"https:\/\/www.bbmnoticias.com\/labravaradiofm\/2025\/11\/12\/queda-integrada-la-unidad-interna-de-proteccion-civil-en-la-secretaria-de-seguridad-vecinal\/","title":{"rendered":"Queda integrada la Unidad Interna de Protecci\u00f3n Civil en la Secretar\u00eda de Seguridad Vecinal"},"content":{"rendered":"<div style=\"margin-top: 0px; margin-bottom: 0px;\" class=\"sharethis-inline-share-buttons\" ><\/div>\n<p>Oaxaca de Ju\u00e1rez, Oax., 12 de noviembre de 2025.- La Unidad Interna de Protecci\u00f3n Civil de la Secretar\u00eda de Seguridad Vecinal qued\u00f3 constituida con la toma de protesta de sus integrantes: hombres y mujeres de las distintas \u00e1reas de la corporaci\u00f3n.<\/p>\n\n\n\n<p>El evento fue encabezado por el titular de la Direcci\u00f3n de Protecci\u00f3n Civil Municipal, Jos\u00e9 Gerardo Flores Caballero, quien destac\u00f3 la importante labor de los elementos que integran la Unidad Interna en caso de presentarse alguna contingencia durante su jornada de labores.<\/p>\n\n\n\n<p>Mencion\u00f3 que, por instrucciones del presidente Ray Chagoya, todas las dependencias municipales deben contar con la Unidad Interna de Protecci\u00f3n Civil, cuyos elementos deben accionar como primer respondiente ante alg\u00fan sismo o alg\u00fan otro incidente en las instalaciones donde laboran.<\/p>\n\n\n\n<p>Los integrantes pertenecen a las distintas direcciones de la Secretar\u00eda de Seguridad Vecinal, quienes recibir\u00e1n capacitaci\u00f3n sobre c\u00f3mo actuar ante alguna contingencia.<\/p>\n\n\n\n<p>Por su parte, el titular de la Secretar\u00eda, Teniente Coronel Claudio de Jes\u00fas P\u00e9rez y P\u00e9rez, dijo que tanto la Direcci\u00f3n de Proximidad Social como la Direcci\u00f3n de Movilidad han cumplido con la ordenanza municipal de contar con la Unidad Interna de Protecci\u00f3n Civil.<\/p>\n\n\n\n<p>Refiri\u00f3 que los elementos deben actuar ante alg\u00fan sismo y alg\u00fan otro incidente que se presente en las instalaciones durante la jornada laboral, as\u00ed como garantizar la guardia y custodia de las personas detenidas.<\/p>\n","protected":false},"excerpt":{"rendered":"<p>Oaxaca de Ju\u00e1rez, Oax., 12 de noviembre de 2025.- La Unidad Interna de Protecci\u00f3n Civil de la Secretar\u00eda de Seguridad Vecinal qued\u00f3 constituida con la toma de protesta de sus integrantes: hombres y mujeres de las distintas \u00e1reas de la corporaci\u00f3n. El evento fue encabezado por el titular de la Direcci\u00f3n de Protecci\u00f3n Civil Municipal, [&hellip;]<\/p>\n","protected":false},"author":2,"featured_media":69724,"comment_status":"closed","ping_status":"","sticky":false,"template":"","format":"standard","meta":{"footnotes":""},"categories":[2],"tags":[],"class_list":{"0":"post-69722","1":"post","2":"type-post","3":"status-publish","4":"format-standard","5":"has-post-thumbnail","7":"category-oaxaca"},"yoast_head":"<!-- This site is optimized with the Yoast SEO plugin v27.4 - https:\/\/yoast.com\/product\/yoast-seo-wordpress\/ -->\n<title>Queda integrada la Unidad Interna de Protecci\u00f3n Civil en la Secretar\u00eda de Seguridad Vecinal - LA BRAVA RADIO<\/title>\n<meta name=\"robots\" content=\"index, follow, max-snippet:-1, max-image-preview:large, max-video-preview:-1\" \/>\n<link rel=\"canonical\" href=\"https:\/\/www.bbmnoticias.com\/queda-integrada-la-unidad-interna-de-proteccion-civil-en-la-secretaria-de-seguridad-vecinal\/\" \/>\n<meta property=\"og:locale\" content=\"es_MX\" \/>\n<meta property=\"og:type\" content=\"article\" \/>\n<meta property=\"og:title\" content=\"Queda integrada la Unidad Interna de Protecci\u00f3n Civil en la Secretar\u00eda de Seguridad Vecinal - LA BRAVA RADIO\" \/>\n<meta property=\"og:description\" content=\"Oaxaca de Ju\u00e1rez, Oax., 12 de noviembre de 2025.- La Unidad Interna de Protecci\u00f3n Civil de la Secretar\u00eda de Seguridad Vecinal qued\u00f3 constituida con la toma de protesta de sus integrantes: hombres y mujeres de las distintas \u00e1reas de la corporaci\u00f3n. El evento fue encabezado por el titular de la Direcci\u00f3n de Protecci\u00f3n Civil Municipal, [&hellip;]\" \/>\n<meta property=\"og:url\" content=\"https:\/\/www.bbmnoticias.com\/queda-integrada-la-unidad-interna-de-proteccion-civil-en-la-secretaria-de-seguridad-vecinal\/\" \/>\n<meta property=\"og:site_name\" content=\"LA BRAVA RADIO\" \/>\n<meta property=\"article:published_time\" content=\"2025-11-12T17:55:01+00:00\" \/>\n<meta property=\"article:modified_time\" content=\"2025-11-12T17:55:08+00:00\" \/>\n<meta property=\"og:image\" content=\"https:\/\/www.bbmnoticias.com\/labravaradiofm\/wp-content\/uploads\/sites\/5\/2025\/11\/seguridad_vecinal.jpg\" \/>\n\t<meta property=\"og:image:width\" content=\"800\" \/>\n\t<meta property=\"og:image:height\" content=\"450\" \/>\n\t<meta property=\"og:image:type\" content=\"image\/jpeg\" \/>\n<meta name=\"author\" content=\"Staff\" \/>\n<meta name=\"twitter:card\" content=\"summary_large_image\" \/>\n<meta name=\"twitter:label1\" content=\"Escrito por\" \/>\n\t<meta name=\"twitter:data1\" content=\"Staff\" \/>\n\t<meta name=\"twitter:label2\" content=\"Tiempo de lectura\" \/>\n\t<meta name=\"twitter:data2\" content=\"1 minuto\" \/>\n<script type=\"application\/ld+json\" class=\"yoast-schema-graph\">{\"@context\":\"https:\\\/\\\/schema.org\",\"@graph\":[{\"@type\":\"Article\",\"@id\":\"https:\\\/\\\/www.bbmnoticias.com\\\/queda-integrada-la-unidad-interna-de-proteccion-civil-en-la-secretaria-de-seguridad-vecinal\\\/#article\",\"isPartOf\":{\"@id\":\"https:\\\/\\\/www.bbmnoticias.com\\\/labravaradiofm\\\/2025\\\/11\\\/12\\\/queda-integrada-la-unidad-interna-de-proteccion-civil-en-la-secretaria-de-seguridad-vecinal\\\/\"},\"author\":{\"name\":\"Staff\",\"@id\":\"https:\\\/\\\/www.bbmnoticias.com\\\/labravaradiofm\\\/#\\\/schema\\\/person\\\/34b139c617a70ea5bef5678bffe4dd7b\"},\"headline\":\"Queda integrada la Unidad Interna de Protecci\u00f3n Civil en la Secretar\u00eda de Seguridad Vecinal\",\"datePublished\":\"2025-11-12T17:55:01+00:00\",\"dateModified\":\"2025-11-12T17:55:08+00:00\",\"mainEntityOfPage\":{\"@id\":\"https:\\\/\\\/www.bbmnoticias.com\\\/labravaradiofm\\\/2025\\\/11\\\/12\\\/queda-integrada-la-unidad-interna-de-proteccion-civil-en-la-secretaria-de-seguridad-vecinal\\\/\"},\"wordCount\":260,\"image\":{\"@id\":\"https:\\\/\\\/www.bbmnoticias.com\\\/queda-integrada-la-unidad-interna-de-proteccion-civil-en-la-secretaria-de-seguridad-vecinal\\\/#primaryimage\"},\"thumbnailUrl\":\"https:\\\/\\\/www.bbmnoticias.com\\\/labravaradiofm\\\/wp-content\\\/uploads\\\/sites\\\/5\\\/2025\\\/11\\\/seguridad_vecinal.jpg\",\"articleSection\":[\"LOCAL\"],\"inLanguage\":\"es\"},{\"@type\":\"WebPage\",\"@id\":\"https:\\\/\\\/www.bbmnoticias.com\\\/labravaradiofm\\\/2025\\\/11\\\/12\\\/queda-integrada-la-unidad-interna-de-proteccion-civil-en-la-secretaria-de-seguridad-vecinal\\\/\",\"url\":\"https:\\\/\\\/www.bbmnoticias.com\\\/queda-integrada-la-unidad-interna-de-proteccion-civil-en-la-secretaria-de-seguridad-vecinal\\\/\",\"name\":\"Queda integrada la Unidad Interna de Protecci\u00f3n Civil en la Secretar\u00eda de Seguridad Vecinal - LA BRAVA RADIO\",\"isPartOf\":{\"@id\":\"https:\\\/\\\/www.bbmnoticias.com\\\/labravaradiofm\\\/#website\"},\"primaryImageOfPage\":{\"@id\":\"https:\\\/\\\/www.bbmnoticias.com\\\/queda-integrada-la-unidad-interna-de-proteccion-civil-en-la-secretaria-de-seguridad-vecinal\\\/#primaryimage\"},\"image\":{\"@id\":\"https:\\\/\\\/www.bbmnoticias.com\\\/queda-integrada-la-unidad-interna-de-proteccion-civil-en-la-secretaria-de-seguridad-vecinal\\\/#primaryimage\"},\"thumbnailUrl\":\"https:\\\/\\\/www.bbmnoticias.com\\\/labravaradiofm\\\/wp-content\\\/uploads\\\/sites\\\/5\\\/2025\\\/11\\\/seguridad_vecinal.jpg\",\"datePublished\":\"2025-11-12T17:55:01+00:00\",\"dateModified\":\"2025-11-12T17:55:08+00:00\",\"author\":{\"@id\":\"https:\\\/\\\/www.bbmnoticias.com\\\/labravaradiofm\\\/#\\\/schema\\\/person\\\/34b139c617a70ea5bef5678bffe4dd7b\"},\"breadcrumb\":{\"@id\":\"https:\\\/\\\/www.bbmnoticias.com\\\/queda-integrada-la-unidad-interna-de-proteccion-civil-en-la-secretaria-de-seguridad-vecinal\\\/#breadcrumb\"},\"inLanguage\":\"es\",\"potentialAction\":[{\"@type\":\"ReadAction\",\"target\":[\"https:\\\/\\\/www.bbmnoticias.com\\\/queda-integrada-la-unidad-interna-de-proteccion-civil-en-la-secretaria-de-seguridad-vecinal\\\/\"]}]},{\"@type\":\"ImageObject\",\"inLanguage\":\"es\",\"@id\":\"https:\\\/\\\/www.bbmnoticias.com\\\/queda-integrada-la-unidad-interna-de-proteccion-civil-en-la-secretaria-de-seguridad-vecinal\\\/#primaryimage\",\"url\":\"https:\\\/\\\/www.bbmnoticias.com\\\/labravaradiofm\\\/wp-content\\\/uploads\\\/sites\\\/5\\\/2025\\\/11\\\/seguridad_vecinal.jpg\",\"contentUrl\":\"https:\\\/\\\/www.bbmnoticias.com\\\/labravaradiofm\\\/wp-content\\\/uploads\\\/sites\\\/5\\\/2025\\\/11\\\/seguridad_vecinal.jpg\",\"width\":800,\"height\":450},{\"@type\":\"BreadcrumbList\",\"@id\":\"https:\\\/\\\/www.bbmnoticias.com\\\/queda-integrada-la-unidad-interna-de-proteccion-civil-en-la-secretaria-de-seguridad-vecinal\\\/#breadcrumb\",\"itemListElement\":[{\"@type\":\"ListItem\",\"position\":1,\"name\":\"Inicio\",\"item\":\"https:\\\/\\\/www.bbmnoticias.com\\\/labravaradiofm\\\/\"},{\"@type\":\"ListItem\",\"position\":2,\"name\":\"Queda integrada la Unidad Interna de Protecci\u00f3n Civil en la Secretar\u00eda de Seguridad Vecinal\"}]},{\"@type\":\"WebSite\",\"@id\":\"https:\\\/\\\/www.bbmnoticias.com\\\/labravaradiofm\\\/#website\",\"url\":\"https:\\\/\\\/www.bbmnoticias.com\\\/labravaradiofm\\\/\",\"name\":\"LA BRAVA RADIO\",\"description\":\"Empresa productora de medios, Radiodifusi\u00f3n, Noticias, tendencias y todo lo que necesitas saber de la pol\u00edtica mexicana e internacional; entretenimiento, espect\u00e1culos, salud y mucho m\u00e1s.\",\"potentialAction\":[{\"@type\":\"SearchAction\",\"target\":{\"@type\":\"EntryPoint\",\"urlTemplate\":\"https:\\\/\\\/www.bbmnoticias.com\\\/labravaradiofm\\\/?s={search_term_string}\"},\"query-input\":{\"@type\":\"PropertyValueSpecification\",\"valueRequired\":true,\"valueName\":\"search_term_string\"}}],\"inLanguage\":\"es\"},{\"@type\":\"Person\",\"@id\":\"https:\\\/\\\/www.bbmnoticias.com\\\/labravaradiofm\\\/#\\\/schema\\\/person\\\/34b139c617a70ea5bef5678bffe4dd7b\",\"name\":\"Staff\",\"image\":{\"@type\":\"ImageObject\",\"inLanguage\":\"es\",\"@id\":\"https:\\\/\\\/secure.gravatar.com\\\/avatar\\\/fdd21ad66fd8b98c407f9dee5b5e588cfe7f0d8579ec20fa6527cd59bab7f0f0?s=96&d=mm&r=g\",\"url\":\"https:\\\/\\\/secure.gravatar.com\\\/avatar\\\/fdd21ad66fd8b98c407f9dee5b5e588cfe7f0d8579ec20fa6527cd59bab7f0f0?s=96&d=mm&r=g\",\"contentUrl\":\"https:\\\/\\\/secure.gravatar.com\\\/avatar\\\/fdd21ad66fd8b98c407f9dee5b5e588cfe7f0d8579ec20fa6527cd59bab7f0f0?s=96&d=mm&r=g\",\"caption\":\"Staff\"},\"url\":\"https:\\\/\\\/www.bbmnoticias.com\\\/labravaradiofm\\\/author\\\/redaccion\\\/\"}]}<\/script>\n<!-- \/ Yoast SEO plugin. -->","yoast_head_json":{"title":"Queda integrada la Unidad Interna de Protecci\u00f3n Civil en la Secretar\u00eda de Seguridad Vecinal - LA BRAVA RADIO","robots":{"index":"index","follow":"follow","max-snippet":"max-snippet:-1","max-image-preview":"max-image-preview:large","max-video-preview":"max-video-preview:-1"},"canonical":"https:\/\/www.bbmnoticias.com\/queda-integrada-la-unidad-interna-de-proteccion-civil-en-la-secretaria-de-seguridad-vecinal\/","og_locale":"es_MX","og_type":"article","og_title":"Queda integrada la Unidad Interna de Protecci\u00f3n Civil en la Secretar\u00eda de Seguridad Vecinal - LA BRAVA RADIO","og_description":"Oaxaca de Ju\u00e1rez, Oax., 12 de noviembre de 2025.- La Unidad Interna de Protecci\u00f3n Civil de la Secretar\u00eda de Seguridad Vecinal qued\u00f3 constituida con la toma de protesta de sus integrantes: hombres y mujeres de las distintas \u00e1reas de la corporaci\u00f3n. El evento fue encabezado por el titular de la Direcci\u00f3n de Protecci\u00f3n Civil Municipal, [&hellip;]","og_url":"https:\/\/www.bbmnoticias.com\/queda-integrada-la-unidad-interna-de-proteccion-civil-en-la-secretaria-de-seguridad-vecinal\/","og_site_name":"LA BRAVA RADIO","article_published_time":"2025-11-12T17:55:01+00:00","article_modified_time":"2025-11-12T17:55:08+00:00","og_image":[{"width":800,"height":450,"url":"https:\/\/www.bbmnoticias.com\/labravaradiofm\/wp-content\/uploads\/sites\/5\/2025\/11\/seguridad_vecinal.jpg","type":"image\/jpeg"}],"author":"Staff","twitter_card":"summary_large_image","twitter_misc":{"Escrito por":"Staff","Tiempo de lectura":"1 minuto"},"schema":{"@context":"https:\/\/schema.org","@graph":[{"@type":"Article","@id":"https:\/\/www.bbmnoticias.com\/queda-integrada-la-unidad-interna-de-proteccion-civil-en-la-secretaria-de-seguridad-vecinal\/#article","isPartOf":{"@id":"https:\/\/www.bbmnoticias.com\/labravaradiofm\/2025\/11\/12\/queda-integrada-la-unidad-interna-de-proteccion-civil-en-la-secretaria-de-seguridad-vecinal\/"},"author":{"name":"Staff","@id":"https:\/\/www.bbmnoticias.com\/labravaradiofm\/#\/schema\/person\/34b139c617a70ea5bef5678bffe4dd7b"},"headline":"Queda integrada la Unidad Interna de Protecci\u00f3n Civil en la Secretar\u00eda de Seguridad Vecinal","datePublished":"2025-11-12T17:55:01+00:00","dateModified":"2025-11-12T17:55:08+00:00","mainEntityOfPage":{"@id":"https:\/\/www.bbmnoticias.com\/labravaradiofm\/2025\/11\/12\/queda-integrada-la-unidad-interna-de-proteccion-civil-en-la-secretaria-de-seguridad-vecinal\/"},"wordCount":260,"image":{"@id":"https:\/\/www.bbmnoticias.com\/queda-integrada-la-unidad-interna-de-proteccion-civil-en-la-secretaria-de-seguridad-vecinal\/#primaryimage"},"thumbnailUrl":"https:\/\/www.bbmnoticias.com\/labravaradiofm\/wp-content\/uploads\/sites\/5\/2025\/11\/seguridad_vecinal.jpg","articleSection":["LOCAL"],"inLanguage":"es"},{"@type":"WebPage","@id":"https:\/\/www.bbmnoticias.com\/labravaradiofm\/2025\/11\/12\/queda-integrada-la-unidad-interna-de-proteccion-civil-en-la-secretaria-de-seguridad-vecinal\/","url":"https:\/\/www.bbmnoticias.com\/queda-integrada-la-unidad-interna-de-proteccion-civil-en-la-secretaria-de-seguridad-vecinal\/","name":"Queda integrada la Unidad Interna de Protecci\u00f3n Civil en la Secretar\u00eda de Seguridad Vecinal - LA BRAVA RADIO","isPartOf":{"@id":"https:\/\/www.bbmnoticias.com\/labravaradiofm\/#website"},"primaryImageOfPage":{"@id":"https:\/\/www.bbmnoticias.com\/queda-integrada-la-unidad-interna-de-proteccion-civil-en-la-secretaria-de-seguridad-vecinal\/#primaryimage"},"image":{"@id":"https:\/\/www.bbmnoticias.com\/queda-integrada-la-unidad-interna-de-proteccion-civil-en-la-secretaria-de-seguridad-vecinal\/#primaryimage"},"thumbnailUrl":"https:\/\/www.bbmnoticias.com\/labravaradiofm\/wp-content\/uploads\/sites\/5\/2025\/11\/seguridad_vecinal.jpg","datePublished":"2025-11-12T17:55:01+00:00","dateModified":"2025-11-12T17:55:08+00:00","author":{"@id":"https:\/\/www.bbmnoticias.com\/labravaradiofm\/#\/schema\/person\/34b139c617a70ea5bef5678bffe4dd7b"},"breadcrumb":{"@id":"https:\/\/www.bbmnoticias.com\/queda-integrada-la-unidad-interna-de-proteccion-civil-en-la-secretaria-de-seguridad-vecinal\/#breadcrumb"},"inLanguage":"es","potentialAction":[{"@type":"ReadAction","target":["https:\/\/www.bbmnoticias.com\/queda-integrada-la-unidad-interna-de-proteccion-civil-en-la-secretaria-de-seguridad-vecinal\/"]}]},{"@type":"ImageObject","inLanguage":"es","@id":"https:\/\/www.bbmnoticias.com\/queda-integrada-la-unidad-interna-de-proteccion-civil-en-la-secretaria-de-seguridad-vecinal\/#primaryimage","url":"https:\/\/www.bbmnoticias.com\/labravaradiofm\/wp-content\/uploads\/sites\/5\/2025\/11\/seguridad_vecinal.jpg","contentUrl":"https:\/\/www.bbmnoticias.com\/labravaradiofm\/wp-content\/uploads\/sites\/5\/2025\/11\/seguridad_vecinal.jpg","width":800,"height":450},{"@type":"BreadcrumbList","@id":"https:\/\/www.bbmnoticias.com\/queda-integrada-la-unidad-interna-de-proteccion-civil-en-la-secretaria-de-seguridad-vecinal\/#breadcrumb","itemListElement":[{"@type":"ListItem","position":1,"name":"Inicio","item":"https:\/\/www.bbmnoticias.com\/labravaradiofm\/"},{"@type":"ListItem","position":2,"name":"Queda integrada la Unidad Interna de Protecci\u00f3n Civil en la Secretar\u00eda de Seguridad Vecinal"}]},{"@type":"WebSite","@id":"https:\/\/www.bbmnoticias.com\/labravaradiofm\/#website","url":"https:\/\/www.bbmnoticias.com\/labravaradiofm\/","name":"LA BRAVA RADIO","description":"Empresa productora de medios, Radiodifusi\u00f3n, Noticias, tendencias y todo lo que necesitas saber de la pol\u00edtica mexicana e internacional; entretenimiento, espect\u00e1culos, salud y mucho m\u00e1s.","potentialAction":[{"@type":"SearchAction","target":{"@type":"EntryPoint","urlTemplate":"https:\/\/www.bbmnoticias.com\/labravaradiofm\/?s={search_term_string}"},"query-input":{"@type":"PropertyValueSpecification","valueRequired":true,"valueName":"search_term_string"}}],"inLanguage":"es"},{"@type":"Person","@id":"https:\/\/www.bbmnoticias.com\/labravaradiofm\/#\/schema\/person\/34b139c617a70ea5bef5678bffe4dd7b","name":"Staff","image":{"@type":"ImageObject","inLanguage":"es","@id":"https:\/\/secure.gravatar.com\/avatar\/fdd21ad66fd8b98c407f9dee5b5e588cfe7f0d8579ec20fa6527cd59bab7f0f0?s=96&d=mm&r=g","url":"https:\/\/secure.gravatar.com\/avatar\/fdd21ad66fd8b98c407f9dee5b5e588cfe7f0d8579ec20fa6527cd59bab7f0f0?s=96&d=mm&r=g","contentUrl":"https:\/\/secure.gravatar.com\/avatar\/fdd21ad66fd8b98c407f9dee5b5e588cfe7f0d8579ec20fa6527cd59bab7f0f0?s=96&d=mm&r=g","caption":"Staff"},"url":"https:\/\/www.bbmnoticias.com\/labravaradiofm\/author\/redaccion\/"}]}},"_links":{"self":[{"href":"https:\/\/www.bbmnoticias.com\/labravaradiofm\/wp-json\/wp\/v2\/posts\/69722","targetHints":{"allow":["GET"]}}],"collection":[{"href":"https:\/\/www.bbmnoticias.com\/labravaradiofm\/wp-json\/wp\/v2\/posts"}],"about":[{"href":"https:\/\/www.bbmnoticias.com\/labravaradiofm\/wp-json\/wp\/v2\/types\/post"}],"author":[{"embeddable":true,"href":"https:\/\/www.bbmnoticias.com\/labravaradiofm\/wp-json\/wp\/v2\/users\/2"}],"replies":[{"embeddable":true,"href":"https:\/\/www.bbmnoticias.com\/labravaradiofm\/wp-json\/wp\/v2\/comments?post=69722"}],"version-history":[{"count":0,"href":"https:\/\/www.bbmnoticias.com\/labravaradiofm\/wp-json\/wp\/v2\/posts\/69722\/revisions"}],"wp:featuredmedia":[{"embeddable":true,"href":"https:\/\/www.bbmnoticias.com\/labravaradiofm\/wp-json\/wp\/v2\/media\/69724"}],"wp:attachment":[{"href":"https:\/\/www.bbmnoticias.com\/labravaradiofm\/wp-json\/wp\/v2\/media?parent=69722"}],"wp:term":[{"taxonomy":"category","embeddable":true,"href":"https:\/\/www.bbmnoticias.com\/labravaradiofm\/wp-json\/wp\/v2\/categories?post=69722"},{"taxonomy":"post_tag","embeddable":true,"href":"https:\/\/www.bbmnoticias.com\/labravaradiofm\/wp-json\/wp\/v2\/tags?post=69722"}],"curies":[{"name":"wp","href":"https:\/\/api.w.org\/{rel}","templated":true}]}}