{"id":69698,"date":"2025-11-12T08:02:00","date_gmt":"2025-11-12T14:02:00","guid":{"rendered":"https:\/\/www.bbmnoticias.com\/labravaradiofm\/2025\/11\/12\/aumentaran-las-temperaturas-y-disminuiran-las-lluvias-en-oaxaca-proteccion-civil\/"},"modified":"2025-11-12T08:19:44","modified_gmt":"2025-11-12T14:19:44","slug":"aumentaran-las-temperaturas-y-disminuiran-las-lluvias-en-oaxaca-proteccion-civil","status":"publish","type":"post","link":"https:\/\/www.bbmnoticias.com\/labravaradiofm\/2025\/11\/12\/aumentaran-las-temperaturas-y-disminuiran-las-lluvias-en-oaxaca-proteccion-civil\/","title":{"rendered":"Aumentar\u00e1n las temperaturas y disminuir\u00e1n las lluvias en Oaxaca: Protecci\u00f3n Civil"},"content":{"rendered":"<div style=\"margin-top: 0px; margin-bottom: 0px;\" class=\"sharethis-inline-share-buttons\" ><\/div>\n<p>Oaxaca de Ju\u00e1rez, Oax.- La Coordinaci\u00f3n Estatal de Protecci\u00f3n Civil y Gesti\u00f3n de Riesgos (CEPCyGR) informa que se presentar\u00e1 durante este mi\u00e9rcoles una recuperaci\u00f3n en las temperaturas, de igual forma disminuir\u00e1n las lluvias.<\/p>\n\n\n\n<figure class=\"wp-block-embed is-type-rich is-provider-twitter wp-block-embed-twitter\"><div class=\"wp-block-embed__wrapper\">\n<blockquote class=\"twitter-tweet\" data-width=\"550\" data-dnt=\"true\"><p lang=\"es\" dir=\"ltr\">Se pronostican <a href=\"https:\/\/twitter.com\/hashtag\/Lluvias?src=hash&amp;ref_src=twsrc%5Etfw\">#Lluvias<\/a> muy fuertes para el sur de <a href=\"https:\/\/twitter.com\/hashtag\/QuintanaRoo?src=hash&amp;ref_src=twsrc%5Etfw\">#QuintanaRoo<\/a> y <a href=\"https:\/\/twitter.com\/hashtag\/Chubascos?src=hash&amp;ref_src=twsrc%5Etfw\">#Chubascos<\/a> en otras siete entidades de <a href=\"https:\/\/twitter.com\/hashtag\/M%C3%A9xico?src=hash&amp;ref_src=twsrc%5Etfw\">#M\u00e9xico<\/a>.<br>M\u00e1s informaci\u00f3n en  \u2b07\ufe0f<a href=\"https:\/\/t.co\/hftMc67Ng2\">https:\/\/t.co\/hftMc67Ng2<\/a> <a href=\"https:\/\/t.co\/6b2fHZMaxO\">pic.twitter.com\/6b2fHZMaxO<\/a><\/p>&mdash; CONAGUA Clima (@conagua_clima) <a href=\"https:\/\/twitter.com\/conagua_clima\/status\/1988598691591290942?ref_src=twsrc%5Etfw\">November 12, 2025<\/a><\/blockquote><script async src=\"https:\/\/platform.twitter.com\/widgets.js\" charset=\"utf-8\"><\/script>\n<\/div><\/figure>\n\n\n\n<p>De acuerdo con el pron\u00f3stico del tiempo emitido por la Comisi\u00f3n Nacional del Agua (Conagua), esto se debe a que la masa de aire que impulsa al frente fr\u00edo n\u00famero 13, entrar\u00e1 en proceso de modificaci\u00f3n.<\/p>\n\n\n\n<p>En tanto, los vientos pasar\u00e1n a tener velocidades moderadas con ocasionales rachas fuertes de 70 a 80 kil\u00f3metros por hora, especialmente en el Istmo y Golfo de Tehuantepec.<\/p>\n\n\n\n<p>Las marcas t\u00e9rmicas m\u00ednimas durante la madrugada ser\u00e1n fr\u00edas con \u00e9nfasis en municipios ubicados por encima de los mil 800 metros de altura en la Mixteca y sierras de Ju\u00e1rez, Sur y Flores Mag\u00f3n, con probabilidad de heladas ligeras en picos, debido a que la temperatura a nivel de suelo puede ser mucho m\u00e1s baja que las normales, es decir, 2 metros de altura.<\/p>\n\n\n\n<p>Tambi\u00e9n, se tendr\u00e1n \u00e1reas de niebla al a<br>manecer que se romper\u00e1n conforme avance el d\u00eda y aumente la radiaci\u00f3n solar en zonas serranas.<\/p>\n\n\n\n<p>Las temperaturas para este mi\u00e9rcoles son las siguientes:<\/p>\n\n\n\n<p>\u2022Valles Centrales, m\u00ednima de 8 y m\u00e1xima de 26 grados.<br>\u2022Istmo de Tehuantepec, m\u00ednima de 31 y m\u00e1xima de 18 grados.<br>\u2022Cuenca del Papaloapan, m\u00ednima de 14 y m\u00e1xima de 27 grados.<br>\u2022Costa, m\u00ednima de 21 y m\u00e1xima de 32 grados.<br>\u2022Mixteca, m\u00ednima de 7 y m\u00e1xima de 25 grados.<br>\u2022Sierra de Flores Mag\u00f3n, m\u00ednima de 9 y m\u00e1xima de 28 grados.<br>\u2022Sierra de Ju\u00e1rez, m\u00ednima de 5 y m\u00e1xima de 20 grados.<br>\u2022Sierra Sur, m\u00ednima de 7 y m\u00e1xima de 23 grados.<\/p>\n\n\n\n<p>Se exhorta a la poblaci\u00f3n atender las recomendaciones de Protecci\u00f3n Civil y Capitan\u00edas de Puerto, as\u00ed como a mantenerse informada de las condiciones meteorol\u00f3gicas a trav\u00e9s de los medios y redes sociales oficiales: Facebook @CEPCYGRGobOax y en X @CEPCyGR_GobOax<br>.<\/p>\n","protected":false},"excerpt":{"rendered":"<p>Oaxaca de Ju\u00e1rez, Oax.- La Coordinaci\u00f3n Estatal de Protecci\u00f3n Civil y Gesti\u00f3n de Riesgos (CEPCyGR) informa que se presentar\u00e1 durante este mi\u00e9rcoles una recuperaci\u00f3n en las temperaturas, de igual forma disminuir\u00e1n las lluvias. De acuerdo con el pron\u00f3stico del tiempo emitido por la Comisi\u00f3n Nacional del Agua (Conagua), esto se debe a que la masa [&hellip;]<\/p>\n","protected":false},"author":2,"featured_media":69700,"comment_status":"closed","ping_status":"","sticky":false,"template":"","format":"standard","meta":{"footnotes":""},"categories":[2],"tags":[],"class_list":{"0":"post-69698","1":"post","2":"type-post","3":"status-publish","4":"format-standard","5":"has-post-thumbnail","7":"category-oaxaca"},"yoast_head":"<!-- This site is optimized with the Yoast SEO plugin v27.4 - https:\/\/yoast.com\/product\/yoast-seo-wordpress\/ -->\n<title>Aumentar\u00e1n las temperaturas y disminuir\u00e1n las lluvias en Oaxaca: Protecci\u00f3n Civil - LA BRAVA RADIO<\/title>\n<meta name=\"robots\" content=\"index, follow, max-snippet:-1, max-image-preview:large, max-video-preview:-1\" \/>\n<link rel=\"canonical\" href=\"https:\/\/www.bbmnoticias.com\/aumentaran-las-temperaturas-y-disminuiran-las-lluvias-en-oaxaca-proteccion-civil\/\" \/>\n<meta property=\"og:locale\" content=\"es_MX\" \/>\n<meta property=\"og:type\" content=\"article\" \/>\n<meta property=\"og:title\" content=\"Aumentar\u00e1n las temperaturas y disminuir\u00e1n las lluvias en Oaxaca: Protecci\u00f3n Civil - LA BRAVA RADIO\" \/>\n<meta property=\"og:description\" content=\"Oaxaca de Ju\u00e1rez, Oax.- La Coordinaci\u00f3n Estatal de Protecci\u00f3n Civil y Gesti\u00f3n de Riesgos (CEPCyGR) informa que se presentar\u00e1 durante este mi\u00e9rcoles una recuperaci\u00f3n en las temperaturas, de igual forma disminuir\u00e1n las lluvias. De acuerdo con el pron\u00f3stico del tiempo emitido por la Comisi\u00f3n Nacional del Agua (Conagua), esto se debe a que la masa [&hellip;]\" \/>\n<meta property=\"og:url\" content=\"https:\/\/www.bbmnoticias.com\/aumentaran-las-temperaturas-y-disminuiran-las-lluvias-en-oaxaca-proteccion-civil\/\" \/>\n<meta property=\"og:site_name\" content=\"LA BRAVA RADIO\" \/>\n<meta property=\"article:published_time\" content=\"2025-11-12T14:02:00+00:00\" \/>\n<meta property=\"article:modified_time\" content=\"2025-11-12T14:19:44+00:00\" \/>\n<meta property=\"og:image\" content=\"https:\/\/www.bbmnoticias.com\/labravaradiofm\/wp-content\/uploads\/sites\/5\/2025\/11\/clima_oaxaca-6.jpg\" \/>\n\t<meta property=\"og:image:width\" content=\"800\" \/>\n\t<meta property=\"og:image:height\" content=\"411\" \/>\n\t<meta property=\"og:image:type\" content=\"image\/jpeg\" \/>\n<meta name=\"author\" content=\"Staff\" \/>\n<meta name=\"twitter:card\" content=\"summary_large_image\" \/>\n<meta name=\"twitter:label1\" content=\"Escrito por\" \/>\n\t<meta name=\"twitter:data1\" content=\"Staff\" \/>\n\t<meta name=\"twitter:label2\" content=\"Tiempo de lectura\" \/>\n\t<meta name=\"twitter:data2\" content=\"2 minutos\" \/>\n<script type=\"application\/ld+json\" class=\"yoast-schema-graph\">{\"@context\":\"https:\\\/\\\/schema.org\",\"@graph\":[{\"@type\":\"Article\",\"@id\":\"https:\\\/\\\/www.bbmnoticias.com\\\/aumentaran-las-temperaturas-y-disminuiran-las-lluvias-en-oaxaca-proteccion-civil\\\/#article\",\"isPartOf\":{\"@id\":\"https:\\\/\\\/www.bbmnoticias.com\\\/labravaradiofm\\\/2025\\\/11\\\/12\\\/aumentaran-las-temperaturas-y-disminuiran-las-lluvias-en-oaxaca-proteccion-civil\\\/\"},\"author\":{\"name\":\"Staff\",\"@id\":\"https:\\\/\\\/www.bbmnoticias.com\\\/labravaradiofm\\\/#\\\/schema\\\/person\\\/34b139c617a70ea5bef5678bffe4dd7b\"},\"headline\":\"Aumentar\u00e1n las temperaturas y disminuir\u00e1n las lluvias en Oaxaca: Protecci\u00f3n Civil\",\"datePublished\":\"2025-11-12T14:02:00+00:00\",\"dateModified\":\"2025-11-12T14:19:44+00:00\",\"mainEntityOfPage\":{\"@id\":\"https:\\\/\\\/www.bbmnoticias.com\\\/labravaradiofm\\\/2025\\\/11\\\/12\\\/aumentaran-las-temperaturas-y-disminuiran-las-lluvias-en-oaxaca-proteccion-civil\\\/\"},\"wordCount\":365,\"image\":{\"@id\":\"https:\\\/\\\/www.bbmnoticias.com\\\/aumentaran-las-temperaturas-y-disminuiran-las-lluvias-en-oaxaca-proteccion-civil\\\/#primaryimage\"},\"thumbnailUrl\":\"https:\\\/\\\/www.bbmnoticias.com\\\/labravaradiofm\\\/wp-content\\\/uploads\\\/sites\\\/5\\\/2025\\\/11\\\/clima_oaxaca-6.jpg\",\"articleSection\":[\"LOCAL\"],\"inLanguage\":\"es\"},{\"@type\":\"WebPage\",\"@id\":\"https:\\\/\\\/www.bbmnoticias.com\\\/labravaradiofm\\\/2025\\\/11\\\/12\\\/aumentaran-las-temperaturas-y-disminuiran-las-lluvias-en-oaxaca-proteccion-civil\\\/\",\"url\":\"https:\\\/\\\/www.bbmnoticias.com\\\/aumentaran-las-temperaturas-y-disminuiran-las-lluvias-en-oaxaca-proteccion-civil\\\/\",\"name\":\"Aumentar\u00e1n las temperaturas y disminuir\u00e1n las lluvias en Oaxaca: Protecci\u00f3n Civil - LA BRAVA RADIO\",\"isPartOf\":{\"@id\":\"https:\\\/\\\/www.bbmnoticias.com\\\/labravaradiofm\\\/#website\"},\"primaryImageOfPage\":{\"@id\":\"https:\\\/\\\/www.bbmnoticias.com\\\/aumentaran-las-temperaturas-y-disminuiran-las-lluvias-en-oaxaca-proteccion-civil\\\/#primaryimage\"},\"image\":{\"@id\":\"https:\\\/\\\/www.bbmnoticias.com\\\/aumentaran-las-temperaturas-y-disminuiran-las-lluvias-en-oaxaca-proteccion-civil\\\/#primaryimage\"},\"thumbnailUrl\":\"https:\\\/\\\/www.bbmnoticias.com\\\/labravaradiofm\\\/wp-content\\\/uploads\\\/sites\\\/5\\\/2025\\\/11\\\/clima_oaxaca-6.jpg\",\"datePublished\":\"2025-11-12T14:02:00+00:00\",\"dateModified\":\"2025-11-12T14:19:44+00:00\",\"author\":{\"@id\":\"https:\\\/\\\/www.bbmnoticias.com\\\/labravaradiofm\\\/#\\\/schema\\\/person\\\/34b139c617a70ea5bef5678bffe4dd7b\"},\"breadcrumb\":{\"@id\":\"https:\\\/\\\/www.bbmnoticias.com\\\/aumentaran-las-temperaturas-y-disminuiran-las-lluvias-en-oaxaca-proteccion-civil\\\/#breadcrumb\"},\"inLanguage\":\"es\",\"potentialAction\":[{\"@type\":\"ReadAction\",\"target\":[\"https:\\\/\\\/www.bbmnoticias.com\\\/aumentaran-las-temperaturas-y-disminuiran-las-lluvias-en-oaxaca-proteccion-civil\\\/\"]}]},{\"@type\":\"ImageObject\",\"inLanguage\":\"es\",\"@id\":\"https:\\\/\\\/www.bbmnoticias.com\\\/aumentaran-las-temperaturas-y-disminuiran-las-lluvias-en-oaxaca-proteccion-civil\\\/#primaryimage\",\"url\":\"https:\\\/\\\/www.bbmnoticias.com\\\/labravaradiofm\\\/wp-content\\\/uploads\\\/sites\\\/5\\\/2025\\\/11\\\/clima_oaxaca-6.jpg\",\"contentUrl\":\"https:\\\/\\\/www.bbmnoticias.com\\\/labravaradiofm\\\/wp-content\\\/uploads\\\/sites\\\/5\\\/2025\\\/11\\\/clima_oaxaca-6.jpg\",\"width\":800,\"height\":411},{\"@type\":\"BreadcrumbList\",\"@id\":\"https:\\\/\\\/www.bbmnoticias.com\\\/aumentaran-las-temperaturas-y-disminuiran-las-lluvias-en-oaxaca-proteccion-civil\\\/#breadcrumb\",\"itemListElement\":[{\"@type\":\"ListItem\",\"position\":1,\"name\":\"Inicio\",\"item\":\"https:\\\/\\\/www.bbmnoticias.com\\\/labravaradiofm\\\/\"},{\"@type\":\"ListItem\",\"position\":2,\"name\":\"Aumentar\u00e1n las temperaturas y disminuir\u00e1n las lluvias en Oaxaca: Protecci\u00f3n Civil\"}]},{\"@type\":\"WebSite\",\"@id\":\"https:\\\/\\\/www.bbmnoticias.com\\\/labravaradiofm\\\/#website\",\"url\":\"https:\\\/\\\/www.bbmnoticias.com\\\/labravaradiofm\\\/\",\"name\":\"LA BRAVA RADIO\",\"description\":\"Empresa productora de medios, Radiodifusi\u00f3n, Noticias, tendencias y todo lo que necesitas saber de la pol\u00edtica mexicana e internacional; entretenimiento, espect\u00e1culos, salud y mucho m\u00e1s.\",\"potentialAction\":[{\"@type\":\"SearchAction\",\"target\":{\"@type\":\"EntryPoint\",\"urlTemplate\":\"https:\\\/\\\/www.bbmnoticias.com\\\/labravaradiofm\\\/?s={search_term_string}\"},\"query-input\":{\"@type\":\"PropertyValueSpecification\",\"valueRequired\":true,\"valueName\":\"search_term_string\"}}],\"inLanguage\":\"es\"},{\"@type\":\"Person\",\"@id\":\"https:\\\/\\\/www.bbmnoticias.com\\\/labravaradiofm\\\/#\\\/schema\\\/person\\\/34b139c617a70ea5bef5678bffe4dd7b\",\"name\":\"Staff\",\"image\":{\"@type\":\"ImageObject\",\"inLanguage\":\"es\",\"@id\":\"https:\\\/\\\/secure.gravatar.com\\\/avatar\\\/fdd21ad66fd8b98c407f9dee5b5e588cfe7f0d8579ec20fa6527cd59bab7f0f0?s=96&d=mm&r=g\",\"url\":\"https:\\\/\\\/secure.gravatar.com\\\/avatar\\\/fdd21ad66fd8b98c407f9dee5b5e588cfe7f0d8579ec20fa6527cd59bab7f0f0?s=96&d=mm&r=g\",\"contentUrl\":\"https:\\\/\\\/secure.gravatar.com\\\/avatar\\\/fdd21ad66fd8b98c407f9dee5b5e588cfe7f0d8579ec20fa6527cd59bab7f0f0?s=96&d=mm&r=g\",\"caption\":\"Staff\"},\"url\":\"https:\\\/\\\/www.bbmnoticias.com\\\/labravaradiofm\\\/author\\\/redaccion\\\/\"}]}<\/script>\n<!-- \/ Yoast SEO plugin. -->","yoast_head_json":{"title":"Aumentar\u00e1n las temperaturas y disminuir\u00e1n las lluvias en Oaxaca: Protecci\u00f3n Civil - LA BRAVA RADIO","robots":{"index":"index","follow":"follow","max-snippet":"max-snippet:-1","max-image-preview":"max-image-preview:large","max-video-preview":"max-video-preview:-1"},"canonical":"https:\/\/www.bbmnoticias.com\/aumentaran-las-temperaturas-y-disminuiran-las-lluvias-en-oaxaca-proteccion-civil\/","og_locale":"es_MX","og_type":"article","og_title":"Aumentar\u00e1n las temperaturas y disminuir\u00e1n las lluvias en Oaxaca: Protecci\u00f3n Civil - LA BRAVA RADIO","og_description":"Oaxaca de Ju\u00e1rez, Oax.- La Coordinaci\u00f3n Estatal de Protecci\u00f3n Civil y Gesti\u00f3n de Riesgos (CEPCyGR) informa que se presentar\u00e1 durante este mi\u00e9rcoles una recuperaci\u00f3n en las temperaturas, de igual forma disminuir\u00e1n las lluvias. De acuerdo con el pron\u00f3stico del tiempo emitido por la Comisi\u00f3n Nacional del Agua (Conagua), esto se debe a que la masa [&hellip;]","og_url":"https:\/\/www.bbmnoticias.com\/aumentaran-las-temperaturas-y-disminuiran-las-lluvias-en-oaxaca-proteccion-civil\/","og_site_name":"LA BRAVA RADIO","article_published_time":"2025-11-12T14:02:00+00:00","article_modified_time":"2025-11-12T14:19:44+00:00","og_image":[{"width":800,"height":411,"url":"https:\/\/www.bbmnoticias.com\/labravaradiofm\/wp-content\/uploads\/sites\/5\/2025\/11\/clima_oaxaca-6.jpg","type":"image\/jpeg"}],"author":"Staff","twitter_card":"summary_large_image","twitter_misc":{"Escrito por":"Staff","Tiempo de lectura":"2 minutos"},"schema":{"@context":"https:\/\/schema.org","@graph":[{"@type":"Article","@id":"https:\/\/www.bbmnoticias.com\/aumentaran-las-temperaturas-y-disminuiran-las-lluvias-en-oaxaca-proteccion-civil\/#article","isPartOf":{"@id":"https:\/\/www.bbmnoticias.com\/labravaradiofm\/2025\/11\/12\/aumentaran-las-temperaturas-y-disminuiran-las-lluvias-en-oaxaca-proteccion-civil\/"},"author":{"name":"Staff","@id":"https:\/\/www.bbmnoticias.com\/labravaradiofm\/#\/schema\/person\/34b139c617a70ea5bef5678bffe4dd7b"},"headline":"Aumentar\u00e1n las temperaturas y disminuir\u00e1n las lluvias en Oaxaca: Protecci\u00f3n Civil","datePublished":"2025-11-12T14:02:00+00:00","dateModified":"2025-11-12T14:19:44+00:00","mainEntityOfPage":{"@id":"https:\/\/www.bbmnoticias.com\/labravaradiofm\/2025\/11\/12\/aumentaran-las-temperaturas-y-disminuiran-las-lluvias-en-oaxaca-proteccion-civil\/"},"wordCount":365,"image":{"@id":"https:\/\/www.bbmnoticias.com\/aumentaran-las-temperaturas-y-disminuiran-las-lluvias-en-oaxaca-proteccion-civil\/#primaryimage"},"thumbnailUrl":"https:\/\/www.bbmnoticias.com\/labravaradiofm\/wp-content\/uploads\/sites\/5\/2025\/11\/clima_oaxaca-6.jpg","articleSection":["LOCAL"],"inLanguage":"es"},{"@type":"WebPage","@id":"https:\/\/www.bbmnoticias.com\/labravaradiofm\/2025\/11\/12\/aumentaran-las-temperaturas-y-disminuiran-las-lluvias-en-oaxaca-proteccion-civil\/","url":"https:\/\/www.bbmnoticias.com\/aumentaran-las-temperaturas-y-disminuiran-las-lluvias-en-oaxaca-proteccion-civil\/","name":"Aumentar\u00e1n las temperaturas y disminuir\u00e1n las lluvias en Oaxaca: Protecci\u00f3n Civil - LA BRAVA RADIO","isPartOf":{"@id":"https:\/\/www.bbmnoticias.com\/labravaradiofm\/#website"},"primaryImageOfPage":{"@id":"https:\/\/www.bbmnoticias.com\/aumentaran-las-temperaturas-y-disminuiran-las-lluvias-en-oaxaca-proteccion-civil\/#primaryimage"},"image":{"@id":"https:\/\/www.bbmnoticias.com\/aumentaran-las-temperaturas-y-disminuiran-las-lluvias-en-oaxaca-proteccion-civil\/#primaryimage"},"thumbnailUrl":"https:\/\/www.bbmnoticias.com\/labravaradiofm\/wp-content\/uploads\/sites\/5\/2025\/11\/clima_oaxaca-6.jpg","datePublished":"2025-11-12T14:02:00+00:00","dateModified":"2025-11-12T14:19:44+00:00","author":{"@id":"https:\/\/www.bbmnoticias.com\/labravaradiofm\/#\/schema\/person\/34b139c617a70ea5bef5678bffe4dd7b"},"breadcrumb":{"@id":"https:\/\/www.bbmnoticias.com\/aumentaran-las-temperaturas-y-disminuiran-las-lluvias-en-oaxaca-proteccion-civil\/#breadcrumb"},"inLanguage":"es","potentialAction":[{"@type":"ReadAction","target":["https:\/\/www.bbmnoticias.com\/aumentaran-las-temperaturas-y-disminuiran-las-lluvias-en-oaxaca-proteccion-civil\/"]}]},{"@type":"ImageObject","inLanguage":"es","@id":"https:\/\/www.bbmnoticias.com\/aumentaran-las-temperaturas-y-disminuiran-las-lluvias-en-oaxaca-proteccion-civil\/#primaryimage","url":"https:\/\/www.bbmnoticias.com\/labravaradiofm\/wp-content\/uploads\/sites\/5\/2025\/11\/clima_oaxaca-6.jpg","contentUrl":"https:\/\/www.bbmnoticias.com\/labravaradiofm\/wp-content\/uploads\/sites\/5\/2025\/11\/clima_oaxaca-6.jpg","width":800,"height":411},{"@type":"BreadcrumbList","@id":"https:\/\/www.bbmnoticias.com\/aumentaran-las-temperaturas-y-disminuiran-las-lluvias-en-oaxaca-proteccion-civil\/#breadcrumb","itemListElement":[{"@type":"ListItem","position":1,"name":"Inicio","item":"https:\/\/www.bbmnoticias.com\/labravaradiofm\/"},{"@type":"ListItem","position":2,"name":"Aumentar\u00e1n las temperaturas y disminuir\u00e1n las lluvias en Oaxaca: Protecci\u00f3n Civil"}]},{"@type":"WebSite","@id":"https:\/\/www.bbmnoticias.com\/labravaradiofm\/#website","url":"https:\/\/www.bbmnoticias.com\/labravaradiofm\/","name":"LA BRAVA RADIO","description":"Empresa productora de medios, Radiodifusi\u00f3n, Noticias, tendencias y todo lo que necesitas saber de la pol\u00edtica mexicana e internacional; entretenimiento, espect\u00e1culos, salud y mucho m\u00e1s.","potentialAction":[{"@type":"SearchAction","target":{"@type":"EntryPoint","urlTemplate":"https:\/\/www.bbmnoticias.com\/labravaradiofm\/?s={search_term_string}"},"query-input":{"@type":"PropertyValueSpecification","valueRequired":true,"valueName":"search_term_string"}}],"inLanguage":"es"},{"@type":"Person","@id":"https:\/\/www.bbmnoticias.com\/labravaradiofm\/#\/schema\/person\/34b139c617a70ea5bef5678bffe4dd7b","name":"Staff","image":{"@type":"ImageObject","inLanguage":"es","@id":"https:\/\/secure.gravatar.com\/avatar\/fdd21ad66fd8b98c407f9dee5b5e588cfe7f0d8579ec20fa6527cd59bab7f0f0?s=96&d=mm&r=g","url":"https:\/\/secure.gravatar.com\/avatar\/fdd21ad66fd8b98c407f9dee5b5e588cfe7f0d8579ec20fa6527cd59bab7f0f0?s=96&d=mm&r=g","contentUrl":"https:\/\/secure.gravatar.com\/avatar\/fdd21ad66fd8b98c407f9dee5b5e588cfe7f0d8579ec20fa6527cd59bab7f0f0?s=96&d=mm&r=g","caption":"Staff"},"url":"https:\/\/www.bbmnoticias.com\/labravaradiofm\/author\/redaccion\/"}]}},"_links":{"self":[{"href":"https:\/\/www.bbmnoticias.com\/labravaradiofm\/wp-json\/wp\/v2\/posts\/69698","targetHints":{"allow":["GET"]}}],"collection":[{"href":"https:\/\/www.bbmnoticias.com\/labravaradiofm\/wp-json\/wp\/v2\/posts"}],"about":[{"href":"https:\/\/www.bbmnoticias.com\/labravaradiofm\/wp-json\/wp\/v2\/types\/post"}],"author":[{"embeddable":true,"href":"https:\/\/www.bbmnoticias.com\/labravaradiofm\/wp-json\/wp\/v2\/users\/2"}],"replies":[{"embeddable":true,"href":"https:\/\/www.bbmnoticias.com\/labravaradiofm\/wp-json\/wp\/v2\/comments?post=69698"}],"version-history":[{"count":0,"href":"https:\/\/www.bbmnoticias.com\/labravaradiofm\/wp-json\/wp\/v2\/posts\/69698\/revisions"}],"wp:featuredmedia":[{"embeddable":true,"href":"https:\/\/www.bbmnoticias.com\/labravaradiofm\/wp-json\/wp\/v2\/media\/69700"}],"wp:attachment":[{"href":"https:\/\/www.bbmnoticias.com\/labravaradiofm\/wp-json\/wp\/v2\/media?parent=69698"}],"wp:term":[{"taxonomy":"category","embeddable":true,"href":"https:\/\/www.bbmnoticias.com\/labravaradiofm\/wp-json\/wp\/v2\/categories?post=69698"},{"taxonomy":"post_tag","embeddable":true,"href":"https:\/\/www.bbmnoticias.com\/labravaradiofm\/wp-json\/wp\/v2\/tags?post=69698"}],"curies":[{"name":"wp","href":"https:\/\/api.w.org\/{rel}","templated":true}]}}