{"id":69695,"date":"2025-11-12T08:40:19","date_gmt":"2025-11-12T14:11:15","guid":{"rendered":"https:\/\/www.bbmnoticias.com\/labravaradiofm\/2025\/11\/12\/ejecutan-la-operacion-sable-en-corredor-interoceanico\/"},"modified":"2025-11-12T08:40:22","modified_gmt":"2025-11-12T14:40:22","slug":"ejecutan-la-operacion-sable-en-corredor-interoceanico","status":"publish","type":"post","link":"https:\/\/www.bbmnoticias.com\/labravaradiofm\/2025\/11\/12\/ejecutan-la-operacion-sable-en-corredor-interoceanico\/","title":{"rendered":"Ejecutan la operaci\u00f3n Sable en Corredor Interoce\u00e1nico"},"content":{"rendered":"<div style=\"margin-top: 0px; margin-bottom: 0px;\" class=\"sharethis-inline-share-buttons\" ><\/div>\n<p>La <strong>Marina Armada de M\u00e9xico<\/strong>despleg\u00f3 el<strong> operativo Sable <\/strong>contra la organizaci\u00f3n criminal<strong> Los Cromo<\/strong>, que busca apoderarse de uno de los polos de desarrollo que impulsa la <strong>presidenta Claudia Sheinbaum<\/strong>, el Corredor Interoce\u00e1nico del istmo de Tehuantepec, que conecta al <strong>oc\u00e9ano Pac\u00edfico <\/strong>con el <strong>Atl\u00e1ntico<\/strong>.<\/p>\n\n\n\n<p>La dependencia debilit\u00f3 la estructura de <strong>Los Cromo<\/strong>, un grupo delictivo asociado al C\u00e1rtel Jalisco Nueva Generaci\u00f3n (<strong>CJNG<\/strong>), que busca el control del <strong>narcomenudeo<\/strong>, tr\u00e1fico de personas, de droga y de armas en esta estrat\u00e9gica regi\u00f3n, adem\u00e1s del <strong>robo <\/strong>y <strong>venta ilegal de hidrocarburos<\/strong> y <strong>extorsi\u00f3n al comercio <\/strong>y empresariado local, con los grupos comandados por <strong>Cheturo <\/strong>y<strong> Los Ter\u00e1n<\/strong>, con posibles alianzas con el<strong> C\u00e1rtel de Sinaloa.<\/strong><\/p>\n\n\n\n<p>A trav\u00e9s de la Operaci\u00f3n Sable, la Unidad de Operaciones Especiales de la Armada ha detenido a 53 integrantes del grupo criminal, junto a la Fiscal\u00eda General de Justicia (<strong>FGJ<\/strong>) y la Agencia de Investigaci\u00f3n Criminal (<strong>AIC<\/strong>) de Oaxaca, desmantel\u00e1ndolo al grado de registrar ahora actividades marginales en la regi\u00f3n entre Veracruz y Oaxaca, refiere un <strong>reporte del gabinete de seguridad. <\/strong>Se trata de operadores de segundo, tercer y cuarto niveles de Iv\u00e1n S\u00e1nchez Santiago, Cromo, l\u00edder de<strong> Los Cromo<\/strong> y jefe de plaza del <strong>CJNG <\/strong>en el istmo de Tehuantepec, que sigue en la mira de la <strong>Marina<\/strong>.<\/p>\n\n\n\n<p>Seg\u00fan el informe, entre los detenidos m\u00e1s importantes se encuentran Pedro Antonio Tonche Vel\u00e1zquez, Tonche, jefe de plaza de Los Cromo en Juchit\u00e1n; Jorge Humberto Monta\u00f1o Carrasco, Koki, sucesor de Tonche y segun- do al mando de Cromo; Francisco D\u00edaz Sarabia, Chicupe, jefe de seguridad en Xadani de Cromo; Cristian Antonio V\u00e1zquez V\u00e1zquez, La Parka, jefe de sicarios de alias Cromo; Mariano Reyes Santiago, Veterinario, encargado de <strong>extorsiones <\/strong>en Juchit\u00e1n; Jafet Guzm\u00e1n G\u00f3mez, Comandante 08, jefe de plaza en Ixtepec, y Jorge L\u00f3pez Guerra (a) Guerra, colaborador de Iv\u00e1n S\u00e1nchez Santiago, Cromo, quien coaccionaba a <strong>ganaderos locales<\/strong>.<\/p>\n\n\n\n<p>Tambi\u00e9n fue detenido Enri David L\u00f3pez Morales, un desertor del <strong>Ej\u00e9rcito Mexicano <\/strong>encargado de la distribuci\u00f3n de drogas al <strong>narcomenudeo <\/strong>y recolector del dinero del cobro de piso en Juchit\u00e1n de Zaragoza y La Ventosa, <strong>Oaxaca<\/strong>.<\/p>\n\n\n\n<p>La <strong>Marina <\/strong>y la<strong> Fiscal\u00eda General de Justicia de Oaxaca <\/strong>identifican a S\u00e1nchez Santiago, Cromo, como uno de los principales generadores de violencia en el municipio de Juchit\u00e1n de Zaragoza, quien opera bajo las \u00f3rdenes de Rafael de Jes\u00fas \u00c1lvarez Palma, Fallo o Comandante Renco, presunto l\u00edder del <strong>C\u00e1rtel del Renco,<\/strong> la banda criminal que azota el istmo de Tehuantepec, una regi\u00f3n que resulta estrat\u00e9gica por las<strong> operaciones comerciales <\/strong>del Corredor Interoce\u00e1nico. Sus principales colaboradores son Yesenia S\u00e1nchez Santiago, su hermana; Jos\u00e9 Luis Pineda Mart\u00ednez, Pora; Marco Antonio Hern\u00e1ndez Ram\u00edrez, Marcos K; Fernando Enrique Ferra Luis, Ferrita; Melchor Rogelio R\u00edos Contreras, Melchor; Vicente de la Cruz Mart\u00ednez, Chente Gato; Jos\u00e9 Armando Santiago Ortiz, Mand\u00edn; Jos\u00e9 Guadalupe Santiago Ortiz, Pepe; Bersain Ortiz Mart\u00ednez; Gerardo Antonio Rodr\u00edguez (a) Charal.<\/p>\n\n\n\n<p>Las <strong>operaciones navales <\/strong>y de las <strong>autoridades estatales <\/strong>han derivado asimismo en la captura de Jos\u00e9 Carmen Fregoso Mart\u00ednez, Comandante Jaguar, identificado como principal generador de <strong>violencia <\/strong>en el municipio de Mat\u00edas Romero y jefe de plaza af\u00edn al <strong>CJNG<\/strong>; Juan Benito Tl\u00e1loc Gonz\u00e1lez Espinoza, Tl\u00e1loc, l\u00edder huachicolero en el Istmo de Tehuantepec, y Armando P\u00e9rez de la Rosa, vinculado al C\u00e1rtel de Sinaloa. As\u00ed como de Juan Bernardo Hermenegildo Gonz\u00e1lez, Don Juan relacionado al tr\u00e1fico de drogas sint\u00e9ticas y colaborador del <strong>C\u00e1rtel de Sinaloa<\/strong> en Tapachula, Chiapas.<\/p>\n\n\n\n<p>Con informaci\u00f3n de El Universal<\/p>\n","protected":false},"excerpt":{"rendered":"<p>La Marina Armada de M\u00e9xicodespleg\u00f3 el operativo Sable contra la organizaci\u00f3n criminal Los Cromo, que busca apoderarse de uno de los polos de desarrollo que impulsa la presidenta Claudia Sheinbaum, el Corredor Interoce\u00e1nico del istmo de Tehuantepec, que conecta al oc\u00e9ano Pac\u00edfico con el Atl\u00e1ntico. La dependencia debilit\u00f3 la estructura de Los Cromo, un grupo [&hellip;]<\/p>\n","protected":false},"author":4,"featured_media":69697,"comment_status":"closed","ping_status":"","sticky":false,"template":"","format":"standard","meta":{"footnotes":""},"categories":[2],"tags":[],"class_list":{"0":"post-69695","1":"post","2":"type-post","3":"status-publish","4":"format-standard","5":"has-post-thumbnail","7":"category-oaxaca"},"yoast_head":"<!-- This site is optimized with the Yoast SEO plugin v27.4 - https:\/\/yoast.com\/product\/yoast-seo-wordpress\/ -->\n<title>Ejecutan la operaci\u00f3n Sable en Corredor Interoce\u00e1nico - LA BRAVA RADIO<\/title>\n<meta name=\"robots\" content=\"index, follow, max-snippet:-1, max-image-preview:large, max-video-preview:-1\" \/>\n<link rel=\"canonical\" href=\"https:\/\/www.bbmnoticias.com\/ejecutan-la-operacion-sable-en-corredor-interoceanico\/\" \/>\n<meta property=\"og:locale\" content=\"es_MX\" \/>\n<meta property=\"og:type\" content=\"article\" \/>\n<meta property=\"og:title\" content=\"Ejecutan la operaci\u00f3n Sable en Corredor Interoce\u00e1nico - LA BRAVA RADIO\" \/>\n<meta property=\"og:description\" content=\"La Marina Armada de M\u00e9xicodespleg\u00f3 el operativo Sable contra la organizaci\u00f3n criminal Los Cromo, que busca apoderarse de uno de los polos de desarrollo que impulsa la presidenta Claudia Sheinbaum, el Corredor Interoce\u00e1nico del istmo de Tehuantepec, que conecta al oc\u00e9ano Pac\u00edfico con el Atl\u00e1ntico. La dependencia debilit\u00f3 la estructura de Los Cromo, un grupo [&hellip;]\" \/>\n<meta property=\"og:url\" content=\"https:\/\/www.bbmnoticias.com\/ejecutan-la-operacion-sable-en-corredor-interoceanico\/\" \/>\n<meta property=\"og:site_name\" content=\"LA BRAVA RADIO\" \/>\n<meta property=\"article:published_time\" content=\"2025-11-12T14:11:15+00:00\" \/>\n<meta property=\"article:modified_time\" content=\"2025-11-12T14:40:22+00:00\" \/>\n<meta property=\"og:image\" content=\"https:\/\/www.bbmnoticias.com\/labravaradiofm\/wp-content\/uploads\/sites\/5\/2025\/11\/operacion_sable_oaxaca.jpg\" \/>\n\t<meta property=\"og:image:width\" content=\"900\" \/>\n\t<meta property=\"og:image:height\" content=\"545\" \/>\n\t<meta property=\"og:image:type\" content=\"image\/jpeg\" \/>\n<meta name=\"author\" content=\"Agencias\" \/>\n<meta name=\"twitter:card\" content=\"summary_large_image\" \/>\n<meta name=\"twitter:label1\" content=\"Escrito por\" \/>\n\t<meta name=\"twitter:data1\" content=\"Agencias\" \/>\n\t<meta name=\"twitter:label2\" content=\"Tiempo de lectura\" \/>\n\t<meta name=\"twitter:data2\" content=\"3 minutos\" \/>\n<script type=\"application\/ld+json\" class=\"yoast-schema-graph\">{\"@context\":\"https:\\\/\\\/schema.org\",\"@graph\":[{\"@type\":\"Article\",\"@id\":\"https:\\\/\\\/www.bbmnoticias.com\\\/ejecutan-la-operacion-sable-en-corredor-interoceanico\\\/#article\",\"isPartOf\":{\"@id\":\"https:\\\/\\\/www.bbmnoticias.com\\\/labravaradiofm\\\/2025\\\/11\\\/12\\\/ejecutan-la-operacion-sable-en-corredor-interoceanico\\\/\"},\"author\":{\"name\":\"Agencias\",\"@id\":\"https:\\\/\\\/www.bbmnoticias.com\\\/labravaradiofm\\\/#\\\/schema\\\/person\\\/857a3daf5c8142f29919023f377fbfad\"},\"headline\":\"Ejecutan la operaci\u00f3n Sable en Corredor Interoce\u00e1nico\",\"datePublished\":\"2025-11-12T14:11:15+00:00\",\"dateModified\":\"2025-11-12T14:40:22+00:00\",\"mainEntityOfPage\":{\"@id\":\"https:\\\/\\\/www.bbmnoticias.com\\\/labravaradiofm\\\/2025\\\/11\\\/12\\\/ejecutan-la-operacion-sable-en-corredor-interoceanico\\\/\"},\"wordCount\":647,\"image\":{\"@id\":\"https:\\\/\\\/www.bbmnoticias.com\\\/ejecutan-la-operacion-sable-en-corredor-interoceanico\\\/#primaryimage\"},\"thumbnailUrl\":\"https:\\\/\\\/www.bbmnoticias.com\\\/labravaradiofm\\\/wp-content\\\/uploads\\\/sites\\\/5\\\/2025\\\/11\\\/operacion_sable_oaxaca.jpg\",\"articleSection\":[\"LOCAL\"],\"inLanguage\":\"es\"},{\"@type\":\"WebPage\",\"@id\":\"https:\\\/\\\/www.bbmnoticias.com\\\/labravaradiofm\\\/2025\\\/11\\\/12\\\/ejecutan-la-operacion-sable-en-corredor-interoceanico\\\/\",\"url\":\"https:\\\/\\\/www.bbmnoticias.com\\\/ejecutan-la-operacion-sable-en-corredor-interoceanico\\\/\",\"name\":\"Ejecutan la operaci\u00f3n Sable en Corredor Interoce\u00e1nico - LA BRAVA RADIO\",\"isPartOf\":{\"@id\":\"https:\\\/\\\/www.bbmnoticias.com\\\/labravaradiofm\\\/#website\"},\"primaryImageOfPage\":{\"@id\":\"https:\\\/\\\/www.bbmnoticias.com\\\/ejecutan-la-operacion-sable-en-corredor-interoceanico\\\/#primaryimage\"},\"image\":{\"@id\":\"https:\\\/\\\/www.bbmnoticias.com\\\/ejecutan-la-operacion-sable-en-corredor-interoceanico\\\/#primaryimage\"},\"thumbnailUrl\":\"https:\\\/\\\/www.bbmnoticias.com\\\/labravaradiofm\\\/wp-content\\\/uploads\\\/sites\\\/5\\\/2025\\\/11\\\/operacion_sable_oaxaca.jpg\",\"datePublished\":\"2025-11-12T14:11:15+00:00\",\"dateModified\":\"2025-11-12T14:40:22+00:00\",\"author\":{\"@id\":\"https:\\\/\\\/www.bbmnoticias.com\\\/labravaradiofm\\\/#\\\/schema\\\/person\\\/857a3daf5c8142f29919023f377fbfad\"},\"breadcrumb\":{\"@id\":\"https:\\\/\\\/www.bbmnoticias.com\\\/ejecutan-la-operacion-sable-en-corredor-interoceanico\\\/#breadcrumb\"},\"inLanguage\":\"es\",\"potentialAction\":[{\"@type\":\"ReadAction\",\"target\":[\"https:\\\/\\\/www.bbmnoticias.com\\\/ejecutan-la-operacion-sable-en-corredor-interoceanico\\\/\"]}]},{\"@type\":\"ImageObject\",\"inLanguage\":\"es\",\"@id\":\"https:\\\/\\\/www.bbmnoticias.com\\\/ejecutan-la-operacion-sable-en-corredor-interoceanico\\\/#primaryimage\",\"url\":\"https:\\\/\\\/www.bbmnoticias.com\\\/labravaradiofm\\\/wp-content\\\/uploads\\\/sites\\\/5\\\/2025\\\/11\\\/operacion_sable_oaxaca.jpg\",\"contentUrl\":\"https:\\\/\\\/www.bbmnoticias.com\\\/labravaradiofm\\\/wp-content\\\/uploads\\\/sites\\\/5\\\/2025\\\/11\\\/operacion_sable_oaxaca.jpg\",\"width\":900,\"height\":545},{\"@type\":\"BreadcrumbList\",\"@id\":\"https:\\\/\\\/www.bbmnoticias.com\\\/ejecutan-la-operacion-sable-en-corredor-interoceanico\\\/#breadcrumb\",\"itemListElement\":[{\"@type\":\"ListItem\",\"position\":1,\"name\":\"Inicio\",\"item\":\"https:\\\/\\\/www.bbmnoticias.com\\\/labravaradiofm\\\/\"},{\"@type\":\"ListItem\",\"position\":2,\"name\":\"Ejecutan la operaci\u00f3n Sable en Corredor Interoce\u00e1nico\"}]},{\"@type\":\"WebSite\",\"@id\":\"https:\\\/\\\/www.bbmnoticias.com\\\/labravaradiofm\\\/#website\",\"url\":\"https:\\\/\\\/www.bbmnoticias.com\\\/labravaradiofm\\\/\",\"name\":\"LA BRAVA RADIO\",\"description\":\"Empresa productora de medios, Radiodifusi\u00f3n, Noticias, tendencias y todo lo que necesitas saber de la pol\u00edtica mexicana e internacional; entretenimiento, espect\u00e1culos, salud y mucho m\u00e1s.\",\"potentialAction\":[{\"@type\":\"SearchAction\",\"target\":{\"@type\":\"EntryPoint\",\"urlTemplate\":\"https:\\\/\\\/www.bbmnoticias.com\\\/labravaradiofm\\\/?s={search_term_string}\"},\"query-input\":{\"@type\":\"PropertyValueSpecification\",\"valueRequired\":true,\"valueName\":\"search_term_string\"}}],\"inLanguage\":\"es\"},{\"@type\":\"Person\",\"@id\":\"https:\\\/\\\/www.bbmnoticias.com\\\/labravaradiofm\\\/#\\\/schema\\\/person\\\/857a3daf5c8142f29919023f377fbfad\",\"name\":\"Agencias\",\"image\":{\"@type\":\"ImageObject\",\"inLanguage\":\"es\",\"@id\":\"https:\\\/\\\/secure.gravatar.com\\\/avatar\\\/739e0b61adf9e398b425c36718c8752286da0e8cd90f20ce9a86678abc26aa0d?s=96&d=mm&r=g\",\"url\":\"https:\\\/\\\/secure.gravatar.com\\\/avatar\\\/739e0b61adf9e398b425c36718c8752286da0e8cd90f20ce9a86678abc26aa0d?s=96&d=mm&r=g\",\"contentUrl\":\"https:\\\/\\\/secure.gravatar.com\\\/avatar\\\/739e0b61adf9e398b425c36718c8752286da0e8cd90f20ce9a86678abc26aa0d?s=96&d=mm&r=g\",\"caption\":\"Agencias\"},\"url\":\"https:\\\/\\\/www.bbmnoticias.com\\\/labravaradiofm\\\/author\\\/agencias\\\/\"}]}<\/script>\n<!-- \/ Yoast SEO plugin. -->","yoast_head_json":{"title":"Ejecutan la operaci\u00f3n Sable en Corredor Interoce\u00e1nico - LA BRAVA RADIO","robots":{"index":"index","follow":"follow","max-snippet":"max-snippet:-1","max-image-preview":"max-image-preview:large","max-video-preview":"max-video-preview:-1"},"canonical":"https:\/\/www.bbmnoticias.com\/ejecutan-la-operacion-sable-en-corredor-interoceanico\/","og_locale":"es_MX","og_type":"article","og_title":"Ejecutan la operaci\u00f3n Sable en Corredor Interoce\u00e1nico - LA BRAVA RADIO","og_description":"La Marina Armada de M\u00e9xicodespleg\u00f3 el operativo Sable contra la organizaci\u00f3n criminal Los Cromo, que busca apoderarse de uno de los polos de desarrollo que impulsa la presidenta Claudia Sheinbaum, el Corredor Interoce\u00e1nico del istmo de Tehuantepec, que conecta al oc\u00e9ano Pac\u00edfico con el Atl\u00e1ntico. La dependencia debilit\u00f3 la estructura de Los Cromo, un grupo [&hellip;]","og_url":"https:\/\/www.bbmnoticias.com\/ejecutan-la-operacion-sable-en-corredor-interoceanico\/","og_site_name":"LA BRAVA RADIO","article_published_time":"2025-11-12T14:11:15+00:00","article_modified_time":"2025-11-12T14:40:22+00:00","og_image":[{"width":900,"height":545,"url":"https:\/\/www.bbmnoticias.com\/labravaradiofm\/wp-content\/uploads\/sites\/5\/2025\/11\/operacion_sable_oaxaca.jpg","type":"image\/jpeg"}],"author":"Agencias","twitter_card":"summary_large_image","twitter_misc":{"Escrito por":"Agencias","Tiempo de lectura":"3 minutos"},"schema":{"@context":"https:\/\/schema.org","@graph":[{"@type":"Article","@id":"https:\/\/www.bbmnoticias.com\/ejecutan-la-operacion-sable-en-corredor-interoceanico\/#article","isPartOf":{"@id":"https:\/\/www.bbmnoticias.com\/labravaradiofm\/2025\/11\/12\/ejecutan-la-operacion-sable-en-corredor-interoceanico\/"},"author":{"name":"Agencias","@id":"https:\/\/www.bbmnoticias.com\/labravaradiofm\/#\/schema\/person\/857a3daf5c8142f29919023f377fbfad"},"headline":"Ejecutan la operaci\u00f3n Sable en Corredor Interoce\u00e1nico","datePublished":"2025-11-12T14:11:15+00:00","dateModified":"2025-11-12T14:40:22+00:00","mainEntityOfPage":{"@id":"https:\/\/www.bbmnoticias.com\/labravaradiofm\/2025\/11\/12\/ejecutan-la-operacion-sable-en-corredor-interoceanico\/"},"wordCount":647,"image":{"@id":"https:\/\/www.bbmnoticias.com\/ejecutan-la-operacion-sable-en-corredor-interoceanico\/#primaryimage"},"thumbnailUrl":"https:\/\/www.bbmnoticias.com\/labravaradiofm\/wp-content\/uploads\/sites\/5\/2025\/11\/operacion_sable_oaxaca.jpg","articleSection":["LOCAL"],"inLanguage":"es"},{"@type":"WebPage","@id":"https:\/\/www.bbmnoticias.com\/labravaradiofm\/2025\/11\/12\/ejecutan-la-operacion-sable-en-corredor-interoceanico\/","url":"https:\/\/www.bbmnoticias.com\/ejecutan-la-operacion-sable-en-corredor-interoceanico\/","name":"Ejecutan la operaci\u00f3n Sable en Corredor Interoce\u00e1nico - LA BRAVA RADIO","isPartOf":{"@id":"https:\/\/www.bbmnoticias.com\/labravaradiofm\/#website"},"primaryImageOfPage":{"@id":"https:\/\/www.bbmnoticias.com\/ejecutan-la-operacion-sable-en-corredor-interoceanico\/#primaryimage"},"image":{"@id":"https:\/\/www.bbmnoticias.com\/ejecutan-la-operacion-sable-en-corredor-interoceanico\/#primaryimage"},"thumbnailUrl":"https:\/\/www.bbmnoticias.com\/labravaradiofm\/wp-content\/uploads\/sites\/5\/2025\/11\/operacion_sable_oaxaca.jpg","datePublished":"2025-11-12T14:11:15+00:00","dateModified":"2025-11-12T14:40:22+00:00","author":{"@id":"https:\/\/www.bbmnoticias.com\/labravaradiofm\/#\/schema\/person\/857a3daf5c8142f29919023f377fbfad"},"breadcrumb":{"@id":"https:\/\/www.bbmnoticias.com\/ejecutan-la-operacion-sable-en-corredor-interoceanico\/#breadcrumb"},"inLanguage":"es","potentialAction":[{"@type":"ReadAction","target":["https:\/\/www.bbmnoticias.com\/ejecutan-la-operacion-sable-en-corredor-interoceanico\/"]}]},{"@type":"ImageObject","inLanguage":"es","@id":"https:\/\/www.bbmnoticias.com\/ejecutan-la-operacion-sable-en-corredor-interoceanico\/#primaryimage","url":"https:\/\/www.bbmnoticias.com\/labravaradiofm\/wp-content\/uploads\/sites\/5\/2025\/11\/operacion_sable_oaxaca.jpg","contentUrl":"https:\/\/www.bbmnoticias.com\/labravaradiofm\/wp-content\/uploads\/sites\/5\/2025\/11\/operacion_sable_oaxaca.jpg","width":900,"height":545},{"@type":"BreadcrumbList","@id":"https:\/\/www.bbmnoticias.com\/ejecutan-la-operacion-sable-en-corredor-interoceanico\/#breadcrumb","itemListElement":[{"@type":"ListItem","position":1,"name":"Inicio","item":"https:\/\/www.bbmnoticias.com\/labravaradiofm\/"},{"@type":"ListItem","position":2,"name":"Ejecutan la operaci\u00f3n Sable en Corredor Interoce\u00e1nico"}]},{"@type":"WebSite","@id":"https:\/\/www.bbmnoticias.com\/labravaradiofm\/#website","url":"https:\/\/www.bbmnoticias.com\/labravaradiofm\/","name":"LA BRAVA RADIO","description":"Empresa productora de medios, Radiodifusi\u00f3n, Noticias, tendencias y todo lo que necesitas saber de la pol\u00edtica mexicana e internacional; entretenimiento, espect\u00e1culos, salud y mucho m\u00e1s.","potentialAction":[{"@type":"SearchAction","target":{"@type":"EntryPoint","urlTemplate":"https:\/\/www.bbmnoticias.com\/labravaradiofm\/?s={search_term_string}"},"query-input":{"@type":"PropertyValueSpecification","valueRequired":true,"valueName":"search_term_string"}}],"inLanguage":"es"},{"@type":"Person","@id":"https:\/\/www.bbmnoticias.com\/labravaradiofm\/#\/schema\/person\/857a3daf5c8142f29919023f377fbfad","name":"Agencias","image":{"@type":"ImageObject","inLanguage":"es","@id":"https:\/\/secure.gravatar.com\/avatar\/739e0b61adf9e398b425c36718c8752286da0e8cd90f20ce9a86678abc26aa0d?s=96&d=mm&r=g","url":"https:\/\/secure.gravatar.com\/avatar\/739e0b61adf9e398b425c36718c8752286da0e8cd90f20ce9a86678abc26aa0d?s=96&d=mm&r=g","contentUrl":"https:\/\/secure.gravatar.com\/avatar\/739e0b61adf9e398b425c36718c8752286da0e8cd90f20ce9a86678abc26aa0d?s=96&d=mm&r=g","caption":"Agencias"},"url":"https:\/\/www.bbmnoticias.com\/labravaradiofm\/author\/agencias\/"}]}},"_links":{"self":[{"href":"https:\/\/www.bbmnoticias.com\/labravaradiofm\/wp-json\/wp\/v2\/posts\/69695","targetHints":{"allow":["GET"]}}],"collection":[{"href":"https:\/\/www.bbmnoticias.com\/labravaradiofm\/wp-json\/wp\/v2\/posts"}],"about":[{"href":"https:\/\/www.bbmnoticias.com\/labravaradiofm\/wp-json\/wp\/v2\/types\/post"}],"author":[{"embeddable":true,"href":"https:\/\/www.bbmnoticias.com\/labravaradiofm\/wp-json\/wp\/v2\/users\/4"}],"replies":[{"embeddable":true,"href":"https:\/\/www.bbmnoticias.com\/labravaradiofm\/wp-json\/wp\/v2\/comments?post=69695"}],"version-history":[{"count":0,"href":"https:\/\/www.bbmnoticias.com\/labravaradiofm\/wp-json\/wp\/v2\/posts\/69695\/revisions"}],"wp:featuredmedia":[{"embeddable":true,"href":"https:\/\/www.bbmnoticias.com\/labravaradiofm\/wp-json\/wp\/v2\/media\/69697"}],"wp:attachment":[{"href":"https:\/\/www.bbmnoticias.com\/labravaradiofm\/wp-json\/wp\/v2\/media?parent=69695"}],"wp:term":[{"taxonomy":"category","embeddable":true,"href":"https:\/\/www.bbmnoticias.com\/labravaradiofm\/wp-json\/wp\/v2\/categories?post=69695"},{"taxonomy":"post_tag","embeddable":true,"href":"https:\/\/www.bbmnoticias.com\/labravaradiofm\/wp-json\/wp\/v2\/tags?post=69695"}],"curies":[{"name":"wp","href":"https:\/\/api.w.org\/{rel}","templated":true}]}}