{"id":6967,"date":"2021-12-10T13:42:50","date_gmt":"2021-12-10T19:42:50","guid":{"rendered":"https:\/\/www.bbmnoticias.com\/labravaradiofm\/?p=6967"},"modified":"2021-12-10T13:42:51","modified_gmt":"2021-12-10T19:42:51","slug":"impulsa-secretaria-de-administracion-la-cultura-en-espacios-publicos","status":"publish","type":"post","link":"https:\/\/www.bbmnoticias.com\/labravaradiofm\/2021\/12\/10\/impulsa-secretaria-de-administracion-la-cultura-en-espacios-publicos\/","title":{"rendered":"Impulsa Secretar\u00eda de Administraci\u00f3n la cultura en espacios p\u00fablicos"},"content":{"rendered":"<div style=\"margin-top: 0px; margin-bottom: 0px;\" class=\"sharethis-inline-share-buttons\" ><\/div>\n<p><strong>Oaxaca de Ju\u00e1rez, Oax.-<\/strong> Por su historia y \u00e1reas que despiertan el folclor cultural, el parque Ciudad de las Canteras fue el escenario id\u00f3neo de la banda oaxaque\u00f1a Xiguiezz Jazz Band para celebrar su primer aniversario con un concierto digital.<\/p>\n\n\n\n<p>Al ritmo de bombos, platillos, tubas, trompetas, saxofones, trombones y guitarra, los integrantes del ensamble, originarios de Teotitl\u00e1n del Valle, interpretaron obras de Gordon Godwin, Sammy Nastico y de los compositores oaxaque\u00f1os Arodi Mart\u00ednez y Javier Peralta.<\/p>\n\n\n\n<p>En su presentaci\u00f3n de hora y media, Xiguiezz Jazz Band llen\u00f3 de magia y alegr\u00eda el Foro Central \u201cMu\u00f1oz Cota\u201d, tocando parte de los sonidos y sinfon\u00edas que ha compartido con su p\u00fablico durante un a\u00f1o en diversos escenarios de Oaxaca.<\/p>\n\n\n\n<p>Por su particularidad, el parque Ciudad de las Canteras permiti\u00f3 una atm\u00f3sfera envolvente, que hizo resaltar el festejo de los m\u00fasicos.<\/p>\n\n\n\n<p>Esta agrupaci\u00f3n surgi\u00f3 en diciembre del a\u00f1o pasado y se ha dedicado exclusivamente a la interpretaci\u00f3n de m\u00fasica de jazz y ritmos latinos, basado en autores internacionales y locales.<\/p>\n\n\n\n<p>De esta manera, la Secretar\u00eda de Administraci\u00f3n que dirige Jadsidy Citlalli L\u00f3pez Camiro, a trav\u00e9s de los espacios p\u00fablicos como Ciudad de las Canteras, promueve las diferentes expresiones art\u00edsticas en instalaciones modernas que pueden ser utilizadas de manera gratuita por la sociedad oaxaque\u00f1a.<\/p>\n","protected":false},"excerpt":{"rendered":"<p>Oaxaca de Ju\u00e1rez, Oax.- Por su historia y \u00e1reas que despiertan el folclor cultural, el parque Ciudad de las Canteras fue el escenario id\u00f3neo de la banda oaxaque\u00f1a Xiguiezz Jazz Band para celebrar su primer aniversario con un concierto digital. Al ritmo de bombos, platillos, tubas, trompetas, saxofones, trombones y guitarra, los integrantes del ensamble, [&hellip;]<\/p>\n","protected":false},"author":2,"featured_media":6968,"comment_status":"closed","ping_status":"closed","sticky":false,"template":"","format":"standard","meta":{"footnotes":""},"categories":[2],"tags":[],"class_list":{"0":"post-6967","1":"post","2":"type-post","3":"status-publish","4":"format-standard","5":"has-post-thumbnail","7":"category-oaxaca"},"yoast_head":"<!-- This site is optimized with the Yoast SEO plugin v27.4 - https:\/\/yoast.com\/product\/yoast-seo-wordpress\/ -->\n<title>Impulsa Secretar\u00eda de Administraci\u00f3n la cultura en espacios p\u00fablicos - LA BRAVA RADIO<\/title>\n<meta name=\"robots\" content=\"index, follow, max-snippet:-1, max-image-preview:large, max-video-preview:-1\" \/>\n<link rel=\"canonical\" href=\"https:\/\/www.bbmnoticias.com\/labravaradiofm\/2021\/12\/10\/impulsa-secretaria-de-administracion-la-cultura-en-espacios-publicos\/\" \/>\n<meta property=\"og:locale\" content=\"es_MX\" \/>\n<meta property=\"og:type\" content=\"article\" \/>\n<meta property=\"og:title\" content=\"Impulsa Secretar\u00eda de Administraci\u00f3n la cultura en espacios p\u00fablicos - LA BRAVA RADIO\" \/>\n<meta property=\"og:description\" content=\"Oaxaca de Ju\u00e1rez, Oax.- Por su historia y \u00e1reas que despiertan el folclor cultural, el parque Ciudad de las Canteras fue el escenario id\u00f3neo de la banda oaxaque\u00f1a Xiguiezz Jazz Band para celebrar su primer aniversario con un concierto digital. Al ritmo de bombos, platillos, tubas, trompetas, saxofones, trombones y guitarra, los integrantes del ensamble, [&hellip;]\" \/>\n<meta property=\"og:url\" content=\"https:\/\/www.bbmnoticias.com\/labravaradiofm\/2021\/12\/10\/impulsa-secretaria-de-administracion-la-cultura-en-espacios-publicos\/\" \/>\n<meta property=\"og:site_name\" content=\"LA BRAVA RADIO\" \/>\n<meta property=\"article:published_time\" content=\"2021-12-10T19:42:50+00:00\" \/>\n<meta property=\"article:modified_time\" content=\"2021-12-10T19:42:51+00:00\" \/>\n<meta property=\"og:image\" content=\"https:\/\/www.bbmnoticias.com\/labravaradiofm\/wp-content\/uploads\/sites\/5\/2021\/12\/seculta-oaxaca.png\" \/>\n\t<meta property=\"og:image:width\" content=\"1280\" \/>\n\t<meta property=\"og:image:height\" content=\"720\" \/>\n\t<meta property=\"og:image:type\" content=\"image\/png\" \/>\n<meta name=\"author\" content=\"Staff\" \/>\n<meta name=\"twitter:card\" content=\"summary_large_image\" \/>\n<meta name=\"twitter:label1\" content=\"Escrito por\" \/>\n\t<meta name=\"twitter:data1\" content=\"Staff\" \/>\n\t<meta name=\"twitter:label2\" content=\"Tiempo de lectura\" \/>\n\t<meta name=\"twitter:data2\" content=\"1 minuto\" \/>\n<script type=\"application\/ld+json\" class=\"yoast-schema-graph\">{\"@context\":\"https:\\\/\\\/schema.org\",\"@graph\":[{\"@type\":\"Article\",\"@id\":\"https:\\\/\\\/www.bbmnoticias.com\\\/labravaradiofm\\\/2021\\\/12\\\/10\\\/impulsa-secretaria-de-administracion-la-cultura-en-espacios-publicos\\\/#article\",\"isPartOf\":{\"@id\":\"https:\\\/\\\/www.bbmnoticias.com\\\/labravaradiofm\\\/2021\\\/12\\\/10\\\/impulsa-secretaria-de-administracion-la-cultura-en-espacios-publicos\\\/\"},\"author\":{\"name\":\"Staff\",\"@id\":\"https:\\\/\\\/www.bbmnoticias.com\\\/labravaradiofm\\\/#\\\/schema\\\/person\\\/68a9e9036ef3c5b55aeb2b71dc8bab45\"},\"headline\":\"Impulsa Secretar\u00eda de Administraci\u00f3n la cultura en espacios p\u00fablicos\",\"datePublished\":\"2021-12-10T19:42:50+00:00\",\"dateModified\":\"2021-12-10T19:42:51+00:00\",\"mainEntityOfPage\":{\"@id\":\"https:\\\/\\\/www.bbmnoticias.com\\\/labravaradiofm\\\/2021\\\/12\\\/10\\\/impulsa-secretaria-de-administracion-la-cultura-en-espacios-publicos\\\/\"},\"wordCount\":249,\"image\":{\"@id\":\"https:\\\/\\\/www.bbmnoticias.com\\\/labravaradiofm\\\/2021\\\/12\\\/10\\\/impulsa-secretaria-de-administracion-la-cultura-en-espacios-publicos\\\/#primaryimage\"},\"thumbnailUrl\":\"https:\\\/\\\/www.bbmnoticias.com\\\/labravaradiofm\\\/wp-content\\\/uploads\\\/sites\\\/5\\\/2021\\\/12\\\/seculta-oaxaca.png\",\"articleSection\":[\"LOCAL\"],\"inLanguage\":\"es\"},{\"@type\":\"WebPage\",\"@id\":\"https:\\\/\\\/www.bbmnoticias.com\\\/labravaradiofm\\\/2021\\\/12\\\/10\\\/impulsa-secretaria-de-administracion-la-cultura-en-espacios-publicos\\\/\",\"url\":\"https:\\\/\\\/www.bbmnoticias.com\\\/labravaradiofm\\\/2021\\\/12\\\/10\\\/impulsa-secretaria-de-administracion-la-cultura-en-espacios-publicos\\\/\",\"name\":\"Impulsa Secretar\u00eda de Administraci\u00f3n la cultura en espacios p\u00fablicos - LA BRAVA RADIO\",\"isPartOf\":{\"@id\":\"https:\\\/\\\/www.bbmnoticias.com\\\/labravaradiofm\\\/#website\"},\"primaryImageOfPage\":{\"@id\":\"https:\\\/\\\/www.bbmnoticias.com\\\/labravaradiofm\\\/2021\\\/12\\\/10\\\/impulsa-secretaria-de-administracion-la-cultura-en-espacios-publicos\\\/#primaryimage\"},\"image\":{\"@id\":\"https:\\\/\\\/www.bbmnoticias.com\\\/labravaradiofm\\\/2021\\\/12\\\/10\\\/impulsa-secretaria-de-administracion-la-cultura-en-espacios-publicos\\\/#primaryimage\"},\"thumbnailUrl\":\"https:\\\/\\\/www.bbmnoticias.com\\\/labravaradiofm\\\/wp-content\\\/uploads\\\/sites\\\/5\\\/2021\\\/12\\\/seculta-oaxaca.png\",\"datePublished\":\"2021-12-10T19:42:50+00:00\",\"dateModified\":\"2021-12-10T19:42:51+00:00\",\"author\":{\"@id\":\"https:\\\/\\\/www.bbmnoticias.com\\\/labravaradiofm\\\/#\\\/schema\\\/person\\\/68a9e9036ef3c5b55aeb2b71dc8bab45\"},\"breadcrumb\":{\"@id\":\"https:\\\/\\\/www.bbmnoticias.com\\\/labravaradiofm\\\/2021\\\/12\\\/10\\\/impulsa-secretaria-de-administracion-la-cultura-en-espacios-publicos\\\/#breadcrumb\"},\"inLanguage\":\"es\",\"potentialAction\":[{\"@type\":\"ReadAction\",\"target\":[\"https:\\\/\\\/www.bbmnoticias.com\\\/labravaradiofm\\\/2021\\\/12\\\/10\\\/impulsa-secretaria-de-administracion-la-cultura-en-espacios-publicos\\\/\"]}]},{\"@type\":\"ImageObject\",\"inLanguage\":\"es\",\"@id\":\"https:\\\/\\\/www.bbmnoticias.com\\\/labravaradiofm\\\/2021\\\/12\\\/10\\\/impulsa-secretaria-de-administracion-la-cultura-en-espacios-publicos\\\/#primaryimage\",\"url\":\"https:\\\/\\\/www.bbmnoticias.com\\\/labravaradiofm\\\/wp-content\\\/uploads\\\/sites\\\/5\\\/2021\\\/12\\\/seculta-oaxaca.png\",\"contentUrl\":\"https:\\\/\\\/www.bbmnoticias.com\\\/labravaradiofm\\\/wp-content\\\/uploads\\\/sites\\\/5\\\/2021\\\/12\\\/seculta-oaxaca.png\",\"width\":1280,\"height\":720},{\"@type\":\"BreadcrumbList\",\"@id\":\"https:\\\/\\\/www.bbmnoticias.com\\\/labravaradiofm\\\/2021\\\/12\\\/10\\\/impulsa-secretaria-de-administracion-la-cultura-en-espacios-publicos\\\/#breadcrumb\",\"itemListElement\":[{\"@type\":\"ListItem\",\"position\":1,\"name\":\"Inicio\",\"item\":\"https:\\\/\\\/www.bbmnoticias.com\\\/labravaradiofm\\\/\"},{\"@type\":\"ListItem\",\"position\":2,\"name\":\"Impulsa Secretar\u00eda de Administraci\u00f3n la cultura en espacios p\u00fablicos\"}]},{\"@type\":\"WebSite\",\"@id\":\"https:\\\/\\\/www.bbmnoticias.com\\\/labravaradiofm\\\/#website\",\"url\":\"https:\\\/\\\/www.bbmnoticias.com\\\/labravaradiofm\\\/\",\"name\":\"LA BRAVA RADIO\",\"description\":\"Empresa productora de medios, Radiodifusi\u00f3n, Noticias, tendencias y todo lo que necesitas saber de la pol\u00edtica mexicana e internacional; entretenimiento, espect\u00e1culos, salud y mucho m\u00e1s.\",\"potentialAction\":[{\"@type\":\"SearchAction\",\"target\":{\"@type\":\"EntryPoint\",\"urlTemplate\":\"https:\\\/\\\/www.bbmnoticias.com\\\/labravaradiofm\\\/?s={search_term_string}\"},\"query-input\":{\"@type\":\"PropertyValueSpecification\",\"valueRequired\":true,\"valueName\":\"search_term_string\"}}],\"inLanguage\":\"es\"},{\"@type\":\"Person\",\"@id\":\"https:\\\/\\\/www.bbmnoticias.com\\\/labravaradiofm\\\/#\\\/schema\\\/person\\\/68a9e9036ef3c5b55aeb2b71dc8bab45\",\"name\":\"Staff\",\"image\":{\"@type\":\"ImageObject\",\"inLanguage\":\"es\",\"@id\":\"https:\\\/\\\/secure.gravatar.com\\\/avatar\\\/fdd21ad66fd8b98c407f9dee5b5e588cfe7f0d8579ec20fa6527cd59bab7f0f0?s=96&d=mm&r=g\",\"url\":\"https:\\\/\\\/secure.gravatar.com\\\/avatar\\\/fdd21ad66fd8b98c407f9dee5b5e588cfe7f0d8579ec20fa6527cd59bab7f0f0?s=96&d=mm&r=g\",\"contentUrl\":\"https:\\\/\\\/secure.gravatar.com\\\/avatar\\\/fdd21ad66fd8b98c407f9dee5b5e588cfe7f0d8579ec20fa6527cd59bab7f0f0?s=96&d=mm&r=g\",\"caption\":\"Staff\"},\"url\":\"https:\\\/\\\/www.bbmnoticias.com\\\/labravaradiofm\\\/author\\\/redaccion\\\/\"}]}<\/script>\n<!-- \/ Yoast SEO plugin. -->","yoast_head_json":{"title":"Impulsa Secretar\u00eda de Administraci\u00f3n la cultura en espacios p\u00fablicos - LA BRAVA RADIO","robots":{"index":"index","follow":"follow","max-snippet":"max-snippet:-1","max-image-preview":"max-image-preview:large","max-video-preview":"max-video-preview:-1"},"canonical":"https:\/\/www.bbmnoticias.com\/labravaradiofm\/2021\/12\/10\/impulsa-secretaria-de-administracion-la-cultura-en-espacios-publicos\/","og_locale":"es_MX","og_type":"article","og_title":"Impulsa Secretar\u00eda de Administraci\u00f3n la cultura en espacios p\u00fablicos - LA BRAVA RADIO","og_description":"Oaxaca de Ju\u00e1rez, Oax.- Por su historia y \u00e1reas que despiertan el folclor cultural, el parque Ciudad de las Canteras fue el escenario id\u00f3neo de la banda oaxaque\u00f1a Xiguiezz Jazz Band para celebrar su primer aniversario con un concierto digital. Al ritmo de bombos, platillos, tubas, trompetas, saxofones, trombones y guitarra, los integrantes del ensamble, [&hellip;]","og_url":"https:\/\/www.bbmnoticias.com\/labravaradiofm\/2021\/12\/10\/impulsa-secretaria-de-administracion-la-cultura-en-espacios-publicos\/","og_site_name":"LA BRAVA RADIO","article_published_time":"2021-12-10T19:42:50+00:00","article_modified_time":"2021-12-10T19:42:51+00:00","og_image":[{"width":1280,"height":720,"url":"https:\/\/www.bbmnoticias.com\/labravaradiofm\/wp-content\/uploads\/sites\/5\/2021\/12\/seculta-oaxaca.png","type":"image\/png"}],"author":"Staff","twitter_card":"summary_large_image","twitter_misc":{"Escrito por":"Staff","Tiempo de lectura":"1 minuto"},"schema":{"@context":"https:\/\/schema.org","@graph":[{"@type":"Article","@id":"https:\/\/www.bbmnoticias.com\/labravaradiofm\/2021\/12\/10\/impulsa-secretaria-de-administracion-la-cultura-en-espacios-publicos\/#article","isPartOf":{"@id":"https:\/\/www.bbmnoticias.com\/labravaradiofm\/2021\/12\/10\/impulsa-secretaria-de-administracion-la-cultura-en-espacios-publicos\/"},"author":{"name":"Staff","@id":"https:\/\/www.bbmnoticias.com\/labravaradiofm\/#\/schema\/person\/68a9e9036ef3c5b55aeb2b71dc8bab45"},"headline":"Impulsa Secretar\u00eda de Administraci\u00f3n la cultura en espacios p\u00fablicos","datePublished":"2021-12-10T19:42:50+00:00","dateModified":"2021-12-10T19:42:51+00:00","mainEntityOfPage":{"@id":"https:\/\/www.bbmnoticias.com\/labravaradiofm\/2021\/12\/10\/impulsa-secretaria-de-administracion-la-cultura-en-espacios-publicos\/"},"wordCount":249,"image":{"@id":"https:\/\/www.bbmnoticias.com\/labravaradiofm\/2021\/12\/10\/impulsa-secretaria-de-administracion-la-cultura-en-espacios-publicos\/#primaryimage"},"thumbnailUrl":"https:\/\/www.bbmnoticias.com\/labravaradiofm\/wp-content\/uploads\/sites\/5\/2021\/12\/seculta-oaxaca.png","articleSection":["LOCAL"],"inLanguage":"es"},{"@type":"WebPage","@id":"https:\/\/www.bbmnoticias.com\/labravaradiofm\/2021\/12\/10\/impulsa-secretaria-de-administracion-la-cultura-en-espacios-publicos\/","url":"https:\/\/www.bbmnoticias.com\/labravaradiofm\/2021\/12\/10\/impulsa-secretaria-de-administracion-la-cultura-en-espacios-publicos\/","name":"Impulsa Secretar\u00eda de Administraci\u00f3n la cultura en espacios p\u00fablicos - LA BRAVA RADIO","isPartOf":{"@id":"https:\/\/www.bbmnoticias.com\/labravaradiofm\/#website"},"primaryImageOfPage":{"@id":"https:\/\/www.bbmnoticias.com\/labravaradiofm\/2021\/12\/10\/impulsa-secretaria-de-administracion-la-cultura-en-espacios-publicos\/#primaryimage"},"image":{"@id":"https:\/\/www.bbmnoticias.com\/labravaradiofm\/2021\/12\/10\/impulsa-secretaria-de-administracion-la-cultura-en-espacios-publicos\/#primaryimage"},"thumbnailUrl":"https:\/\/www.bbmnoticias.com\/labravaradiofm\/wp-content\/uploads\/sites\/5\/2021\/12\/seculta-oaxaca.png","datePublished":"2021-12-10T19:42:50+00:00","dateModified":"2021-12-10T19:42:51+00:00","author":{"@id":"https:\/\/www.bbmnoticias.com\/labravaradiofm\/#\/schema\/person\/68a9e9036ef3c5b55aeb2b71dc8bab45"},"breadcrumb":{"@id":"https:\/\/www.bbmnoticias.com\/labravaradiofm\/2021\/12\/10\/impulsa-secretaria-de-administracion-la-cultura-en-espacios-publicos\/#breadcrumb"},"inLanguage":"es","potentialAction":[{"@type":"ReadAction","target":["https:\/\/www.bbmnoticias.com\/labravaradiofm\/2021\/12\/10\/impulsa-secretaria-de-administracion-la-cultura-en-espacios-publicos\/"]}]},{"@type":"ImageObject","inLanguage":"es","@id":"https:\/\/www.bbmnoticias.com\/labravaradiofm\/2021\/12\/10\/impulsa-secretaria-de-administracion-la-cultura-en-espacios-publicos\/#primaryimage","url":"https:\/\/www.bbmnoticias.com\/labravaradiofm\/wp-content\/uploads\/sites\/5\/2021\/12\/seculta-oaxaca.png","contentUrl":"https:\/\/www.bbmnoticias.com\/labravaradiofm\/wp-content\/uploads\/sites\/5\/2021\/12\/seculta-oaxaca.png","width":1280,"height":720},{"@type":"BreadcrumbList","@id":"https:\/\/www.bbmnoticias.com\/labravaradiofm\/2021\/12\/10\/impulsa-secretaria-de-administracion-la-cultura-en-espacios-publicos\/#breadcrumb","itemListElement":[{"@type":"ListItem","position":1,"name":"Inicio","item":"https:\/\/www.bbmnoticias.com\/labravaradiofm\/"},{"@type":"ListItem","position":2,"name":"Impulsa Secretar\u00eda de Administraci\u00f3n la cultura en espacios p\u00fablicos"}]},{"@type":"WebSite","@id":"https:\/\/www.bbmnoticias.com\/labravaradiofm\/#website","url":"https:\/\/www.bbmnoticias.com\/labravaradiofm\/","name":"LA BRAVA RADIO","description":"Empresa productora de medios, Radiodifusi\u00f3n, Noticias, tendencias y todo lo que necesitas saber de la pol\u00edtica mexicana e internacional; entretenimiento, espect\u00e1culos, salud y mucho m\u00e1s.","potentialAction":[{"@type":"SearchAction","target":{"@type":"EntryPoint","urlTemplate":"https:\/\/www.bbmnoticias.com\/labravaradiofm\/?s={search_term_string}"},"query-input":{"@type":"PropertyValueSpecification","valueRequired":true,"valueName":"search_term_string"}}],"inLanguage":"es"},{"@type":"Person","@id":"https:\/\/www.bbmnoticias.com\/labravaradiofm\/#\/schema\/person\/68a9e9036ef3c5b55aeb2b71dc8bab45","name":"Staff","image":{"@type":"ImageObject","inLanguage":"es","@id":"https:\/\/secure.gravatar.com\/avatar\/fdd21ad66fd8b98c407f9dee5b5e588cfe7f0d8579ec20fa6527cd59bab7f0f0?s=96&d=mm&r=g","url":"https:\/\/secure.gravatar.com\/avatar\/fdd21ad66fd8b98c407f9dee5b5e588cfe7f0d8579ec20fa6527cd59bab7f0f0?s=96&d=mm&r=g","contentUrl":"https:\/\/secure.gravatar.com\/avatar\/fdd21ad66fd8b98c407f9dee5b5e588cfe7f0d8579ec20fa6527cd59bab7f0f0?s=96&d=mm&r=g","caption":"Staff"},"url":"https:\/\/www.bbmnoticias.com\/labravaradiofm\/author\/redaccion\/"}]}},"_links":{"self":[{"href":"https:\/\/www.bbmnoticias.com\/labravaradiofm\/wp-json\/wp\/v2\/posts\/6967","targetHints":{"allow":["GET"]}}],"collection":[{"href":"https:\/\/www.bbmnoticias.com\/labravaradiofm\/wp-json\/wp\/v2\/posts"}],"about":[{"href":"https:\/\/www.bbmnoticias.com\/labravaradiofm\/wp-json\/wp\/v2\/types\/post"}],"author":[{"embeddable":true,"href":"https:\/\/www.bbmnoticias.com\/labravaradiofm\/wp-json\/wp\/v2\/users\/2"}],"replies":[{"embeddable":true,"href":"https:\/\/www.bbmnoticias.com\/labravaradiofm\/wp-json\/wp\/v2\/comments?post=6967"}],"version-history":[{"count":0,"href":"https:\/\/www.bbmnoticias.com\/labravaradiofm\/wp-json\/wp\/v2\/posts\/6967\/revisions"}],"wp:featuredmedia":[{"embeddable":true,"href":"https:\/\/www.bbmnoticias.com\/labravaradiofm\/wp-json\/wp\/v2\/media\/6968"}],"wp:attachment":[{"href":"https:\/\/www.bbmnoticias.com\/labravaradiofm\/wp-json\/wp\/v2\/media?parent=6967"}],"wp:term":[{"taxonomy":"category","embeddable":true,"href":"https:\/\/www.bbmnoticias.com\/labravaradiofm\/wp-json\/wp\/v2\/categories?post=6967"},{"taxonomy":"post_tag","embeddable":true,"href":"https:\/\/www.bbmnoticias.com\/labravaradiofm\/wp-json\/wp\/v2\/tags?post=6967"}],"curies":[{"name":"wp","href":"https:\/\/api.w.org\/{rel}","templated":true}]}}