{"id":69656,"date":"2025-11-11T12:37:43","date_gmt":"2025-11-11T18:37:43","guid":{"rendered":"https:\/\/www.bbmnoticias.com\/labravaradiofm\/2025\/11\/11\/gobierno-del-estado-amplia-red-del-binnibus-con-tres-nuevas-rutas-para-mejorar-la-movilidad-en-la-zona-metropolitana-de-oaxaca\/"},"modified":"2025-11-11T12:37:46","modified_gmt":"2025-11-11T18:37:46","slug":"gobierno-del-estado-amplia-red-del-binnibus-con-tres-nuevas-rutas-para-mejorar-la-movilidad-en-la-zona-metropolitana-de-oaxaca","status":"publish","type":"post","link":"https:\/\/www.bbmnoticias.com\/labravaradiofm\/2025\/11\/11\/gobierno-del-estado-amplia-red-del-binnibus-con-tres-nuevas-rutas-para-mejorar-la-movilidad-en-la-zona-metropolitana-de-oaxaca\/","title":{"rendered":"Gobierno del Estado ampl\u00eda red del BinniBus con tres nuevas rutas para mejorar la movilidad en la Zona Metropolitana de Oaxaca"},"content":{"rendered":"<div style=\"margin-top: 0px; margin-bottom: 0px;\" class=\"sharethis-inline-share-buttons\" ><\/div>\n<p>Oaxaca de Ju\u00e1rez, Oax. El Gobierno del Estado a trav\u00e9s del Sistema de Transporte Colectivo Metropolitano BinniBus, implementar\u00e1 a partir del lunes 17 de noviembre, tres nuevas rutas para garantizar una movilidad segura, eficiente y \u00e1gil en la ciudad capital y Zona Metropolitana.<\/p>\n\n\n\n<p>La directora del BinniBus Oaxaca, Karina G\u00f3mez Esteban destac\u00f3 que esta ampliaci\u00f3n atender\u00e1 la demanda de las 16 mil personas que, al d\u00eda, usan este medio de transporte y fortalecer\u00e1 la red existente.<\/p>\n\n\n\n<p>La primera l\u00ednea RC-11 M\u00e1\u0268\u00b2 (\u00c1guila) ofrecer\u00e1 servicio desde el M\u00f3dulo Azul hacia el Aeropuerto \u2013 La Raya, con un recorrido total de 22.79 kil\u00f3metros (ida y vuelta), operando de 6:00 a 22:00 horas, los siete d\u00edas de la semana, con cinco unidades en circulaci\u00f3n.<\/p>\n\n\n\n<p>El segundo recorrido RC-05 Xuujx (Instrumento de viento) conectar\u00e1 Viguera\u2013Los \u00c1ngeles con el Jard\u00edn Madero, cubriendo un trayecto de 20.11 kil\u00f3metros por circuito, con cuatro unidades en operaci\u00f3n, en un horario de 6:00 a 22:00 horas, de lunes a domingo.<\/p>\n\n\n\n<p>La tercera ruta RC-09 Moog (Casa Tradicional) recorrer\u00e1 26.83 kil\u00f3metros con siete unidades operativas desde la colonia Bugambilias hasta el fraccionamiento El Rosario, en el horario de 6:00 a 22:00 horas, de lunes a domingo.<\/p>\n\n\n\n<p>G\u00f3mez Esteban tambi\u00e9n asever\u00f3 que la Ruta Troncal Yuroo Viguera\u2013Yuroo Xoxocotl\u00e1n ha movilizado a 859 mil 21 personas usuarias, del 20 de septiembre al 10 de noviembre, con 23 unidades en operaci\u00f3n, que realizan en promedio cuatro recorridos diarios, beneficiando cada d\u00eda a m\u00e1s de 17 mil personas.<\/p>\n\n\n\n<p>Desde su puesta en marcha en 2023, el BinniBus ha registrado un incremento de m\u00e1s del 53 por ciento en el n\u00famero de pasajeros, resultado de la mejora continua en la planeaci\u00f3n, cobertura y calidad del servicio.<\/p>\n","protected":false},"excerpt":{"rendered":"<p>Oaxaca de Ju\u00e1rez, Oax. El Gobierno del Estado a trav\u00e9s del Sistema de Transporte Colectivo Metropolitano BinniBus, implementar\u00e1 a partir del lunes 17 de noviembre, tres nuevas rutas para garantizar una movilidad segura, eficiente y \u00e1gil en la ciudad capital y Zona Metropolitana. La directora del BinniBus Oaxaca, Karina G\u00f3mez Esteban destac\u00f3 que esta ampliaci\u00f3n [&hellip;]<\/p>\n","protected":false},"author":2,"featured_media":69658,"comment_status":"closed","ping_status":"","sticky":false,"template":"","format":"standard","meta":{"footnotes":""},"categories":[2],"tags":[],"class_list":{"0":"post-69656","1":"post","2":"type-post","3":"status-publish","4":"format-standard","5":"has-post-thumbnail","7":"category-oaxaca"},"yoast_head":"<!-- This site is optimized with the Yoast SEO plugin v27.4 - https:\/\/yoast.com\/product\/yoast-seo-wordpress\/ -->\n<title>Gobierno del Estado ampl\u00eda red del BinniBus con tres nuevas rutas para mejorar la movilidad en la Zona Metropolitana de Oaxaca - LA BRAVA RADIO<\/title>\n<meta name=\"robots\" content=\"index, follow, max-snippet:-1, max-image-preview:large, max-video-preview:-1\" \/>\n<link rel=\"canonical\" href=\"https:\/\/www.bbmnoticias.com\/gobierno-del-estado-amplia-red-del-binnibus-con-tres-nuevas-rutas-para-mejorar-la-movilidad-en-la-zona-metropolitana-de-oaxaca\/\" \/>\n<meta property=\"og:locale\" content=\"es_MX\" \/>\n<meta property=\"og:type\" content=\"article\" \/>\n<meta property=\"og:title\" content=\"Gobierno del Estado ampl\u00eda red del BinniBus con tres nuevas rutas para mejorar la movilidad en la Zona Metropolitana de Oaxaca - LA BRAVA RADIO\" \/>\n<meta property=\"og:description\" content=\"Oaxaca de Ju\u00e1rez, Oax. El Gobierno del Estado a trav\u00e9s del Sistema de Transporte Colectivo Metropolitano BinniBus, implementar\u00e1 a partir del lunes 17 de noviembre, tres nuevas rutas para garantizar una movilidad segura, eficiente y \u00e1gil en la ciudad capital y Zona Metropolitana. La directora del BinniBus Oaxaca, Karina G\u00f3mez Esteban destac\u00f3 que esta ampliaci\u00f3n [&hellip;]\" \/>\n<meta property=\"og:url\" content=\"https:\/\/www.bbmnoticias.com\/gobierno-del-estado-amplia-red-del-binnibus-con-tres-nuevas-rutas-para-mejorar-la-movilidad-en-la-zona-metropolitana-de-oaxaca\/\" \/>\n<meta property=\"og:site_name\" content=\"LA BRAVA RADIO\" \/>\n<meta property=\"article:published_time\" content=\"2025-11-11T18:37:43+00:00\" \/>\n<meta property=\"article:modified_time\" content=\"2025-11-11T18:37:46+00:00\" \/>\n<meta property=\"og:image\" content=\"https:\/\/www.bbmnoticias.com\/labravaradiofm\/wp-content\/uploads\/sites\/5\/2025\/11\/binnibus_oaxaca.jpg\" \/>\n\t<meta property=\"og:image:width\" content=\"800\" \/>\n\t<meta property=\"og:image:height\" content=\"450\" \/>\n\t<meta property=\"og:image:type\" content=\"image\/jpeg\" \/>\n<meta name=\"author\" content=\"Staff\" \/>\n<meta name=\"twitter:card\" content=\"summary_large_image\" \/>\n<meta name=\"twitter:label1\" content=\"Escrito por\" \/>\n\t<meta name=\"twitter:data1\" content=\"Staff\" \/>\n\t<meta name=\"twitter:label2\" content=\"Tiempo de lectura\" \/>\n\t<meta name=\"twitter:data2\" content=\"1 minuto\" \/>\n<script type=\"application\/ld+json\" class=\"yoast-schema-graph\">{\"@context\":\"https:\\\/\\\/schema.org\",\"@graph\":[{\"@type\":\"Article\",\"@id\":\"https:\\\/\\\/www.bbmnoticias.com\\\/gobierno-del-estado-amplia-red-del-binnibus-con-tres-nuevas-rutas-para-mejorar-la-movilidad-en-la-zona-metropolitana-de-oaxaca\\\/#article\",\"isPartOf\":{\"@id\":\"https:\\\/\\\/www.bbmnoticias.com\\\/labravaradiofm\\\/2025\\\/11\\\/11\\\/gobierno-del-estado-amplia-red-del-binnibus-con-tres-nuevas-rutas-para-mejorar-la-movilidad-en-la-zona-metropolitana-de-oaxaca\\\/\"},\"author\":{\"name\":\"Staff\",\"@id\":\"https:\\\/\\\/www.bbmnoticias.com\\\/labravaradiofm\\\/#\\\/schema\\\/person\\\/34b139c617a70ea5bef5678bffe4dd7b\"},\"headline\":\"Gobierno del Estado ampl\u00eda red del BinniBus con tres nuevas rutas para mejorar la movilidad en la Zona Metropolitana de Oaxaca\",\"datePublished\":\"2025-11-11T18:37:43+00:00\",\"dateModified\":\"2025-11-11T18:37:46+00:00\",\"mainEntityOfPage\":{\"@id\":\"https:\\\/\\\/www.bbmnoticias.com\\\/labravaradiofm\\\/2025\\\/11\\\/11\\\/gobierno-del-estado-amplia-red-del-binnibus-con-tres-nuevas-rutas-para-mejorar-la-movilidad-en-la-zona-metropolitana-de-oaxaca\\\/\"},\"wordCount\":308,\"image\":{\"@id\":\"https:\\\/\\\/www.bbmnoticias.com\\\/gobierno-del-estado-amplia-red-del-binnibus-con-tres-nuevas-rutas-para-mejorar-la-movilidad-en-la-zona-metropolitana-de-oaxaca\\\/#primaryimage\"},\"thumbnailUrl\":\"https:\\\/\\\/www.bbmnoticias.com\\\/labravaradiofm\\\/wp-content\\\/uploads\\\/sites\\\/5\\\/2025\\\/11\\\/binnibus_oaxaca.jpg\",\"articleSection\":[\"LOCAL\"],\"inLanguage\":\"es\"},{\"@type\":\"WebPage\",\"@id\":\"https:\\\/\\\/www.bbmnoticias.com\\\/labravaradiofm\\\/2025\\\/11\\\/11\\\/gobierno-del-estado-amplia-red-del-binnibus-con-tres-nuevas-rutas-para-mejorar-la-movilidad-en-la-zona-metropolitana-de-oaxaca\\\/\",\"url\":\"https:\\\/\\\/www.bbmnoticias.com\\\/gobierno-del-estado-amplia-red-del-binnibus-con-tres-nuevas-rutas-para-mejorar-la-movilidad-en-la-zona-metropolitana-de-oaxaca\\\/\",\"name\":\"Gobierno del Estado ampl\u00eda red del BinniBus con tres nuevas rutas para mejorar la movilidad en la Zona Metropolitana de Oaxaca - LA BRAVA RADIO\",\"isPartOf\":{\"@id\":\"https:\\\/\\\/www.bbmnoticias.com\\\/labravaradiofm\\\/#website\"},\"primaryImageOfPage\":{\"@id\":\"https:\\\/\\\/www.bbmnoticias.com\\\/gobierno-del-estado-amplia-red-del-binnibus-con-tres-nuevas-rutas-para-mejorar-la-movilidad-en-la-zona-metropolitana-de-oaxaca\\\/#primaryimage\"},\"image\":{\"@id\":\"https:\\\/\\\/www.bbmnoticias.com\\\/gobierno-del-estado-amplia-red-del-binnibus-con-tres-nuevas-rutas-para-mejorar-la-movilidad-en-la-zona-metropolitana-de-oaxaca\\\/#primaryimage\"},\"thumbnailUrl\":\"https:\\\/\\\/www.bbmnoticias.com\\\/labravaradiofm\\\/wp-content\\\/uploads\\\/sites\\\/5\\\/2025\\\/11\\\/binnibus_oaxaca.jpg\",\"datePublished\":\"2025-11-11T18:37:43+00:00\",\"dateModified\":\"2025-11-11T18:37:46+00:00\",\"author\":{\"@id\":\"https:\\\/\\\/www.bbmnoticias.com\\\/labravaradiofm\\\/#\\\/schema\\\/person\\\/34b139c617a70ea5bef5678bffe4dd7b\"},\"breadcrumb\":{\"@id\":\"https:\\\/\\\/www.bbmnoticias.com\\\/gobierno-del-estado-amplia-red-del-binnibus-con-tres-nuevas-rutas-para-mejorar-la-movilidad-en-la-zona-metropolitana-de-oaxaca\\\/#breadcrumb\"},\"inLanguage\":\"es\",\"potentialAction\":[{\"@type\":\"ReadAction\",\"target\":[\"https:\\\/\\\/www.bbmnoticias.com\\\/gobierno-del-estado-amplia-red-del-binnibus-con-tres-nuevas-rutas-para-mejorar-la-movilidad-en-la-zona-metropolitana-de-oaxaca\\\/\"]}]},{\"@type\":\"ImageObject\",\"inLanguage\":\"es\",\"@id\":\"https:\\\/\\\/www.bbmnoticias.com\\\/gobierno-del-estado-amplia-red-del-binnibus-con-tres-nuevas-rutas-para-mejorar-la-movilidad-en-la-zona-metropolitana-de-oaxaca\\\/#primaryimage\",\"url\":\"https:\\\/\\\/www.bbmnoticias.com\\\/labravaradiofm\\\/wp-content\\\/uploads\\\/sites\\\/5\\\/2025\\\/11\\\/binnibus_oaxaca.jpg\",\"contentUrl\":\"https:\\\/\\\/www.bbmnoticias.com\\\/labravaradiofm\\\/wp-content\\\/uploads\\\/sites\\\/5\\\/2025\\\/11\\\/binnibus_oaxaca.jpg\",\"width\":800,\"height\":450},{\"@type\":\"BreadcrumbList\",\"@id\":\"https:\\\/\\\/www.bbmnoticias.com\\\/gobierno-del-estado-amplia-red-del-binnibus-con-tres-nuevas-rutas-para-mejorar-la-movilidad-en-la-zona-metropolitana-de-oaxaca\\\/#breadcrumb\",\"itemListElement\":[{\"@type\":\"ListItem\",\"position\":1,\"name\":\"Inicio\",\"item\":\"https:\\\/\\\/www.bbmnoticias.com\\\/labravaradiofm\\\/\"},{\"@type\":\"ListItem\",\"position\":2,\"name\":\"Gobierno del Estado ampl\u00eda red del BinniBus con tres nuevas rutas para mejorar la movilidad en la Zona Metropolitana de Oaxaca\"}]},{\"@type\":\"WebSite\",\"@id\":\"https:\\\/\\\/www.bbmnoticias.com\\\/labravaradiofm\\\/#website\",\"url\":\"https:\\\/\\\/www.bbmnoticias.com\\\/labravaradiofm\\\/\",\"name\":\"LA BRAVA RADIO\",\"description\":\"Empresa productora de medios, Radiodifusi\u00f3n, Noticias, tendencias y todo lo que necesitas saber de la pol\u00edtica mexicana e internacional; entretenimiento, espect\u00e1culos, salud y mucho m\u00e1s.\",\"potentialAction\":[{\"@type\":\"SearchAction\",\"target\":{\"@type\":\"EntryPoint\",\"urlTemplate\":\"https:\\\/\\\/www.bbmnoticias.com\\\/labravaradiofm\\\/?s={search_term_string}\"},\"query-input\":{\"@type\":\"PropertyValueSpecification\",\"valueRequired\":true,\"valueName\":\"search_term_string\"}}],\"inLanguage\":\"es\"},{\"@type\":\"Person\",\"@id\":\"https:\\\/\\\/www.bbmnoticias.com\\\/labravaradiofm\\\/#\\\/schema\\\/person\\\/34b139c617a70ea5bef5678bffe4dd7b\",\"name\":\"Staff\",\"image\":{\"@type\":\"ImageObject\",\"inLanguage\":\"es\",\"@id\":\"https:\\\/\\\/secure.gravatar.com\\\/avatar\\\/fdd21ad66fd8b98c407f9dee5b5e588cfe7f0d8579ec20fa6527cd59bab7f0f0?s=96&d=mm&r=g\",\"url\":\"https:\\\/\\\/secure.gravatar.com\\\/avatar\\\/fdd21ad66fd8b98c407f9dee5b5e588cfe7f0d8579ec20fa6527cd59bab7f0f0?s=96&d=mm&r=g\",\"contentUrl\":\"https:\\\/\\\/secure.gravatar.com\\\/avatar\\\/fdd21ad66fd8b98c407f9dee5b5e588cfe7f0d8579ec20fa6527cd59bab7f0f0?s=96&d=mm&r=g\",\"caption\":\"Staff\"},\"url\":\"https:\\\/\\\/www.bbmnoticias.com\\\/labravaradiofm\\\/author\\\/redaccion\\\/\"}]}<\/script>\n<!-- \/ Yoast SEO plugin. -->","yoast_head_json":{"title":"Gobierno del Estado ampl\u00eda red del BinniBus con tres nuevas rutas para mejorar la movilidad en la Zona Metropolitana de Oaxaca - LA BRAVA RADIO","robots":{"index":"index","follow":"follow","max-snippet":"max-snippet:-1","max-image-preview":"max-image-preview:large","max-video-preview":"max-video-preview:-1"},"canonical":"https:\/\/www.bbmnoticias.com\/gobierno-del-estado-amplia-red-del-binnibus-con-tres-nuevas-rutas-para-mejorar-la-movilidad-en-la-zona-metropolitana-de-oaxaca\/","og_locale":"es_MX","og_type":"article","og_title":"Gobierno del Estado ampl\u00eda red del BinniBus con tres nuevas rutas para mejorar la movilidad en la Zona Metropolitana de Oaxaca - LA BRAVA RADIO","og_description":"Oaxaca de Ju\u00e1rez, Oax. El Gobierno del Estado a trav\u00e9s del Sistema de Transporte Colectivo Metropolitano BinniBus, implementar\u00e1 a partir del lunes 17 de noviembre, tres nuevas rutas para garantizar una movilidad segura, eficiente y \u00e1gil en la ciudad capital y Zona Metropolitana. La directora del BinniBus Oaxaca, Karina G\u00f3mez Esteban destac\u00f3 que esta ampliaci\u00f3n [&hellip;]","og_url":"https:\/\/www.bbmnoticias.com\/gobierno-del-estado-amplia-red-del-binnibus-con-tres-nuevas-rutas-para-mejorar-la-movilidad-en-la-zona-metropolitana-de-oaxaca\/","og_site_name":"LA BRAVA RADIO","article_published_time":"2025-11-11T18:37:43+00:00","article_modified_time":"2025-11-11T18:37:46+00:00","og_image":[{"width":800,"height":450,"url":"https:\/\/www.bbmnoticias.com\/labravaradiofm\/wp-content\/uploads\/sites\/5\/2025\/11\/binnibus_oaxaca.jpg","type":"image\/jpeg"}],"author":"Staff","twitter_card":"summary_large_image","twitter_misc":{"Escrito por":"Staff","Tiempo de lectura":"1 minuto"},"schema":{"@context":"https:\/\/schema.org","@graph":[{"@type":"Article","@id":"https:\/\/www.bbmnoticias.com\/gobierno-del-estado-amplia-red-del-binnibus-con-tres-nuevas-rutas-para-mejorar-la-movilidad-en-la-zona-metropolitana-de-oaxaca\/#article","isPartOf":{"@id":"https:\/\/www.bbmnoticias.com\/labravaradiofm\/2025\/11\/11\/gobierno-del-estado-amplia-red-del-binnibus-con-tres-nuevas-rutas-para-mejorar-la-movilidad-en-la-zona-metropolitana-de-oaxaca\/"},"author":{"name":"Staff","@id":"https:\/\/www.bbmnoticias.com\/labravaradiofm\/#\/schema\/person\/34b139c617a70ea5bef5678bffe4dd7b"},"headline":"Gobierno del Estado ampl\u00eda red del BinniBus con tres nuevas rutas para mejorar la movilidad en la Zona Metropolitana de Oaxaca","datePublished":"2025-11-11T18:37:43+00:00","dateModified":"2025-11-11T18:37:46+00:00","mainEntityOfPage":{"@id":"https:\/\/www.bbmnoticias.com\/labravaradiofm\/2025\/11\/11\/gobierno-del-estado-amplia-red-del-binnibus-con-tres-nuevas-rutas-para-mejorar-la-movilidad-en-la-zona-metropolitana-de-oaxaca\/"},"wordCount":308,"image":{"@id":"https:\/\/www.bbmnoticias.com\/gobierno-del-estado-amplia-red-del-binnibus-con-tres-nuevas-rutas-para-mejorar-la-movilidad-en-la-zona-metropolitana-de-oaxaca\/#primaryimage"},"thumbnailUrl":"https:\/\/www.bbmnoticias.com\/labravaradiofm\/wp-content\/uploads\/sites\/5\/2025\/11\/binnibus_oaxaca.jpg","articleSection":["LOCAL"],"inLanguage":"es"},{"@type":"WebPage","@id":"https:\/\/www.bbmnoticias.com\/labravaradiofm\/2025\/11\/11\/gobierno-del-estado-amplia-red-del-binnibus-con-tres-nuevas-rutas-para-mejorar-la-movilidad-en-la-zona-metropolitana-de-oaxaca\/","url":"https:\/\/www.bbmnoticias.com\/gobierno-del-estado-amplia-red-del-binnibus-con-tres-nuevas-rutas-para-mejorar-la-movilidad-en-la-zona-metropolitana-de-oaxaca\/","name":"Gobierno del Estado ampl\u00eda red del BinniBus con tres nuevas rutas para mejorar la movilidad en la Zona Metropolitana de Oaxaca - LA BRAVA RADIO","isPartOf":{"@id":"https:\/\/www.bbmnoticias.com\/labravaradiofm\/#website"},"primaryImageOfPage":{"@id":"https:\/\/www.bbmnoticias.com\/gobierno-del-estado-amplia-red-del-binnibus-con-tres-nuevas-rutas-para-mejorar-la-movilidad-en-la-zona-metropolitana-de-oaxaca\/#primaryimage"},"image":{"@id":"https:\/\/www.bbmnoticias.com\/gobierno-del-estado-amplia-red-del-binnibus-con-tres-nuevas-rutas-para-mejorar-la-movilidad-en-la-zona-metropolitana-de-oaxaca\/#primaryimage"},"thumbnailUrl":"https:\/\/www.bbmnoticias.com\/labravaradiofm\/wp-content\/uploads\/sites\/5\/2025\/11\/binnibus_oaxaca.jpg","datePublished":"2025-11-11T18:37:43+00:00","dateModified":"2025-11-11T18:37:46+00:00","author":{"@id":"https:\/\/www.bbmnoticias.com\/labravaradiofm\/#\/schema\/person\/34b139c617a70ea5bef5678bffe4dd7b"},"breadcrumb":{"@id":"https:\/\/www.bbmnoticias.com\/gobierno-del-estado-amplia-red-del-binnibus-con-tres-nuevas-rutas-para-mejorar-la-movilidad-en-la-zona-metropolitana-de-oaxaca\/#breadcrumb"},"inLanguage":"es","potentialAction":[{"@type":"ReadAction","target":["https:\/\/www.bbmnoticias.com\/gobierno-del-estado-amplia-red-del-binnibus-con-tres-nuevas-rutas-para-mejorar-la-movilidad-en-la-zona-metropolitana-de-oaxaca\/"]}]},{"@type":"ImageObject","inLanguage":"es","@id":"https:\/\/www.bbmnoticias.com\/gobierno-del-estado-amplia-red-del-binnibus-con-tres-nuevas-rutas-para-mejorar-la-movilidad-en-la-zona-metropolitana-de-oaxaca\/#primaryimage","url":"https:\/\/www.bbmnoticias.com\/labravaradiofm\/wp-content\/uploads\/sites\/5\/2025\/11\/binnibus_oaxaca.jpg","contentUrl":"https:\/\/www.bbmnoticias.com\/labravaradiofm\/wp-content\/uploads\/sites\/5\/2025\/11\/binnibus_oaxaca.jpg","width":800,"height":450},{"@type":"BreadcrumbList","@id":"https:\/\/www.bbmnoticias.com\/gobierno-del-estado-amplia-red-del-binnibus-con-tres-nuevas-rutas-para-mejorar-la-movilidad-en-la-zona-metropolitana-de-oaxaca\/#breadcrumb","itemListElement":[{"@type":"ListItem","position":1,"name":"Inicio","item":"https:\/\/www.bbmnoticias.com\/labravaradiofm\/"},{"@type":"ListItem","position":2,"name":"Gobierno del Estado ampl\u00eda red del BinniBus con tres nuevas rutas para mejorar la movilidad en la Zona Metropolitana de Oaxaca"}]},{"@type":"WebSite","@id":"https:\/\/www.bbmnoticias.com\/labravaradiofm\/#website","url":"https:\/\/www.bbmnoticias.com\/labravaradiofm\/","name":"LA BRAVA RADIO","description":"Empresa productora de medios, Radiodifusi\u00f3n, Noticias, tendencias y todo lo que necesitas saber de la pol\u00edtica mexicana e internacional; entretenimiento, espect\u00e1culos, salud y mucho m\u00e1s.","potentialAction":[{"@type":"SearchAction","target":{"@type":"EntryPoint","urlTemplate":"https:\/\/www.bbmnoticias.com\/labravaradiofm\/?s={search_term_string}"},"query-input":{"@type":"PropertyValueSpecification","valueRequired":true,"valueName":"search_term_string"}}],"inLanguage":"es"},{"@type":"Person","@id":"https:\/\/www.bbmnoticias.com\/labravaradiofm\/#\/schema\/person\/34b139c617a70ea5bef5678bffe4dd7b","name":"Staff","image":{"@type":"ImageObject","inLanguage":"es","@id":"https:\/\/secure.gravatar.com\/avatar\/fdd21ad66fd8b98c407f9dee5b5e588cfe7f0d8579ec20fa6527cd59bab7f0f0?s=96&d=mm&r=g","url":"https:\/\/secure.gravatar.com\/avatar\/fdd21ad66fd8b98c407f9dee5b5e588cfe7f0d8579ec20fa6527cd59bab7f0f0?s=96&d=mm&r=g","contentUrl":"https:\/\/secure.gravatar.com\/avatar\/fdd21ad66fd8b98c407f9dee5b5e588cfe7f0d8579ec20fa6527cd59bab7f0f0?s=96&d=mm&r=g","caption":"Staff"},"url":"https:\/\/www.bbmnoticias.com\/labravaradiofm\/author\/redaccion\/"}]}},"_links":{"self":[{"href":"https:\/\/www.bbmnoticias.com\/labravaradiofm\/wp-json\/wp\/v2\/posts\/69656","targetHints":{"allow":["GET"]}}],"collection":[{"href":"https:\/\/www.bbmnoticias.com\/labravaradiofm\/wp-json\/wp\/v2\/posts"}],"about":[{"href":"https:\/\/www.bbmnoticias.com\/labravaradiofm\/wp-json\/wp\/v2\/types\/post"}],"author":[{"embeddable":true,"href":"https:\/\/www.bbmnoticias.com\/labravaradiofm\/wp-json\/wp\/v2\/users\/2"}],"replies":[{"embeddable":true,"href":"https:\/\/www.bbmnoticias.com\/labravaradiofm\/wp-json\/wp\/v2\/comments?post=69656"}],"version-history":[{"count":0,"href":"https:\/\/www.bbmnoticias.com\/labravaradiofm\/wp-json\/wp\/v2\/posts\/69656\/revisions"}],"wp:featuredmedia":[{"embeddable":true,"href":"https:\/\/www.bbmnoticias.com\/labravaradiofm\/wp-json\/wp\/v2\/media\/69658"}],"wp:attachment":[{"href":"https:\/\/www.bbmnoticias.com\/labravaradiofm\/wp-json\/wp\/v2\/media?parent=69656"}],"wp:term":[{"taxonomy":"category","embeddable":true,"href":"https:\/\/www.bbmnoticias.com\/labravaradiofm\/wp-json\/wp\/v2\/categories?post=69656"},{"taxonomy":"post_tag","embeddable":true,"href":"https:\/\/www.bbmnoticias.com\/labravaradiofm\/wp-json\/wp\/v2\/tags?post=69656"}],"curies":[{"name":"wp","href":"https:\/\/api.w.org\/{rel}","templated":true}]}}