{"id":69617,"date":"2025-11-10T18:36:29","date_gmt":"2025-11-11T00:36:29","guid":{"rendered":"https:\/\/www.bbmnoticias.com\/labravaradiofm\/2025\/11\/10\/impulsa-gobierno-de-oaxaca-economia-e-identidad-cultural-en-el-xxxii-festival-costeno-de-la-danza\/"},"modified":"2025-11-10T18:36:32","modified_gmt":"2025-11-11T00:36:32","slug":"impulsa-gobierno-de-oaxaca-economia-e-identidad-cultural-en-el-xxxii-festival-costeno-de-la-danza","status":"publish","type":"post","link":"https:\/\/www.bbmnoticias.com\/labravaradiofm\/2025\/11\/10\/impulsa-gobierno-de-oaxaca-economia-e-identidad-cultural-en-el-xxxii-festival-costeno-de-la-danza\/","title":{"rendered":"Impulsa Gobierno de Oaxaca econom\u00eda e identidad cultural en el XXXII Festival Coste\u00f1o de la Danza"},"content":{"rendered":"<div style=\"margin-top: 0px; margin-bottom: 0px;\" class=\"sharethis-inline-share-buttons\" ><\/div>\n<p><strong>Oaxaca de Ju\u00e1rez, Oax.-<\/strong> Una derrama econ\u00f3mica estimada a los 18 millones 945 mil pesos se registr\u00f3 durante la celebraci\u00f3n del XXXII Festival Coste\u00f1o de la Danza, realizada el 8 y 9 de este mes, en el marco de las Fiestas de Noviembre de Puerto Escondido 2025.<\/p>\n\n\n\n<p>La Secretar\u00eda de Turismo (Sectur Oaxaca) inform\u00f3 que esta cifra representa un incremento del 7.74 por ciento respecto al a\u00f1o anterior, equivalente a 2.68 millones de pesos adicionales. Adem\u00e1s, se alcanz\u00f3 una ocupaci\u00f3n hotelera del 57.89 por ciento, lo que signific\u00f3 un aumento de 4.54 puntos porcentuales.<\/p>\n\n\n\n<p>Durante estos d\u00edas se desarrollaron coloridas calendas y en las presentaciones participaron las delegaciones culturales de Puerto Escondido, R\u00edo Grande, Santiago Llano Grande, Santa Catarina Juquila, San Pedro Pochutla y Santiago Pinotepa Nacional.<\/p>\n\n\n\n<p>As\u00ed como de San Pedro Mixtepec, Fundadores de Puerto Escondido, San Juan Cacahuatepec, Villa de Tututepec de Melchor Ocampo, Santos Reyes Nopala, Santiago Jamiltepec, Putla Villa de Guerrero y la delegaci\u00f3n invitada de San Juan Bautista Tuxtepec.<\/p>\n\n\n\n<p>En el cierre de este festival, la subsecretaria de Operaci\u00f3n Tur\u00edstica de la Sectur Oaxaca, Mariel L\u00f3pez Villatoro destac\u00f3 que este encuentro se realiz\u00f3 con la coordinaci\u00f3n del Gobierno del Estado, autoridades de San Pedro Mixtepec y Puerto Escondido; como un homenaje a la cultura y tradiciones de la Costa.<\/p>\n","protected":false},"excerpt":{"rendered":"<p>Oaxaca de Ju\u00e1rez, Oax.- Una derrama econ\u00f3mica estimada a los 18 millones 945 mil pesos se registr\u00f3 durante la celebraci\u00f3n del XXXII Festival Coste\u00f1o de la Danza, realizada el 8 y 9 de este mes, en el marco de las Fiestas de Noviembre de Puerto Escondido 2025. La Secretar\u00eda de Turismo (Sectur Oaxaca) inform\u00f3 que [&hellip;]<\/p>\n","protected":false},"author":2,"featured_media":69619,"comment_status":"closed","ping_status":"","sticky":false,"template":"","format":"standard","meta":{"footnotes":""},"categories":[2],"tags":[],"class_list":{"0":"post-69617","1":"post","2":"type-post","3":"status-publish","4":"format-standard","5":"has-post-thumbnail","7":"category-oaxaca"},"yoast_head":"<!-- This site is optimized with the Yoast SEO plugin v27.4 - https:\/\/yoast.com\/product\/yoast-seo-wordpress\/ -->\n<title>Impulsa Gobierno de Oaxaca econom\u00eda e identidad cultural en el XXXII Festival Coste\u00f1o de la Danza - LA BRAVA RADIO<\/title>\n<meta name=\"robots\" content=\"index, follow, max-snippet:-1, max-image-preview:large, max-video-preview:-1\" \/>\n<link rel=\"canonical\" href=\"https:\/\/www.bbmnoticias.com\/impulsa-gobierno-de-oaxaca-economia-e-identidad-cultural-en-el-xxxii-festival-costeno-de-la-danza\/\" \/>\n<meta property=\"og:locale\" content=\"es_MX\" \/>\n<meta property=\"og:type\" content=\"article\" \/>\n<meta property=\"og:title\" content=\"Impulsa Gobierno de Oaxaca econom\u00eda e identidad cultural en el XXXII Festival Coste\u00f1o de la Danza - LA BRAVA RADIO\" \/>\n<meta property=\"og:description\" content=\"Oaxaca de Ju\u00e1rez, Oax.- Una derrama econ\u00f3mica estimada a los 18 millones 945 mil pesos se registr\u00f3 durante la celebraci\u00f3n del XXXII Festival Coste\u00f1o de la Danza, realizada el 8 y 9 de este mes, en el marco de las Fiestas de Noviembre de Puerto Escondido 2025. La Secretar\u00eda de Turismo (Sectur Oaxaca) inform\u00f3 que [&hellip;]\" \/>\n<meta property=\"og:url\" content=\"https:\/\/www.bbmnoticias.com\/impulsa-gobierno-de-oaxaca-economia-e-identidad-cultural-en-el-xxxii-festival-costeno-de-la-danza\/\" \/>\n<meta property=\"og:site_name\" content=\"LA BRAVA RADIO\" \/>\n<meta property=\"article:published_time\" content=\"2025-11-11T00:36:29+00:00\" \/>\n<meta property=\"article:modified_time\" content=\"2025-11-11T00:36:32+00:00\" \/>\n<meta property=\"og:image\" content=\"https:\/\/www.bbmnoticias.com\/labravaradiofm\/wp-content\/uploads\/sites\/5\/2025\/11\/festival_costeno.jpg\" \/>\n\t<meta property=\"og:image:width\" content=\"800\" \/>\n\t<meta property=\"og:image:height\" content=\"534\" \/>\n\t<meta property=\"og:image:type\" content=\"image\/jpeg\" \/>\n<meta name=\"author\" content=\"Staff\" \/>\n<meta name=\"twitter:card\" content=\"summary_large_image\" \/>\n<meta name=\"twitter:label1\" content=\"Escrito por\" \/>\n\t<meta name=\"twitter:data1\" content=\"Staff\" \/>\n\t<meta name=\"twitter:label2\" content=\"Tiempo de lectura\" \/>\n\t<meta name=\"twitter:data2\" content=\"1 minuto\" \/>\n<script type=\"application\/ld+json\" class=\"yoast-schema-graph\">{\"@context\":\"https:\\\/\\\/schema.org\",\"@graph\":[{\"@type\":\"Article\",\"@id\":\"https:\\\/\\\/www.bbmnoticias.com\\\/impulsa-gobierno-de-oaxaca-economia-e-identidad-cultural-en-el-xxxii-festival-costeno-de-la-danza\\\/#article\",\"isPartOf\":{\"@id\":\"https:\\\/\\\/www.bbmnoticias.com\\\/labravaradiofm\\\/2025\\\/11\\\/10\\\/impulsa-gobierno-de-oaxaca-economia-e-identidad-cultural-en-el-xxxii-festival-costeno-de-la-danza\\\/\"},\"author\":{\"name\":\"Staff\",\"@id\":\"https:\\\/\\\/www.bbmnoticias.com\\\/labravaradiofm\\\/#\\\/schema\\\/person\\\/34b139c617a70ea5bef5678bffe4dd7b\"},\"headline\":\"Impulsa Gobierno de Oaxaca econom\u00eda e identidad cultural en el XXXII Festival Coste\u00f1o de la Danza\",\"datePublished\":\"2025-11-11T00:36:29+00:00\",\"dateModified\":\"2025-11-11T00:36:32+00:00\",\"mainEntityOfPage\":{\"@id\":\"https:\\\/\\\/www.bbmnoticias.com\\\/labravaradiofm\\\/2025\\\/11\\\/10\\\/impulsa-gobierno-de-oaxaca-economia-e-identidad-cultural-en-el-xxxii-festival-costeno-de-la-danza\\\/\"},\"wordCount\":239,\"image\":{\"@id\":\"https:\\\/\\\/www.bbmnoticias.com\\\/impulsa-gobierno-de-oaxaca-economia-e-identidad-cultural-en-el-xxxii-festival-costeno-de-la-danza\\\/#primaryimage\"},\"thumbnailUrl\":\"https:\\\/\\\/www.bbmnoticias.com\\\/labravaradiofm\\\/wp-content\\\/uploads\\\/sites\\\/5\\\/2025\\\/11\\\/festival_costeno.jpg\",\"articleSection\":[\"LOCAL\"],\"inLanguage\":\"es\"},{\"@type\":\"WebPage\",\"@id\":\"https:\\\/\\\/www.bbmnoticias.com\\\/labravaradiofm\\\/2025\\\/11\\\/10\\\/impulsa-gobierno-de-oaxaca-economia-e-identidad-cultural-en-el-xxxii-festival-costeno-de-la-danza\\\/\",\"url\":\"https:\\\/\\\/www.bbmnoticias.com\\\/impulsa-gobierno-de-oaxaca-economia-e-identidad-cultural-en-el-xxxii-festival-costeno-de-la-danza\\\/\",\"name\":\"Impulsa Gobierno de Oaxaca econom\u00eda e identidad cultural en el XXXII Festival Coste\u00f1o de la Danza - LA BRAVA RADIO\",\"isPartOf\":{\"@id\":\"https:\\\/\\\/www.bbmnoticias.com\\\/labravaradiofm\\\/#website\"},\"primaryImageOfPage\":{\"@id\":\"https:\\\/\\\/www.bbmnoticias.com\\\/impulsa-gobierno-de-oaxaca-economia-e-identidad-cultural-en-el-xxxii-festival-costeno-de-la-danza\\\/#primaryimage\"},\"image\":{\"@id\":\"https:\\\/\\\/www.bbmnoticias.com\\\/impulsa-gobierno-de-oaxaca-economia-e-identidad-cultural-en-el-xxxii-festival-costeno-de-la-danza\\\/#primaryimage\"},\"thumbnailUrl\":\"https:\\\/\\\/www.bbmnoticias.com\\\/labravaradiofm\\\/wp-content\\\/uploads\\\/sites\\\/5\\\/2025\\\/11\\\/festival_costeno.jpg\",\"datePublished\":\"2025-11-11T00:36:29+00:00\",\"dateModified\":\"2025-11-11T00:36:32+00:00\",\"author\":{\"@id\":\"https:\\\/\\\/www.bbmnoticias.com\\\/labravaradiofm\\\/#\\\/schema\\\/person\\\/34b139c617a70ea5bef5678bffe4dd7b\"},\"breadcrumb\":{\"@id\":\"https:\\\/\\\/www.bbmnoticias.com\\\/impulsa-gobierno-de-oaxaca-economia-e-identidad-cultural-en-el-xxxii-festival-costeno-de-la-danza\\\/#breadcrumb\"},\"inLanguage\":\"es\",\"potentialAction\":[{\"@type\":\"ReadAction\",\"target\":[\"https:\\\/\\\/www.bbmnoticias.com\\\/impulsa-gobierno-de-oaxaca-economia-e-identidad-cultural-en-el-xxxii-festival-costeno-de-la-danza\\\/\"]}]},{\"@type\":\"ImageObject\",\"inLanguage\":\"es\",\"@id\":\"https:\\\/\\\/www.bbmnoticias.com\\\/impulsa-gobierno-de-oaxaca-economia-e-identidad-cultural-en-el-xxxii-festival-costeno-de-la-danza\\\/#primaryimage\",\"url\":\"https:\\\/\\\/www.bbmnoticias.com\\\/labravaradiofm\\\/wp-content\\\/uploads\\\/sites\\\/5\\\/2025\\\/11\\\/festival_costeno.jpg\",\"contentUrl\":\"https:\\\/\\\/www.bbmnoticias.com\\\/labravaradiofm\\\/wp-content\\\/uploads\\\/sites\\\/5\\\/2025\\\/11\\\/festival_costeno.jpg\",\"width\":800,\"height\":534},{\"@type\":\"BreadcrumbList\",\"@id\":\"https:\\\/\\\/www.bbmnoticias.com\\\/impulsa-gobierno-de-oaxaca-economia-e-identidad-cultural-en-el-xxxii-festival-costeno-de-la-danza\\\/#breadcrumb\",\"itemListElement\":[{\"@type\":\"ListItem\",\"position\":1,\"name\":\"Inicio\",\"item\":\"https:\\\/\\\/www.bbmnoticias.com\\\/labravaradiofm\\\/\"},{\"@type\":\"ListItem\",\"position\":2,\"name\":\"Impulsa Gobierno de Oaxaca econom\u00eda e identidad cultural en el XXXII Festival Coste\u00f1o de la Danza\"}]},{\"@type\":\"WebSite\",\"@id\":\"https:\\\/\\\/www.bbmnoticias.com\\\/labravaradiofm\\\/#website\",\"url\":\"https:\\\/\\\/www.bbmnoticias.com\\\/labravaradiofm\\\/\",\"name\":\"LA BRAVA RADIO\",\"description\":\"Empresa productora de medios, Radiodifusi\u00f3n, Noticias, tendencias y todo lo que necesitas saber de la pol\u00edtica mexicana e internacional; entretenimiento, espect\u00e1culos, salud y mucho m\u00e1s.\",\"potentialAction\":[{\"@type\":\"SearchAction\",\"target\":{\"@type\":\"EntryPoint\",\"urlTemplate\":\"https:\\\/\\\/www.bbmnoticias.com\\\/labravaradiofm\\\/?s={search_term_string}\"},\"query-input\":{\"@type\":\"PropertyValueSpecification\",\"valueRequired\":true,\"valueName\":\"search_term_string\"}}],\"inLanguage\":\"es\"},{\"@type\":\"Person\",\"@id\":\"https:\\\/\\\/www.bbmnoticias.com\\\/labravaradiofm\\\/#\\\/schema\\\/person\\\/34b139c617a70ea5bef5678bffe4dd7b\",\"name\":\"Staff\",\"image\":{\"@type\":\"ImageObject\",\"inLanguage\":\"es\",\"@id\":\"https:\\\/\\\/secure.gravatar.com\\\/avatar\\\/fdd21ad66fd8b98c407f9dee5b5e588cfe7f0d8579ec20fa6527cd59bab7f0f0?s=96&d=mm&r=g\",\"url\":\"https:\\\/\\\/secure.gravatar.com\\\/avatar\\\/fdd21ad66fd8b98c407f9dee5b5e588cfe7f0d8579ec20fa6527cd59bab7f0f0?s=96&d=mm&r=g\",\"contentUrl\":\"https:\\\/\\\/secure.gravatar.com\\\/avatar\\\/fdd21ad66fd8b98c407f9dee5b5e588cfe7f0d8579ec20fa6527cd59bab7f0f0?s=96&d=mm&r=g\",\"caption\":\"Staff\"},\"url\":\"https:\\\/\\\/www.bbmnoticias.com\\\/labravaradiofm\\\/author\\\/redaccion\\\/\"}]}<\/script>\n<!-- \/ Yoast SEO plugin. -->","yoast_head_json":{"title":"Impulsa Gobierno de Oaxaca econom\u00eda e identidad cultural en el XXXII Festival Coste\u00f1o de la Danza - LA BRAVA RADIO","robots":{"index":"index","follow":"follow","max-snippet":"max-snippet:-1","max-image-preview":"max-image-preview:large","max-video-preview":"max-video-preview:-1"},"canonical":"https:\/\/www.bbmnoticias.com\/impulsa-gobierno-de-oaxaca-economia-e-identidad-cultural-en-el-xxxii-festival-costeno-de-la-danza\/","og_locale":"es_MX","og_type":"article","og_title":"Impulsa Gobierno de Oaxaca econom\u00eda e identidad cultural en el XXXII Festival Coste\u00f1o de la Danza - LA BRAVA RADIO","og_description":"Oaxaca de Ju\u00e1rez, Oax.- Una derrama econ\u00f3mica estimada a los 18 millones 945 mil pesos se registr\u00f3 durante la celebraci\u00f3n del XXXII Festival Coste\u00f1o de la Danza, realizada el 8 y 9 de este mes, en el marco de las Fiestas de Noviembre de Puerto Escondido 2025. La Secretar\u00eda de Turismo (Sectur Oaxaca) inform\u00f3 que [&hellip;]","og_url":"https:\/\/www.bbmnoticias.com\/impulsa-gobierno-de-oaxaca-economia-e-identidad-cultural-en-el-xxxii-festival-costeno-de-la-danza\/","og_site_name":"LA BRAVA RADIO","article_published_time":"2025-11-11T00:36:29+00:00","article_modified_time":"2025-11-11T00:36:32+00:00","og_image":[{"width":800,"height":534,"url":"https:\/\/www.bbmnoticias.com\/labravaradiofm\/wp-content\/uploads\/sites\/5\/2025\/11\/festival_costeno.jpg","type":"image\/jpeg"}],"author":"Staff","twitter_card":"summary_large_image","twitter_misc":{"Escrito por":"Staff","Tiempo de lectura":"1 minuto"},"schema":{"@context":"https:\/\/schema.org","@graph":[{"@type":"Article","@id":"https:\/\/www.bbmnoticias.com\/impulsa-gobierno-de-oaxaca-economia-e-identidad-cultural-en-el-xxxii-festival-costeno-de-la-danza\/#article","isPartOf":{"@id":"https:\/\/www.bbmnoticias.com\/labravaradiofm\/2025\/11\/10\/impulsa-gobierno-de-oaxaca-economia-e-identidad-cultural-en-el-xxxii-festival-costeno-de-la-danza\/"},"author":{"name":"Staff","@id":"https:\/\/www.bbmnoticias.com\/labravaradiofm\/#\/schema\/person\/34b139c617a70ea5bef5678bffe4dd7b"},"headline":"Impulsa Gobierno de Oaxaca econom\u00eda e identidad cultural en el XXXII Festival Coste\u00f1o de la Danza","datePublished":"2025-11-11T00:36:29+00:00","dateModified":"2025-11-11T00:36:32+00:00","mainEntityOfPage":{"@id":"https:\/\/www.bbmnoticias.com\/labravaradiofm\/2025\/11\/10\/impulsa-gobierno-de-oaxaca-economia-e-identidad-cultural-en-el-xxxii-festival-costeno-de-la-danza\/"},"wordCount":239,"image":{"@id":"https:\/\/www.bbmnoticias.com\/impulsa-gobierno-de-oaxaca-economia-e-identidad-cultural-en-el-xxxii-festival-costeno-de-la-danza\/#primaryimage"},"thumbnailUrl":"https:\/\/www.bbmnoticias.com\/labravaradiofm\/wp-content\/uploads\/sites\/5\/2025\/11\/festival_costeno.jpg","articleSection":["LOCAL"],"inLanguage":"es"},{"@type":"WebPage","@id":"https:\/\/www.bbmnoticias.com\/labravaradiofm\/2025\/11\/10\/impulsa-gobierno-de-oaxaca-economia-e-identidad-cultural-en-el-xxxii-festival-costeno-de-la-danza\/","url":"https:\/\/www.bbmnoticias.com\/impulsa-gobierno-de-oaxaca-economia-e-identidad-cultural-en-el-xxxii-festival-costeno-de-la-danza\/","name":"Impulsa Gobierno de Oaxaca econom\u00eda e identidad cultural en el XXXII Festival Coste\u00f1o de la Danza - LA BRAVA RADIO","isPartOf":{"@id":"https:\/\/www.bbmnoticias.com\/labravaradiofm\/#website"},"primaryImageOfPage":{"@id":"https:\/\/www.bbmnoticias.com\/impulsa-gobierno-de-oaxaca-economia-e-identidad-cultural-en-el-xxxii-festival-costeno-de-la-danza\/#primaryimage"},"image":{"@id":"https:\/\/www.bbmnoticias.com\/impulsa-gobierno-de-oaxaca-economia-e-identidad-cultural-en-el-xxxii-festival-costeno-de-la-danza\/#primaryimage"},"thumbnailUrl":"https:\/\/www.bbmnoticias.com\/labravaradiofm\/wp-content\/uploads\/sites\/5\/2025\/11\/festival_costeno.jpg","datePublished":"2025-11-11T00:36:29+00:00","dateModified":"2025-11-11T00:36:32+00:00","author":{"@id":"https:\/\/www.bbmnoticias.com\/labravaradiofm\/#\/schema\/person\/34b139c617a70ea5bef5678bffe4dd7b"},"breadcrumb":{"@id":"https:\/\/www.bbmnoticias.com\/impulsa-gobierno-de-oaxaca-economia-e-identidad-cultural-en-el-xxxii-festival-costeno-de-la-danza\/#breadcrumb"},"inLanguage":"es","potentialAction":[{"@type":"ReadAction","target":["https:\/\/www.bbmnoticias.com\/impulsa-gobierno-de-oaxaca-economia-e-identidad-cultural-en-el-xxxii-festival-costeno-de-la-danza\/"]}]},{"@type":"ImageObject","inLanguage":"es","@id":"https:\/\/www.bbmnoticias.com\/impulsa-gobierno-de-oaxaca-economia-e-identidad-cultural-en-el-xxxii-festival-costeno-de-la-danza\/#primaryimage","url":"https:\/\/www.bbmnoticias.com\/labravaradiofm\/wp-content\/uploads\/sites\/5\/2025\/11\/festival_costeno.jpg","contentUrl":"https:\/\/www.bbmnoticias.com\/labravaradiofm\/wp-content\/uploads\/sites\/5\/2025\/11\/festival_costeno.jpg","width":800,"height":534},{"@type":"BreadcrumbList","@id":"https:\/\/www.bbmnoticias.com\/impulsa-gobierno-de-oaxaca-economia-e-identidad-cultural-en-el-xxxii-festival-costeno-de-la-danza\/#breadcrumb","itemListElement":[{"@type":"ListItem","position":1,"name":"Inicio","item":"https:\/\/www.bbmnoticias.com\/labravaradiofm\/"},{"@type":"ListItem","position":2,"name":"Impulsa Gobierno de Oaxaca econom\u00eda e identidad cultural en el XXXII Festival Coste\u00f1o de la Danza"}]},{"@type":"WebSite","@id":"https:\/\/www.bbmnoticias.com\/labravaradiofm\/#website","url":"https:\/\/www.bbmnoticias.com\/labravaradiofm\/","name":"LA BRAVA RADIO","description":"Empresa productora de medios, Radiodifusi\u00f3n, Noticias, tendencias y todo lo que necesitas saber de la pol\u00edtica mexicana e internacional; entretenimiento, espect\u00e1culos, salud y mucho m\u00e1s.","potentialAction":[{"@type":"SearchAction","target":{"@type":"EntryPoint","urlTemplate":"https:\/\/www.bbmnoticias.com\/labravaradiofm\/?s={search_term_string}"},"query-input":{"@type":"PropertyValueSpecification","valueRequired":true,"valueName":"search_term_string"}}],"inLanguage":"es"},{"@type":"Person","@id":"https:\/\/www.bbmnoticias.com\/labravaradiofm\/#\/schema\/person\/34b139c617a70ea5bef5678bffe4dd7b","name":"Staff","image":{"@type":"ImageObject","inLanguage":"es","@id":"https:\/\/secure.gravatar.com\/avatar\/fdd21ad66fd8b98c407f9dee5b5e588cfe7f0d8579ec20fa6527cd59bab7f0f0?s=96&d=mm&r=g","url":"https:\/\/secure.gravatar.com\/avatar\/fdd21ad66fd8b98c407f9dee5b5e588cfe7f0d8579ec20fa6527cd59bab7f0f0?s=96&d=mm&r=g","contentUrl":"https:\/\/secure.gravatar.com\/avatar\/fdd21ad66fd8b98c407f9dee5b5e588cfe7f0d8579ec20fa6527cd59bab7f0f0?s=96&d=mm&r=g","caption":"Staff"},"url":"https:\/\/www.bbmnoticias.com\/labravaradiofm\/author\/redaccion\/"}]}},"_links":{"self":[{"href":"https:\/\/www.bbmnoticias.com\/labravaradiofm\/wp-json\/wp\/v2\/posts\/69617","targetHints":{"allow":["GET"]}}],"collection":[{"href":"https:\/\/www.bbmnoticias.com\/labravaradiofm\/wp-json\/wp\/v2\/posts"}],"about":[{"href":"https:\/\/www.bbmnoticias.com\/labravaradiofm\/wp-json\/wp\/v2\/types\/post"}],"author":[{"embeddable":true,"href":"https:\/\/www.bbmnoticias.com\/labravaradiofm\/wp-json\/wp\/v2\/users\/2"}],"replies":[{"embeddable":true,"href":"https:\/\/www.bbmnoticias.com\/labravaradiofm\/wp-json\/wp\/v2\/comments?post=69617"}],"version-history":[{"count":0,"href":"https:\/\/www.bbmnoticias.com\/labravaradiofm\/wp-json\/wp\/v2\/posts\/69617\/revisions"}],"wp:featuredmedia":[{"embeddable":true,"href":"https:\/\/www.bbmnoticias.com\/labravaradiofm\/wp-json\/wp\/v2\/media\/69619"}],"wp:attachment":[{"href":"https:\/\/www.bbmnoticias.com\/labravaradiofm\/wp-json\/wp\/v2\/media?parent=69617"}],"wp:term":[{"taxonomy":"category","embeddable":true,"href":"https:\/\/www.bbmnoticias.com\/labravaradiofm\/wp-json\/wp\/v2\/categories?post=69617"},{"taxonomy":"post_tag","embeddable":true,"href":"https:\/\/www.bbmnoticias.com\/labravaradiofm\/wp-json\/wp\/v2\/tags?post=69617"}],"curies":[{"name":"wp","href":"https:\/\/api.w.org\/{rel}","templated":true}]}}