{"id":69601,"date":"2025-11-10T14:38:45","date_gmt":"2025-11-10T20:38:45","guid":{"rendered":"https:\/\/www.bbmnoticias.com\/labravaradiofm\/2025\/11\/10\/cuando-comenzara-a-operar-el-tehuanito-tren-pasajero-del-istmo-de-tehuantepec\/"},"modified":"2025-11-10T14:39:13","modified_gmt":"2025-11-10T20:39:13","slug":"cuando-comenzara-a-operar-el-tehuanito-tren-pasajero-del-istmo-de-tehuantepec","status":"publish","type":"post","link":"https:\/\/www.bbmnoticias.com\/labravaradiofm\/2025\/11\/10\/cuando-comenzara-a-operar-el-tehuanito-tren-pasajero-del-istmo-de-tehuantepec\/","title":{"rendered":"\u00bfCu\u00e1ndo comenzar\u00e1 a operar &#8216;El Tehuanito&#8217;, tren pasajero del Istmo de Tehuantepec?"},"content":{"rendered":"<div style=\"margin-top: 0px; margin-bottom: 0px;\" class=\"sharethis-inline-share-buttons\" ><\/div>\n<p>El Tren <strong>&#8220;El Tehuanito&#8221;<\/strong> regresar\u00e1 para prestar sus servicios de transporte al Istmo de Tehuantepec, evocando la herencia cultural de la zona.<\/p>\n\n\n\n<p>El nombre se inspir\u00f3&nbsp;en los tehuanos, pobladores ind\u00edgenas y mestizos del Istmo de Tehuantepec, quienes son conocidos por su rica tradici\u00f3n y su participaci\u00f3n en la historia del ferrocarril durante los siglos XIX y XX.<\/p>\n\n\n\n<h2 class=\"wp-block-heading\"><strong>\u00bfCu\u00e1ndo comenzar\u00e1 a operar &#8220;El Tehuanito&#8221; en el Istmo de Tehuantepec?<\/strong><\/h2>\n\n\n\n<p>El tren <strong>&#8220;El Tehuanito&#8221;<\/strong> entrar\u00e1 en funcionamiento en diciembre de 2025, con dos rutas de bajo costo dise\u00f1adas para la poblaci\u00f3n de bajos recursos, como parte del Corredor Interoce\u00e1nico, mientras se avanzan los trabajos para conectar con la red ferroviaria nacional y con Guatemala.<\/p>\n\n\n\n<figure class=\"wp-block-image\"><img decoding=\"async\" src=\"https:\/\/heraldodemexico.com.mx\/u\/fotografias\/m\/2025\/11\/10\/f768x1-1207588_1207715_5050.jpeg\" alt=\"\"\/><figcaption class=\"wp-element-caption\">El Tehuanito operar\u00e1 en diciembre | Redes Sociales<\/figcaption><\/figure>\n\n\n\n<h2 class=\"wp-block-heading\"><strong>\u00bfCu\u00e1les son las rutas que recorrer\u00e1 &#8220;El Tehuanito&#8221;?<\/strong><\/h2>\n\n\n\n<p>De las dos rutas con las que contar\u00e1, una se ubicar\u00e1 en la zona norte del Istmo de Ubero a Ixtepec que recorrer\u00e1:<\/p>\n\n\n\n<ul class=\"wp-block-list\">\n<li>Ubero<\/li>\n\n\n\n<li>Donaj\u00ed<\/li>\n\n\n\n<li>Estaci\u00f3n Sarabia<\/li>\n\n\n\n<li>Mogo\u00f1\u00e9<\/li>\n\n\n\n<li>Mat\u00edas Romero Avanda\u00f1o<\/li>\n\n\n\n<li>Lagunas<\/li>\n\n\n\n<li>Ch\u00edvela<\/li>\n\n\n\n<li>Mena Nizand<\/li>\n\n\n\n<li>Ciudad Ixtepec<\/li>\n<\/ul>\n\n\n\n<p>La ruta sur ser\u00e1 de Uni\u00f3n Hidalgo a Salina Cruz con las siguientes estaciones:<\/p>\n\n\n\n<ul class=\"wp-block-list\">\n<li>Uni\u00f3n Hidalgo<\/li>\n\n\n\n<li>Juchit\u00e1n<\/li>\n\n\n\n<li>Espinal<\/li>\n\n\n\n<li>Ciudad Ixtepec<\/li>\n\n\n\n<li>San Pedro Comitancillo<\/li>\n\n\n\n<li>Santo Domingo Tehuantepec<\/li>\n\n\n\n<li>Salina Cruz.\u00a0<\/li>\n<\/ul>\n\n\n\n<figure class=\"wp-block-image\"><img decoding=\"async\" src=\"https:\/\/heraldodemexico.com.mx\/u\/fotografias\/m\/2025\/11\/10\/f768x1-1207589_1207716_5050.jpeg\" alt=\"\"\/><figcaption class=\"wp-element-caption\">Las rutas fueron reveladas recientemente | Redes Sociales<\/figcaption><\/figure>\n\n\n\n<p><strong>&#8220;El Tehuanito&#8221; <\/strong>fue anunciado por la Presidencia de la Rep\u00fablica en d\u00edas pasados como el nuevo tren que conectar\u00e1 a Oaxaca con Veracruz, Tabasco y Chiapas. Su nombre fue inspirado en el gentilicio de la regi\u00f3n: &#8220;tehuano&#8221; en honor a la identidad istme\u00f1a y su papel como parte del Corredor Interoce\u00e1nico del Istmo de Tehuantepec.&nbsp;<\/p>\n\n\n\n<p>Adem\u00e1s de su red de estaciones Coatzacoalcos Veracruz, Salina Cruz, Juchit\u00e1n, Tehuantepec, Palenque Chiapas, Dos Bocas Chiapas, no descartan que pudiera extenderse hasta la frontera con Guatemala.&nbsp;<\/p>\n\n\n\n<p>El Corredor Interoce\u00e1nico del <strong>Istmo<\/strong> <strong>de<\/strong> <strong>Tehuantepec<\/strong> (CIIT), en sus puertos y v\u00edas f\u00e9rreas, ha transportado a la fecha seg\u00fan cifras oficiales, cerca de 135 mil pasajeros y 890 mil toneladas de carga; lo m\u00e1s valioso es que genera trabajo y desarrollo considero el Gobernador, integrando a las comunidades con el progreso.<\/p>\n\n\n\n<p>Con informaci\u00f3n de Jos\u00e9 Luis L\u00f3pez<\/p>\n","protected":false},"excerpt":{"rendered":"<p>El Tren &#8220;El Tehuanito&#8221; regresar\u00e1 para prestar sus servicios de transporte al Istmo de Tehuantepec, evocando la herencia cultural de la zona. El nombre se inspir\u00f3&nbsp;en los tehuanos, pobladores ind\u00edgenas y mestizos del Istmo de Tehuantepec, quienes son conocidos por su rica tradici\u00f3n y su participaci\u00f3n en la historia del ferrocarril durante los siglos XIX [&hellip;]<\/p>\n","protected":false},"author":4,"featured_media":69603,"comment_status":"closed","ping_status":"","sticky":false,"template":"","format":"standard","meta":{"footnotes":""},"categories":[2],"tags":[],"class_list":{"0":"post-69601","1":"post","2":"type-post","3":"status-publish","4":"format-standard","5":"has-post-thumbnail","7":"category-oaxaca"},"yoast_head":"<!-- This site is optimized with the Yoast SEO plugin v27.4 - https:\/\/yoast.com\/product\/yoast-seo-wordpress\/ -->\n<title>\u00bfCu\u00e1ndo comenzar\u00e1 a operar &#039;El Tehuanito&#039;, tren pasajero del Istmo de Tehuantepec? - LA BRAVA RADIO<\/title>\n<meta name=\"robots\" content=\"index, follow, max-snippet:-1, max-image-preview:large, max-video-preview:-1\" \/>\n<link rel=\"canonical\" href=\"https:\/\/www.bbmnoticias.com\/cuando-comenzara-a-operar-el-tehuanito-tren-pasajero-del-istmo-de-tehuantepec\/\" \/>\n<meta property=\"og:locale\" content=\"es_MX\" \/>\n<meta property=\"og:type\" content=\"article\" \/>\n<meta property=\"og:title\" content=\"\u00bfCu\u00e1ndo comenzar\u00e1 a operar &#039;El Tehuanito&#039;, tren pasajero del Istmo de Tehuantepec? - LA BRAVA RADIO\" \/>\n<meta property=\"og:description\" content=\"El Tren &#8220;El Tehuanito&#8221; regresar\u00e1 para prestar sus servicios de transporte al Istmo de Tehuantepec, evocando la herencia cultural de la zona. El nombre se inspir\u00f3&nbsp;en los tehuanos, pobladores ind\u00edgenas y mestizos del Istmo de Tehuantepec, quienes son conocidos por su rica tradici\u00f3n y su participaci\u00f3n en la historia del ferrocarril durante los siglos XIX [&hellip;]\" \/>\n<meta property=\"og:url\" content=\"https:\/\/www.bbmnoticias.com\/cuando-comenzara-a-operar-el-tehuanito-tren-pasajero-del-istmo-de-tehuantepec\/\" \/>\n<meta property=\"og:site_name\" content=\"LA BRAVA RADIO\" \/>\n<meta property=\"article:published_time\" content=\"2025-11-10T20:38:45+00:00\" \/>\n<meta property=\"article:modified_time\" content=\"2025-11-10T20:39:13+00:00\" \/>\n<meta property=\"og:image\" content=\"https:\/\/www.bbmnoticias.com\/labravaradiofm\/wp-content\/uploads\/sites\/5\/2025\/11\/tehuanito_oaxaca.jpg\" \/>\n\t<meta property=\"og:image:width\" content=\"848\" \/>\n\t<meta property=\"og:image:height\" content=\"477\" \/>\n\t<meta property=\"og:image:type\" content=\"image\/jpeg\" \/>\n<meta name=\"author\" content=\"Agencias\" \/>\n<meta name=\"twitter:card\" content=\"summary_large_image\" \/>\n<meta name=\"twitter:label1\" content=\"Escrito por\" \/>\n\t<meta name=\"twitter:data1\" content=\"Agencias\" \/>\n\t<meta name=\"twitter:label2\" content=\"Tiempo de lectura\" \/>\n\t<meta name=\"twitter:data2\" content=\"2 minutos\" \/>\n<script type=\"application\/ld+json\" class=\"yoast-schema-graph\">{\"@context\":\"https:\\\/\\\/schema.org\",\"@graph\":[{\"@type\":\"Article\",\"@id\":\"https:\\\/\\\/www.bbmnoticias.com\\\/cuando-comenzara-a-operar-el-tehuanito-tren-pasajero-del-istmo-de-tehuantepec\\\/#article\",\"isPartOf\":{\"@id\":\"https:\\\/\\\/www.bbmnoticias.com\\\/labravaradiofm\\\/2025\\\/11\\\/10\\\/cuando-comenzara-a-operar-el-tehuanito-tren-pasajero-del-istmo-de-tehuantepec\\\/\"},\"author\":{\"name\":\"Agencias\",\"@id\":\"https:\\\/\\\/www.bbmnoticias.com\\\/labravaradiofm\\\/#\\\/schema\\\/person\\\/857a3daf5c8142f29919023f377fbfad\"},\"headline\":\"\u00bfCu\u00e1ndo comenzar\u00e1 a operar &#8216;El Tehuanito&#8217;, tren pasajero del Istmo de Tehuantepec?\",\"datePublished\":\"2025-11-10T20:38:45+00:00\",\"dateModified\":\"2025-11-10T20:39:13+00:00\",\"mainEntityOfPage\":{\"@id\":\"https:\\\/\\\/www.bbmnoticias.com\\\/labravaradiofm\\\/2025\\\/11\\\/10\\\/cuando-comenzara-a-operar-el-tehuanito-tren-pasajero-del-istmo-de-tehuantepec\\\/\"},\"wordCount\":382,\"image\":{\"@id\":\"https:\\\/\\\/www.bbmnoticias.com\\\/cuando-comenzara-a-operar-el-tehuanito-tren-pasajero-del-istmo-de-tehuantepec\\\/#primaryimage\"},\"thumbnailUrl\":\"https:\\\/\\\/www.bbmnoticias.com\\\/labravaradiofm\\\/wp-content\\\/uploads\\\/sites\\\/5\\\/2025\\\/11\\\/tehuanito_oaxaca.jpg\",\"articleSection\":[\"LOCAL\"],\"inLanguage\":\"es\"},{\"@type\":\"WebPage\",\"@id\":\"https:\\\/\\\/www.bbmnoticias.com\\\/labravaradiofm\\\/2025\\\/11\\\/10\\\/cuando-comenzara-a-operar-el-tehuanito-tren-pasajero-del-istmo-de-tehuantepec\\\/\",\"url\":\"https:\\\/\\\/www.bbmnoticias.com\\\/cuando-comenzara-a-operar-el-tehuanito-tren-pasajero-del-istmo-de-tehuantepec\\\/\",\"name\":\"\u00bfCu\u00e1ndo comenzar\u00e1 a operar 'El Tehuanito', tren pasajero del Istmo de Tehuantepec? - LA BRAVA RADIO\",\"isPartOf\":{\"@id\":\"https:\\\/\\\/www.bbmnoticias.com\\\/labravaradiofm\\\/#website\"},\"primaryImageOfPage\":{\"@id\":\"https:\\\/\\\/www.bbmnoticias.com\\\/cuando-comenzara-a-operar-el-tehuanito-tren-pasajero-del-istmo-de-tehuantepec\\\/#primaryimage\"},\"image\":{\"@id\":\"https:\\\/\\\/www.bbmnoticias.com\\\/cuando-comenzara-a-operar-el-tehuanito-tren-pasajero-del-istmo-de-tehuantepec\\\/#primaryimage\"},\"thumbnailUrl\":\"https:\\\/\\\/www.bbmnoticias.com\\\/labravaradiofm\\\/wp-content\\\/uploads\\\/sites\\\/5\\\/2025\\\/11\\\/tehuanito_oaxaca.jpg\",\"datePublished\":\"2025-11-10T20:38:45+00:00\",\"dateModified\":\"2025-11-10T20:39:13+00:00\",\"author\":{\"@id\":\"https:\\\/\\\/www.bbmnoticias.com\\\/labravaradiofm\\\/#\\\/schema\\\/person\\\/857a3daf5c8142f29919023f377fbfad\"},\"breadcrumb\":{\"@id\":\"https:\\\/\\\/www.bbmnoticias.com\\\/cuando-comenzara-a-operar-el-tehuanito-tren-pasajero-del-istmo-de-tehuantepec\\\/#breadcrumb\"},\"inLanguage\":\"es\",\"potentialAction\":[{\"@type\":\"ReadAction\",\"target\":[\"https:\\\/\\\/www.bbmnoticias.com\\\/cuando-comenzara-a-operar-el-tehuanito-tren-pasajero-del-istmo-de-tehuantepec\\\/\"]}]},{\"@type\":\"ImageObject\",\"inLanguage\":\"es\",\"@id\":\"https:\\\/\\\/www.bbmnoticias.com\\\/cuando-comenzara-a-operar-el-tehuanito-tren-pasajero-del-istmo-de-tehuantepec\\\/#primaryimage\",\"url\":\"https:\\\/\\\/www.bbmnoticias.com\\\/labravaradiofm\\\/wp-content\\\/uploads\\\/sites\\\/5\\\/2025\\\/11\\\/tehuanito_oaxaca.jpg\",\"contentUrl\":\"https:\\\/\\\/www.bbmnoticias.com\\\/labravaradiofm\\\/wp-content\\\/uploads\\\/sites\\\/5\\\/2025\\\/11\\\/tehuanito_oaxaca.jpg\",\"width\":848,\"height\":477},{\"@type\":\"BreadcrumbList\",\"@id\":\"https:\\\/\\\/www.bbmnoticias.com\\\/cuando-comenzara-a-operar-el-tehuanito-tren-pasajero-del-istmo-de-tehuantepec\\\/#breadcrumb\",\"itemListElement\":[{\"@type\":\"ListItem\",\"position\":1,\"name\":\"Inicio\",\"item\":\"https:\\\/\\\/www.bbmnoticias.com\\\/labravaradiofm\\\/\"},{\"@type\":\"ListItem\",\"position\":2,\"name\":\"\u00bfCu\u00e1ndo comenzar\u00e1 a operar &#8216;El Tehuanito&#8217;, tren pasajero del Istmo de Tehuantepec?\"}]},{\"@type\":\"WebSite\",\"@id\":\"https:\\\/\\\/www.bbmnoticias.com\\\/labravaradiofm\\\/#website\",\"url\":\"https:\\\/\\\/www.bbmnoticias.com\\\/labravaradiofm\\\/\",\"name\":\"LA BRAVA RADIO\",\"description\":\"Empresa productora de medios, Radiodifusi\u00f3n, Noticias, tendencias y todo lo que necesitas saber de la pol\u00edtica mexicana e internacional; entretenimiento, espect\u00e1culos, salud y mucho m\u00e1s.\",\"potentialAction\":[{\"@type\":\"SearchAction\",\"target\":{\"@type\":\"EntryPoint\",\"urlTemplate\":\"https:\\\/\\\/www.bbmnoticias.com\\\/labravaradiofm\\\/?s={search_term_string}\"},\"query-input\":{\"@type\":\"PropertyValueSpecification\",\"valueRequired\":true,\"valueName\":\"search_term_string\"}}],\"inLanguage\":\"es\"},{\"@type\":\"Person\",\"@id\":\"https:\\\/\\\/www.bbmnoticias.com\\\/labravaradiofm\\\/#\\\/schema\\\/person\\\/857a3daf5c8142f29919023f377fbfad\",\"name\":\"Agencias\",\"image\":{\"@type\":\"ImageObject\",\"inLanguage\":\"es\",\"@id\":\"https:\\\/\\\/secure.gravatar.com\\\/avatar\\\/739e0b61adf9e398b425c36718c8752286da0e8cd90f20ce9a86678abc26aa0d?s=96&d=mm&r=g\",\"url\":\"https:\\\/\\\/secure.gravatar.com\\\/avatar\\\/739e0b61adf9e398b425c36718c8752286da0e8cd90f20ce9a86678abc26aa0d?s=96&d=mm&r=g\",\"contentUrl\":\"https:\\\/\\\/secure.gravatar.com\\\/avatar\\\/739e0b61adf9e398b425c36718c8752286da0e8cd90f20ce9a86678abc26aa0d?s=96&d=mm&r=g\",\"caption\":\"Agencias\"},\"url\":\"https:\\\/\\\/www.bbmnoticias.com\\\/labravaradiofm\\\/author\\\/agencias\\\/\"}]}<\/script>\n<!-- \/ Yoast SEO plugin. -->","yoast_head_json":{"title":"\u00bfCu\u00e1ndo comenzar\u00e1 a operar 'El Tehuanito', tren pasajero del Istmo de Tehuantepec? - LA BRAVA RADIO","robots":{"index":"index","follow":"follow","max-snippet":"max-snippet:-1","max-image-preview":"max-image-preview:large","max-video-preview":"max-video-preview:-1"},"canonical":"https:\/\/www.bbmnoticias.com\/cuando-comenzara-a-operar-el-tehuanito-tren-pasajero-del-istmo-de-tehuantepec\/","og_locale":"es_MX","og_type":"article","og_title":"\u00bfCu\u00e1ndo comenzar\u00e1 a operar 'El Tehuanito', tren pasajero del Istmo de Tehuantepec? - LA BRAVA RADIO","og_description":"El Tren &#8220;El Tehuanito&#8221; regresar\u00e1 para prestar sus servicios de transporte al Istmo de Tehuantepec, evocando la herencia cultural de la zona. El nombre se inspir\u00f3&nbsp;en los tehuanos, pobladores ind\u00edgenas y mestizos del Istmo de Tehuantepec, quienes son conocidos por su rica tradici\u00f3n y su participaci\u00f3n en la historia del ferrocarril durante los siglos XIX [&hellip;]","og_url":"https:\/\/www.bbmnoticias.com\/cuando-comenzara-a-operar-el-tehuanito-tren-pasajero-del-istmo-de-tehuantepec\/","og_site_name":"LA BRAVA RADIO","article_published_time":"2025-11-10T20:38:45+00:00","article_modified_time":"2025-11-10T20:39:13+00:00","og_image":[{"width":848,"height":477,"url":"https:\/\/www.bbmnoticias.com\/labravaradiofm\/wp-content\/uploads\/sites\/5\/2025\/11\/tehuanito_oaxaca.jpg","type":"image\/jpeg"}],"author":"Agencias","twitter_card":"summary_large_image","twitter_misc":{"Escrito por":"Agencias","Tiempo de lectura":"2 minutos"},"schema":{"@context":"https:\/\/schema.org","@graph":[{"@type":"Article","@id":"https:\/\/www.bbmnoticias.com\/cuando-comenzara-a-operar-el-tehuanito-tren-pasajero-del-istmo-de-tehuantepec\/#article","isPartOf":{"@id":"https:\/\/www.bbmnoticias.com\/labravaradiofm\/2025\/11\/10\/cuando-comenzara-a-operar-el-tehuanito-tren-pasajero-del-istmo-de-tehuantepec\/"},"author":{"name":"Agencias","@id":"https:\/\/www.bbmnoticias.com\/labravaradiofm\/#\/schema\/person\/857a3daf5c8142f29919023f377fbfad"},"headline":"\u00bfCu\u00e1ndo comenzar\u00e1 a operar &#8216;El Tehuanito&#8217;, tren pasajero del Istmo de Tehuantepec?","datePublished":"2025-11-10T20:38:45+00:00","dateModified":"2025-11-10T20:39:13+00:00","mainEntityOfPage":{"@id":"https:\/\/www.bbmnoticias.com\/labravaradiofm\/2025\/11\/10\/cuando-comenzara-a-operar-el-tehuanito-tren-pasajero-del-istmo-de-tehuantepec\/"},"wordCount":382,"image":{"@id":"https:\/\/www.bbmnoticias.com\/cuando-comenzara-a-operar-el-tehuanito-tren-pasajero-del-istmo-de-tehuantepec\/#primaryimage"},"thumbnailUrl":"https:\/\/www.bbmnoticias.com\/labravaradiofm\/wp-content\/uploads\/sites\/5\/2025\/11\/tehuanito_oaxaca.jpg","articleSection":["LOCAL"],"inLanguage":"es"},{"@type":"WebPage","@id":"https:\/\/www.bbmnoticias.com\/labravaradiofm\/2025\/11\/10\/cuando-comenzara-a-operar-el-tehuanito-tren-pasajero-del-istmo-de-tehuantepec\/","url":"https:\/\/www.bbmnoticias.com\/cuando-comenzara-a-operar-el-tehuanito-tren-pasajero-del-istmo-de-tehuantepec\/","name":"\u00bfCu\u00e1ndo comenzar\u00e1 a operar 'El Tehuanito', tren pasajero del Istmo de Tehuantepec? - LA BRAVA RADIO","isPartOf":{"@id":"https:\/\/www.bbmnoticias.com\/labravaradiofm\/#website"},"primaryImageOfPage":{"@id":"https:\/\/www.bbmnoticias.com\/cuando-comenzara-a-operar-el-tehuanito-tren-pasajero-del-istmo-de-tehuantepec\/#primaryimage"},"image":{"@id":"https:\/\/www.bbmnoticias.com\/cuando-comenzara-a-operar-el-tehuanito-tren-pasajero-del-istmo-de-tehuantepec\/#primaryimage"},"thumbnailUrl":"https:\/\/www.bbmnoticias.com\/labravaradiofm\/wp-content\/uploads\/sites\/5\/2025\/11\/tehuanito_oaxaca.jpg","datePublished":"2025-11-10T20:38:45+00:00","dateModified":"2025-11-10T20:39:13+00:00","author":{"@id":"https:\/\/www.bbmnoticias.com\/labravaradiofm\/#\/schema\/person\/857a3daf5c8142f29919023f377fbfad"},"breadcrumb":{"@id":"https:\/\/www.bbmnoticias.com\/cuando-comenzara-a-operar-el-tehuanito-tren-pasajero-del-istmo-de-tehuantepec\/#breadcrumb"},"inLanguage":"es","potentialAction":[{"@type":"ReadAction","target":["https:\/\/www.bbmnoticias.com\/cuando-comenzara-a-operar-el-tehuanito-tren-pasajero-del-istmo-de-tehuantepec\/"]}]},{"@type":"ImageObject","inLanguage":"es","@id":"https:\/\/www.bbmnoticias.com\/cuando-comenzara-a-operar-el-tehuanito-tren-pasajero-del-istmo-de-tehuantepec\/#primaryimage","url":"https:\/\/www.bbmnoticias.com\/labravaradiofm\/wp-content\/uploads\/sites\/5\/2025\/11\/tehuanito_oaxaca.jpg","contentUrl":"https:\/\/www.bbmnoticias.com\/labravaradiofm\/wp-content\/uploads\/sites\/5\/2025\/11\/tehuanito_oaxaca.jpg","width":848,"height":477},{"@type":"BreadcrumbList","@id":"https:\/\/www.bbmnoticias.com\/cuando-comenzara-a-operar-el-tehuanito-tren-pasajero-del-istmo-de-tehuantepec\/#breadcrumb","itemListElement":[{"@type":"ListItem","position":1,"name":"Inicio","item":"https:\/\/www.bbmnoticias.com\/labravaradiofm\/"},{"@type":"ListItem","position":2,"name":"\u00bfCu\u00e1ndo comenzar\u00e1 a operar &#8216;El Tehuanito&#8217;, tren pasajero del Istmo de Tehuantepec?"}]},{"@type":"WebSite","@id":"https:\/\/www.bbmnoticias.com\/labravaradiofm\/#website","url":"https:\/\/www.bbmnoticias.com\/labravaradiofm\/","name":"LA BRAVA RADIO","description":"Empresa productora de medios, Radiodifusi\u00f3n, Noticias, tendencias y todo lo que necesitas saber de la pol\u00edtica mexicana e internacional; entretenimiento, espect\u00e1culos, salud y mucho m\u00e1s.","potentialAction":[{"@type":"SearchAction","target":{"@type":"EntryPoint","urlTemplate":"https:\/\/www.bbmnoticias.com\/labravaradiofm\/?s={search_term_string}"},"query-input":{"@type":"PropertyValueSpecification","valueRequired":true,"valueName":"search_term_string"}}],"inLanguage":"es"},{"@type":"Person","@id":"https:\/\/www.bbmnoticias.com\/labravaradiofm\/#\/schema\/person\/857a3daf5c8142f29919023f377fbfad","name":"Agencias","image":{"@type":"ImageObject","inLanguage":"es","@id":"https:\/\/secure.gravatar.com\/avatar\/739e0b61adf9e398b425c36718c8752286da0e8cd90f20ce9a86678abc26aa0d?s=96&d=mm&r=g","url":"https:\/\/secure.gravatar.com\/avatar\/739e0b61adf9e398b425c36718c8752286da0e8cd90f20ce9a86678abc26aa0d?s=96&d=mm&r=g","contentUrl":"https:\/\/secure.gravatar.com\/avatar\/739e0b61adf9e398b425c36718c8752286da0e8cd90f20ce9a86678abc26aa0d?s=96&d=mm&r=g","caption":"Agencias"},"url":"https:\/\/www.bbmnoticias.com\/labravaradiofm\/author\/agencias\/"}]}},"_links":{"self":[{"href":"https:\/\/www.bbmnoticias.com\/labravaradiofm\/wp-json\/wp\/v2\/posts\/69601","targetHints":{"allow":["GET"]}}],"collection":[{"href":"https:\/\/www.bbmnoticias.com\/labravaradiofm\/wp-json\/wp\/v2\/posts"}],"about":[{"href":"https:\/\/www.bbmnoticias.com\/labravaradiofm\/wp-json\/wp\/v2\/types\/post"}],"author":[{"embeddable":true,"href":"https:\/\/www.bbmnoticias.com\/labravaradiofm\/wp-json\/wp\/v2\/users\/4"}],"replies":[{"embeddable":true,"href":"https:\/\/www.bbmnoticias.com\/labravaradiofm\/wp-json\/wp\/v2\/comments?post=69601"}],"version-history":[{"count":0,"href":"https:\/\/www.bbmnoticias.com\/labravaradiofm\/wp-json\/wp\/v2\/posts\/69601\/revisions"}],"wp:featuredmedia":[{"embeddable":true,"href":"https:\/\/www.bbmnoticias.com\/labravaradiofm\/wp-json\/wp\/v2\/media\/69603"}],"wp:attachment":[{"href":"https:\/\/www.bbmnoticias.com\/labravaradiofm\/wp-json\/wp\/v2\/media?parent=69601"}],"wp:term":[{"taxonomy":"category","embeddable":true,"href":"https:\/\/www.bbmnoticias.com\/labravaradiofm\/wp-json\/wp\/v2\/categories?post=69601"},{"taxonomy":"post_tag","embeddable":true,"href":"https:\/\/www.bbmnoticias.com\/labravaradiofm\/wp-json\/wp\/v2\/tags?post=69601"}],"curies":[{"name":"wp","href":"https:\/\/api.w.org\/{rel}","templated":true}]}}