{"id":69598,"date":"2025-11-10T14:20:39","date_gmt":"2025-11-10T20:20:39","guid":{"rendered":"https:\/\/www.bbmnoticias.com\/labravaradiofm\/2025\/11\/10\/emite-proteccion-civil-aviso-especial-por-fuertes-vientos-en-el-istmo-y-golfo-de-tehuantepec\/"},"modified":"2025-11-10T14:20:43","modified_gmt":"2025-11-10T20:20:43","slug":"emite-proteccion-civil-aviso-especial-por-fuertes-vientos-en-el-istmo-y-golfo-de-tehuantepec","status":"publish","type":"post","link":"https:\/\/www.bbmnoticias.com\/labravaradiofm\/2025\/11\/10\/emite-proteccion-civil-aviso-especial-por-fuertes-vientos-en-el-istmo-y-golfo-de-tehuantepec\/","title":{"rendered":"Emite Protecci\u00f3n Civil aviso especial por fuertes vientos en el Istmo y Golfo de Tehuantepec"},"content":{"rendered":"<div style=\"margin-top: 0px; margin-bottom: 0px;\" class=\"sharethis-inline-share-buttons\" ><\/div>\n<p><strong>Oaxaca de Ju\u00e1rez, Oax.-<\/strong> La Coordinaci\u00f3n Estatal de Protecci\u00f3n Civil y Gesti\u00f3n de Riesgos (CEPCyGR) emite las siguientes recomendaciones ante los fuertes vientos que se prev\u00e9n en el Istmo de Tehuantepec.<\/p>\n\n\n\n<p>De acuerdo con la Comisi\u00f3n Nacional del Agua, la masa de aire fr\u00edo de origen \u00e1rtico que impulsa al sistema frontal, establecer\u00e1 vientos del norte de 60 a 70 kil\u00f3metros por hora (km\/h), con rachas de 90 a 110 km\/h en el tramo carretero La Venta\u2013La Ventosa.<\/p>\n\n\n\n<p>Estos vientos lineales se trasladar\u00e1n hacia el Golfo de Tehuantepec, donde provocar\u00e1n oleaje elevado de entre 2 y 3 metros de altura. En el resto del estado, los vientos ser\u00e1n moderados con rachas ocasionalmente fuertes, especialmente en zonas altas y serranas.<\/p>\n\n\n\n<p>Ante esta situaci\u00f3n se pide a la poblaci\u00f3n: evitar quemas agr\u00edcolas o de pastizales durante periodos de viento fuertes; extremar precauciones por la presencia de r\u00e1fagas de viento, especialmente al conducir veh\u00edculos de carga o pasajeros; evaluar las condiciones atmosf\u00e9ricas y oceanogr\u00e1ficas antes de realizar actividades.<\/p>\n\n\n\n<p>Atender las indicaciones de la Guardia Nacional (GN) y mantenerse informada de los avisos meteorol\u00f3gicos y recomendaciones emitidas por la instituci\u00f3n y autoridades municipales.<\/p>\n","protected":false},"excerpt":{"rendered":"<p>Oaxaca de Ju\u00e1rez, Oax.- La Coordinaci\u00f3n Estatal de Protecci\u00f3n Civil y Gesti\u00f3n de Riesgos (CEPCyGR) emite las siguientes recomendaciones ante los fuertes vientos que se prev\u00e9n en el Istmo de Tehuantepec. De acuerdo con la Comisi\u00f3n Nacional del Agua, la masa de aire fr\u00edo de origen \u00e1rtico que impulsa al sistema frontal, establecer\u00e1 vientos del [&hellip;]<\/p>\n","protected":false},"author":2,"featured_media":69600,"comment_status":"closed","ping_status":"","sticky":false,"template":"","format":"standard","meta":{"footnotes":""},"categories":[2],"tags":[],"class_list":{"0":"post-69598","1":"post","2":"type-post","3":"status-publish","4":"format-standard","5":"has-post-thumbnail","7":"category-oaxaca"},"yoast_head":"<!-- This site is optimized with the Yoast SEO plugin v27.4 - https:\/\/yoast.com\/product\/yoast-seo-wordpress\/ -->\n<title>Emite Protecci\u00f3n Civil aviso especial por fuertes vientos en el Istmo y Golfo de Tehuantepec - LA BRAVA RADIO<\/title>\n<meta name=\"robots\" content=\"index, follow, max-snippet:-1, max-image-preview:large, max-video-preview:-1\" \/>\n<link rel=\"canonical\" href=\"https:\/\/www.bbmnoticias.com\/emite-proteccion-civil-aviso-especial-por-fuertes-vientos-en-el-istmo-y-golfo-de-tehuantepec\/\" \/>\n<meta property=\"og:locale\" content=\"es_MX\" \/>\n<meta property=\"og:type\" content=\"article\" \/>\n<meta property=\"og:title\" content=\"Emite Protecci\u00f3n Civil aviso especial por fuertes vientos en el Istmo y Golfo de Tehuantepec - LA BRAVA RADIO\" \/>\n<meta property=\"og:description\" content=\"Oaxaca de Ju\u00e1rez, Oax.- La Coordinaci\u00f3n Estatal de Protecci\u00f3n Civil y Gesti\u00f3n de Riesgos (CEPCyGR) emite las siguientes recomendaciones ante los fuertes vientos que se prev\u00e9n en el Istmo de Tehuantepec. De acuerdo con la Comisi\u00f3n Nacional del Agua, la masa de aire fr\u00edo de origen \u00e1rtico que impulsa al sistema frontal, establecer\u00e1 vientos del [&hellip;]\" \/>\n<meta property=\"og:url\" content=\"https:\/\/www.bbmnoticias.com\/emite-proteccion-civil-aviso-especial-por-fuertes-vientos-en-el-istmo-y-golfo-de-tehuantepec\/\" \/>\n<meta property=\"og:site_name\" content=\"LA BRAVA RADIO\" \/>\n<meta property=\"article:published_time\" content=\"2025-11-10T20:20:39+00:00\" \/>\n<meta property=\"article:modified_time\" content=\"2025-11-10T20:20:43+00:00\" \/>\n<meta property=\"og:image\" content=\"https:\/\/www.bbmnoticias.com\/labravaradiofm\/wp-content\/uploads\/sites\/5\/2025\/11\/frios_golfo_tehuantepec.jpg\" \/>\n\t<meta property=\"og:image:width\" content=\"800\" \/>\n\t<meta property=\"og:image:height\" content=\"486\" \/>\n\t<meta property=\"og:image:type\" content=\"image\/jpeg\" \/>\n<meta name=\"author\" content=\"Staff\" \/>\n<meta name=\"twitter:card\" content=\"summary_large_image\" \/>\n<meta name=\"twitter:label1\" content=\"Escrito por\" \/>\n\t<meta name=\"twitter:data1\" content=\"Staff\" \/>\n\t<meta name=\"twitter:label2\" content=\"Tiempo de lectura\" \/>\n\t<meta name=\"twitter:data2\" content=\"1 minuto\" \/>\n<script type=\"application\/ld+json\" class=\"yoast-schema-graph\">{\"@context\":\"https:\\\/\\\/schema.org\",\"@graph\":[{\"@type\":\"Article\",\"@id\":\"https:\\\/\\\/www.bbmnoticias.com\\\/emite-proteccion-civil-aviso-especial-por-fuertes-vientos-en-el-istmo-y-golfo-de-tehuantepec\\\/#article\",\"isPartOf\":{\"@id\":\"https:\\\/\\\/www.bbmnoticias.com\\\/labravaradiofm\\\/2025\\\/11\\\/10\\\/emite-proteccion-civil-aviso-especial-por-fuertes-vientos-en-el-istmo-y-golfo-de-tehuantepec\\\/\"},\"author\":{\"name\":\"Staff\",\"@id\":\"https:\\\/\\\/www.bbmnoticias.com\\\/labravaradiofm\\\/#\\\/schema\\\/person\\\/34b139c617a70ea5bef5678bffe4dd7b\"},\"headline\":\"Emite Protecci\u00f3n Civil aviso especial por fuertes vientos en el Istmo y Golfo de Tehuantepec\",\"datePublished\":\"2025-11-10T20:20:39+00:00\",\"dateModified\":\"2025-11-10T20:20:43+00:00\",\"mainEntityOfPage\":{\"@id\":\"https:\\\/\\\/www.bbmnoticias.com\\\/labravaradiofm\\\/2025\\\/11\\\/10\\\/emite-proteccion-civil-aviso-especial-por-fuertes-vientos-en-el-istmo-y-golfo-de-tehuantepec\\\/\"},\"wordCount\":223,\"image\":{\"@id\":\"https:\\\/\\\/www.bbmnoticias.com\\\/emite-proteccion-civil-aviso-especial-por-fuertes-vientos-en-el-istmo-y-golfo-de-tehuantepec\\\/#primaryimage\"},\"thumbnailUrl\":\"https:\\\/\\\/www.bbmnoticias.com\\\/labravaradiofm\\\/wp-content\\\/uploads\\\/sites\\\/5\\\/2025\\\/11\\\/frios_golfo_tehuantepec.jpg\",\"articleSection\":[\"LOCAL\"],\"inLanguage\":\"es\"},{\"@type\":\"WebPage\",\"@id\":\"https:\\\/\\\/www.bbmnoticias.com\\\/labravaradiofm\\\/2025\\\/11\\\/10\\\/emite-proteccion-civil-aviso-especial-por-fuertes-vientos-en-el-istmo-y-golfo-de-tehuantepec\\\/\",\"url\":\"https:\\\/\\\/www.bbmnoticias.com\\\/emite-proteccion-civil-aviso-especial-por-fuertes-vientos-en-el-istmo-y-golfo-de-tehuantepec\\\/\",\"name\":\"Emite Protecci\u00f3n Civil aviso especial por fuertes vientos en el Istmo y Golfo de Tehuantepec - LA BRAVA RADIO\",\"isPartOf\":{\"@id\":\"https:\\\/\\\/www.bbmnoticias.com\\\/labravaradiofm\\\/#website\"},\"primaryImageOfPage\":{\"@id\":\"https:\\\/\\\/www.bbmnoticias.com\\\/emite-proteccion-civil-aviso-especial-por-fuertes-vientos-en-el-istmo-y-golfo-de-tehuantepec\\\/#primaryimage\"},\"image\":{\"@id\":\"https:\\\/\\\/www.bbmnoticias.com\\\/emite-proteccion-civil-aviso-especial-por-fuertes-vientos-en-el-istmo-y-golfo-de-tehuantepec\\\/#primaryimage\"},\"thumbnailUrl\":\"https:\\\/\\\/www.bbmnoticias.com\\\/labravaradiofm\\\/wp-content\\\/uploads\\\/sites\\\/5\\\/2025\\\/11\\\/frios_golfo_tehuantepec.jpg\",\"datePublished\":\"2025-11-10T20:20:39+00:00\",\"dateModified\":\"2025-11-10T20:20:43+00:00\",\"author\":{\"@id\":\"https:\\\/\\\/www.bbmnoticias.com\\\/labravaradiofm\\\/#\\\/schema\\\/person\\\/34b139c617a70ea5bef5678bffe4dd7b\"},\"breadcrumb\":{\"@id\":\"https:\\\/\\\/www.bbmnoticias.com\\\/emite-proteccion-civil-aviso-especial-por-fuertes-vientos-en-el-istmo-y-golfo-de-tehuantepec\\\/#breadcrumb\"},\"inLanguage\":\"es\",\"potentialAction\":[{\"@type\":\"ReadAction\",\"target\":[\"https:\\\/\\\/www.bbmnoticias.com\\\/emite-proteccion-civil-aviso-especial-por-fuertes-vientos-en-el-istmo-y-golfo-de-tehuantepec\\\/\"]}]},{\"@type\":\"ImageObject\",\"inLanguage\":\"es\",\"@id\":\"https:\\\/\\\/www.bbmnoticias.com\\\/emite-proteccion-civil-aviso-especial-por-fuertes-vientos-en-el-istmo-y-golfo-de-tehuantepec\\\/#primaryimage\",\"url\":\"https:\\\/\\\/www.bbmnoticias.com\\\/labravaradiofm\\\/wp-content\\\/uploads\\\/sites\\\/5\\\/2025\\\/11\\\/frios_golfo_tehuantepec.jpg\",\"contentUrl\":\"https:\\\/\\\/www.bbmnoticias.com\\\/labravaradiofm\\\/wp-content\\\/uploads\\\/sites\\\/5\\\/2025\\\/11\\\/frios_golfo_tehuantepec.jpg\",\"width\":800,\"height\":486},{\"@type\":\"BreadcrumbList\",\"@id\":\"https:\\\/\\\/www.bbmnoticias.com\\\/emite-proteccion-civil-aviso-especial-por-fuertes-vientos-en-el-istmo-y-golfo-de-tehuantepec\\\/#breadcrumb\",\"itemListElement\":[{\"@type\":\"ListItem\",\"position\":1,\"name\":\"Inicio\",\"item\":\"https:\\\/\\\/www.bbmnoticias.com\\\/labravaradiofm\\\/\"},{\"@type\":\"ListItem\",\"position\":2,\"name\":\"Emite Protecci\u00f3n Civil aviso especial por fuertes vientos en el Istmo y Golfo de Tehuantepec\"}]},{\"@type\":\"WebSite\",\"@id\":\"https:\\\/\\\/www.bbmnoticias.com\\\/labravaradiofm\\\/#website\",\"url\":\"https:\\\/\\\/www.bbmnoticias.com\\\/labravaradiofm\\\/\",\"name\":\"LA BRAVA RADIO\",\"description\":\"Empresa productora de medios, Radiodifusi\u00f3n, Noticias, tendencias y todo lo que necesitas saber de la pol\u00edtica mexicana e internacional; entretenimiento, espect\u00e1culos, salud y mucho m\u00e1s.\",\"potentialAction\":[{\"@type\":\"SearchAction\",\"target\":{\"@type\":\"EntryPoint\",\"urlTemplate\":\"https:\\\/\\\/www.bbmnoticias.com\\\/labravaradiofm\\\/?s={search_term_string}\"},\"query-input\":{\"@type\":\"PropertyValueSpecification\",\"valueRequired\":true,\"valueName\":\"search_term_string\"}}],\"inLanguage\":\"es\"},{\"@type\":\"Person\",\"@id\":\"https:\\\/\\\/www.bbmnoticias.com\\\/labravaradiofm\\\/#\\\/schema\\\/person\\\/34b139c617a70ea5bef5678bffe4dd7b\",\"name\":\"Staff\",\"image\":{\"@type\":\"ImageObject\",\"inLanguage\":\"es\",\"@id\":\"https:\\\/\\\/secure.gravatar.com\\\/avatar\\\/fdd21ad66fd8b98c407f9dee5b5e588cfe7f0d8579ec20fa6527cd59bab7f0f0?s=96&d=mm&r=g\",\"url\":\"https:\\\/\\\/secure.gravatar.com\\\/avatar\\\/fdd21ad66fd8b98c407f9dee5b5e588cfe7f0d8579ec20fa6527cd59bab7f0f0?s=96&d=mm&r=g\",\"contentUrl\":\"https:\\\/\\\/secure.gravatar.com\\\/avatar\\\/fdd21ad66fd8b98c407f9dee5b5e588cfe7f0d8579ec20fa6527cd59bab7f0f0?s=96&d=mm&r=g\",\"caption\":\"Staff\"},\"url\":\"https:\\\/\\\/www.bbmnoticias.com\\\/labravaradiofm\\\/author\\\/redaccion\\\/\"}]}<\/script>\n<!-- \/ Yoast SEO plugin. -->","yoast_head_json":{"title":"Emite Protecci\u00f3n Civil aviso especial por fuertes vientos en el Istmo y Golfo de Tehuantepec - LA BRAVA RADIO","robots":{"index":"index","follow":"follow","max-snippet":"max-snippet:-1","max-image-preview":"max-image-preview:large","max-video-preview":"max-video-preview:-1"},"canonical":"https:\/\/www.bbmnoticias.com\/emite-proteccion-civil-aviso-especial-por-fuertes-vientos-en-el-istmo-y-golfo-de-tehuantepec\/","og_locale":"es_MX","og_type":"article","og_title":"Emite Protecci\u00f3n Civil aviso especial por fuertes vientos en el Istmo y Golfo de Tehuantepec - LA BRAVA RADIO","og_description":"Oaxaca de Ju\u00e1rez, Oax.- La Coordinaci\u00f3n Estatal de Protecci\u00f3n Civil y Gesti\u00f3n de Riesgos (CEPCyGR) emite las siguientes recomendaciones ante los fuertes vientos que se prev\u00e9n en el Istmo de Tehuantepec. De acuerdo con la Comisi\u00f3n Nacional del Agua, la masa de aire fr\u00edo de origen \u00e1rtico que impulsa al sistema frontal, establecer\u00e1 vientos del [&hellip;]","og_url":"https:\/\/www.bbmnoticias.com\/emite-proteccion-civil-aviso-especial-por-fuertes-vientos-en-el-istmo-y-golfo-de-tehuantepec\/","og_site_name":"LA BRAVA RADIO","article_published_time":"2025-11-10T20:20:39+00:00","article_modified_time":"2025-11-10T20:20:43+00:00","og_image":[{"width":800,"height":486,"url":"https:\/\/www.bbmnoticias.com\/labravaradiofm\/wp-content\/uploads\/sites\/5\/2025\/11\/frios_golfo_tehuantepec.jpg","type":"image\/jpeg"}],"author":"Staff","twitter_card":"summary_large_image","twitter_misc":{"Escrito por":"Staff","Tiempo de lectura":"1 minuto"},"schema":{"@context":"https:\/\/schema.org","@graph":[{"@type":"Article","@id":"https:\/\/www.bbmnoticias.com\/emite-proteccion-civil-aviso-especial-por-fuertes-vientos-en-el-istmo-y-golfo-de-tehuantepec\/#article","isPartOf":{"@id":"https:\/\/www.bbmnoticias.com\/labravaradiofm\/2025\/11\/10\/emite-proteccion-civil-aviso-especial-por-fuertes-vientos-en-el-istmo-y-golfo-de-tehuantepec\/"},"author":{"name":"Staff","@id":"https:\/\/www.bbmnoticias.com\/labravaradiofm\/#\/schema\/person\/34b139c617a70ea5bef5678bffe4dd7b"},"headline":"Emite Protecci\u00f3n Civil aviso especial por fuertes vientos en el Istmo y Golfo de Tehuantepec","datePublished":"2025-11-10T20:20:39+00:00","dateModified":"2025-11-10T20:20:43+00:00","mainEntityOfPage":{"@id":"https:\/\/www.bbmnoticias.com\/labravaradiofm\/2025\/11\/10\/emite-proteccion-civil-aviso-especial-por-fuertes-vientos-en-el-istmo-y-golfo-de-tehuantepec\/"},"wordCount":223,"image":{"@id":"https:\/\/www.bbmnoticias.com\/emite-proteccion-civil-aviso-especial-por-fuertes-vientos-en-el-istmo-y-golfo-de-tehuantepec\/#primaryimage"},"thumbnailUrl":"https:\/\/www.bbmnoticias.com\/labravaradiofm\/wp-content\/uploads\/sites\/5\/2025\/11\/frios_golfo_tehuantepec.jpg","articleSection":["LOCAL"],"inLanguage":"es"},{"@type":"WebPage","@id":"https:\/\/www.bbmnoticias.com\/labravaradiofm\/2025\/11\/10\/emite-proteccion-civil-aviso-especial-por-fuertes-vientos-en-el-istmo-y-golfo-de-tehuantepec\/","url":"https:\/\/www.bbmnoticias.com\/emite-proteccion-civil-aviso-especial-por-fuertes-vientos-en-el-istmo-y-golfo-de-tehuantepec\/","name":"Emite Protecci\u00f3n Civil aviso especial por fuertes vientos en el Istmo y Golfo de Tehuantepec - LA BRAVA RADIO","isPartOf":{"@id":"https:\/\/www.bbmnoticias.com\/labravaradiofm\/#website"},"primaryImageOfPage":{"@id":"https:\/\/www.bbmnoticias.com\/emite-proteccion-civil-aviso-especial-por-fuertes-vientos-en-el-istmo-y-golfo-de-tehuantepec\/#primaryimage"},"image":{"@id":"https:\/\/www.bbmnoticias.com\/emite-proteccion-civil-aviso-especial-por-fuertes-vientos-en-el-istmo-y-golfo-de-tehuantepec\/#primaryimage"},"thumbnailUrl":"https:\/\/www.bbmnoticias.com\/labravaradiofm\/wp-content\/uploads\/sites\/5\/2025\/11\/frios_golfo_tehuantepec.jpg","datePublished":"2025-11-10T20:20:39+00:00","dateModified":"2025-11-10T20:20:43+00:00","author":{"@id":"https:\/\/www.bbmnoticias.com\/labravaradiofm\/#\/schema\/person\/34b139c617a70ea5bef5678bffe4dd7b"},"breadcrumb":{"@id":"https:\/\/www.bbmnoticias.com\/emite-proteccion-civil-aviso-especial-por-fuertes-vientos-en-el-istmo-y-golfo-de-tehuantepec\/#breadcrumb"},"inLanguage":"es","potentialAction":[{"@type":"ReadAction","target":["https:\/\/www.bbmnoticias.com\/emite-proteccion-civil-aviso-especial-por-fuertes-vientos-en-el-istmo-y-golfo-de-tehuantepec\/"]}]},{"@type":"ImageObject","inLanguage":"es","@id":"https:\/\/www.bbmnoticias.com\/emite-proteccion-civil-aviso-especial-por-fuertes-vientos-en-el-istmo-y-golfo-de-tehuantepec\/#primaryimage","url":"https:\/\/www.bbmnoticias.com\/labravaradiofm\/wp-content\/uploads\/sites\/5\/2025\/11\/frios_golfo_tehuantepec.jpg","contentUrl":"https:\/\/www.bbmnoticias.com\/labravaradiofm\/wp-content\/uploads\/sites\/5\/2025\/11\/frios_golfo_tehuantepec.jpg","width":800,"height":486},{"@type":"BreadcrumbList","@id":"https:\/\/www.bbmnoticias.com\/emite-proteccion-civil-aviso-especial-por-fuertes-vientos-en-el-istmo-y-golfo-de-tehuantepec\/#breadcrumb","itemListElement":[{"@type":"ListItem","position":1,"name":"Inicio","item":"https:\/\/www.bbmnoticias.com\/labravaradiofm\/"},{"@type":"ListItem","position":2,"name":"Emite Protecci\u00f3n Civil aviso especial por fuertes vientos en el Istmo y Golfo de Tehuantepec"}]},{"@type":"WebSite","@id":"https:\/\/www.bbmnoticias.com\/labravaradiofm\/#website","url":"https:\/\/www.bbmnoticias.com\/labravaradiofm\/","name":"LA BRAVA RADIO","description":"Empresa productora de medios, Radiodifusi\u00f3n, Noticias, tendencias y todo lo que necesitas saber de la pol\u00edtica mexicana e internacional; entretenimiento, espect\u00e1culos, salud y mucho m\u00e1s.","potentialAction":[{"@type":"SearchAction","target":{"@type":"EntryPoint","urlTemplate":"https:\/\/www.bbmnoticias.com\/labravaradiofm\/?s={search_term_string}"},"query-input":{"@type":"PropertyValueSpecification","valueRequired":true,"valueName":"search_term_string"}}],"inLanguage":"es"},{"@type":"Person","@id":"https:\/\/www.bbmnoticias.com\/labravaradiofm\/#\/schema\/person\/34b139c617a70ea5bef5678bffe4dd7b","name":"Staff","image":{"@type":"ImageObject","inLanguage":"es","@id":"https:\/\/secure.gravatar.com\/avatar\/fdd21ad66fd8b98c407f9dee5b5e588cfe7f0d8579ec20fa6527cd59bab7f0f0?s=96&d=mm&r=g","url":"https:\/\/secure.gravatar.com\/avatar\/fdd21ad66fd8b98c407f9dee5b5e588cfe7f0d8579ec20fa6527cd59bab7f0f0?s=96&d=mm&r=g","contentUrl":"https:\/\/secure.gravatar.com\/avatar\/fdd21ad66fd8b98c407f9dee5b5e588cfe7f0d8579ec20fa6527cd59bab7f0f0?s=96&d=mm&r=g","caption":"Staff"},"url":"https:\/\/www.bbmnoticias.com\/labravaradiofm\/author\/redaccion\/"}]}},"_links":{"self":[{"href":"https:\/\/www.bbmnoticias.com\/labravaradiofm\/wp-json\/wp\/v2\/posts\/69598","targetHints":{"allow":["GET"]}}],"collection":[{"href":"https:\/\/www.bbmnoticias.com\/labravaradiofm\/wp-json\/wp\/v2\/posts"}],"about":[{"href":"https:\/\/www.bbmnoticias.com\/labravaradiofm\/wp-json\/wp\/v2\/types\/post"}],"author":[{"embeddable":true,"href":"https:\/\/www.bbmnoticias.com\/labravaradiofm\/wp-json\/wp\/v2\/users\/2"}],"replies":[{"embeddable":true,"href":"https:\/\/www.bbmnoticias.com\/labravaradiofm\/wp-json\/wp\/v2\/comments?post=69598"}],"version-history":[{"count":0,"href":"https:\/\/www.bbmnoticias.com\/labravaradiofm\/wp-json\/wp\/v2\/posts\/69598\/revisions"}],"wp:featuredmedia":[{"embeddable":true,"href":"https:\/\/www.bbmnoticias.com\/labravaradiofm\/wp-json\/wp\/v2\/media\/69600"}],"wp:attachment":[{"href":"https:\/\/www.bbmnoticias.com\/labravaradiofm\/wp-json\/wp\/v2\/media?parent=69598"}],"wp:term":[{"taxonomy":"category","embeddable":true,"href":"https:\/\/www.bbmnoticias.com\/labravaradiofm\/wp-json\/wp\/v2\/categories?post=69598"},{"taxonomy":"post_tag","embeddable":true,"href":"https:\/\/www.bbmnoticias.com\/labravaradiofm\/wp-json\/wp\/v2\/tags?post=69598"}],"curies":[{"name":"wp","href":"https:\/\/api.w.org\/{rel}","templated":true}]}}