{"id":69595,"date":"2025-11-10T13:53:58","date_gmt":"2025-11-10T19:53:58","guid":{"rendered":"https:\/\/www.bbmnoticias.com\/labravaradiofm\/2025\/11\/10\/posponen-en-la-camara-de-diputados-la-reforma-para-adelantar-la-revocacion-de-mandato-a-2027\/"},"modified":"2025-11-10T13:54:06","modified_gmt":"2025-11-10T19:54:06","slug":"posponen-en-la-camara-de-diputados-la-reforma-para-adelantar-la-revocacion-de-mandato-a-2027","status":"publish","type":"post","link":"https:\/\/www.bbmnoticias.com\/labravaradiofm\/2025\/11\/10\/posponen-en-la-camara-de-diputados-la-reforma-para-adelantar-la-revocacion-de-mandato-a-2027\/","title":{"rendered":"Posponen en la C\u00e1mara de Diputados la reforma para adelantar la revocaci\u00f3n de mandato a 2027"},"content":{"rendered":"<div style=\"margin-top: 0px; margin-bottom: 0px;\" class=\"sharethis-inline-share-buttons\" ><\/div>\n<p><strong>Ricardo Monreal<\/strong>, coordinador de la bancada de <strong>Morena<\/strong> en la<strong> C\u00e1mara de Diputados<\/strong> y presidente de la Junta de Coordinaci\u00f3n Pol\u00edtica (<strong>Jucopo<\/strong>), solicitar\u00e1 a la <strong>Comisi\u00f3n de Puntos Constitucionales<\/strong> posponer la discusi\u00f3n prevista para lunes 10 de noviembre de 2025 para dictaminar el cambio de la <strong>revocaci\u00f3n de mandato <\/strong>para las<strong> elecciones de 2027<\/strong>.<\/p>\n\n\n\n<p>Lo anterior fue detallado por Monreal \u00c1vila en entrevista con <strong>Joaqu\u00edn L\u00f3pez-D\u00f3riga<\/strong> para su espacio en <strong>Radio F\u00f3rmula.<\/strong><\/p>\n\n\n\n<blockquote class=\"wp-block-quote is-layout-flow wp-block-quote-is-layout-flow\">\n<p>Decid\u00ed solicitarle, presidenta de la Comisi\u00f3n de Puntos Constitucionales (Leonel Godoy) que esper\u00e1ramos, que pospusi\u00e9ramos el d\u00eda de aprobaci\u00f3n del dictamen que era hoy a las 18:00 h para dar un poco m\u00e1s de espacio al debate y a la discusi\u00f3n\u201d, dijo.<\/p>\n<\/blockquote>\n\n\n\n<p>\u201cHe estado conversando con coordinadores de los grupos parlamentarios, del PRI, PAN, PT, Movimiento Ciudadano, Partido Verde, y creo que lo m\u00e1s conveniente es no precipitar porque ellos me dec\u00edan que parec\u00eda un <em>albazo<\/em> si hoy se aprobaba y ma\u00f1ana en el Pleno tambi\u00e9n se aprobaba, entonces dimos una pausa\u201d, argument\u00f3.<\/p>\n","protected":false},"excerpt":{"rendered":"<p>Ricardo Monreal, coordinador de la bancada de Morena en la C\u00e1mara de Diputados y presidente de la Junta de Coordinaci\u00f3n Pol\u00edtica (Jucopo), solicitar\u00e1 a la Comisi\u00f3n de Puntos Constitucionales posponer la discusi\u00f3n prevista para lunes 10 de noviembre de 2025 para dictaminar el cambio de la revocaci\u00f3n de mandato para las elecciones de 2027. Lo [&hellip;]<\/p>\n","protected":false},"author":2,"featured_media":69597,"comment_status":"closed","ping_status":"","sticky":false,"template":"","format":"standard","meta":{"footnotes":""},"categories":[2,19],"tags":[],"class_list":{"0":"post-69595","1":"post","2":"type-post","3":"status-publish","4":"format-standard","5":"has-post-thumbnail","7":"category-oaxaca","8":"category-nacional"},"yoast_head":"<!-- This site is optimized with the Yoast SEO plugin v27.4 - https:\/\/yoast.com\/product\/yoast-seo-wordpress\/ -->\n<title>Posponen en la C\u00e1mara de Diputados la reforma para adelantar la revocaci\u00f3n de mandato a 2027 - LA BRAVA RADIO<\/title>\n<meta name=\"robots\" content=\"index, follow, max-snippet:-1, max-image-preview:large, max-video-preview:-1\" \/>\n<link rel=\"canonical\" href=\"https:\/\/www.bbmnoticias.com\/posponen-en-la-camara-de-diputados-la-reforma-para-adelantar-la-revocacion-de-mandato-a-2027\/\" \/>\n<meta property=\"og:locale\" content=\"es_MX\" \/>\n<meta property=\"og:type\" content=\"article\" \/>\n<meta property=\"og:title\" content=\"Posponen en la C\u00e1mara de Diputados la reforma para adelantar la revocaci\u00f3n de mandato a 2027 - LA BRAVA RADIO\" \/>\n<meta property=\"og:description\" content=\"Ricardo Monreal, coordinador de la bancada de Morena en la C\u00e1mara de Diputados y presidente de la Junta de Coordinaci\u00f3n Pol\u00edtica (Jucopo), solicitar\u00e1 a la Comisi\u00f3n de Puntos Constitucionales posponer la discusi\u00f3n prevista para lunes 10 de noviembre de 2025 para dictaminar el cambio de la revocaci\u00f3n de mandato para las elecciones de 2027. Lo [&hellip;]\" \/>\n<meta property=\"og:url\" content=\"https:\/\/www.bbmnoticias.com\/posponen-en-la-camara-de-diputados-la-reforma-para-adelantar-la-revocacion-de-mandato-a-2027\/\" \/>\n<meta property=\"og:site_name\" content=\"LA BRAVA RADIO\" \/>\n<meta property=\"article:published_time\" content=\"2025-11-10T19:53:58+00:00\" \/>\n<meta property=\"article:modified_time\" content=\"2025-11-10T19:54:06+00:00\" \/>\n<meta property=\"og:image\" content=\"https:\/\/www.bbmnoticias.com\/labravaradiofm\/wp-content\/uploads\/sites\/5\/2025\/11\/revocacion-de-mandato-1-1536x1024-1.jpg\" \/>\n\t<meta property=\"og:image:width\" content=\"1536\" \/>\n\t<meta property=\"og:image:height\" content=\"1024\" \/>\n\t<meta property=\"og:image:type\" content=\"image\/jpeg\" \/>\n<meta name=\"author\" content=\"Staff\" \/>\n<meta name=\"twitter:card\" content=\"summary_large_image\" \/>\n<meta name=\"twitter:label1\" content=\"Escrito por\" \/>\n\t<meta name=\"twitter:data1\" content=\"Staff\" \/>\n\t<meta name=\"twitter:label2\" content=\"Tiempo de lectura\" \/>\n\t<meta name=\"twitter:data2\" content=\"1 minuto\" \/>\n<script type=\"application\/ld+json\" class=\"yoast-schema-graph\">{\"@context\":\"https:\\\/\\\/schema.org\",\"@graph\":[{\"@type\":\"Article\",\"@id\":\"https:\\\/\\\/www.bbmnoticias.com\\\/posponen-en-la-camara-de-diputados-la-reforma-para-adelantar-la-revocacion-de-mandato-a-2027\\\/#article\",\"isPartOf\":{\"@id\":\"https:\\\/\\\/www.bbmnoticias.com\\\/labravaradiofm\\\/2025\\\/11\\\/10\\\/posponen-en-la-camara-de-diputados-la-reforma-para-adelantar-la-revocacion-de-mandato-a-2027\\\/\"},\"author\":{\"name\":\"Staff\",\"@id\":\"https:\\\/\\\/www.bbmnoticias.com\\\/labravaradiofm\\\/#\\\/schema\\\/person\\\/34b139c617a70ea5bef5678bffe4dd7b\"},\"headline\":\"Posponen en la C\u00e1mara de Diputados la reforma para adelantar la revocaci\u00f3n de mandato a 2027\",\"datePublished\":\"2025-11-10T19:53:58+00:00\",\"dateModified\":\"2025-11-10T19:54:06+00:00\",\"mainEntityOfPage\":{\"@id\":\"https:\\\/\\\/www.bbmnoticias.com\\\/labravaradiofm\\\/2025\\\/11\\\/10\\\/posponen-en-la-camara-de-diputados-la-reforma-para-adelantar-la-revocacion-de-mandato-a-2027\\\/\"},\"wordCount\":200,\"image\":{\"@id\":\"https:\\\/\\\/www.bbmnoticias.com\\\/posponen-en-la-camara-de-diputados-la-reforma-para-adelantar-la-revocacion-de-mandato-a-2027\\\/#primaryimage\"},\"thumbnailUrl\":\"https:\\\/\\\/www.bbmnoticias.com\\\/labravaradiofm\\\/wp-content\\\/uploads\\\/sites\\\/5\\\/2025\\\/11\\\/revocacion-de-mandato-1-1536x1024-1.jpg\",\"articleSection\":[\"LOCAL\",\"NACIONAL\"],\"inLanguage\":\"es\"},{\"@type\":\"WebPage\",\"@id\":\"https:\\\/\\\/www.bbmnoticias.com\\\/labravaradiofm\\\/2025\\\/11\\\/10\\\/posponen-en-la-camara-de-diputados-la-reforma-para-adelantar-la-revocacion-de-mandato-a-2027\\\/\",\"url\":\"https:\\\/\\\/www.bbmnoticias.com\\\/posponen-en-la-camara-de-diputados-la-reforma-para-adelantar-la-revocacion-de-mandato-a-2027\\\/\",\"name\":\"Posponen en la C\u00e1mara de Diputados la reforma para adelantar la revocaci\u00f3n de mandato a 2027 - LA BRAVA RADIO\",\"isPartOf\":{\"@id\":\"https:\\\/\\\/www.bbmnoticias.com\\\/labravaradiofm\\\/#website\"},\"primaryImageOfPage\":{\"@id\":\"https:\\\/\\\/www.bbmnoticias.com\\\/posponen-en-la-camara-de-diputados-la-reforma-para-adelantar-la-revocacion-de-mandato-a-2027\\\/#primaryimage\"},\"image\":{\"@id\":\"https:\\\/\\\/www.bbmnoticias.com\\\/posponen-en-la-camara-de-diputados-la-reforma-para-adelantar-la-revocacion-de-mandato-a-2027\\\/#primaryimage\"},\"thumbnailUrl\":\"https:\\\/\\\/www.bbmnoticias.com\\\/labravaradiofm\\\/wp-content\\\/uploads\\\/sites\\\/5\\\/2025\\\/11\\\/revocacion-de-mandato-1-1536x1024-1.jpg\",\"datePublished\":\"2025-11-10T19:53:58+00:00\",\"dateModified\":\"2025-11-10T19:54:06+00:00\",\"author\":{\"@id\":\"https:\\\/\\\/www.bbmnoticias.com\\\/labravaradiofm\\\/#\\\/schema\\\/person\\\/34b139c617a70ea5bef5678bffe4dd7b\"},\"breadcrumb\":{\"@id\":\"https:\\\/\\\/www.bbmnoticias.com\\\/posponen-en-la-camara-de-diputados-la-reforma-para-adelantar-la-revocacion-de-mandato-a-2027\\\/#breadcrumb\"},\"inLanguage\":\"es\",\"potentialAction\":[{\"@type\":\"ReadAction\",\"target\":[\"https:\\\/\\\/www.bbmnoticias.com\\\/posponen-en-la-camara-de-diputados-la-reforma-para-adelantar-la-revocacion-de-mandato-a-2027\\\/\"]}]},{\"@type\":\"ImageObject\",\"inLanguage\":\"es\",\"@id\":\"https:\\\/\\\/www.bbmnoticias.com\\\/posponen-en-la-camara-de-diputados-la-reforma-para-adelantar-la-revocacion-de-mandato-a-2027\\\/#primaryimage\",\"url\":\"https:\\\/\\\/www.bbmnoticias.com\\\/labravaradiofm\\\/wp-content\\\/uploads\\\/sites\\\/5\\\/2025\\\/11\\\/revocacion-de-mandato-1-1536x1024-1.jpg\",\"contentUrl\":\"https:\\\/\\\/www.bbmnoticias.com\\\/labravaradiofm\\\/wp-content\\\/uploads\\\/sites\\\/5\\\/2025\\\/11\\\/revocacion-de-mandato-1-1536x1024-1.jpg\",\"width\":1536,\"height\":1024},{\"@type\":\"BreadcrumbList\",\"@id\":\"https:\\\/\\\/www.bbmnoticias.com\\\/posponen-en-la-camara-de-diputados-la-reforma-para-adelantar-la-revocacion-de-mandato-a-2027\\\/#breadcrumb\",\"itemListElement\":[{\"@type\":\"ListItem\",\"position\":1,\"name\":\"Inicio\",\"item\":\"https:\\\/\\\/www.bbmnoticias.com\\\/labravaradiofm\\\/\"},{\"@type\":\"ListItem\",\"position\":2,\"name\":\"Posponen en la C\u00e1mara de Diputados la reforma para adelantar la revocaci\u00f3n de mandato a 2027\"}]},{\"@type\":\"WebSite\",\"@id\":\"https:\\\/\\\/www.bbmnoticias.com\\\/labravaradiofm\\\/#website\",\"url\":\"https:\\\/\\\/www.bbmnoticias.com\\\/labravaradiofm\\\/\",\"name\":\"LA BRAVA RADIO\",\"description\":\"Empresa productora de medios, Radiodifusi\u00f3n, Noticias, tendencias y todo lo que necesitas saber de la pol\u00edtica mexicana e internacional; entretenimiento, espect\u00e1culos, salud y mucho m\u00e1s.\",\"potentialAction\":[{\"@type\":\"SearchAction\",\"target\":{\"@type\":\"EntryPoint\",\"urlTemplate\":\"https:\\\/\\\/www.bbmnoticias.com\\\/labravaradiofm\\\/?s={search_term_string}\"},\"query-input\":{\"@type\":\"PropertyValueSpecification\",\"valueRequired\":true,\"valueName\":\"search_term_string\"}}],\"inLanguage\":\"es\"},{\"@type\":\"Person\",\"@id\":\"https:\\\/\\\/www.bbmnoticias.com\\\/labravaradiofm\\\/#\\\/schema\\\/person\\\/34b139c617a70ea5bef5678bffe4dd7b\",\"name\":\"Staff\",\"image\":{\"@type\":\"ImageObject\",\"inLanguage\":\"es\",\"@id\":\"https:\\\/\\\/secure.gravatar.com\\\/avatar\\\/fdd21ad66fd8b98c407f9dee5b5e588cfe7f0d8579ec20fa6527cd59bab7f0f0?s=96&d=mm&r=g\",\"url\":\"https:\\\/\\\/secure.gravatar.com\\\/avatar\\\/fdd21ad66fd8b98c407f9dee5b5e588cfe7f0d8579ec20fa6527cd59bab7f0f0?s=96&d=mm&r=g\",\"contentUrl\":\"https:\\\/\\\/secure.gravatar.com\\\/avatar\\\/fdd21ad66fd8b98c407f9dee5b5e588cfe7f0d8579ec20fa6527cd59bab7f0f0?s=96&d=mm&r=g\",\"caption\":\"Staff\"},\"url\":\"https:\\\/\\\/www.bbmnoticias.com\\\/labravaradiofm\\\/author\\\/redaccion\\\/\"}]}<\/script>\n<!-- \/ Yoast SEO plugin. -->","yoast_head_json":{"title":"Posponen en la C\u00e1mara de Diputados la reforma para adelantar la revocaci\u00f3n de mandato a 2027 - LA BRAVA RADIO","robots":{"index":"index","follow":"follow","max-snippet":"max-snippet:-1","max-image-preview":"max-image-preview:large","max-video-preview":"max-video-preview:-1"},"canonical":"https:\/\/www.bbmnoticias.com\/posponen-en-la-camara-de-diputados-la-reforma-para-adelantar-la-revocacion-de-mandato-a-2027\/","og_locale":"es_MX","og_type":"article","og_title":"Posponen en la C\u00e1mara de Diputados la reforma para adelantar la revocaci\u00f3n de mandato a 2027 - LA BRAVA RADIO","og_description":"Ricardo Monreal, coordinador de la bancada de Morena en la C\u00e1mara de Diputados y presidente de la Junta de Coordinaci\u00f3n Pol\u00edtica (Jucopo), solicitar\u00e1 a la Comisi\u00f3n de Puntos Constitucionales posponer la discusi\u00f3n prevista para lunes 10 de noviembre de 2025 para dictaminar el cambio de la revocaci\u00f3n de mandato para las elecciones de 2027. Lo [&hellip;]","og_url":"https:\/\/www.bbmnoticias.com\/posponen-en-la-camara-de-diputados-la-reforma-para-adelantar-la-revocacion-de-mandato-a-2027\/","og_site_name":"LA BRAVA RADIO","article_published_time":"2025-11-10T19:53:58+00:00","article_modified_time":"2025-11-10T19:54:06+00:00","og_image":[{"width":1536,"height":1024,"url":"https:\/\/www.bbmnoticias.com\/labravaradiofm\/wp-content\/uploads\/sites\/5\/2025\/11\/revocacion-de-mandato-1-1536x1024-1.jpg","type":"image\/jpeg"}],"author":"Staff","twitter_card":"summary_large_image","twitter_misc":{"Escrito por":"Staff","Tiempo de lectura":"1 minuto"},"schema":{"@context":"https:\/\/schema.org","@graph":[{"@type":"Article","@id":"https:\/\/www.bbmnoticias.com\/posponen-en-la-camara-de-diputados-la-reforma-para-adelantar-la-revocacion-de-mandato-a-2027\/#article","isPartOf":{"@id":"https:\/\/www.bbmnoticias.com\/labravaradiofm\/2025\/11\/10\/posponen-en-la-camara-de-diputados-la-reforma-para-adelantar-la-revocacion-de-mandato-a-2027\/"},"author":{"name":"Staff","@id":"https:\/\/www.bbmnoticias.com\/labravaradiofm\/#\/schema\/person\/34b139c617a70ea5bef5678bffe4dd7b"},"headline":"Posponen en la C\u00e1mara de Diputados la reforma para adelantar la revocaci\u00f3n de mandato a 2027","datePublished":"2025-11-10T19:53:58+00:00","dateModified":"2025-11-10T19:54:06+00:00","mainEntityOfPage":{"@id":"https:\/\/www.bbmnoticias.com\/labravaradiofm\/2025\/11\/10\/posponen-en-la-camara-de-diputados-la-reforma-para-adelantar-la-revocacion-de-mandato-a-2027\/"},"wordCount":200,"image":{"@id":"https:\/\/www.bbmnoticias.com\/posponen-en-la-camara-de-diputados-la-reforma-para-adelantar-la-revocacion-de-mandato-a-2027\/#primaryimage"},"thumbnailUrl":"https:\/\/www.bbmnoticias.com\/labravaradiofm\/wp-content\/uploads\/sites\/5\/2025\/11\/revocacion-de-mandato-1-1536x1024-1.jpg","articleSection":["LOCAL","NACIONAL"],"inLanguage":"es"},{"@type":"WebPage","@id":"https:\/\/www.bbmnoticias.com\/labravaradiofm\/2025\/11\/10\/posponen-en-la-camara-de-diputados-la-reforma-para-adelantar-la-revocacion-de-mandato-a-2027\/","url":"https:\/\/www.bbmnoticias.com\/posponen-en-la-camara-de-diputados-la-reforma-para-adelantar-la-revocacion-de-mandato-a-2027\/","name":"Posponen en la C\u00e1mara de Diputados la reforma para adelantar la revocaci\u00f3n de mandato a 2027 - LA BRAVA RADIO","isPartOf":{"@id":"https:\/\/www.bbmnoticias.com\/labravaradiofm\/#website"},"primaryImageOfPage":{"@id":"https:\/\/www.bbmnoticias.com\/posponen-en-la-camara-de-diputados-la-reforma-para-adelantar-la-revocacion-de-mandato-a-2027\/#primaryimage"},"image":{"@id":"https:\/\/www.bbmnoticias.com\/posponen-en-la-camara-de-diputados-la-reforma-para-adelantar-la-revocacion-de-mandato-a-2027\/#primaryimage"},"thumbnailUrl":"https:\/\/www.bbmnoticias.com\/labravaradiofm\/wp-content\/uploads\/sites\/5\/2025\/11\/revocacion-de-mandato-1-1536x1024-1.jpg","datePublished":"2025-11-10T19:53:58+00:00","dateModified":"2025-11-10T19:54:06+00:00","author":{"@id":"https:\/\/www.bbmnoticias.com\/labravaradiofm\/#\/schema\/person\/34b139c617a70ea5bef5678bffe4dd7b"},"breadcrumb":{"@id":"https:\/\/www.bbmnoticias.com\/posponen-en-la-camara-de-diputados-la-reforma-para-adelantar-la-revocacion-de-mandato-a-2027\/#breadcrumb"},"inLanguage":"es","potentialAction":[{"@type":"ReadAction","target":["https:\/\/www.bbmnoticias.com\/posponen-en-la-camara-de-diputados-la-reforma-para-adelantar-la-revocacion-de-mandato-a-2027\/"]}]},{"@type":"ImageObject","inLanguage":"es","@id":"https:\/\/www.bbmnoticias.com\/posponen-en-la-camara-de-diputados-la-reforma-para-adelantar-la-revocacion-de-mandato-a-2027\/#primaryimage","url":"https:\/\/www.bbmnoticias.com\/labravaradiofm\/wp-content\/uploads\/sites\/5\/2025\/11\/revocacion-de-mandato-1-1536x1024-1.jpg","contentUrl":"https:\/\/www.bbmnoticias.com\/labravaradiofm\/wp-content\/uploads\/sites\/5\/2025\/11\/revocacion-de-mandato-1-1536x1024-1.jpg","width":1536,"height":1024},{"@type":"BreadcrumbList","@id":"https:\/\/www.bbmnoticias.com\/posponen-en-la-camara-de-diputados-la-reforma-para-adelantar-la-revocacion-de-mandato-a-2027\/#breadcrumb","itemListElement":[{"@type":"ListItem","position":1,"name":"Inicio","item":"https:\/\/www.bbmnoticias.com\/labravaradiofm\/"},{"@type":"ListItem","position":2,"name":"Posponen en la C\u00e1mara de Diputados la reforma para adelantar la revocaci\u00f3n de mandato a 2027"}]},{"@type":"WebSite","@id":"https:\/\/www.bbmnoticias.com\/labravaradiofm\/#website","url":"https:\/\/www.bbmnoticias.com\/labravaradiofm\/","name":"LA BRAVA RADIO","description":"Empresa productora de medios, Radiodifusi\u00f3n, Noticias, tendencias y todo lo que necesitas saber de la pol\u00edtica mexicana e internacional; entretenimiento, espect\u00e1culos, salud y mucho m\u00e1s.","potentialAction":[{"@type":"SearchAction","target":{"@type":"EntryPoint","urlTemplate":"https:\/\/www.bbmnoticias.com\/labravaradiofm\/?s={search_term_string}"},"query-input":{"@type":"PropertyValueSpecification","valueRequired":true,"valueName":"search_term_string"}}],"inLanguage":"es"},{"@type":"Person","@id":"https:\/\/www.bbmnoticias.com\/labravaradiofm\/#\/schema\/person\/34b139c617a70ea5bef5678bffe4dd7b","name":"Staff","image":{"@type":"ImageObject","inLanguage":"es","@id":"https:\/\/secure.gravatar.com\/avatar\/fdd21ad66fd8b98c407f9dee5b5e588cfe7f0d8579ec20fa6527cd59bab7f0f0?s=96&d=mm&r=g","url":"https:\/\/secure.gravatar.com\/avatar\/fdd21ad66fd8b98c407f9dee5b5e588cfe7f0d8579ec20fa6527cd59bab7f0f0?s=96&d=mm&r=g","contentUrl":"https:\/\/secure.gravatar.com\/avatar\/fdd21ad66fd8b98c407f9dee5b5e588cfe7f0d8579ec20fa6527cd59bab7f0f0?s=96&d=mm&r=g","caption":"Staff"},"url":"https:\/\/www.bbmnoticias.com\/labravaradiofm\/author\/redaccion\/"}]}},"_links":{"self":[{"href":"https:\/\/www.bbmnoticias.com\/labravaradiofm\/wp-json\/wp\/v2\/posts\/69595","targetHints":{"allow":["GET"]}}],"collection":[{"href":"https:\/\/www.bbmnoticias.com\/labravaradiofm\/wp-json\/wp\/v2\/posts"}],"about":[{"href":"https:\/\/www.bbmnoticias.com\/labravaradiofm\/wp-json\/wp\/v2\/types\/post"}],"author":[{"embeddable":true,"href":"https:\/\/www.bbmnoticias.com\/labravaradiofm\/wp-json\/wp\/v2\/users\/2"}],"replies":[{"embeddable":true,"href":"https:\/\/www.bbmnoticias.com\/labravaradiofm\/wp-json\/wp\/v2\/comments?post=69595"}],"version-history":[{"count":0,"href":"https:\/\/www.bbmnoticias.com\/labravaradiofm\/wp-json\/wp\/v2\/posts\/69595\/revisions"}],"wp:featuredmedia":[{"embeddable":true,"href":"https:\/\/www.bbmnoticias.com\/labravaradiofm\/wp-json\/wp\/v2\/media\/69597"}],"wp:attachment":[{"href":"https:\/\/www.bbmnoticias.com\/labravaradiofm\/wp-json\/wp\/v2\/media?parent=69595"}],"wp:term":[{"taxonomy":"category","embeddable":true,"href":"https:\/\/www.bbmnoticias.com\/labravaradiofm\/wp-json\/wp\/v2\/categories?post=69595"},{"taxonomy":"post_tag","embeddable":true,"href":"https:\/\/www.bbmnoticias.com\/labravaradiofm\/wp-json\/wp\/v2\/tags?post=69595"}],"curies":[{"name":"wp","href":"https:\/\/api.w.org\/{rel}","templated":true}]}}