{"id":69592,"date":"2025-11-10T13:38:04","date_gmt":"2025-11-10T19:38:04","guid":{"rendered":"https:\/\/www.bbmnoticias.com\/labravaradiofm\/2025\/11\/10\/oaxaca-primer-estado-donde-se-realizara-la-consulta-de-revocacion-de-mandato-sin-miedo-a-la-democracia-salomon-jara\/"},"modified":"2025-11-10T13:38:10","modified_gmt":"2025-11-10T19:38:10","slug":"oaxaca-primer-estado-donde-se-realizara-la-consulta-de-revocacion-de-mandato-sin-miedo-a-la-democracia-salomon-jara","status":"publish","type":"post","link":"https:\/\/www.bbmnoticias.com\/labravaradiofm\/2025\/11\/10\/oaxaca-primer-estado-donde-se-realizara-la-consulta-de-revocacion-de-mandato-sin-miedo-a-la-democracia-salomon-jara\/","title":{"rendered":"Oaxaca, primer estado donde se realizar\u00e1 la consulta de Revocaci\u00f3n de Mandato, sin miedo a la democracia: Salom\u00f3n Jara"},"content":{"rendered":"<div style=\"margin-top: 0px; margin-bottom: 0px;\" class=\"sharethis-inline-share-buttons\" ><\/div>\n<p><strong>Oaxaca de Ju\u00e1rez, Oax.- <\/strong>El Gobernador Salom\u00f3n Jara Cruz expres\u00f3 que Oaxaca ser\u00e1 el primer estado de la Rep\u00fablica Mexicana donde, sin miedo a la democracia, se realizar\u00e1 la consulta de revocaci\u00f3n de mandato, sometiendo su cargo al juicio y voluntad del pueblo.<\/p>\n\n\n\n<p>De esta manera, en conferencia de prensa, extern\u00f3 su respaldo a las dos iniciativas hist\u00f3ricas presentadas por la Presidenta Claudia Sheinbaum Pardo, la primera para armonizar, a nivel federal, la revocaci\u00f3n de mandato con las elecciones de 2027; y, \u2060la segunda para eliminar el fuero constitucional.<\/p>\n\n\n\n<p>\u201cAmbas representan principios y valores de la Cuarta Transformaci\u00f3n; devuelven el poder al pueblo y acaban con los privilegios de la vieja pol\u00edtica\u201d, dijo al tiempo de se\u00f1alar que con estos avances democr\u00e1ticos la ciudadan\u00eda podr\u00e1 ejercer su derecho a evaluar el desempe\u00f1o de sus gobernantes y decidir sobre la continuidad de su mandato.<\/p>\n\n\n\n<p>Adem\u00e1s, Jara Cruz enfatiz\u00f3 que la realizaci\u00f3n de la revocaci\u00f3n de mandato el mismo d\u00eda de las elecciones federales contribuir\u00e1 a estimular una mayor participaci\u00f3n ciudadana, reduciendo costos administrativos.<\/p>\n\n\n\n<p>Por otro lado, con la eliminaci\u00f3n del fuero constitucional se garantizar\u00e1 que ninguna persona servidora p\u00fablica est\u00e9 por encima de las leyes, asegurando que puedan ser enjuiciados por delitos comunes mientras est\u00e9n activos en sus funciones.<\/p>\n\n\n\n<p>\u201cLa oposici\u00f3n defiende sus derechos; nosotros defendemos al pueblo. Ellos siembran odio con mentiras, nosotros sembramos confianza y esperanza con hechos\u201d, finaliz\u00f3.<\/p>\n","protected":false},"excerpt":{"rendered":"<p>Oaxaca de Ju\u00e1rez, Oax.- El Gobernador Salom\u00f3n Jara Cruz expres\u00f3 que Oaxaca ser\u00e1 el primer estado de la Rep\u00fablica Mexicana donde, sin miedo a la democracia, se realizar\u00e1 la consulta de revocaci\u00f3n de mandato, sometiendo su cargo al juicio y voluntad del pueblo. De esta manera, en conferencia de prensa, extern\u00f3 su respaldo a las [&hellip;]<\/p>\n","protected":false},"author":2,"featured_media":69594,"comment_status":"closed","ping_status":"","sticky":false,"template":"","format":"standard","meta":{"footnotes":""},"categories":[2],"tags":[],"class_list":{"0":"post-69592","1":"post","2":"type-post","3":"status-publish","4":"format-standard","5":"has-post-thumbnail","7":"category-oaxaca"},"yoast_head":"<!-- This site is optimized with the Yoast SEO plugin v27.4 - https:\/\/yoast.com\/product\/yoast-seo-wordpress\/ -->\n<title>Oaxaca, primer estado donde se realizar\u00e1 la consulta de Revocaci\u00f3n de Mandato, sin miedo a la democracia: Salom\u00f3n Jara - LA BRAVA RADIO<\/title>\n<meta name=\"robots\" content=\"index, follow, max-snippet:-1, max-image-preview:large, max-video-preview:-1\" \/>\n<link rel=\"canonical\" href=\"https:\/\/www.bbmnoticias.com\/oaxaca-primer-estado-donde-se-realizara-la-consulta-de-revocacion-de-mandato-sin-miedo-a-la-democracia-salomon-jara\/\" \/>\n<meta property=\"og:locale\" content=\"es_MX\" \/>\n<meta property=\"og:type\" content=\"article\" \/>\n<meta property=\"og:title\" content=\"Oaxaca, primer estado donde se realizar\u00e1 la consulta de Revocaci\u00f3n de Mandato, sin miedo a la democracia: Salom\u00f3n Jara - LA BRAVA RADIO\" \/>\n<meta property=\"og:description\" content=\"Oaxaca de Ju\u00e1rez, Oax.- El Gobernador Salom\u00f3n Jara Cruz expres\u00f3 que Oaxaca ser\u00e1 el primer estado de la Rep\u00fablica Mexicana donde, sin miedo a la democracia, se realizar\u00e1 la consulta de revocaci\u00f3n de mandato, sometiendo su cargo al juicio y voluntad del pueblo. De esta manera, en conferencia de prensa, extern\u00f3 su respaldo a las [&hellip;]\" \/>\n<meta property=\"og:url\" content=\"https:\/\/www.bbmnoticias.com\/oaxaca-primer-estado-donde-se-realizara-la-consulta-de-revocacion-de-mandato-sin-miedo-a-la-democracia-salomon-jara\/\" \/>\n<meta property=\"og:site_name\" content=\"LA BRAVA RADIO\" \/>\n<meta property=\"article:published_time\" content=\"2025-11-10T19:38:04+00:00\" \/>\n<meta property=\"article:modified_time\" content=\"2025-11-10T19:38:10+00:00\" \/>\n<meta property=\"og:image\" content=\"https:\/\/www.bbmnoticias.com\/labravaradiofm\/wp-content\/uploads\/sites\/5\/2025\/11\/sjc_revocacion_mandato.jpg\" \/>\n\t<meta property=\"og:image:width\" content=\"1280\" \/>\n\t<meta property=\"og:image:height\" content=\"853\" \/>\n\t<meta property=\"og:image:type\" content=\"image\/jpeg\" \/>\n<meta name=\"author\" content=\"Staff\" \/>\n<meta name=\"twitter:card\" content=\"summary_large_image\" \/>\n<meta name=\"twitter:label1\" content=\"Escrito por\" \/>\n\t<meta name=\"twitter:data1\" content=\"Staff\" \/>\n\t<meta name=\"twitter:label2\" content=\"Tiempo de lectura\" \/>\n\t<meta name=\"twitter:data2\" content=\"1 minuto\" \/>\n<script type=\"application\/ld+json\" class=\"yoast-schema-graph\">{\"@context\":\"https:\\\/\\\/schema.org\",\"@graph\":[{\"@type\":\"Article\",\"@id\":\"https:\\\/\\\/www.bbmnoticias.com\\\/oaxaca-primer-estado-donde-se-realizara-la-consulta-de-revocacion-de-mandato-sin-miedo-a-la-democracia-salomon-jara\\\/#article\",\"isPartOf\":{\"@id\":\"https:\\\/\\\/www.bbmnoticias.com\\\/labravaradiofm\\\/2025\\\/11\\\/10\\\/oaxaca-primer-estado-donde-se-realizara-la-consulta-de-revocacion-de-mandato-sin-miedo-a-la-democracia-salomon-jara\\\/\"},\"author\":{\"name\":\"Staff\",\"@id\":\"https:\\\/\\\/www.bbmnoticias.com\\\/labravaradiofm\\\/#\\\/schema\\\/person\\\/34b139c617a70ea5bef5678bffe4dd7b\"},\"headline\":\"Oaxaca, primer estado donde se realizar\u00e1 la consulta de Revocaci\u00f3n de Mandato, sin miedo a la democracia: Salom\u00f3n Jara\",\"datePublished\":\"2025-11-10T19:38:04+00:00\",\"dateModified\":\"2025-11-10T19:38:10+00:00\",\"mainEntityOfPage\":{\"@id\":\"https:\\\/\\\/www.bbmnoticias.com\\\/labravaradiofm\\\/2025\\\/11\\\/10\\\/oaxaca-primer-estado-donde-se-realizara-la-consulta-de-revocacion-de-mandato-sin-miedo-a-la-democracia-salomon-jara\\\/\"},\"wordCount\":272,\"image\":{\"@id\":\"https:\\\/\\\/www.bbmnoticias.com\\\/oaxaca-primer-estado-donde-se-realizara-la-consulta-de-revocacion-de-mandato-sin-miedo-a-la-democracia-salomon-jara\\\/#primaryimage\"},\"thumbnailUrl\":\"https:\\\/\\\/www.bbmnoticias.com\\\/labravaradiofm\\\/wp-content\\\/uploads\\\/sites\\\/5\\\/2025\\\/11\\\/sjc_revocacion_mandato.jpg\",\"articleSection\":[\"LOCAL\"],\"inLanguage\":\"es\"},{\"@type\":\"WebPage\",\"@id\":\"https:\\\/\\\/www.bbmnoticias.com\\\/labravaradiofm\\\/2025\\\/11\\\/10\\\/oaxaca-primer-estado-donde-se-realizara-la-consulta-de-revocacion-de-mandato-sin-miedo-a-la-democracia-salomon-jara\\\/\",\"url\":\"https:\\\/\\\/www.bbmnoticias.com\\\/oaxaca-primer-estado-donde-se-realizara-la-consulta-de-revocacion-de-mandato-sin-miedo-a-la-democracia-salomon-jara\\\/\",\"name\":\"Oaxaca, primer estado donde se realizar\u00e1 la consulta de Revocaci\u00f3n de Mandato, sin miedo a la democracia: Salom\u00f3n Jara - LA BRAVA RADIO\",\"isPartOf\":{\"@id\":\"https:\\\/\\\/www.bbmnoticias.com\\\/labravaradiofm\\\/#website\"},\"primaryImageOfPage\":{\"@id\":\"https:\\\/\\\/www.bbmnoticias.com\\\/oaxaca-primer-estado-donde-se-realizara-la-consulta-de-revocacion-de-mandato-sin-miedo-a-la-democracia-salomon-jara\\\/#primaryimage\"},\"image\":{\"@id\":\"https:\\\/\\\/www.bbmnoticias.com\\\/oaxaca-primer-estado-donde-se-realizara-la-consulta-de-revocacion-de-mandato-sin-miedo-a-la-democracia-salomon-jara\\\/#primaryimage\"},\"thumbnailUrl\":\"https:\\\/\\\/www.bbmnoticias.com\\\/labravaradiofm\\\/wp-content\\\/uploads\\\/sites\\\/5\\\/2025\\\/11\\\/sjc_revocacion_mandato.jpg\",\"datePublished\":\"2025-11-10T19:38:04+00:00\",\"dateModified\":\"2025-11-10T19:38:10+00:00\",\"author\":{\"@id\":\"https:\\\/\\\/www.bbmnoticias.com\\\/labravaradiofm\\\/#\\\/schema\\\/person\\\/34b139c617a70ea5bef5678bffe4dd7b\"},\"breadcrumb\":{\"@id\":\"https:\\\/\\\/www.bbmnoticias.com\\\/oaxaca-primer-estado-donde-se-realizara-la-consulta-de-revocacion-de-mandato-sin-miedo-a-la-democracia-salomon-jara\\\/#breadcrumb\"},\"inLanguage\":\"es\",\"potentialAction\":[{\"@type\":\"ReadAction\",\"target\":[\"https:\\\/\\\/www.bbmnoticias.com\\\/oaxaca-primer-estado-donde-se-realizara-la-consulta-de-revocacion-de-mandato-sin-miedo-a-la-democracia-salomon-jara\\\/\"]}]},{\"@type\":\"ImageObject\",\"inLanguage\":\"es\",\"@id\":\"https:\\\/\\\/www.bbmnoticias.com\\\/oaxaca-primer-estado-donde-se-realizara-la-consulta-de-revocacion-de-mandato-sin-miedo-a-la-democracia-salomon-jara\\\/#primaryimage\",\"url\":\"https:\\\/\\\/www.bbmnoticias.com\\\/labravaradiofm\\\/wp-content\\\/uploads\\\/sites\\\/5\\\/2025\\\/11\\\/sjc_revocacion_mandato.jpg\",\"contentUrl\":\"https:\\\/\\\/www.bbmnoticias.com\\\/labravaradiofm\\\/wp-content\\\/uploads\\\/sites\\\/5\\\/2025\\\/11\\\/sjc_revocacion_mandato.jpg\",\"width\":1280,\"height\":853},{\"@type\":\"BreadcrumbList\",\"@id\":\"https:\\\/\\\/www.bbmnoticias.com\\\/oaxaca-primer-estado-donde-se-realizara-la-consulta-de-revocacion-de-mandato-sin-miedo-a-la-democracia-salomon-jara\\\/#breadcrumb\",\"itemListElement\":[{\"@type\":\"ListItem\",\"position\":1,\"name\":\"Inicio\",\"item\":\"https:\\\/\\\/www.bbmnoticias.com\\\/labravaradiofm\\\/\"},{\"@type\":\"ListItem\",\"position\":2,\"name\":\"Oaxaca, primer estado donde se realizar\u00e1 la consulta de Revocaci\u00f3n de Mandato, sin miedo a la democracia: Salom\u00f3n Jara\"}]},{\"@type\":\"WebSite\",\"@id\":\"https:\\\/\\\/www.bbmnoticias.com\\\/labravaradiofm\\\/#website\",\"url\":\"https:\\\/\\\/www.bbmnoticias.com\\\/labravaradiofm\\\/\",\"name\":\"LA BRAVA RADIO\",\"description\":\"Empresa productora de medios, Radiodifusi\u00f3n, Noticias, tendencias y todo lo que necesitas saber de la pol\u00edtica mexicana e internacional; entretenimiento, espect\u00e1culos, salud y mucho m\u00e1s.\",\"potentialAction\":[{\"@type\":\"SearchAction\",\"target\":{\"@type\":\"EntryPoint\",\"urlTemplate\":\"https:\\\/\\\/www.bbmnoticias.com\\\/labravaradiofm\\\/?s={search_term_string}\"},\"query-input\":{\"@type\":\"PropertyValueSpecification\",\"valueRequired\":true,\"valueName\":\"search_term_string\"}}],\"inLanguage\":\"es\"},{\"@type\":\"Person\",\"@id\":\"https:\\\/\\\/www.bbmnoticias.com\\\/labravaradiofm\\\/#\\\/schema\\\/person\\\/34b139c617a70ea5bef5678bffe4dd7b\",\"name\":\"Staff\",\"image\":{\"@type\":\"ImageObject\",\"inLanguage\":\"es\",\"@id\":\"https:\\\/\\\/secure.gravatar.com\\\/avatar\\\/fdd21ad66fd8b98c407f9dee5b5e588cfe7f0d8579ec20fa6527cd59bab7f0f0?s=96&d=mm&r=g\",\"url\":\"https:\\\/\\\/secure.gravatar.com\\\/avatar\\\/fdd21ad66fd8b98c407f9dee5b5e588cfe7f0d8579ec20fa6527cd59bab7f0f0?s=96&d=mm&r=g\",\"contentUrl\":\"https:\\\/\\\/secure.gravatar.com\\\/avatar\\\/fdd21ad66fd8b98c407f9dee5b5e588cfe7f0d8579ec20fa6527cd59bab7f0f0?s=96&d=mm&r=g\",\"caption\":\"Staff\"},\"url\":\"https:\\\/\\\/www.bbmnoticias.com\\\/labravaradiofm\\\/author\\\/redaccion\\\/\"}]}<\/script>\n<!-- \/ Yoast SEO plugin. -->","yoast_head_json":{"title":"Oaxaca, primer estado donde se realizar\u00e1 la consulta de Revocaci\u00f3n de Mandato, sin miedo a la democracia: Salom\u00f3n Jara - LA BRAVA RADIO","robots":{"index":"index","follow":"follow","max-snippet":"max-snippet:-1","max-image-preview":"max-image-preview:large","max-video-preview":"max-video-preview:-1"},"canonical":"https:\/\/www.bbmnoticias.com\/oaxaca-primer-estado-donde-se-realizara-la-consulta-de-revocacion-de-mandato-sin-miedo-a-la-democracia-salomon-jara\/","og_locale":"es_MX","og_type":"article","og_title":"Oaxaca, primer estado donde se realizar\u00e1 la consulta de Revocaci\u00f3n de Mandato, sin miedo a la democracia: Salom\u00f3n Jara - LA BRAVA RADIO","og_description":"Oaxaca de Ju\u00e1rez, Oax.- El Gobernador Salom\u00f3n Jara Cruz expres\u00f3 que Oaxaca ser\u00e1 el primer estado de la Rep\u00fablica Mexicana donde, sin miedo a la democracia, se realizar\u00e1 la consulta de revocaci\u00f3n de mandato, sometiendo su cargo al juicio y voluntad del pueblo. De esta manera, en conferencia de prensa, extern\u00f3 su respaldo a las [&hellip;]","og_url":"https:\/\/www.bbmnoticias.com\/oaxaca-primer-estado-donde-se-realizara-la-consulta-de-revocacion-de-mandato-sin-miedo-a-la-democracia-salomon-jara\/","og_site_name":"LA BRAVA RADIO","article_published_time":"2025-11-10T19:38:04+00:00","article_modified_time":"2025-11-10T19:38:10+00:00","og_image":[{"width":1280,"height":853,"url":"https:\/\/www.bbmnoticias.com\/labravaradiofm\/wp-content\/uploads\/sites\/5\/2025\/11\/sjc_revocacion_mandato.jpg","type":"image\/jpeg"}],"author":"Staff","twitter_card":"summary_large_image","twitter_misc":{"Escrito por":"Staff","Tiempo de lectura":"1 minuto"},"schema":{"@context":"https:\/\/schema.org","@graph":[{"@type":"Article","@id":"https:\/\/www.bbmnoticias.com\/oaxaca-primer-estado-donde-se-realizara-la-consulta-de-revocacion-de-mandato-sin-miedo-a-la-democracia-salomon-jara\/#article","isPartOf":{"@id":"https:\/\/www.bbmnoticias.com\/labravaradiofm\/2025\/11\/10\/oaxaca-primer-estado-donde-se-realizara-la-consulta-de-revocacion-de-mandato-sin-miedo-a-la-democracia-salomon-jara\/"},"author":{"name":"Staff","@id":"https:\/\/www.bbmnoticias.com\/labravaradiofm\/#\/schema\/person\/34b139c617a70ea5bef5678bffe4dd7b"},"headline":"Oaxaca, primer estado donde se realizar\u00e1 la consulta de Revocaci\u00f3n de Mandato, sin miedo a la democracia: Salom\u00f3n Jara","datePublished":"2025-11-10T19:38:04+00:00","dateModified":"2025-11-10T19:38:10+00:00","mainEntityOfPage":{"@id":"https:\/\/www.bbmnoticias.com\/labravaradiofm\/2025\/11\/10\/oaxaca-primer-estado-donde-se-realizara-la-consulta-de-revocacion-de-mandato-sin-miedo-a-la-democracia-salomon-jara\/"},"wordCount":272,"image":{"@id":"https:\/\/www.bbmnoticias.com\/oaxaca-primer-estado-donde-se-realizara-la-consulta-de-revocacion-de-mandato-sin-miedo-a-la-democracia-salomon-jara\/#primaryimage"},"thumbnailUrl":"https:\/\/www.bbmnoticias.com\/labravaradiofm\/wp-content\/uploads\/sites\/5\/2025\/11\/sjc_revocacion_mandato.jpg","articleSection":["LOCAL"],"inLanguage":"es"},{"@type":"WebPage","@id":"https:\/\/www.bbmnoticias.com\/labravaradiofm\/2025\/11\/10\/oaxaca-primer-estado-donde-se-realizara-la-consulta-de-revocacion-de-mandato-sin-miedo-a-la-democracia-salomon-jara\/","url":"https:\/\/www.bbmnoticias.com\/oaxaca-primer-estado-donde-se-realizara-la-consulta-de-revocacion-de-mandato-sin-miedo-a-la-democracia-salomon-jara\/","name":"Oaxaca, primer estado donde se realizar\u00e1 la consulta de Revocaci\u00f3n de Mandato, sin miedo a la democracia: Salom\u00f3n Jara - LA BRAVA RADIO","isPartOf":{"@id":"https:\/\/www.bbmnoticias.com\/labravaradiofm\/#website"},"primaryImageOfPage":{"@id":"https:\/\/www.bbmnoticias.com\/oaxaca-primer-estado-donde-se-realizara-la-consulta-de-revocacion-de-mandato-sin-miedo-a-la-democracia-salomon-jara\/#primaryimage"},"image":{"@id":"https:\/\/www.bbmnoticias.com\/oaxaca-primer-estado-donde-se-realizara-la-consulta-de-revocacion-de-mandato-sin-miedo-a-la-democracia-salomon-jara\/#primaryimage"},"thumbnailUrl":"https:\/\/www.bbmnoticias.com\/labravaradiofm\/wp-content\/uploads\/sites\/5\/2025\/11\/sjc_revocacion_mandato.jpg","datePublished":"2025-11-10T19:38:04+00:00","dateModified":"2025-11-10T19:38:10+00:00","author":{"@id":"https:\/\/www.bbmnoticias.com\/labravaradiofm\/#\/schema\/person\/34b139c617a70ea5bef5678bffe4dd7b"},"breadcrumb":{"@id":"https:\/\/www.bbmnoticias.com\/oaxaca-primer-estado-donde-se-realizara-la-consulta-de-revocacion-de-mandato-sin-miedo-a-la-democracia-salomon-jara\/#breadcrumb"},"inLanguage":"es","potentialAction":[{"@type":"ReadAction","target":["https:\/\/www.bbmnoticias.com\/oaxaca-primer-estado-donde-se-realizara-la-consulta-de-revocacion-de-mandato-sin-miedo-a-la-democracia-salomon-jara\/"]}]},{"@type":"ImageObject","inLanguage":"es","@id":"https:\/\/www.bbmnoticias.com\/oaxaca-primer-estado-donde-se-realizara-la-consulta-de-revocacion-de-mandato-sin-miedo-a-la-democracia-salomon-jara\/#primaryimage","url":"https:\/\/www.bbmnoticias.com\/labravaradiofm\/wp-content\/uploads\/sites\/5\/2025\/11\/sjc_revocacion_mandato.jpg","contentUrl":"https:\/\/www.bbmnoticias.com\/labravaradiofm\/wp-content\/uploads\/sites\/5\/2025\/11\/sjc_revocacion_mandato.jpg","width":1280,"height":853},{"@type":"BreadcrumbList","@id":"https:\/\/www.bbmnoticias.com\/oaxaca-primer-estado-donde-se-realizara-la-consulta-de-revocacion-de-mandato-sin-miedo-a-la-democracia-salomon-jara\/#breadcrumb","itemListElement":[{"@type":"ListItem","position":1,"name":"Inicio","item":"https:\/\/www.bbmnoticias.com\/labravaradiofm\/"},{"@type":"ListItem","position":2,"name":"Oaxaca, primer estado donde se realizar\u00e1 la consulta de Revocaci\u00f3n de Mandato, sin miedo a la democracia: Salom\u00f3n Jara"}]},{"@type":"WebSite","@id":"https:\/\/www.bbmnoticias.com\/labravaradiofm\/#website","url":"https:\/\/www.bbmnoticias.com\/labravaradiofm\/","name":"LA BRAVA RADIO","description":"Empresa productora de medios, Radiodifusi\u00f3n, Noticias, tendencias y todo lo que necesitas saber de la pol\u00edtica mexicana e internacional; entretenimiento, espect\u00e1culos, salud y mucho m\u00e1s.","potentialAction":[{"@type":"SearchAction","target":{"@type":"EntryPoint","urlTemplate":"https:\/\/www.bbmnoticias.com\/labravaradiofm\/?s={search_term_string}"},"query-input":{"@type":"PropertyValueSpecification","valueRequired":true,"valueName":"search_term_string"}}],"inLanguage":"es"},{"@type":"Person","@id":"https:\/\/www.bbmnoticias.com\/labravaradiofm\/#\/schema\/person\/34b139c617a70ea5bef5678bffe4dd7b","name":"Staff","image":{"@type":"ImageObject","inLanguage":"es","@id":"https:\/\/secure.gravatar.com\/avatar\/fdd21ad66fd8b98c407f9dee5b5e588cfe7f0d8579ec20fa6527cd59bab7f0f0?s=96&d=mm&r=g","url":"https:\/\/secure.gravatar.com\/avatar\/fdd21ad66fd8b98c407f9dee5b5e588cfe7f0d8579ec20fa6527cd59bab7f0f0?s=96&d=mm&r=g","contentUrl":"https:\/\/secure.gravatar.com\/avatar\/fdd21ad66fd8b98c407f9dee5b5e588cfe7f0d8579ec20fa6527cd59bab7f0f0?s=96&d=mm&r=g","caption":"Staff"},"url":"https:\/\/www.bbmnoticias.com\/labravaradiofm\/author\/redaccion\/"}]}},"_links":{"self":[{"href":"https:\/\/www.bbmnoticias.com\/labravaradiofm\/wp-json\/wp\/v2\/posts\/69592","targetHints":{"allow":["GET"]}}],"collection":[{"href":"https:\/\/www.bbmnoticias.com\/labravaradiofm\/wp-json\/wp\/v2\/posts"}],"about":[{"href":"https:\/\/www.bbmnoticias.com\/labravaradiofm\/wp-json\/wp\/v2\/types\/post"}],"author":[{"embeddable":true,"href":"https:\/\/www.bbmnoticias.com\/labravaradiofm\/wp-json\/wp\/v2\/users\/2"}],"replies":[{"embeddable":true,"href":"https:\/\/www.bbmnoticias.com\/labravaradiofm\/wp-json\/wp\/v2\/comments?post=69592"}],"version-history":[{"count":0,"href":"https:\/\/www.bbmnoticias.com\/labravaradiofm\/wp-json\/wp\/v2\/posts\/69592\/revisions"}],"wp:featuredmedia":[{"embeddable":true,"href":"https:\/\/www.bbmnoticias.com\/labravaradiofm\/wp-json\/wp\/v2\/media\/69594"}],"wp:attachment":[{"href":"https:\/\/www.bbmnoticias.com\/labravaradiofm\/wp-json\/wp\/v2\/media?parent=69592"}],"wp:term":[{"taxonomy":"category","embeddable":true,"href":"https:\/\/www.bbmnoticias.com\/labravaradiofm\/wp-json\/wp\/v2\/categories?post=69592"},{"taxonomy":"post_tag","embeddable":true,"href":"https:\/\/www.bbmnoticias.com\/labravaradiofm\/wp-json\/wp\/v2\/tags?post=69592"}],"curies":[{"name":"wp","href":"https:\/\/api.w.org\/{rel}","templated":true}]}}