{"id":69580,"date":"2025-11-10T10:15:24","date_gmt":"2025-11-10T16:15:24","guid":{"rendered":"https:\/\/www.bbmnoticias.com\/labravaradiofm\/2025\/11\/10\/claudia-sheinbaum-pardo-garantiza-gobierno-mundial-incluyente\/"},"modified":"2025-11-10T10:15:28","modified_gmt":"2025-11-10T16:15:28","slug":"claudia-sheinbaum-pardo-garantiza-gobierno-mundial-incluyente","status":"publish","type":"post","link":"https:\/\/www.bbmnoticias.com\/labravaradiofm\/2025\/11\/10\/claudia-sheinbaum-pardo-garantiza-gobierno-mundial-incluyente\/","title":{"rendered":"Claudia Sheinbaum Pardo garantiza Gobierno Mundial Incluyente"},"content":{"rendered":"<div style=\"margin-top: 0px; margin-bottom: 0px;\" class=\"sharethis-inline-share-buttons\" ><\/div>\n<p>La presidenta <strong>Claudia Sheinbaum Pardo<\/strong> garantiz\u00f3 que la <strong>Copa<\/strong> <strong>Mundial<\/strong> <strong>2026<\/strong> ser\u00e1 <strong>incluyente<\/strong> en el pa\u00eds, lo anterior, al ser cuestionada sobre los <strong>altos<\/strong> <strong>precios<\/strong> que tienen los boletos para asistir a los partidos.&nbsp;<\/p>\n\n\n\n<p>Desde el Complejo Cultural los Pinos, la jefa del Ejecutivo enfatiz\u00f3 que dichos precios son decisi\u00f3n de la <strong>FIFA<\/strong> y no del <strong>Gobierno<\/strong> de <strong>M\u00e9xico<\/strong>. &nbsp;<\/p>\n\n\n\n<blockquote class=\"wp-block-quote is-layout-flow wp-block-quote-is-layout-flow\">\n<p>\u201cLa organizaci\u00f3n del mundial es de la <strong>FIFA<\/strong>. La decisi\u00f3n del precio de los boletos es de la <strong>FIFA<\/strong>, no es algo en lo que intervenga no solo el gobierno de <strong>M\u00e9xico<\/strong>, sino ning\u00fan gobierno\u201d, resalt\u00f3.&nbsp;<\/p>\n<\/blockquote>\n\n\n\n<figure class=\"wp-block-image\"><img decoding=\"async\" src=\"https:\/\/heraldodemexico.com.mx\/u\/fotografias\/m\/2025\/11\/10\/f768x1-1207459_1207586_5050.jpeg\" alt=\"\"\/><figcaption class=\"wp-element-caption\">La presidenta confirm\u00f3 que se trabaja con la FIFA para tener un Mundial incluyente |&nbsp;Antonio Nava<\/figcaption><\/figure>\n\n\n\n<p>Agreg\u00f3 que lo que s\u00ed estar\u00e1 haciendo el <strong>gobierno<\/strong> <strong>federal<\/strong> es coordinar con la <strong>FIFA<\/strong> distintos <strong>espacios<\/strong> para poder <strong>transmitir<\/strong> todos los <strong>partidos<\/strong> que se lleven a cabo durante esta temporada. &nbsp;<\/p>\n\n\n\n<blockquote class=\"wp-block-quote is-layout-flow wp-block-quote-is-layout-flow\">\n<p>\u201cLo que estamos haciendo es coordinarnos con la <strong>FIFA<\/strong> para que pueda haber muchos espacios en las tres ciudades y en otras ciudades para que se puedan ver todos los partidos, y al mismo tiempo, pues, el desarrollo de distintas actividades alrededor del mundial. Eso es lo que nosotros estamos poniendo para hacer posible que todas las personas puedan ver los partidos\u201d, resalt\u00f3.<\/p>\n<\/blockquote>\n","protected":false},"excerpt":{"rendered":"<p>La presidenta Claudia Sheinbaum Pardo garantiz\u00f3 que la Copa Mundial 2026 ser\u00e1 incluyente en el pa\u00eds, lo anterior, al ser cuestionada sobre los altos precios que tienen los boletos para asistir a los partidos.&nbsp; Desde el Complejo Cultural los Pinos, la jefa del Ejecutivo enfatiz\u00f3 que dichos precios son decisi\u00f3n de la FIFA y no [&hellip;]<\/p>\n","protected":false},"author":4,"featured_media":69582,"comment_status":"closed","ping_status":"","sticky":false,"template":"","format":"standard","meta":{"footnotes":""},"categories":[2,19],"tags":[],"class_list":{"0":"post-69580","1":"post","2":"type-post","3":"status-publish","4":"format-standard","5":"has-post-thumbnail","7":"category-oaxaca","8":"category-nacional"},"yoast_head":"<!-- This site is optimized with the Yoast SEO plugin v27.4 - https:\/\/yoast.com\/product\/yoast-seo-wordpress\/ -->\n<title>Claudia Sheinbaum Pardo garantiza Gobierno Mundial Incluyente - LA BRAVA RADIO<\/title>\n<meta name=\"robots\" content=\"index, follow, max-snippet:-1, max-image-preview:large, max-video-preview:-1\" \/>\n<link rel=\"canonical\" href=\"https:\/\/www.bbmnoticias.com\/claudia-sheinbaum-pardo-garantiza-gobierno-mundial-incluyente\/\" \/>\n<meta property=\"og:locale\" content=\"es_MX\" \/>\n<meta property=\"og:type\" content=\"article\" \/>\n<meta property=\"og:title\" content=\"Claudia Sheinbaum Pardo garantiza Gobierno Mundial Incluyente - LA BRAVA RADIO\" \/>\n<meta property=\"og:description\" content=\"La presidenta Claudia Sheinbaum Pardo garantiz\u00f3 que la Copa Mundial 2026 ser\u00e1 incluyente en el pa\u00eds, lo anterior, al ser cuestionada sobre los altos precios que tienen los boletos para asistir a los partidos.&nbsp; Desde el Complejo Cultural los Pinos, la jefa del Ejecutivo enfatiz\u00f3 que dichos precios son decisi\u00f3n de la FIFA y no [&hellip;]\" \/>\n<meta property=\"og:url\" content=\"https:\/\/www.bbmnoticias.com\/claudia-sheinbaum-pardo-garantiza-gobierno-mundial-incluyente\/\" \/>\n<meta property=\"og:site_name\" content=\"LA BRAVA RADIO\" \/>\n<meta property=\"article:published_time\" content=\"2025-11-10T16:15:24+00:00\" \/>\n<meta property=\"article:modified_time\" content=\"2025-11-10T16:15:28+00:00\" \/>\n<meta property=\"og:image\" content=\"https:\/\/www.bbmnoticias.com\/labravaradiofm\/wp-content\/uploads\/sites\/5\/2025\/11\/claudia_sheinbaum_mundial.jpg\" \/>\n\t<meta property=\"og:image:width\" content=\"848\" \/>\n\t<meta property=\"og:image:height\" content=\"477\" \/>\n\t<meta property=\"og:image:type\" content=\"image\/jpeg\" \/>\n<meta name=\"author\" content=\"Agencias\" \/>\n<meta name=\"twitter:card\" content=\"summary_large_image\" \/>\n<meta name=\"twitter:label1\" content=\"Escrito por\" \/>\n\t<meta name=\"twitter:data1\" content=\"Agencias\" \/>\n\t<meta name=\"twitter:label2\" content=\"Tiempo de lectura\" \/>\n\t<meta name=\"twitter:data2\" content=\"1 minuto\" \/>\n<script type=\"application\/ld+json\" class=\"yoast-schema-graph\">{\"@context\":\"https:\\\/\\\/schema.org\",\"@graph\":[{\"@type\":\"Article\",\"@id\":\"https:\\\/\\\/www.bbmnoticias.com\\\/claudia-sheinbaum-pardo-garantiza-gobierno-mundial-incluyente\\\/#article\",\"isPartOf\":{\"@id\":\"https:\\\/\\\/www.bbmnoticias.com\\\/labravaradiofm\\\/2025\\\/11\\\/10\\\/claudia-sheinbaum-pardo-garantiza-gobierno-mundial-incluyente\\\/\"},\"author\":{\"name\":\"Agencias\",\"@id\":\"https:\\\/\\\/www.bbmnoticias.com\\\/labravaradiofm\\\/#\\\/schema\\\/person\\\/857a3daf5c8142f29919023f377fbfad\"},\"headline\":\"Claudia Sheinbaum Pardo garantiza Gobierno Mundial Incluyente\",\"datePublished\":\"2025-11-10T16:15:24+00:00\",\"dateModified\":\"2025-11-10T16:15:28+00:00\",\"mainEntityOfPage\":{\"@id\":\"https:\\\/\\\/www.bbmnoticias.com\\\/labravaradiofm\\\/2025\\\/11\\\/10\\\/claudia-sheinbaum-pardo-garantiza-gobierno-mundial-incluyente\\\/\"},\"wordCount\":223,\"image\":{\"@id\":\"https:\\\/\\\/www.bbmnoticias.com\\\/claudia-sheinbaum-pardo-garantiza-gobierno-mundial-incluyente\\\/#primaryimage\"},\"thumbnailUrl\":\"https:\\\/\\\/www.bbmnoticias.com\\\/labravaradiofm\\\/wp-content\\\/uploads\\\/sites\\\/5\\\/2025\\\/11\\\/claudia_sheinbaum_mundial.jpg\",\"articleSection\":[\"LOCAL\",\"NACIONAL\"],\"inLanguage\":\"es\"},{\"@type\":\"WebPage\",\"@id\":\"https:\\\/\\\/www.bbmnoticias.com\\\/labravaradiofm\\\/2025\\\/11\\\/10\\\/claudia-sheinbaum-pardo-garantiza-gobierno-mundial-incluyente\\\/\",\"url\":\"https:\\\/\\\/www.bbmnoticias.com\\\/claudia-sheinbaum-pardo-garantiza-gobierno-mundial-incluyente\\\/\",\"name\":\"Claudia Sheinbaum Pardo garantiza Gobierno Mundial Incluyente - LA BRAVA RADIO\",\"isPartOf\":{\"@id\":\"https:\\\/\\\/www.bbmnoticias.com\\\/labravaradiofm\\\/#website\"},\"primaryImageOfPage\":{\"@id\":\"https:\\\/\\\/www.bbmnoticias.com\\\/claudia-sheinbaum-pardo-garantiza-gobierno-mundial-incluyente\\\/#primaryimage\"},\"image\":{\"@id\":\"https:\\\/\\\/www.bbmnoticias.com\\\/claudia-sheinbaum-pardo-garantiza-gobierno-mundial-incluyente\\\/#primaryimage\"},\"thumbnailUrl\":\"https:\\\/\\\/www.bbmnoticias.com\\\/labravaradiofm\\\/wp-content\\\/uploads\\\/sites\\\/5\\\/2025\\\/11\\\/claudia_sheinbaum_mundial.jpg\",\"datePublished\":\"2025-11-10T16:15:24+00:00\",\"dateModified\":\"2025-11-10T16:15:28+00:00\",\"author\":{\"@id\":\"https:\\\/\\\/www.bbmnoticias.com\\\/labravaradiofm\\\/#\\\/schema\\\/person\\\/857a3daf5c8142f29919023f377fbfad\"},\"breadcrumb\":{\"@id\":\"https:\\\/\\\/www.bbmnoticias.com\\\/claudia-sheinbaum-pardo-garantiza-gobierno-mundial-incluyente\\\/#breadcrumb\"},\"inLanguage\":\"es\",\"potentialAction\":[{\"@type\":\"ReadAction\",\"target\":[\"https:\\\/\\\/www.bbmnoticias.com\\\/claudia-sheinbaum-pardo-garantiza-gobierno-mundial-incluyente\\\/\"]}]},{\"@type\":\"ImageObject\",\"inLanguage\":\"es\",\"@id\":\"https:\\\/\\\/www.bbmnoticias.com\\\/claudia-sheinbaum-pardo-garantiza-gobierno-mundial-incluyente\\\/#primaryimage\",\"url\":\"https:\\\/\\\/www.bbmnoticias.com\\\/labravaradiofm\\\/wp-content\\\/uploads\\\/sites\\\/5\\\/2025\\\/11\\\/claudia_sheinbaum_mundial.jpg\",\"contentUrl\":\"https:\\\/\\\/www.bbmnoticias.com\\\/labravaradiofm\\\/wp-content\\\/uploads\\\/sites\\\/5\\\/2025\\\/11\\\/claudia_sheinbaum_mundial.jpg\",\"width\":848,\"height\":477},{\"@type\":\"BreadcrumbList\",\"@id\":\"https:\\\/\\\/www.bbmnoticias.com\\\/claudia-sheinbaum-pardo-garantiza-gobierno-mundial-incluyente\\\/#breadcrumb\",\"itemListElement\":[{\"@type\":\"ListItem\",\"position\":1,\"name\":\"Inicio\",\"item\":\"https:\\\/\\\/www.bbmnoticias.com\\\/labravaradiofm\\\/\"},{\"@type\":\"ListItem\",\"position\":2,\"name\":\"Claudia Sheinbaum Pardo garantiza Gobierno Mundial Incluyente\"}]},{\"@type\":\"WebSite\",\"@id\":\"https:\\\/\\\/www.bbmnoticias.com\\\/labravaradiofm\\\/#website\",\"url\":\"https:\\\/\\\/www.bbmnoticias.com\\\/labravaradiofm\\\/\",\"name\":\"LA BRAVA RADIO\",\"description\":\"Empresa productora de medios, Radiodifusi\u00f3n, Noticias, tendencias y todo lo que necesitas saber de la pol\u00edtica mexicana e internacional; entretenimiento, espect\u00e1culos, salud y mucho m\u00e1s.\",\"potentialAction\":[{\"@type\":\"SearchAction\",\"target\":{\"@type\":\"EntryPoint\",\"urlTemplate\":\"https:\\\/\\\/www.bbmnoticias.com\\\/labravaradiofm\\\/?s={search_term_string}\"},\"query-input\":{\"@type\":\"PropertyValueSpecification\",\"valueRequired\":true,\"valueName\":\"search_term_string\"}}],\"inLanguage\":\"es\"},{\"@type\":\"Person\",\"@id\":\"https:\\\/\\\/www.bbmnoticias.com\\\/labravaradiofm\\\/#\\\/schema\\\/person\\\/857a3daf5c8142f29919023f377fbfad\",\"name\":\"Agencias\",\"image\":{\"@type\":\"ImageObject\",\"inLanguage\":\"es\",\"@id\":\"https:\\\/\\\/secure.gravatar.com\\\/avatar\\\/739e0b61adf9e398b425c36718c8752286da0e8cd90f20ce9a86678abc26aa0d?s=96&d=mm&r=g\",\"url\":\"https:\\\/\\\/secure.gravatar.com\\\/avatar\\\/739e0b61adf9e398b425c36718c8752286da0e8cd90f20ce9a86678abc26aa0d?s=96&d=mm&r=g\",\"contentUrl\":\"https:\\\/\\\/secure.gravatar.com\\\/avatar\\\/739e0b61adf9e398b425c36718c8752286da0e8cd90f20ce9a86678abc26aa0d?s=96&d=mm&r=g\",\"caption\":\"Agencias\"},\"url\":\"https:\\\/\\\/www.bbmnoticias.com\\\/labravaradiofm\\\/author\\\/agencias\\\/\"}]}<\/script>\n<!-- \/ Yoast SEO plugin. -->","yoast_head_json":{"title":"Claudia Sheinbaum Pardo garantiza Gobierno Mundial Incluyente - LA BRAVA RADIO","robots":{"index":"index","follow":"follow","max-snippet":"max-snippet:-1","max-image-preview":"max-image-preview:large","max-video-preview":"max-video-preview:-1"},"canonical":"https:\/\/www.bbmnoticias.com\/claudia-sheinbaum-pardo-garantiza-gobierno-mundial-incluyente\/","og_locale":"es_MX","og_type":"article","og_title":"Claudia Sheinbaum Pardo garantiza Gobierno Mundial Incluyente - LA BRAVA RADIO","og_description":"La presidenta Claudia Sheinbaum Pardo garantiz\u00f3 que la Copa Mundial 2026 ser\u00e1 incluyente en el pa\u00eds, lo anterior, al ser cuestionada sobre los altos precios que tienen los boletos para asistir a los partidos.&nbsp; Desde el Complejo Cultural los Pinos, la jefa del Ejecutivo enfatiz\u00f3 que dichos precios son decisi\u00f3n de la FIFA y no [&hellip;]","og_url":"https:\/\/www.bbmnoticias.com\/claudia-sheinbaum-pardo-garantiza-gobierno-mundial-incluyente\/","og_site_name":"LA BRAVA RADIO","article_published_time":"2025-11-10T16:15:24+00:00","article_modified_time":"2025-11-10T16:15:28+00:00","og_image":[{"width":848,"height":477,"url":"https:\/\/www.bbmnoticias.com\/labravaradiofm\/wp-content\/uploads\/sites\/5\/2025\/11\/claudia_sheinbaum_mundial.jpg","type":"image\/jpeg"}],"author":"Agencias","twitter_card":"summary_large_image","twitter_misc":{"Escrito por":"Agencias","Tiempo de lectura":"1 minuto"},"schema":{"@context":"https:\/\/schema.org","@graph":[{"@type":"Article","@id":"https:\/\/www.bbmnoticias.com\/claudia-sheinbaum-pardo-garantiza-gobierno-mundial-incluyente\/#article","isPartOf":{"@id":"https:\/\/www.bbmnoticias.com\/labravaradiofm\/2025\/11\/10\/claudia-sheinbaum-pardo-garantiza-gobierno-mundial-incluyente\/"},"author":{"name":"Agencias","@id":"https:\/\/www.bbmnoticias.com\/labravaradiofm\/#\/schema\/person\/857a3daf5c8142f29919023f377fbfad"},"headline":"Claudia Sheinbaum Pardo garantiza Gobierno Mundial Incluyente","datePublished":"2025-11-10T16:15:24+00:00","dateModified":"2025-11-10T16:15:28+00:00","mainEntityOfPage":{"@id":"https:\/\/www.bbmnoticias.com\/labravaradiofm\/2025\/11\/10\/claudia-sheinbaum-pardo-garantiza-gobierno-mundial-incluyente\/"},"wordCount":223,"image":{"@id":"https:\/\/www.bbmnoticias.com\/claudia-sheinbaum-pardo-garantiza-gobierno-mundial-incluyente\/#primaryimage"},"thumbnailUrl":"https:\/\/www.bbmnoticias.com\/labravaradiofm\/wp-content\/uploads\/sites\/5\/2025\/11\/claudia_sheinbaum_mundial.jpg","articleSection":["LOCAL","NACIONAL"],"inLanguage":"es"},{"@type":"WebPage","@id":"https:\/\/www.bbmnoticias.com\/labravaradiofm\/2025\/11\/10\/claudia-sheinbaum-pardo-garantiza-gobierno-mundial-incluyente\/","url":"https:\/\/www.bbmnoticias.com\/claudia-sheinbaum-pardo-garantiza-gobierno-mundial-incluyente\/","name":"Claudia Sheinbaum Pardo garantiza Gobierno Mundial Incluyente - LA BRAVA RADIO","isPartOf":{"@id":"https:\/\/www.bbmnoticias.com\/labravaradiofm\/#website"},"primaryImageOfPage":{"@id":"https:\/\/www.bbmnoticias.com\/claudia-sheinbaum-pardo-garantiza-gobierno-mundial-incluyente\/#primaryimage"},"image":{"@id":"https:\/\/www.bbmnoticias.com\/claudia-sheinbaum-pardo-garantiza-gobierno-mundial-incluyente\/#primaryimage"},"thumbnailUrl":"https:\/\/www.bbmnoticias.com\/labravaradiofm\/wp-content\/uploads\/sites\/5\/2025\/11\/claudia_sheinbaum_mundial.jpg","datePublished":"2025-11-10T16:15:24+00:00","dateModified":"2025-11-10T16:15:28+00:00","author":{"@id":"https:\/\/www.bbmnoticias.com\/labravaradiofm\/#\/schema\/person\/857a3daf5c8142f29919023f377fbfad"},"breadcrumb":{"@id":"https:\/\/www.bbmnoticias.com\/claudia-sheinbaum-pardo-garantiza-gobierno-mundial-incluyente\/#breadcrumb"},"inLanguage":"es","potentialAction":[{"@type":"ReadAction","target":["https:\/\/www.bbmnoticias.com\/claudia-sheinbaum-pardo-garantiza-gobierno-mundial-incluyente\/"]}]},{"@type":"ImageObject","inLanguage":"es","@id":"https:\/\/www.bbmnoticias.com\/claudia-sheinbaum-pardo-garantiza-gobierno-mundial-incluyente\/#primaryimage","url":"https:\/\/www.bbmnoticias.com\/labravaradiofm\/wp-content\/uploads\/sites\/5\/2025\/11\/claudia_sheinbaum_mundial.jpg","contentUrl":"https:\/\/www.bbmnoticias.com\/labravaradiofm\/wp-content\/uploads\/sites\/5\/2025\/11\/claudia_sheinbaum_mundial.jpg","width":848,"height":477},{"@type":"BreadcrumbList","@id":"https:\/\/www.bbmnoticias.com\/claudia-sheinbaum-pardo-garantiza-gobierno-mundial-incluyente\/#breadcrumb","itemListElement":[{"@type":"ListItem","position":1,"name":"Inicio","item":"https:\/\/www.bbmnoticias.com\/labravaradiofm\/"},{"@type":"ListItem","position":2,"name":"Claudia Sheinbaum Pardo garantiza Gobierno Mundial Incluyente"}]},{"@type":"WebSite","@id":"https:\/\/www.bbmnoticias.com\/labravaradiofm\/#website","url":"https:\/\/www.bbmnoticias.com\/labravaradiofm\/","name":"LA BRAVA RADIO","description":"Empresa productora de medios, Radiodifusi\u00f3n, Noticias, tendencias y todo lo que necesitas saber de la pol\u00edtica mexicana e internacional; entretenimiento, espect\u00e1culos, salud y mucho m\u00e1s.","potentialAction":[{"@type":"SearchAction","target":{"@type":"EntryPoint","urlTemplate":"https:\/\/www.bbmnoticias.com\/labravaradiofm\/?s={search_term_string}"},"query-input":{"@type":"PropertyValueSpecification","valueRequired":true,"valueName":"search_term_string"}}],"inLanguage":"es"},{"@type":"Person","@id":"https:\/\/www.bbmnoticias.com\/labravaradiofm\/#\/schema\/person\/857a3daf5c8142f29919023f377fbfad","name":"Agencias","image":{"@type":"ImageObject","inLanguage":"es","@id":"https:\/\/secure.gravatar.com\/avatar\/739e0b61adf9e398b425c36718c8752286da0e8cd90f20ce9a86678abc26aa0d?s=96&d=mm&r=g","url":"https:\/\/secure.gravatar.com\/avatar\/739e0b61adf9e398b425c36718c8752286da0e8cd90f20ce9a86678abc26aa0d?s=96&d=mm&r=g","contentUrl":"https:\/\/secure.gravatar.com\/avatar\/739e0b61adf9e398b425c36718c8752286da0e8cd90f20ce9a86678abc26aa0d?s=96&d=mm&r=g","caption":"Agencias"},"url":"https:\/\/www.bbmnoticias.com\/labravaradiofm\/author\/agencias\/"}]}},"_links":{"self":[{"href":"https:\/\/www.bbmnoticias.com\/labravaradiofm\/wp-json\/wp\/v2\/posts\/69580","targetHints":{"allow":["GET"]}}],"collection":[{"href":"https:\/\/www.bbmnoticias.com\/labravaradiofm\/wp-json\/wp\/v2\/posts"}],"about":[{"href":"https:\/\/www.bbmnoticias.com\/labravaradiofm\/wp-json\/wp\/v2\/types\/post"}],"author":[{"embeddable":true,"href":"https:\/\/www.bbmnoticias.com\/labravaradiofm\/wp-json\/wp\/v2\/users\/4"}],"replies":[{"embeddable":true,"href":"https:\/\/www.bbmnoticias.com\/labravaradiofm\/wp-json\/wp\/v2\/comments?post=69580"}],"version-history":[{"count":0,"href":"https:\/\/www.bbmnoticias.com\/labravaradiofm\/wp-json\/wp\/v2\/posts\/69580\/revisions"}],"wp:featuredmedia":[{"embeddable":true,"href":"https:\/\/www.bbmnoticias.com\/labravaradiofm\/wp-json\/wp\/v2\/media\/69582"}],"wp:attachment":[{"href":"https:\/\/www.bbmnoticias.com\/labravaradiofm\/wp-json\/wp\/v2\/media?parent=69580"}],"wp:term":[{"taxonomy":"category","embeddable":true,"href":"https:\/\/www.bbmnoticias.com\/labravaradiofm\/wp-json\/wp\/v2\/categories?post=69580"},{"taxonomy":"post_tag","embeddable":true,"href":"https:\/\/www.bbmnoticias.com\/labravaradiofm\/wp-json\/wp\/v2\/tags?post=69580"}],"curies":[{"name":"wp","href":"https:\/\/api.w.org\/{rel}","templated":true}]}}