{"id":69556,"date":"2025-11-08T11:27:31","date_gmt":"2025-11-08T17:27:31","guid":{"rendered":"https:\/\/www.bbmnoticias.com\/labravaradiofm\/2025\/11\/08\/segundo-dia-de-cancelacion-de-vuelos-en-eu-por-cierre-de-gobierno\/"},"modified":"2025-11-08T11:27:35","modified_gmt":"2025-11-08T17:27:35","slug":"segundo-dia-de-cancelacion-de-vuelos-en-eu-por-cierre-de-gobierno","status":"publish","type":"post","link":"https:\/\/www.bbmnoticias.com\/labravaradiofm\/2025\/11\/08\/segundo-dia-de-cancelacion-de-vuelos-en-eu-por-cierre-de-gobierno\/","title":{"rendered":"Segundo d\u00eda de cancelaci\u00f3n de vuelos en EU por cierre de gobierno"},"content":{"rendered":"<div style=\"margin-top: 0px; margin-bottom: 0px;\" class=\"sharethis-inline-share-buttons\" ><\/div>\n<p><em>Washington. <\/em>Las aerol\u00edneas estadunidenses y los viajeros se enfrentaban este s\u00e1bado a un segundo d\u00eda de recortes de vuelos en todo el pa\u00eds, mientras se espera que el cierre del gobierno federal provoque m\u00e1s cancelaciones en los pr\u00f3ximos d\u00edas.<\/p>\n\n\n\n<p>La Administraci\u00f3n Federal de Aviaci\u00f3n orden\u00f3 a las aerol\u00edneas que redujeran 4 por ciento de los vuelos este s\u00e1bado en 40 aeropuertos importantes debido al cierre. Los recortes aumentar\u00e1n a 6 por ciento el martes y a 10 por ciento el 14 de noviembre.<\/p>\n\n\n\n<p>Los recortes, que comenzaron a las 6 a.m. ET (11:00 GMT) del viernes, incluyen unos 700 vuelos de las cuatro mayores aerol\u00edneas -American Airlines AAL.O, Delta Air Lines DAL.N, Southwest Airlines LUV.N y United Airlines UAL.O.<\/p>\n\n\n\n<p>Las aerol\u00edneas reducir\u00e1n menos vuelos este s\u00e1bado que el viernes debido al menor volumen global. United reducir\u00e1 168 vuelos, frente a los 184 del viernes, mientras que Southwest cancelar\u00e1 algo menos de 100 vuelos frente a 120.<\/p>\n\n\n\n<p>Durante el cierre r\u00e9cord del gobierno que se prolonga por 39 d\u00edas, 13 mil controladores a\u00e9reos y 50 mil controladores de seguridad se han visto obligados a trabajar sin sueldo, lo que ha provocado un aumento del absentismo. Muchos controladores a\u00e9reos fueron notificados el jueves de que no recibir\u00edan compensaci\u00f3n por un segundo per\u00edodo de pago la pr\u00f3xima semana.<\/p>\n\n\n\n<p>La administraci\u00f3n de Donald Trump ha aumentado la presi\u00f3n sobre los dem\u00f3cratas del Congreso para que acepten un plan republicano para financiar el gobierno federal, lo que permitir\u00eda su reapertura.<\/p>\n\n\n\n<p>Una de esas presiones es la posibilidad de que se produzcan dr\u00e1sticas interrupciones en el transporte a\u00e9reo. Los dem\u00f3cratas sostienen que los republicanos son los culpables del cierre porque se niegan a negociar la pr\u00f3rroga de las subvenciones a los seguros m\u00e9dicos.<\/p>\n\n\n\n<p>El secretario de Transporte de Estados Unidos, Sean Duffy, dijo que era posible que exigiera recortes de 20 por ciento en el tr\u00e1fico a\u00e9reo si las cosas empeoran y m\u00e1s controladores no se presentan a trabajar.<\/p>\n\n\n\n<p>&#8220;Eval\u00fao los datos&#8221;, dijo Duffy. &#8220;Tomaremos decisiones en funci\u00f3n de lo que veamos en el espacio a\u00e9reo&#8221;.<\/p>\n\n\n\n<p>En el marco de las cancelaciones, las ausencias de controladores a\u00e9reos el viernes obligaron a la FAA a retrasar cientos de vuelos en 10 aeropuertos, entre ellos Atlanta, San Francisco, Houston, Phoenix, Washington D.C y Newark. M\u00e1s de 5 mil 600 vuelos sufrieron retrasos el viernes.<\/p>\n\n\n\n<p>Esta semana, el administrador de la FAA, Bryan Bedford, dijo que entre 20 y 40 por ciento de los controladores no se presentaban a trabajar un d\u00eda cualquiera.<\/p>\n","protected":false},"excerpt":{"rendered":"<p>Washington. Las aerol\u00edneas estadunidenses y los viajeros se enfrentaban este s\u00e1bado a un segundo d\u00eda de recortes de vuelos en todo el pa\u00eds, mientras se espera que el cierre del gobierno federal provoque m\u00e1s cancelaciones en los pr\u00f3ximos d\u00edas. La Administraci\u00f3n Federal de Aviaci\u00f3n orden\u00f3 a las aerol\u00edneas que redujeran 4 por ciento de los [&hellip;]<\/p>\n","protected":false},"author":4,"featured_media":69558,"comment_status":"closed","ping_status":"","sticky":false,"template":"","format":"standard","meta":{"footnotes":""},"categories":[948,2],"tags":[],"class_list":{"0":"post-69556","1":"post","2":"type-post","3":"status-publish","4":"format-standard","5":"has-post-thumbnail","7":"category-internacional","8":"category-oaxaca"},"yoast_head":"<!-- This site is optimized with the Yoast SEO plugin v27.4 - https:\/\/yoast.com\/product\/yoast-seo-wordpress\/ -->\n<title>Segundo d\u00eda de cancelaci\u00f3n de vuelos en EU por cierre de gobierno - LA BRAVA RADIO<\/title>\n<meta name=\"robots\" content=\"index, follow, max-snippet:-1, max-image-preview:large, max-video-preview:-1\" \/>\n<link rel=\"canonical\" href=\"https:\/\/www.bbmnoticias.com\/segundo-dia-de-cancelacion-de-vuelos-en-eu-por-cierre-de-gobierno\/\" \/>\n<meta property=\"og:locale\" content=\"es_MX\" \/>\n<meta property=\"og:type\" content=\"article\" \/>\n<meta property=\"og:title\" content=\"Segundo d\u00eda de cancelaci\u00f3n de vuelos en EU por cierre de gobierno - LA BRAVA RADIO\" \/>\n<meta property=\"og:description\" content=\"Washington. Las aerol\u00edneas estadunidenses y los viajeros se enfrentaban este s\u00e1bado a un segundo d\u00eda de recortes de vuelos en todo el pa\u00eds, mientras se espera que el cierre del gobierno federal provoque m\u00e1s cancelaciones en los pr\u00f3ximos d\u00edas. La Administraci\u00f3n Federal de Aviaci\u00f3n orden\u00f3 a las aerol\u00edneas que redujeran 4 por ciento de los [&hellip;]\" \/>\n<meta property=\"og:url\" content=\"https:\/\/www.bbmnoticias.com\/segundo-dia-de-cancelacion-de-vuelos-en-eu-por-cierre-de-gobierno\/\" \/>\n<meta property=\"og:site_name\" content=\"LA BRAVA RADIO\" \/>\n<meta property=\"article:published_time\" content=\"2025-11-08T17:27:31+00:00\" \/>\n<meta property=\"article:modified_time\" content=\"2025-11-08T17:27:35+00:00\" \/>\n<meta property=\"og:image\" content=\"https:\/\/www.bbmnoticias.com\/labravaradiofm\/wp-content\/uploads\/sites\/5\/2025\/11\/cierre-del-gobierno-de-eu-provoca-segundo-dia-de-recortes-de-vuelos.webp\" \/>\n\t<meta property=\"og:image:width\" content=\"1200\" \/>\n\t<meta property=\"og:image:height\" content=\"800\" \/>\n\t<meta property=\"og:image:type\" content=\"image\/webp\" \/>\n<meta name=\"author\" content=\"Agencias\" \/>\n<meta name=\"twitter:card\" content=\"summary_large_image\" \/>\n<meta name=\"twitter:label1\" content=\"Escrito por\" \/>\n\t<meta name=\"twitter:data1\" content=\"Agencias\" \/>\n\t<meta name=\"twitter:label2\" content=\"Tiempo de lectura\" \/>\n\t<meta name=\"twitter:data2\" content=\"2 minutos\" \/>\n<script type=\"application\/ld+json\" class=\"yoast-schema-graph\">{\"@context\":\"https:\\\/\\\/schema.org\",\"@graph\":[{\"@type\":\"Article\",\"@id\":\"https:\\\/\\\/www.bbmnoticias.com\\\/segundo-dia-de-cancelacion-de-vuelos-en-eu-por-cierre-de-gobierno\\\/#article\",\"isPartOf\":{\"@id\":\"https:\\\/\\\/www.bbmnoticias.com\\\/labravaradiofm\\\/2025\\\/11\\\/08\\\/segundo-dia-de-cancelacion-de-vuelos-en-eu-por-cierre-de-gobierno\\\/\"},\"author\":{\"name\":\"Agencias\",\"@id\":\"https:\\\/\\\/www.bbmnoticias.com\\\/labravaradiofm\\\/#\\\/schema\\\/person\\\/857a3daf5c8142f29919023f377fbfad\"},\"headline\":\"Segundo d\u00eda de cancelaci\u00f3n de vuelos en EU por cierre de gobierno\",\"datePublished\":\"2025-11-08T17:27:31+00:00\",\"dateModified\":\"2025-11-08T17:27:35+00:00\",\"mainEntityOfPage\":{\"@id\":\"https:\\\/\\\/www.bbmnoticias.com\\\/labravaradiofm\\\/2025\\\/11\\\/08\\\/segundo-dia-de-cancelacion-de-vuelos-en-eu-por-cierre-de-gobierno\\\/\"},\"wordCount\":455,\"image\":{\"@id\":\"https:\\\/\\\/www.bbmnoticias.com\\\/segundo-dia-de-cancelacion-de-vuelos-en-eu-por-cierre-de-gobierno\\\/#primaryimage\"},\"thumbnailUrl\":\"https:\\\/\\\/www.bbmnoticias.com\\\/labravaradiofm\\\/wp-content\\\/uploads\\\/sites\\\/5\\\/2025\\\/11\\\/cierre-del-gobierno-de-eu-provoca-segundo-dia-de-recortes-de-vuelos.webp\",\"articleSection\":[\"INTERNACIONAL\",\"LOCAL\"],\"inLanguage\":\"es\"},{\"@type\":\"WebPage\",\"@id\":\"https:\\\/\\\/www.bbmnoticias.com\\\/labravaradiofm\\\/2025\\\/11\\\/08\\\/segundo-dia-de-cancelacion-de-vuelos-en-eu-por-cierre-de-gobierno\\\/\",\"url\":\"https:\\\/\\\/www.bbmnoticias.com\\\/segundo-dia-de-cancelacion-de-vuelos-en-eu-por-cierre-de-gobierno\\\/\",\"name\":\"Segundo d\u00eda de cancelaci\u00f3n de vuelos en EU por cierre de gobierno - LA BRAVA RADIO\",\"isPartOf\":{\"@id\":\"https:\\\/\\\/www.bbmnoticias.com\\\/labravaradiofm\\\/#website\"},\"primaryImageOfPage\":{\"@id\":\"https:\\\/\\\/www.bbmnoticias.com\\\/segundo-dia-de-cancelacion-de-vuelos-en-eu-por-cierre-de-gobierno\\\/#primaryimage\"},\"image\":{\"@id\":\"https:\\\/\\\/www.bbmnoticias.com\\\/segundo-dia-de-cancelacion-de-vuelos-en-eu-por-cierre-de-gobierno\\\/#primaryimage\"},\"thumbnailUrl\":\"https:\\\/\\\/www.bbmnoticias.com\\\/labravaradiofm\\\/wp-content\\\/uploads\\\/sites\\\/5\\\/2025\\\/11\\\/cierre-del-gobierno-de-eu-provoca-segundo-dia-de-recortes-de-vuelos.webp\",\"datePublished\":\"2025-11-08T17:27:31+00:00\",\"dateModified\":\"2025-11-08T17:27:35+00:00\",\"author\":{\"@id\":\"https:\\\/\\\/www.bbmnoticias.com\\\/labravaradiofm\\\/#\\\/schema\\\/person\\\/857a3daf5c8142f29919023f377fbfad\"},\"breadcrumb\":{\"@id\":\"https:\\\/\\\/www.bbmnoticias.com\\\/segundo-dia-de-cancelacion-de-vuelos-en-eu-por-cierre-de-gobierno\\\/#breadcrumb\"},\"inLanguage\":\"es\",\"potentialAction\":[{\"@type\":\"ReadAction\",\"target\":[\"https:\\\/\\\/www.bbmnoticias.com\\\/segundo-dia-de-cancelacion-de-vuelos-en-eu-por-cierre-de-gobierno\\\/\"]}]},{\"@type\":\"ImageObject\",\"inLanguage\":\"es\",\"@id\":\"https:\\\/\\\/www.bbmnoticias.com\\\/segundo-dia-de-cancelacion-de-vuelos-en-eu-por-cierre-de-gobierno\\\/#primaryimage\",\"url\":\"https:\\\/\\\/www.bbmnoticias.com\\\/labravaradiofm\\\/wp-content\\\/uploads\\\/sites\\\/5\\\/2025\\\/11\\\/cierre-del-gobierno-de-eu-provoca-segundo-dia-de-recortes-de-vuelos.webp\",\"contentUrl\":\"https:\\\/\\\/www.bbmnoticias.com\\\/labravaradiofm\\\/wp-content\\\/uploads\\\/sites\\\/5\\\/2025\\\/11\\\/cierre-del-gobierno-de-eu-provoca-segundo-dia-de-recortes-de-vuelos.webp\",\"width\":1200,\"height\":800},{\"@type\":\"BreadcrumbList\",\"@id\":\"https:\\\/\\\/www.bbmnoticias.com\\\/segundo-dia-de-cancelacion-de-vuelos-en-eu-por-cierre-de-gobierno\\\/#breadcrumb\",\"itemListElement\":[{\"@type\":\"ListItem\",\"position\":1,\"name\":\"Inicio\",\"item\":\"https:\\\/\\\/www.bbmnoticias.com\\\/labravaradiofm\\\/\"},{\"@type\":\"ListItem\",\"position\":2,\"name\":\"Segundo d\u00eda de cancelaci\u00f3n de vuelos en EU por cierre de gobierno\"}]},{\"@type\":\"WebSite\",\"@id\":\"https:\\\/\\\/www.bbmnoticias.com\\\/labravaradiofm\\\/#website\",\"url\":\"https:\\\/\\\/www.bbmnoticias.com\\\/labravaradiofm\\\/\",\"name\":\"LA BRAVA RADIO\",\"description\":\"Empresa productora de medios, Radiodifusi\u00f3n, Noticias, tendencias y todo lo que necesitas saber de la pol\u00edtica mexicana e internacional; entretenimiento, espect\u00e1culos, salud y mucho m\u00e1s.\",\"potentialAction\":[{\"@type\":\"SearchAction\",\"target\":{\"@type\":\"EntryPoint\",\"urlTemplate\":\"https:\\\/\\\/www.bbmnoticias.com\\\/labravaradiofm\\\/?s={search_term_string}\"},\"query-input\":{\"@type\":\"PropertyValueSpecification\",\"valueRequired\":true,\"valueName\":\"search_term_string\"}}],\"inLanguage\":\"es\"},{\"@type\":\"Person\",\"@id\":\"https:\\\/\\\/www.bbmnoticias.com\\\/labravaradiofm\\\/#\\\/schema\\\/person\\\/857a3daf5c8142f29919023f377fbfad\",\"name\":\"Agencias\",\"image\":{\"@type\":\"ImageObject\",\"inLanguage\":\"es\",\"@id\":\"https:\\\/\\\/secure.gravatar.com\\\/avatar\\\/739e0b61adf9e398b425c36718c8752286da0e8cd90f20ce9a86678abc26aa0d?s=96&d=mm&r=g\",\"url\":\"https:\\\/\\\/secure.gravatar.com\\\/avatar\\\/739e0b61adf9e398b425c36718c8752286da0e8cd90f20ce9a86678abc26aa0d?s=96&d=mm&r=g\",\"contentUrl\":\"https:\\\/\\\/secure.gravatar.com\\\/avatar\\\/739e0b61adf9e398b425c36718c8752286da0e8cd90f20ce9a86678abc26aa0d?s=96&d=mm&r=g\",\"caption\":\"Agencias\"},\"url\":\"https:\\\/\\\/www.bbmnoticias.com\\\/labravaradiofm\\\/author\\\/agencias\\\/\"}]}<\/script>\n<!-- \/ Yoast SEO plugin. -->","yoast_head_json":{"title":"Segundo d\u00eda de cancelaci\u00f3n de vuelos en EU por cierre de gobierno - LA BRAVA RADIO","robots":{"index":"index","follow":"follow","max-snippet":"max-snippet:-1","max-image-preview":"max-image-preview:large","max-video-preview":"max-video-preview:-1"},"canonical":"https:\/\/www.bbmnoticias.com\/segundo-dia-de-cancelacion-de-vuelos-en-eu-por-cierre-de-gobierno\/","og_locale":"es_MX","og_type":"article","og_title":"Segundo d\u00eda de cancelaci\u00f3n de vuelos en EU por cierre de gobierno - LA BRAVA RADIO","og_description":"Washington. Las aerol\u00edneas estadunidenses y los viajeros se enfrentaban este s\u00e1bado a un segundo d\u00eda de recortes de vuelos en todo el pa\u00eds, mientras se espera que el cierre del gobierno federal provoque m\u00e1s cancelaciones en los pr\u00f3ximos d\u00edas. La Administraci\u00f3n Federal de Aviaci\u00f3n orden\u00f3 a las aerol\u00edneas que redujeran 4 por ciento de los [&hellip;]","og_url":"https:\/\/www.bbmnoticias.com\/segundo-dia-de-cancelacion-de-vuelos-en-eu-por-cierre-de-gobierno\/","og_site_name":"LA BRAVA RADIO","article_published_time":"2025-11-08T17:27:31+00:00","article_modified_time":"2025-11-08T17:27:35+00:00","og_image":[{"width":1200,"height":800,"url":"https:\/\/www.bbmnoticias.com\/labravaradiofm\/wp-content\/uploads\/sites\/5\/2025\/11\/cierre-del-gobierno-de-eu-provoca-segundo-dia-de-recortes-de-vuelos.webp","type":"image\/webp"}],"author":"Agencias","twitter_card":"summary_large_image","twitter_misc":{"Escrito por":"Agencias","Tiempo de lectura":"2 minutos"},"schema":{"@context":"https:\/\/schema.org","@graph":[{"@type":"Article","@id":"https:\/\/www.bbmnoticias.com\/segundo-dia-de-cancelacion-de-vuelos-en-eu-por-cierre-de-gobierno\/#article","isPartOf":{"@id":"https:\/\/www.bbmnoticias.com\/labravaradiofm\/2025\/11\/08\/segundo-dia-de-cancelacion-de-vuelos-en-eu-por-cierre-de-gobierno\/"},"author":{"name":"Agencias","@id":"https:\/\/www.bbmnoticias.com\/labravaradiofm\/#\/schema\/person\/857a3daf5c8142f29919023f377fbfad"},"headline":"Segundo d\u00eda de cancelaci\u00f3n de vuelos en EU por cierre de gobierno","datePublished":"2025-11-08T17:27:31+00:00","dateModified":"2025-11-08T17:27:35+00:00","mainEntityOfPage":{"@id":"https:\/\/www.bbmnoticias.com\/labravaradiofm\/2025\/11\/08\/segundo-dia-de-cancelacion-de-vuelos-en-eu-por-cierre-de-gobierno\/"},"wordCount":455,"image":{"@id":"https:\/\/www.bbmnoticias.com\/segundo-dia-de-cancelacion-de-vuelos-en-eu-por-cierre-de-gobierno\/#primaryimage"},"thumbnailUrl":"https:\/\/www.bbmnoticias.com\/labravaradiofm\/wp-content\/uploads\/sites\/5\/2025\/11\/cierre-del-gobierno-de-eu-provoca-segundo-dia-de-recortes-de-vuelos.webp","articleSection":["INTERNACIONAL","LOCAL"],"inLanguage":"es"},{"@type":"WebPage","@id":"https:\/\/www.bbmnoticias.com\/labravaradiofm\/2025\/11\/08\/segundo-dia-de-cancelacion-de-vuelos-en-eu-por-cierre-de-gobierno\/","url":"https:\/\/www.bbmnoticias.com\/segundo-dia-de-cancelacion-de-vuelos-en-eu-por-cierre-de-gobierno\/","name":"Segundo d\u00eda de cancelaci\u00f3n de vuelos en EU por cierre de gobierno - LA BRAVA RADIO","isPartOf":{"@id":"https:\/\/www.bbmnoticias.com\/labravaradiofm\/#website"},"primaryImageOfPage":{"@id":"https:\/\/www.bbmnoticias.com\/segundo-dia-de-cancelacion-de-vuelos-en-eu-por-cierre-de-gobierno\/#primaryimage"},"image":{"@id":"https:\/\/www.bbmnoticias.com\/segundo-dia-de-cancelacion-de-vuelos-en-eu-por-cierre-de-gobierno\/#primaryimage"},"thumbnailUrl":"https:\/\/www.bbmnoticias.com\/labravaradiofm\/wp-content\/uploads\/sites\/5\/2025\/11\/cierre-del-gobierno-de-eu-provoca-segundo-dia-de-recortes-de-vuelos.webp","datePublished":"2025-11-08T17:27:31+00:00","dateModified":"2025-11-08T17:27:35+00:00","author":{"@id":"https:\/\/www.bbmnoticias.com\/labravaradiofm\/#\/schema\/person\/857a3daf5c8142f29919023f377fbfad"},"breadcrumb":{"@id":"https:\/\/www.bbmnoticias.com\/segundo-dia-de-cancelacion-de-vuelos-en-eu-por-cierre-de-gobierno\/#breadcrumb"},"inLanguage":"es","potentialAction":[{"@type":"ReadAction","target":["https:\/\/www.bbmnoticias.com\/segundo-dia-de-cancelacion-de-vuelos-en-eu-por-cierre-de-gobierno\/"]}]},{"@type":"ImageObject","inLanguage":"es","@id":"https:\/\/www.bbmnoticias.com\/segundo-dia-de-cancelacion-de-vuelos-en-eu-por-cierre-de-gobierno\/#primaryimage","url":"https:\/\/www.bbmnoticias.com\/labravaradiofm\/wp-content\/uploads\/sites\/5\/2025\/11\/cierre-del-gobierno-de-eu-provoca-segundo-dia-de-recortes-de-vuelos.webp","contentUrl":"https:\/\/www.bbmnoticias.com\/labravaradiofm\/wp-content\/uploads\/sites\/5\/2025\/11\/cierre-del-gobierno-de-eu-provoca-segundo-dia-de-recortes-de-vuelos.webp","width":1200,"height":800},{"@type":"BreadcrumbList","@id":"https:\/\/www.bbmnoticias.com\/segundo-dia-de-cancelacion-de-vuelos-en-eu-por-cierre-de-gobierno\/#breadcrumb","itemListElement":[{"@type":"ListItem","position":1,"name":"Inicio","item":"https:\/\/www.bbmnoticias.com\/labravaradiofm\/"},{"@type":"ListItem","position":2,"name":"Segundo d\u00eda de cancelaci\u00f3n de vuelos en EU por cierre de gobierno"}]},{"@type":"WebSite","@id":"https:\/\/www.bbmnoticias.com\/labravaradiofm\/#website","url":"https:\/\/www.bbmnoticias.com\/labravaradiofm\/","name":"LA BRAVA RADIO","description":"Empresa productora de medios, Radiodifusi\u00f3n, Noticias, tendencias y todo lo que necesitas saber de la pol\u00edtica mexicana e internacional; entretenimiento, espect\u00e1culos, salud y mucho m\u00e1s.","potentialAction":[{"@type":"SearchAction","target":{"@type":"EntryPoint","urlTemplate":"https:\/\/www.bbmnoticias.com\/labravaradiofm\/?s={search_term_string}"},"query-input":{"@type":"PropertyValueSpecification","valueRequired":true,"valueName":"search_term_string"}}],"inLanguage":"es"},{"@type":"Person","@id":"https:\/\/www.bbmnoticias.com\/labravaradiofm\/#\/schema\/person\/857a3daf5c8142f29919023f377fbfad","name":"Agencias","image":{"@type":"ImageObject","inLanguage":"es","@id":"https:\/\/secure.gravatar.com\/avatar\/739e0b61adf9e398b425c36718c8752286da0e8cd90f20ce9a86678abc26aa0d?s=96&d=mm&r=g","url":"https:\/\/secure.gravatar.com\/avatar\/739e0b61adf9e398b425c36718c8752286da0e8cd90f20ce9a86678abc26aa0d?s=96&d=mm&r=g","contentUrl":"https:\/\/secure.gravatar.com\/avatar\/739e0b61adf9e398b425c36718c8752286da0e8cd90f20ce9a86678abc26aa0d?s=96&d=mm&r=g","caption":"Agencias"},"url":"https:\/\/www.bbmnoticias.com\/labravaradiofm\/author\/agencias\/"}]}},"_links":{"self":[{"href":"https:\/\/www.bbmnoticias.com\/labravaradiofm\/wp-json\/wp\/v2\/posts\/69556","targetHints":{"allow":["GET"]}}],"collection":[{"href":"https:\/\/www.bbmnoticias.com\/labravaradiofm\/wp-json\/wp\/v2\/posts"}],"about":[{"href":"https:\/\/www.bbmnoticias.com\/labravaradiofm\/wp-json\/wp\/v2\/types\/post"}],"author":[{"embeddable":true,"href":"https:\/\/www.bbmnoticias.com\/labravaradiofm\/wp-json\/wp\/v2\/users\/4"}],"replies":[{"embeddable":true,"href":"https:\/\/www.bbmnoticias.com\/labravaradiofm\/wp-json\/wp\/v2\/comments?post=69556"}],"version-history":[{"count":0,"href":"https:\/\/www.bbmnoticias.com\/labravaradiofm\/wp-json\/wp\/v2\/posts\/69556\/revisions"}],"wp:featuredmedia":[{"embeddable":true,"href":"https:\/\/www.bbmnoticias.com\/labravaradiofm\/wp-json\/wp\/v2\/media\/69558"}],"wp:attachment":[{"href":"https:\/\/www.bbmnoticias.com\/labravaradiofm\/wp-json\/wp\/v2\/media?parent=69556"}],"wp:term":[{"taxonomy":"category","embeddable":true,"href":"https:\/\/www.bbmnoticias.com\/labravaradiofm\/wp-json\/wp\/v2\/categories?post=69556"},{"taxonomy":"post_tag","embeddable":true,"href":"https:\/\/www.bbmnoticias.com\/labravaradiofm\/wp-json\/wp\/v2\/tags?post=69556"}],"curies":[{"name":"wp","href":"https:\/\/api.w.org\/{rel}","templated":true}]}}